{"id":2074,"date":"2015-05-30T21:22:25","date_gmt":"2015-05-31T00:22:25","guid":{"rendered":"http:\/\/www.jornalrol.com.br\/?p=2074"},"modified":"2015-05-30T21:22:25","modified_gmt":"2015-05-31T00:22:25","slug":"pingo-colunista-do-rol-e-alvo-de-materia-da-tv-tem","status":"publish","type":"post","link":"https:\/\/jornalrol.com.br\/?p=2074","title":{"rendered":"Pingo, colunista do ROL \u00e9 alvo de mat\u00e9ria da TV TEM"},"content":{"rendered":"<div class=\"pdfprnt-buttons pdfprnt-buttons-post pdfprnt-top-right\"><a href=\"https:\/\/jornalrol.com.br\/index.php?rest_route=%2Fwp%2Fv2%2Fposts%2F2074&print=pdf\" class=\"pdfprnt-button pdfprnt-button-pdf\" target=\"_blank\" ><\/a><a href=\"https:\/\/jornalrol.com.br\/index.php?rest_route=%2Fwp%2Fv2%2Fposts%2F2074&print=print\" class=\"pdfprnt-button pdfprnt-button-print\" target=\"_blank\" ><img decoding=\"async\" src=\"https:\/\/jornalrol.com.br\/wp-content\/plugins\/pdf-print\/images\/print.png\" alt=\"image_print\" title=\"Conte\u00fado de impress\u00e3o\" \/><\/a><\/div><div class=\"materia-titulo\">\n<h1 class=\"entry-title\">Tetrapl\u00e9gico pinta quadros com a boca e rejeita &#8216;r\u00f3tulo de exemplo&#8217;<!--more--><\/h1>\n<\/div>\n<div class=\"materia-assinatura-linha\">\u00a0&#8216;Ser exemplo me impede de errar, e erro muito&#8217;, diz Leandro de Oliveira.<br \/>\nMorador de Itapetininga (SP) encontrou na arte nova inspira\u00e7\u00e3o para vida.<\/div>\n<div class=\"materia-assinatura-letra\">\n<div class=\"materia-assinatura\">\n<p class=\"vcard author\"><strong class=\"fn\">Caio Gomes Silveira<\/strong><span class=\"adr\"><span class=\"locality\">Do G1 Itapetininga e Regi\u00e3o<\/span><\/span><\/p>\n<\/div>\n<\/div>\n<div class=\"compartilhamento-materia\">\n<div class=\"share-bar share-bar-container share-theme-natural\" data-title=\"Tetrapl\u00e9gico pinta quadros com a boca e rejeita 'r\u00f3tulo de exemplo'\" data-url=\"http:\/\/g1.globo.com\/sao-paulo\/itapetininga-regiao\/noticia\/2015\/05\/tetraplegico-pinta-quadros-com-boca-e-rejeita-rotulo-de-exemplo.html\" data-image-url=\"http:\/\/s2.glbimg.com\/kf6qgBsrwGMdocxLcApVvhRB-hg=\/1200x630\/s.glbimg.com\/jo\/g1\/f\/original\/2015\/05\/27\/11041932_768632709892097_5590564748312636083_o.jpg\" data-hashtags=\"#G1\">\n<div class=\"share-button share-facebook share-full\"><\/div>\n<div class=\"share-button share-pinterest share-small\"><\/div>\n<\/div>\n<\/div>\n<div id=\"materia-letra\" class=\"materia-conteudo entry-content\">\n<div>\n<div class=\"foto componente_materia midia-largura-620\"><img loading=\"lazy\" decoding=\"async\" title=\"Artista utiliza boca para transformar imagina\u00e7\u00e3o em arte (Foto: Arquivo Pessoal\/ Leandro de Oliveira)\" src=\"http:\/\/s2.glbimg.com\/r52q3KKbIfFEMQ8cb0lhHaaReTE=\/s.glbimg.com\/jo\/g1\/f\/original\/2015\/05\/27\/11041932_768632709892097_5590564748312636083_o.jpg\" alt=\"Artista utiliza boca para transformar imagina\u00e7\u00e3o em arte (Foto: Arquivo Pessoal\/ Leandro de Oliveira)\" width=\"620\" height=\"465\" \/><strong>Artista utiliza boca para transformar imagina\u00e7\u00e3o em arte (Foto: Arquivo Pessoal\/ Leandro de Oliveira)<\/strong><\/div>\n<p>Para pintar quadros, o tetrapl\u00e9gico Leandro Camargo de Oliveira, ou Pingo, de 35 anos, n\u00e3o pode contar com as m\u00e3os. Mas a t\u00e9cnica, a imagina\u00e7\u00e3o e a boca s\u00e3o o bastante para criar desenhos misturando cores e texturas. Quem descobre a arte do morador de <a class=\"premium-tip\" href=\"http:\/\/g1.globo.com\/sp\/itapetininga-regiao\/cidade\/itapetininga.html\">Itapetininga<\/a> (SP) ressalta a capacidade do tetrapl\u00e9gico, muitas vezes o apontando como \u201cum exemplo\u201d. Ele, por\u00e9m, rejeita o \u201cr\u00f3tulo\u201d e conta que desenha apenas para se sentir feliz: \u201cSer exemplo me impede de errar, e eu erro muito. Que exemplo \u00e9 esse que se envolve em um acidente de moto e nunca mais pode andar? Para mim \u00e9 normal desenhar com a boca, pois fa\u00e7o isso apenas para ter uma inspira\u00e7\u00e3o e n\u00e3o me tornar um \u2018reclam\u00e3o\u2019\u201d, afirma.<\/p>\n<div class=\"foto componente_materia midia-largura-300\"><img loading=\"lazy\" decoding=\"async\" title=\"Aos 35 anos, artista de Itapetininga fala estar em &amp;#39;caminho certo&amp;#39; (Foto: Arquivo Pessoal\/ Leandro de Oliveira)\" src=\"http:\/\/s2.glbimg.com\/FZEPRIAbAgEn5rg_3usjNgC7jQI=\/300x225\/s.glbimg.com\/jo\/g1\/f\/original\/2015\/05\/27\/10960449_752374428184592_3594862193062903411_o.jpg\" alt=\"Aos 35 anos, artista de Itapetininga fala estar em &amp;#39;caminho certo&amp;#39; (Foto: Arquivo Pessoal\/ Leandro de Oliveira)\" width=\"300\" height=\"225\" \/><strong>Aos 35 anos, artista fala em estar no &#8216;caminho<br \/>\ncerto&#8217; (Foto: Arquivo Pessoal\/ Leandro de Oliveira)<\/strong><\/div>\n<p>V\u00edtima de um acidente de tr\u00e2nsito em 2000 quando tinha s\u00f3 20 anos, Pingo encontrou a arte h\u00e1 nove anos. Come\u00e7ou pintando com o bra\u00e7o direito, o \u00fanico com movimento ap\u00f3s sess\u00f5es de fisioterapia, usando o adaptador para ter firmeza com o pincel. Em janeiro de 2014 resolveu mudar e come\u00e7ou a apostar no desenho com a boca. Nesse tempo j\u00e1 fez 13 quadros, todos de cen\u00e1rios da natureza.<\/p>\n<p>\u201cAinda estou me adaptando, ent\u00e3o, para aprender bem fa\u00e7o quadros de ambientes, mas futuramente quero desenhar pessoas tamb\u00e9m. Parece dif\u00edcil, mas n\u00e3o \u00e9. Ficou at\u00e9 mais f\u00e1cil porque, com a m\u00e3o, pintava sob a mesa, agora com a boca o quadro fica na minha frente, ent\u00e3o, \u00e9 mais f\u00e1cil ter percep\u00e7\u00e3o do todo\u201d, conta.<\/p>\n<div class=\"frase-materia componente_materia expandido\">\n<div class=\"frase\">Sou meio tonto e sempre preferi rir a chorar. Posso ter ficado com vontade de desistir, mas nunca demonstrei porque isso afetaria meu pai, m\u00e3e e irm\u00e3. Eles j\u00e1 tinham sofrido e n\u00e3o seria justo&#8221;<\/div>\n<div class=\"autor\">Leandro Camargo de Oliveira, o Pingo<\/div>\n<\/div>\n<p>Pingo diz que se interessou pela pintura depois de seis anos dif\u00edceis que enfrentou o per\u00edodo de readapta\u00e7\u00e3o. Antes do acidente era independente e vivia um dia a dia intenso. Depois teve que se adaptar \u00e0 nova rotina e se acostumar a precisar dos outros. \u201dTudo mudou. At\u00e9 os amigos, que eram in\u00fameros, sobraram bem poucos. Mas sou meio tonto e sempre preferi rir a chorar. Na verdade posso ter ficado triste e com vontade de desistir, mas nunca demonstrei porque isso afetaria meu pai, m\u00e3e e irm\u00e3. Eles j\u00e1 tinham sofrido muito com o acidente e n\u00e3o seria justo\u201d, explica.<\/p>\n<p>At\u00e9 agora ele teve tr\u00eas professores que o ensinaram a arte. Em 2006, a irm\u00e3 prop\u00f4s a ele buscar a pintura como forma de terapia e passatempo. Ela procurou ajuda, mas s\u00f3 recebeu negativas de professores, dizendo que por ser tetrapl\u00e9gico talvez n\u00e3o estaria incentivado e s\u00f3 iria reclamar. \u201cIsso foi bom, essa negativa s\u00f3 me deixou mais determinado do que se fosse aceito. S\u00f3 de raiva comecei a mandar e-mails para v\u00e1rios professores de pintura, at\u00e9 que uma me respondeu: deu o primeiro material e me passou aulas online. A partir de ent\u00e3o n\u00e3o parei mais. Fiz curso presencial e tamb\u00e9m online, que ajudaram a aprimorar meu trabalho. Hoje em dia uso apenas as sete cores prim\u00e1rias para pintar os quadros\u201d, diz Pingo.<\/p>\n<div class=\"saibamais componente_materia\"><strong>saiba mais<\/strong><\/p>\n<ul>\n<li><a href=\"http:\/\/g1.globo.com\/sao-paulo\/itapetininga-regiao\/noticia\/2015\/05\/sem-intestinos-menino-vive-ha-3-anos-em-hospital-espera-de-transplante.html\" target=\"_blank\">S\u00edndrome faz menino perder apetite e<br \/>\nficar sem ingerir comida por 120 dias<\/a><\/li>\n<li><a href=\"http:\/\/g1.globo.com\/sao-paulo\/itapetininga-regiao\/noticia\/2015\/04\/transexual-supera-abuso-do-pai-e-vira-empresaria-marceneira-de-sucesso.html\" target=\"_blank\">Transexual supera abuso do pai e vira empres\u00e1ria marceneira de sucesso<\/a><\/li>\n<\/ul>\n<\/div>\n<p>Ele vendeu apenas alguns dos tantos quadros que j\u00e1 fez. Lamenta s\u00f3 que n\u00e3o sabe apontar o pre\u00e7o para os interessados em comprar. Ele se diz feliz com elogios e cr\u00edticas por saber que est\u00e1 no \u201ccaminho certo\u201d, mostrando que tem capacidades e limita\u00e7\u00f5es como qualquer um, o que evita que sintam pena dele.<\/p>\n<p>\u201cMuitas pessoas me dizem que n\u00e3o conseguem nem desenhar uma casinha, e como consigo? Mas quando pergunto se elas j\u00e1 tentaram, a resposta \u00e9 n\u00e3o. Ent\u00e3o, como seria poss\u00edvel que elas conseguissem?&#8221;, reflete Pingo.<\/p>\n<div class=\"foto componente_materia midia-largura-620\"><img loading=\"lazy\" decoding=\"async\" title=\"Artista come\u00e7ou a pintar com a boca h\u00e1 um ano e cinco meses (Foto: Arquivo Pessoal\/ Leandro de Oliveira)\" src=\"http:\/\/s2.glbimg.com\/c_Rg75hC7V1rlzpK5N-axfKPswQ=\/s.glbimg.com\/jo\/g1\/f\/original\/2015\/05\/27\/11350556_800933326662035_6484915472700078649_n.jpg\" alt=\"Artista come\u00e7ou a pintar com a boca h\u00e1 um ano e cinco meses (Foto: Arquivo Pessoal\/ Leandro de Oliveira)\" width=\"620\" height=\"465\" \/><strong>Artista come\u00e7ou a pintar com a boca h\u00e1 um ano e cinco meses (Foto: Arquivo Pessoal\/ Leandro de Oliveira)<\/strong><\/div>\n<div class=\"foto componente_materia midia-largura-622\"><img loading=\"lazy\" decoding=\"async\" title=\"Com sete cores prim\u00e1rias, Pingo desenha v\u00e1rios tipos de cen\u00e1rios (Foto: Arquivo Pessoal\/ Leandro de Oliveira)\" src=\"http:\/\/s2.glbimg.com\/KMt82GPxxhEhZkPhXet9zZLDjno=\/s.glbimg.com\/jo\/g1\/f\/original\/2015\/05\/27\/montagem.jpg\" alt=\"Com sete cores prim\u00e1rias, Pingo desenha v\u00e1rios tipos de cen\u00e1rios (Foto: Arquivo Pessoal\/ Leandro de Oliveira)\" width=\"622\" height=\"467\" \/><strong>Com sete cores prim\u00e1rias, Pingo pinta v\u00e1rios tipos de cen\u00e1rios (Foto: Arquivo Pessoal\/ Leandro de Oliveira)<\/strong><\/div>\n<\/div>\n<\/div>\n","protected":false},"excerpt":{"rendered":"<p>Tetrapl\u00e9gico pinta quadros com a boca e rejeita &#8216;r\u00f3tulo de exemplo&#8217;<\/p>\n","protected":false},"author":3,"featured_media":0,"comment_status":"closed","ping_status":"closed","sticky":false,"template":"","format":"standard","meta":{"_jetpack_newsletter_access":"","_jetpack_dont_email_post_to_subs":false,"_jetpack_newsletter_tier_id":0,"_jetpack_memberships_contains_paywalled_content":false,"_jetpack_memberships_contains_paid_content":false,"footnotes":""},"categories":[7],"tags":[],"class_list":["post-2074","post","type-post","status-publish","format-standard","hentry","category-comunicacao"],"aioseo_notices":[],"views":0,"jetpack_featured_media_url":"","jetpack_sharing_enabled":true,"jetpack_likes_enabled":true,"jetpack-related-posts":[{"id":20312,"url":"https:\/\/jornalrol.com.br\/?p=20312","url_meta":{"origin":2074,"position":0},"title":"Prefeita Simone Marquetto recebe o primeiro exemplar do livro &#039;Tiro de Guerra&#039; \u2013 A Sentinela dos Campos de Itapetininga","author":"Helio Rubens","date":"17 de agosto de 2018","format":false,"excerpt":"Prefeita Simone Marquetto recebe o primeiro exemplar do livro 'Tiro de Guerra' A diretora do Tiro de Guerra Itapetininga 02-076, prefeita Simone Marquetto, recebeu do professor Jefferson Biajone o primeiro exemplar do seu livro \u201cTiro de Guerra- A Sentinela dos Campos de Itapetininga\u201d. O livro \u00e9 uma edi\u00e7\u00e3o comemorativa dos\u2026","rel":"","context":"Em &quot;Comunica\u00e7\u00e3o&quot;","block_context":{"text":"Comunica\u00e7\u00e3o","link":"https:\/\/jornalrol.com.br\/?cat=7"},"img":{"alt_text":"","src":"","width":0,"height":0},"classes":[]},{"id":6124,"url":"https:\/\/jornalrol.com.br\/?p=6124","url_meta":{"origin":2074,"position":1},"title":"Clube do Livro de Itapetininga ler\u00e1 o livro &#039;Eu sou Malala&#039;","author":"Helio Rubens","date":"5 de setembro de 2016","format":false,"excerpt":"A reuni\u00e3o ser\u00e1 dia 8 de outubro \u00e0s 15 horas, na Biblioteca Municipal \u00a0 No pr\u00f3ximo encontro do Clube do Livro de Itapetininga, o grupo ler\u00e1 sobre a menina que queria estudar. H\u00e1 exemplares do livro 'Eu sou Malala' para empr\u00e9stimo na Biblioteca Municipal de Itapetininga. Participe voc\u00ea tamb\u00e9m do\u2026","rel":"","context":"Em &quot;Comunica\u00e7\u00e3o&quot;","block_context":{"text":"Comunica\u00e7\u00e3o","link":"https:\/\/jornalrol.com.br\/?cat=7"},"img":{"alt_text":"malala","src":"https:\/\/i0.wp.com\/www.jornalrol.com.br\/wp-content\/uploads\/2016\/09\/malala-300x128.jpg?resize=350%2C200","width":350,"height":200},"classes":[]},{"id":9730,"url":"https:\/\/jornalrol.com.br\/?p=9730","url_meta":{"origin":2074,"position":2},"title":"O cl\u00e1ssico &#039;Cruzes Paulistas&#039; ser\u00e1 reeditado e lan\u00e7ado em Itapetininga","author":"Helio Rubens","date":"24 de abril de 2017","format":false,"excerpt":"A luta pela glorifica\u00e7\u00e3o da Hist\u00f3ria Paulista \u00a0 \u00a0Segundo o professor Jefferson Biajone, da Fatec de Itapetininga, j\u00e1 est\u00e1 na reta final a publica\u00e7\u00e3o da vers\u00e3o impressa de CRUZES PAULISTAS, o livro principal que registra os paulistas falecidos durante a Revolu\u00e7\u00e3o Constitucionalista de 1932. A nova publica\u00e7\u00e3o j\u00e1 est\u00e1 registrada:\u2026","rel":"","context":"Em &quot;Comunica\u00e7\u00e3o&quot;","block_context":{"text":"Comunica\u00e7\u00e3o","link":"https:\/\/jornalrol.com.br\/?cat=7"},"img":{"alt_text":"","src":"https:\/\/i0.wp.com\/www.jornalrol.com.br\/wp-content\/uploads\/2016\/07\/bandeira-paulista-balan%C3%A7ando-300x225.jpg?resize=350%2C200","width":350,"height":200},"classes":[]},{"id":2612,"url":"https:\/\/jornalrol.com.br\/?p=2612","url_meta":{"origin":2074,"position":3},"title":"Cursos de Inicia\u00e7\u00e3o Teatral no Sesi de Itapetininga","author":"Helio Rubens","date":"15 de julho de 2015","format":false,"excerpt":"Sesi abre inscri\u00e7\u00f5es para dois cursos de inicia\u00e7\u00e3o teatral em Itapetininga Matr\u00edculas exclusivas a alunos benefici\u00e1rios do Sesi v\u00e3o at\u00e9 ter\u00e7a (14). De quarta-feira (15) a 31 de julho as vagas est\u00e3o dispon\u00edveis a todos. Do G1 Itapetininga e Regi\u00e3o Sesi Itapetininga est\u00e1 com inscri\u00e7\u00f5es abertas para cursos gratuitos de\u2026","rel":"","context":"Em &quot;Comunica\u00e7\u00e3o&quot;","block_context":{"text":"Comunica\u00e7\u00e3o","link":"https:\/\/jornalrol.com.br\/?cat=7"},"img":{"alt_text":"Sesi Itapetininga est\u00e1 com inscri\u00e7\u00f5es abertas para cursos gratuitos de inicia\u00e7\u00e3o teatral (Foto: Divulga\u00e7\u00e3o\/Sesi)","src":"https:\/\/i0.wp.com\/s2.glbimg.com\/gJqSD6zXj5nQC4ltlg9QjuuQwm4%3D\/s.glbimg.com\/jo\/g1\/f\/original\/2015\/07\/14\/sesi.jpg?resize=350%2C200","width":350,"height":200,"srcset":"https:\/\/i0.wp.com\/s2.glbimg.com\/gJqSD6zXj5nQC4ltlg9QjuuQwm4%3D\/s.glbimg.com\/jo\/g1\/f\/original\/2015\/07\/14\/sesi.jpg?resize=350%2C200 1x, https:\/\/i0.wp.com\/s2.glbimg.com\/gJqSD6zXj5nQC4ltlg9QjuuQwm4%3D\/s.glbimg.com\/jo\/g1\/f\/original\/2015\/07\/14\/sesi.jpg?resize=525%2C300 1.5x"},"classes":[]},{"id":12663,"url":"https:\/\/jornalrol.com.br\/?p=12663","url_meta":{"origin":2074,"position":4},"title":"Itapetininga ter\u00e1 encontro sobre lideran\u00e7a e esp\u00edrito de equipe","author":"Helio Rubens","date":"30 de agosto de 2017","format":false,"excerpt":"Palestra ser\u00e1 ministrada por Daniel Cordeiro, ex-oficial da marinha mercante \u00a0 A Secretaria de Cultura e Turismo promover\u00e1 a palestra \u201cDo mar \u00e0s quadras \u2013 Como liderar pelo exemplo e trabalhar pelo esp\u00edrito de equipe\u201d, ministrada por Daniel Cordeiro, um ex-oficial licenciado pela marinha mercante liberiana, que compartilhar\u00e1 suas experi\u00eancias\u2026","rel":"","context":"Em &quot;Comunica\u00e7\u00e3o&quot;","block_context":{"text":"Comunica\u00e7\u00e3o","link":"https:\/\/jornalrol.com.br\/?cat=7"},"img":{"alt_text":"","src":"https:\/\/ci4.googleusercontent.com\/proxy\/WRjuu0l5zjkwHvD_xxoJpnJCYMz198rSWjhSZLxpkaIAiXHyYIiGIZwA9ebuIUnv5kVnT-Dn78qKkLBXuCiY4pR64RWCLzBoimhOQvM6yLTkyqDyP-a1XMMJnI0GOo1-DkA1atZJ20lBASlXItt4bxRUtcDaUnwYpW7hWe4TnYc2Cj-glxJ9dyC9eOR_Qiy2ILOLLYFo5V4S1QB9AXO-=s0-d-e1-ft#https:\/\/bucket.mlcdn.com\/a\/683\/683671\/images\/4fc8017ac650cb4c5f26b39bf46cd4b1b04b1b08.jpeg\/fd9273f3fb1a8bb42c4dc36ba7a563d100a1b9eb.jpeg","width":350,"height":200,"srcset":"https:\/\/ci4.googleusercontent.com\/proxy\/WRjuu0l5zjkwHvD_xxoJpnJCYMz198rSWjhSZLxpkaIAiXHyYIiGIZwA9ebuIUnv5kVnT-Dn78qKkLBXuCiY4pR64RWCLzBoimhOQvM6yLTkyqDyP-a1XMMJnI0GOo1-DkA1atZJ20lBASlXItt4bxRUtcDaUnwYpW7hWe4TnYc2Cj-glxJ9dyC9eOR_Qiy2ILOLLYFo5V4S1QB9AXO-=s0-d-e1-ft#https:\/\/bucket.mlcdn.com\/a\/683\/683671\/images\/4fc8017ac650cb4c5f26b39bf46cd4b1b04b1b08.jpeg\/fd9273f3fb1a8bb42c4dc36ba7a563d100a1b9eb.jpeg 1x, https:\/\/ci4.googleusercontent.com\/proxy\/WRjuu0l5zjkwHvD_xxoJpnJCYMz198rSWjhSZLxpkaIAiXHyYIiGIZwA9ebuIUnv5kVnT-Dn78qKkLBXuCiY4pR64RWCLzBoimhOQvM6yLTkyqDyP-a1XMMJnI0GOo1-DkA1atZJ20lBASlXItt4bxRUtcDaUnwYpW7hWe4TnYc2Cj-glxJ9dyC9eOR_Qiy2ILOLLYFo5V4S1QB9AXO-=s0-d-e1-ft#https:\/\/bucket.mlcdn.com\/a\/683\/683671\/images\/4fc8017ac650cb4c5f26b39bf46cd4b1b04b1b08.jpeg\/fd9273f3fb1a8bb42c4dc36ba7a563d100a1b9eb.jpeg 1.5x"},"classes":[]},{"id":1670,"url":"https:\/\/jornalrol.com.br\/?p=1670","url_meta":{"origin":2074,"position":5},"title":"&#039;VAMOS AO TEATRO&#039;, DE LEOMIRA CAMARGO LEVA GRUPOS DE ITAPETININGA A S\u00c3O PAULO","author":"Helio Rubens","date":"21 de abril de 2015","format":false,"excerpt":"O Grupo 'Vamos ao teatro' foi criado e \u00e9 liderado pela agitadora cultural Leomira Camargo, de Itapetininga. \u00a0 A exemplo do que j\u00e1 faz h\u00e1 anos, a agitadora cultural Leomira Camargo est\u00e1 preparando um grupo de Itapetininga para assistir ao musical 'Todos os Musicais de Chico Buarque em 90 minutos'.\u2026","rel":"","context":"Em &quot;Comunica\u00e7\u00e3o&quot;","block_context":{"text":"Comunica\u00e7\u00e3o","link":"https:\/\/jornalrol.com.br\/?cat=7"},"img":{"alt_text":"Chico","src":"https:\/\/i0.wp.com\/www.jornalrol.com.br\/wp-content\/uploads\/2015\/04\/Chico-300x300.jpg?resize=350%2C200","width":350,"height":200},"classes":[]}],"_links":{"self":[{"href":"https:\/\/jornalrol.com.br\/index.php?rest_route=\/wp\/v2\/posts\/2074","targetHints":{"allow":["GET"]}}],"collection":[{"href":"https:\/\/jornalrol.com.br\/index.php?rest_route=\/wp\/v2\/posts"}],"about":[{"href":"https:\/\/jornalrol.com.br\/index.php?rest_route=\/wp\/v2\/types\/post"}],"author":[{"embeddable":true,"href":"https:\/\/jornalrol.com.br\/index.php?rest_route=\/wp\/v2\/users\/3"}],"replies":[{"embeddable":true,"href":"https:\/\/jornalrol.com.br\/index.php?rest_route=%2Fwp%2Fv2%2Fcomments&post=2074"}],"version-history":[{"count":0,"href":"https:\/\/jornalrol.com.br\/index.php?rest_route=\/wp\/v2\/posts\/2074\/revisions"}],"wp:attachment":[{"href":"https:\/\/jornalrol.com.br\/index.php?rest_route=%2Fwp%2Fv2%2Fmedia&parent=2074"}],"wp:term":[{"taxonomy":"category","embeddable":true,"href":"https:\/\/jornalrol.com.br\/index.php?rest_route=%2Fwp%2Fv2%2Fcategories&post=2074"},{"taxonomy":"post_tag","embeddable":true,"href":"https:\/\/jornalrol.com.br\/index.php?rest_route=%2Fwp%2Fv2%2Ftags&post=2074"}],"curies":[{"name":"wp","href":"https:\/\/api.w.org\/{rel}","templated":true}]}}