{"id":2078,"date":"2015-05-31T00:11:42","date_gmt":"2015-05-31T03:11:42","guid":{"rendered":"http:\/\/www.jornalrol.com.br\/?p=2078"},"modified":"2015-05-31T00:11:42","modified_gmt":"2015-05-31T03:11:42","slug":"faculdade-de-direito-do-iies-deve-receber-renovacao-de-reconhecimento","status":"publish","type":"post","link":"https:\/\/jornalrol.com.br\/?p=2078","title":{"rendered":"Faculdade de Direito do IIES recebe renova\u00e7\u00e3o de reconhecimento"},"content":{"rendered":"<div class=\"pdfprnt-buttons pdfprnt-buttons-post pdfprnt-top-right\"><a href=\"https:\/\/jornalrol.com.br\/index.php?rest_route=%2Fwp%2Fv2%2Fposts%2F2078&print=pdf\" class=\"pdfprnt-button pdfprnt-button-pdf\" target=\"_blank\" ><\/a><a href=\"https:\/\/jornalrol.com.br\/index.php?rest_route=%2Fwp%2Fv2%2Fposts%2F2078&print=print\" class=\"pdfprnt-button pdfprnt-button-print\" target=\"_blank\" ><img decoding=\"async\" src=\"https:\/\/jornalrol.com.br\/wp-content\/plugins\/pdf-print\/images\/print.png\" alt=\"image_print\" title=\"Conte\u00fado de impress\u00e3o\" \/><\/a><\/div><p><strong>CURSO DE DIREITO DA FACULDADE IIES RECEBEU\u00a0COMISS\u00c3O DO MEC PARA RENOVA\u00c7\u00c3O DE RECONHECIMENTO.<\/strong><!--more--><\/p>\n<p>&nbsp;<\/p>\n<p><a href=\"http:\/\/www.jornalrol.com.br\/wp-content\/uploads\/2015\/05\/fotojornal.jpg\"><img loading=\"lazy\" decoding=\"async\" class=\"alignleft size-medium wp-image-2079\" src=\"http:\/\/www.jornalrol.com.br\/wp-content\/uploads\/2015\/05\/fotojornal-300x222.jpg\" alt=\"fotojornal\" width=\"300\" height=\"222\" \/><\/a>O curso de Direito da Faculdade IIES \u2013 Instituto Itapetiningano de Ensino Superior recebeu entre os dias 7 e 8 de maio, uma comiss\u00e3o de avalia\u00e7\u00e3o do MEC para a renova\u00e7\u00e3o do reconhecimento do Curso.<\/p>\n<p>Ap\u00f3s 2 (dois) dias de an\u00e1lise das instala\u00e7\u00f5es, do projeto pedag\u00f3gico do curso, do conte\u00fado da biblioteca, do escrit\u00f3rio de assist\u00eancia jur\u00eddica e do N\u00facleo de Pr\u00e1tica Jur\u00eddica, al\u00e9m de entrevistas com professores e acad\u00eamicos, uma comiss\u00e3o do MEC concluiu pela\u00a0renova\u00e7\u00e3o do Reconhecimento do Curso de Direito do Instituto Itapetiningano de Ensino Superior.<\/p>\n<p>Os membros da Comiss\u00e3o analisaram tamb\u00e9m\u00a0trabalhos realizados por alunos e professores e consideraram satisfat\u00f3rios os \u00edtens pesquisados.<\/p>\n<p>No\u00a0relat\u00f3rio final, as autoridades de ensino ressaltaram os avan\u00e7os alcan\u00e7ados pela Institui\u00e7\u00e3o em todos os itens, desde o seu in\u00edcio em 2003.<\/p>\n<p>Embora o curso tenha apenas 12 (doze) anos, seu crescimento e fortalecimento na regi\u00e3o foram considerados &#8216;incontest\u00e1veis&#8217;.<\/p>\n<p>Segundo a escola itapetiningana,\u00a0&#8220;o sucesso de seus egressos em concursos p\u00fablicos e no exame de Ordem aumentam a cada ano&#8221;, confirmando assim a qualidade do ensino ministrado.<\/p>\n<p>A diretora da Faculdade, professora doutora Ana Paula Garcia Martins, a coordenadora eedag\u00f3gica, professora Mariana Harumi Segatto Fugikawa e o coordenador do curso de Direito, professor Ms. Ederaldo Paulo da Silva (foto), agradeceram e atribuiram aos funcion\u00e1rios, professores e alunos, a excelente avalia\u00e7\u00e3o recebida do MEC.<\/p>\n","protected":false},"excerpt":{"rendered":"<p>CURSO DE DIREITO DA FACULDADE IIES RECEBEU\u00a0COMISS\u00c3O DO MEC PARA RENOVA\u00c7\u00c3O DE RECONHECIMENTO.<\/p>\n","protected":false},"author":3,"featured_media":0,"comment_status":"closed","ping_status":"closed","sticky":false,"template":"","format":"standard","meta":{"_jetpack_newsletter_access":"","_jetpack_dont_email_post_to_subs":false,"_jetpack_newsletter_tier_id":0,"_jetpack_memberships_contains_paywalled_content":false,"_jetpack_memberships_contains_paid_content":false,"footnotes":""},"categories":[7],"tags":[2557],"class_list":["post-2078","post","type-post","status-publish","format-standard","hentry","category-comunicacao","tag-cursos"],"aioseo_notices":[],"views":0,"jetpack_featured_media_url":"","jetpack_sharing_enabled":true,"jetpack_likes_enabled":true,"jetpack-related-posts":[{"id":1892,"url":"https:\/\/jornalrol.com.br\/?p=1892","url_meta":{"origin":2078,"position":0},"title":"ITAPETININGA TENTA NO MEC NOVA FACULDADE","author":"Helio Rubens","date":"19 de maio de 2015","format":false,"excerpt":"Professores Eliel e Marcus Vinicius est\u00e3o em Brasilia Os professores Eliel Ramos Mauricio e Marcus Vinicius foram\u00a0a\u00a0Brasilia\/DF para uma audi\u00eancia no Ministerio da Educa\u00e7\u00e3o. Segundo Mauricio, eles foram para defender interesses dos alunos da FKB e aproveitaram para anunciar a autoriza\u00e7\u00e3o do Minist\u00e9rio da Educa\u00e7\u00e3o para in\u00edcio da Faculdade de\u2026","rel":"","context":"Em &quot;Comunica\u00e7\u00e3o&quot;","block_context":{"text":"Comunica\u00e7\u00e3o","link":"https:\/\/jornalrol.com.br\/?cat=7"},"img":{"alt_text":"Foto de Eliel R Mauricio.","src":"https:\/\/scontent-lga.xx.fbcdn.net\/hphotos-xpa1\/v\/t1.0-9\/s526x296\/11038924_10200410129373709_1204386706361189534_n.jpg?oh=c259348e5dd15d3c0f6ab83449344998&oe=55C04499","width":350,"height":200},"classes":[]},{"id":8723,"url":"https:\/\/jornalrol.com.br\/?p=8723","url_meta":{"origin":2078,"position":1},"title":"Terceira edi\u00e7\u00e3o do livro &#039;Manual de Direito Processual Civil&#039; \u00e9 lan\u00e7ada pela editora Saraiva","author":"Helio Rubens","date":"16 de mar\u00e7o de 2017","format":false,"excerpt":"Em volume \u00fanico, nova edi\u00e7\u00e3o, escrita por Cassio Scarpinella Bueno, traz conte\u00fado atualizado com emenda constitucional e leis de 2016 \u00a0 Chega ao mercado editorial a terceira edi\u00e7\u00e3o do livro \u201cManual de Direito Processual Civil\u201d (editora Saraiva, R$177,00), escrita pelo professor Cassio Scarpinella Bueno, que sistematiza em volume \u00fanico o\u2026","rel":"","context":"Em &quot;Comunica\u00e7\u00e3o&quot;","block_context":{"text":"Comunica\u00e7\u00e3o","link":"https:\/\/jornalrol.com.br\/?cat=7"},"img":{"alt_text":"","src":"https:\/\/i0.wp.com\/www.jornalrol.com.br\/wp-content\/uploads\/2017\/03\/Direito-229x300.jpg?resize=350%2C200","width":350,"height":200},"classes":[]},{"id":7881,"url":"https:\/\/jornalrol.com.br\/?p=7881","url_meta":{"origin":2078,"position":2},"title":"Mediotec oferece 30 cursos na \u00e1rea cultural a secundaristas","author":"Helio Rubens","date":"28 de janeiro de 2017","format":false,"excerpt":"Programa oferece 20 mil vagas em todo o Pa\u00eds para estudantes matriculados no ensino m\u00e9dio em escolas p\u00fablicas H\u00e1 vagas em cursos t\u00e9cnicos de circo, teatro, m\u00fasica, comunica\u00e7\u00e3o e dan\u00e7a \u00a0 Itens relacionados Governo libera R$ 9,8 milh\u00f5es para ensino t\u00e9cnico da Para\u00edba Pronatec ter\u00e1 82 mil vagas para cursos\u2026","rel":"","context":"Em &quot;Comunica\u00e7\u00e3o&quot;","block_context":{"text":"Comunica\u00e7\u00e3o","link":"https:\/\/jornalrol.com.br\/?cat=7"},"img":{"alt_text":"H\u00e1 vagas em cursos t\u00e9cnicos de circo, teatro, m\u00fasica, comunica\u00e7\u00e3o e dan\u00e7a ","src":"https:\/\/i0.wp.com\/www.brasil.gov.br\/cultura\/2017\/01\/mediotec-oferece-30-cursos-na-area-cultural-a-secundaristas\/danca.jpg\/%40%40images\/f01132b9-d3d7-4264-ba1b-f67c48d58296.jpeg?resize=350%2C200","width":350,"height":200},"classes":[]},{"id":20343,"url":"https:\/\/jornalrol.com.br\/?p=20343","url_meta":{"origin":2078,"position":3},"title":"IFSP Itapetininga: &#039;Cursos gratuitos e servi\u00e7os \u00e0 comunidade&#039;\u00a0","author":"Helio Rubens","date":"19 de agosto de 2018","format":false,"excerpt":"Instituto Federal de Itapetininga: um passeio cultural e agrad\u00e1vel No ultimo s\u00e1bado, 18, fomos assistir uma palestra do consultor Sergio Rodrigues sobre empreendedorismo. Eramos quatro: eu , as artistas pl\u00e1sticas Ana Elisa Bloes Meirelles de Arruda e Miranda e Walquiria Paunovic, ambas alunas do Sebrae sobre empreendedorismo, e o presidente\u2026","rel":"","context":"Em &quot;Comunica\u00e7\u00e3o&quot;","block_context":{"text":"Comunica\u00e7\u00e3o","link":"https:\/\/jornalrol.com.br\/?cat=7"},"img":{"alt_text":"","src":"https:\/\/i0.wp.com\/www.jornalrol.com.br\/wp-content\/uploads\/2018\/08\/frente-do-IF-Itapetininga-300x168.jpg?resize=350%2C200","width":350,"height":200},"classes":[]},{"id":7898,"url":"https:\/\/jornalrol.com.br\/?p=7898","url_meta":{"origin":2078,"position":4},"title":"&#039;Inadimpl\u00eancia aumenta, e mais de metade atrasa pagamento do Fies&#039;","author":"Helio Rubens","date":"29 de janeiro de 2017","format":false,"excerpt":"Mat\u00e9ria sobre o FIES foi publicada pela Folha de S\u00e3o Paulo Danilo Verpa\/Folhapress Rudy Monteiro, 33, se diz surpreendido com parcelas do Fies PAULO SALDA\u00d1A DE S\u00c3O PAULO A inadimpl\u00eancia no Fies (financiamento estudantil) cresceu em 2016 e refor\u00e7ou as preocupa\u00e7\u00f5es sobre a sustentabilidade do programa, bandeira do governo Dilma\u2026","rel":"","context":"Em &quot;Comunica\u00e7\u00e3o&quot;","block_context":{"text":"Comunica\u00e7\u00e3o","link":"https:\/\/jornalrol.com.br\/?cat=7"},"img":{"alt_text":"Rudy Monteiro, 33, se diz surpreendido com parcelas do Fies","src":"https:\/\/i0.wp.com\/f.i.uol.com.br\/folha\/cotidiano\/images\/17028200.jpeg?resize=350%2C200","width":350,"height":200,"srcset":"https:\/\/i0.wp.com\/f.i.uol.com.br\/folha\/cotidiano\/images\/17028200.jpeg?resize=350%2C200 1x, https:\/\/i0.wp.com\/f.i.uol.com.br\/folha\/cotidiano\/images\/17028200.jpeg?resize=525%2C300 1.5x"},"classes":[]},{"id":2379,"url":"https:\/\/jornalrol.com.br\/?p=2379","url_meta":{"origin":2078,"position":5},"title":"Estudantes do 6\u00b0 ao 9\u00b0 ano ter\u00e3o ensino de religi\u00f5es em Itapetininga","author":"Helio Rubens","date":"29 de junho de 2015","format":false,"excerpt":"Aulas facultativas para todas as escolas come\u00e7ar\u00e3o em 2016, diz secretaria. \u00a0Pais ou respons\u00e1veis v\u00e3o fazer a op\u00e7\u00e3o durante matr\u00edcula ou renova\u00e7\u00e3o. Caio Gomes SilveiraDo G1 Itapetininga e Regi\u00e3o Secret\u00e1rio de Educa\u00e7\u00e3o explica sobre aulas que come\u00e7am em 2016\u00a0(Foto: Reprodu\u00e7\u00e3o\/ TV TEM) Alunos do 6\u00b0 ao 9\u00b0 ano do ensino\u2026","rel":"","context":"Em &quot;Comunica\u00e7\u00e3o&quot;","block_context":{"text":"Comunica\u00e7\u00e3o","link":"https:\/\/jornalrol.com.br\/?cat=7"},"img":{"alt_text":"Secret\u00e1rio de Educa\u00e7\u00e3o ressalta import\u00e2ncia do plano (Foto: Reprodu\u00e7\u00e3o\/ TV TEM)","src":"https:\/\/i0.wp.com\/s2.glbimg.com\/D0th2Eggh4Lrlvb21_XizXDU3Pg%3D\/300x225\/s.glbimg.com\/jo\/g1\/f\/original\/2015\/06\/24\/secretario.jpg?resize=350%2C200","width":350,"height":200},"classes":[]}],"_links":{"self":[{"href":"https:\/\/jornalrol.com.br\/index.php?rest_route=\/wp\/v2\/posts\/2078","targetHints":{"allow":["GET"]}}],"collection":[{"href":"https:\/\/jornalrol.com.br\/index.php?rest_route=\/wp\/v2\/posts"}],"about":[{"href":"https:\/\/jornalrol.com.br\/index.php?rest_route=\/wp\/v2\/types\/post"}],"author":[{"embeddable":true,"href":"https:\/\/jornalrol.com.br\/index.php?rest_route=\/wp\/v2\/users\/3"}],"replies":[{"embeddable":true,"href":"https:\/\/jornalrol.com.br\/index.php?rest_route=%2Fwp%2Fv2%2Fcomments&post=2078"}],"version-history":[{"count":0,"href":"https:\/\/jornalrol.com.br\/index.php?rest_route=\/wp\/v2\/posts\/2078\/revisions"}],"wp:attachment":[{"href":"https:\/\/jornalrol.com.br\/index.php?rest_route=%2Fwp%2Fv2%2Fmedia&parent=2078"}],"wp:term":[{"taxonomy":"category","embeddable":true,"href":"https:\/\/jornalrol.com.br\/index.php?rest_route=%2Fwp%2Fv2%2Fcategories&post=2078"},{"taxonomy":"post_tag","embeddable":true,"href":"https:\/\/jornalrol.com.br\/index.php?rest_route=%2Fwp%2Fv2%2Ftags&post=2078"}],"curies":[{"name":"wp","href":"https:\/\/api.w.org\/{rel}","templated":true}]}}