{"id":2087,"date":"2015-05-31T11:35:10","date_gmt":"2015-05-31T14:35:10","guid":{"rendered":"http:\/\/www.jornalrol.com.br\/?p=2087"},"modified":"2015-05-31T11:35:10","modified_gmt":"2015-05-31T14:35:10","slug":"sera-em-junho-a-15a-expo-eco-segundo-o-jornal-bem-estar","status":"publish","type":"post","link":"https:\/\/jornalrol.com.br\/?p=2087","title":{"rendered":"Ser\u00e1 em Junho a 15a. EXPO-ECO, segundo o jornal Bem Estar"},"content":{"rendered":"<div class=\"pdfprnt-buttons pdfprnt-buttons-post pdfprnt-top-right\"><a href=\"https:\/\/jornalrol.com.br\/index.php?rest_route=%2Fwp%2Fv2%2Fposts%2F2087&print=pdf\" class=\"pdfprnt-button pdfprnt-button-pdf\" target=\"_blank\" ><\/a><a href=\"https:\/\/jornalrol.com.br\/index.php?rest_route=%2Fwp%2Fv2%2Fposts%2F2087&print=print\" class=\"pdfprnt-button pdfprnt-button-print\" target=\"_blank\" ><img decoding=\"async\" src=\"https:\/\/jornalrol.com.br\/wp-content\/plugins\/pdf-print\/images\/print.png\" alt=\"image_print\" title=\"Conte\u00fado de impress\u00e3o\" \/><\/a><\/div><p><strong>Jornal Bem Estar, de Itapetininga<\/strong><!--more--><\/p>\n<p><a href=\"http:\/\/www.jornalrol.com.br\/wp-content\/uploads\/2015\/05\/Expo.jpg\"><img loading=\"lazy\" decoding=\"async\" class=\"alignleft size-medium wp-image-2088\" src=\"http:\/\/www.jornalrol.com.br\/wp-content\/uploads\/2015\/05\/Expo-184x300.jpg\" alt=\"Expo\" width=\"184\" height=\"300\" \/><\/a>Ocorrer\u00e1 no per\u00edodo de 01 a 13 de junho, na C\u00e2mara Municipal de Itapetininga, a 15\u00aa edi\u00e7\u00e3o da Expo Eco, com exposi\u00e7\u00e3o ecol\u00f3gica de fotos do meio ambiente de Itapetininga e regi\u00e3o, bem como exposi\u00e7\u00e3o de trabalhos e a\u00e7\u00f5es de diversas entidades voltadas ao meio ambiente.<\/p>\n<p>Durante a realiza\u00e7\u00e3o da Expo Eco tamb\u00e9m haver\u00e1 importantes debates e palestras sobre temas de diversas a\u00e7\u00f5es ambientais. Haver\u00e1 tamb\u00e9m uma apresenta\u00e7\u00e3o teatral \u201cVamos cuidar do que \u00e9 nosso\u201d para cri<span class=\"text_exposed_show\">an\u00e7as com o foco de despertar a import\u00e2ncia da preserva\u00e7\u00e3o ambiental, como o consumo consciente da \u00e1gua e a coleta seletiva.<\/span><\/p>\n<div class=\"text_exposed_show\">\n<p>Para o Coordenador do projeto, Fernandinho Rosa, \u201c\u00e9 urgente a necessidade de cria\u00e7\u00e3o de POL\u00cdTICAS MUNICIPAIS de preserva\u00e7\u00e3o do MEIO AMBIENTE\u201d.<\/p>\n<p>A abertura oficial ser\u00e1 dia 01 de junho \u00e0s 18:00 hs na C\u00e2mara Municipal de Itapetininga, e contara com a presen\u00e7a de autoridades, empres\u00e1rios, ambientalistas e ser\u00e1 realizado neste dia o plantio de uma muda de \u00e1rvore &#8220;Pau-brasil&#8221; marcando a abertura do evento, todos est\u00e3o convidados a participar do evento.<\/p>\n<\/div>\n","protected":false},"excerpt":{"rendered":"<p>Jornal Bem Estar, de Itapetininga<\/p>\n","protected":false},"author":3,"featured_media":0,"comment_status":"closed","ping_status":"closed","sticky":false,"template":"","format":"standard","meta":{"_jetpack_newsletter_access":"","_jetpack_dont_email_post_to_subs":false,"_jetpack_newsletter_tier_id":0,"_jetpack_memberships_contains_paywalled_content":false,"_jetpack_memberships_contains_paid_content":false,"footnotes":""},"categories":[7],"tags":[5537],"class_list":["post-2087","post","type-post","status-publish","format-standard","hentry","category-comunicacao","tag-meio-ambiente"],"aioseo_notices":[],"views":0,"jetpack_featured_media_url":"","jetpack_sharing_enabled":true,"jetpack_likes_enabled":true,"jetpack-related-posts":[{"id":10858,"url":"https:\/\/jornalrol.com.br\/?p=10858","url_meta":{"origin":2087,"position":0},"title":"Semana do Meio Ambiente ter\u00e1 em Itapetininga plantio de \u00e1rvore, doa\u00e7\u00e3o de mudas e coleta de \u00f3leo de cozinha","author":"Helio Rubens","date":"1 de junho de 2017","format":false,"excerpt":"A Prefeitura de Itapetininga ir\u00e1 realizar, de\u00a04 a\u00a010 de junho, a Semana do Meio Ambiente Est\u00e3o programados plantio e doa\u00e7\u00e3o de mudas, oficina de reaproveitamento de res\u00edduos s\u00f3lidos, coleta de \u00f3leo de cozinha, palestra sobre a posse respons\u00e1vel de c\u00e3es e gatos e montagem de lixeiras ecol\u00f3gicas. O evento tem\u2026","rel":"","context":"Em &quot;Comunica\u00e7\u00e3o&quot;","block_context":{"text":"Comunica\u00e7\u00e3o","link":"https:\/\/jornalrol.com.br\/?cat=7"},"img":{"alt_text":"","src":"","width":0,"height":0},"classes":[]},{"id":19691,"url":"https:\/\/jornalrol.com.br\/?p=19691","url_meta":{"origin":2087,"position":1},"title":"Acervo fotogr\u00e1fico mostra participa\u00e7\u00e3o de Itapetininga na Revolu\u00e7\u00e3o de 1932","author":"Helio Rubens","date":"13 de julho de 2018","format":false,"excerpt":"Acervo fotogr\u00e1fico mostra participa\u00e7\u00e3o de Itapetininga na Revolu\u00e7\u00e3o de 1932 no Centro Cultural \u00a0 A \u201cExpo 32\u201d conta com utens\u00edlios usados pelos combatentes, como os capacetes, as fardas e at\u00e9 mesmo as muni\u00e7\u00f5es, usadas na Revolu\u00e7\u00e3o de 1932. Conta tamb\u00e9m com anel e diploma, que foram doados por meio da\u2026","rel":"","context":"Em &quot;Comunica\u00e7\u00e3o&quot;","block_context":{"text":"Comunica\u00e7\u00e3o","link":"https:\/\/jornalrol.com.br\/?cat=7"},"img":{"alt_text":"","src":"","width":0,"height":0},"classes":[]},{"id":2198,"url":"https:\/\/jornalrol.com.br\/?p=2198","url_meta":{"origin":2087,"position":2},"title":"Itapetininga \u00e9 cen\u00e1rio de exposi\u00e7\u00e3o realizada pela In Art","author":"Helio Rubens","date":"6 de junho de 2015","format":false,"excerpt":"Obras de artistas de todo o Pa\u00eds estar\u00e3o espalhadas em 16 pontos da cidade \u00a0(mat\u00e9ria publicada pelo jornal Gazeta de Votorantim) \u00a0 A Expo Art Itapetininga vai reunir 20 artistas brasileiros em uma exposi\u00e7\u00e3o que pretende transformar a cidade em uma galeria. As 60 obras estar\u00e3o espalhadas em dezesseis pontos,\u2026","rel":"","context":"Em &quot;Comunica\u00e7\u00e3o&quot;","block_context":{"text":"Comunica\u00e7\u00e3o","link":"https:\/\/jornalrol.com.br\/?cat=7"},"img":{"alt_text":"angela","src":"https:\/\/i0.wp.com\/www.jornalrol.com.br\/wp-content\/uploads\/2015\/06\/angela-300x199.jpg?resize=350%2C200","width":350,"height":200},"classes":[]},{"id":1618,"url":"https:\/\/jornalrol.com.br\/?p=1618","url_meta":{"origin":2087,"position":3},"title":"Itapetininga: EMPRESA PROMOVE RECICLAGEM DE RESIDUOS","author":"Helio Rubens","date":"15 de abril de 2015","format":false,"excerpt":"Cooperativa m\u00e9dica t\u00eam realizado a\u00e7\u00f5es no sentido da conscientiza\u00e7\u00e3o da popula\u00e7\u00e3o sobre a import\u00e2ncia da preserva\u00e7\u00e3o do meio ambiente, reciclagem e reaproveitamento dos res\u00edduos \u00a0 A Unimed Itapetininga foi convidada pela Tv Tem para ser o destaque em reportagem sobre a import\u00e2ncia do descarte correto de lixo. Em entrevista realizada\u2026","rel":"","context":"Em &quot;Comunica\u00e7\u00e3o&quot;","block_context":{"text":"Comunica\u00e7\u00e3o","link":"https:\/\/jornalrol.com.br\/?cat=7"},"img":{"alt_text":"","src":"","width":0,"height":0},"classes":[]},{"id":31800,"url":"https:\/\/jornalrol.com.br\/?p=31800","url_meta":{"origin":2087,"position":4},"title":"Na semana do Dia Mundial do Meio Ambiente, Rep\u00f3rter Eco fala sobre preserva\u00e7\u00e3o ambiental","author":"Sergio Diniz da Costa","date":"6 de junho de 2020","format":false,"excerpt":"Programa vai ao ar neste domingo (7\/6), \u00e0s 18h, na TV Cultura O\u00a0Rep\u00f3rter Eco\u00a0deste\u00a0domingo (7\/6),\u00a0semana em que se comemora o Dia Mundial do Meio Ambiente (5 de junho), ir\u00e1 falar sobre o projeto Mulheres na Conserva\u00e7\u00e3o. Criado pelo fot\u00f3grafo Jo\u00e3o Marcos Rosa e pela jornalista Paulina Chamorro, ele retrata hist\u00f3rias\u2026","rel":"","context":"Em &quot;Comunica\u00e7\u00e3o&quot;","block_context":{"text":"Comunica\u00e7\u00e3o","link":"https:\/\/jornalrol.com.br\/?cat=7"},"img":{"alt_text":"","src":"https:\/\/i0.wp.com\/www.jornalrol.com.br\/wp-content\/uploads\/2020\/06\/download.png?resize=350%2C200","width":350,"height":200},"classes":[]},{"id":62734,"url":"https:\/\/jornalrol.com.br\/?p=62734","url_meta":{"origin":2087,"position":5},"title":"Expo D. Pedro Matsuri agita fim de semana em Campinas","author":"Sergio Diniz da Costa","date":"2 de novembro de 2023","format":false,"excerpt":"O festival Expo D. Pedro Matsuri vai transformar um dos maiores espa\u00e7os multiuso do interior paulista em um \u2018peda\u00e7o do Jap\u00e3o\u2019. A programa\u00e7\u00e3o conta com...","rel":"","context":"Em &quot;Arte&quot;","block_context":{"text":"Arte","link":"https:\/\/jornalrol.com.br\/?cat=9286"},"img":{"alt_text":"Cantora Karen Ito","src":"https:\/\/i0.wp.com\/jornalrol.com.br\/wp-content\/uploads\/2023\/11\/WhatsApp-Image-2023-10-23-at-17.23.49.jpg?resize=350%2C200&ssl=1","width":350,"height":200,"srcset":"https:\/\/i0.wp.com\/jornalrol.com.br\/wp-content\/uploads\/2023\/11\/WhatsApp-Image-2023-10-23-at-17.23.49.jpg?resize=350%2C200&ssl=1 1x, https:\/\/i0.wp.com\/jornalrol.com.br\/wp-content\/uploads\/2023\/11\/WhatsApp-Image-2023-10-23-at-17.23.49.jpg?resize=525%2C300&ssl=1 1.5x, https:\/\/i0.wp.com\/jornalrol.com.br\/wp-content\/uploads\/2023\/11\/WhatsApp-Image-2023-10-23-at-17.23.49.jpg?resize=700%2C400&ssl=1 2x, https:\/\/i0.wp.com\/jornalrol.com.br\/wp-content\/uploads\/2023\/11\/WhatsApp-Image-2023-10-23-at-17.23.49.jpg?resize=1050%2C600&ssl=1 3x, https:\/\/i0.wp.com\/jornalrol.com.br\/wp-content\/uploads\/2023\/11\/WhatsApp-Image-2023-10-23-at-17.23.49.jpg?resize=1400%2C800&ssl=1 4x"},"classes":[]}],"_links":{"self":[{"href":"https:\/\/jornalrol.com.br\/index.php?rest_route=\/wp\/v2\/posts\/2087","targetHints":{"allow":["GET"]}}],"collection":[{"href":"https:\/\/jornalrol.com.br\/index.php?rest_route=\/wp\/v2\/posts"}],"about":[{"href":"https:\/\/jornalrol.com.br\/index.php?rest_route=\/wp\/v2\/types\/post"}],"author":[{"embeddable":true,"href":"https:\/\/jornalrol.com.br\/index.php?rest_route=\/wp\/v2\/users\/3"}],"replies":[{"embeddable":true,"href":"https:\/\/jornalrol.com.br\/index.php?rest_route=%2Fwp%2Fv2%2Fcomments&post=2087"}],"version-history":[{"count":0,"href":"https:\/\/jornalrol.com.br\/index.php?rest_route=\/wp\/v2\/posts\/2087\/revisions"}],"wp:attachment":[{"href":"https:\/\/jornalrol.com.br\/index.php?rest_route=%2Fwp%2Fv2%2Fmedia&parent=2087"}],"wp:term":[{"taxonomy":"category","embeddable":true,"href":"https:\/\/jornalrol.com.br\/index.php?rest_route=%2Fwp%2Fv2%2Fcategories&post=2087"},{"taxonomy":"post_tag","embeddable":true,"href":"https:\/\/jornalrol.com.br\/index.php?rest_route=%2Fwp%2Fv2%2Ftags&post=2087"}],"curies":[{"name":"wp","href":"https:\/\/api.w.org\/{rel}","templated":true}]}}