{"id":2093,"date":"2015-05-31T15:25:50","date_gmt":"2015-05-31T18:25:50","guid":{"rendered":"http:\/\/www.jornalrol.com.br\/?p=2093"},"modified":"2015-05-31T15:25:50","modified_gmt":"2015-05-31T18:25:50","slug":"pedro-alterio-e-bruno-piazza-no-ibirapuera-hoje-domingo-as-19-horas","status":"publish","type":"post","link":"https:\/\/jornalrol.com.br\/?p=2093","title":{"rendered":"Pedro Alt\u00e9rio e Bruno Piazza no Ibirapuera hoje, domingo, \u00e0s 19 horas"},"content":{"rendered":"<div class=\"pdfprnt-buttons pdfprnt-buttons-post pdfprnt-top-right\"><a href=\"https:\/\/jornalrol.com.br\/index.php?rest_route=%2Fwp%2Fv2%2Fposts%2F2093&print=pdf\" class=\"pdfprnt-button pdfprnt-button-pdf\" target=\"_blank\" ><\/a><a href=\"https:\/\/jornalrol.com.br\/index.php?rest_route=%2Fwp%2Fv2%2Fposts%2F2093&print=print\" class=\"pdfprnt-button pdfprnt-button-print\" target=\"_blank\" ><img decoding=\"async\" src=\"https:\/\/jornalrol.com.br\/wp-content\/plugins\/pdf-print\/images\/print.png\" alt=\"image_print\" title=\"Conte\u00fado de impress\u00e3o\" \/><\/a><\/div><div><strong><span style=\"font-family: 'trebuchet ms', sans-serif;\">Sshow do &#8216;<\/span>Pedro Alterio e Bruno Piazza&#8217;, \u00a0 com participa\u00e7\u00f5es especiais\u00a0de Neymar Dias, Orit\u00e1 e Gabriel Sater<\/strong><\/div>\n<p><!--more--><\/p>\n<div>\n<div><a href=\"http:\/\/www.jornalrol.com.br\/wp-content\/uploads\/2015\/05\/Rita.jpg\"><img loading=\"lazy\" decoding=\"async\" class=\"alignleft size-medium wp-image-2094\" src=\"http:\/\/www.jornalrol.com.br\/wp-content\/uploads\/2015\/05\/Rita-300x199.jpg\" alt=\"Rita\" width=\"300\" height=\"199\" \/><\/a><\/div>\n<div>A apresenta\u00e7\u00e3o brilhante do itapetiningano Pedro Alt\u00e9rio, filho do cantor e compositor Rafael Alt\u00e9rio e da cantora e compositora Ria Alt\u00e9rio, ser hoje, domingo, 31 de Maio no Audit\u00f3rio Ibirapuera as 19h.<\/div>\n<div><\/div>\n<div><\/div>\n<\/div>\n","protected":false},"excerpt":{"rendered":"<p>Sshow do &#8216;Pedro Alterio e Bruno Piazza&#8217;, \u00a0 com participa\u00e7\u00f5es especiais\u00a0de Neymar Dias, Orit\u00e1 e Gabriel Sater<\/p>\n","protected":false},"author":3,"featured_media":0,"comment_status":"closed","ping_status":"closed","sticky":false,"template":"","format":"standard","meta":{"_jetpack_newsletter_access":"","_jetpack_dont_email_post_to_subs":false,"_jetpack_newsletter_tier_id":0,"_jetpack_memberships_contains_paywalled_content":false,"_jetpack_memberships_contains_paid_content":false,"footnotes":""},"categories":[7],"tags":[5900],"class_list":["post-2093","post","type-post","status-publish","format-standard","hentry","category-comunicacao","tag-musica"],"aioseo_notices":[],"views":0,"jetpack_featured_media_url":"","jetpack_sharing_enabled":true,"jetpack_likes_enabled":true,"jetpack-related-posts":[{"id":60382,"url":"https:\/\/jornalrol.com.br\/?p=60382","url_meta":{"origin":2093,"position":0},"title":"Maloca Centro Cultural recebe cantor Yant\u00f3 neste domingo","author":"Sergio Diniz da Costa","date":"23 de agosto de 2023","format":false,"excerpt":"Yant\u00f3 \u00e9 cantor, compositor, produtor musical e performer. Estudou m\u00fasica popular e dan\u00e7a na UNICAMP, onde tamb\u00e9m fez mestrado em Artes da Cena.","rel":"","context":"Em &quot;Arte&quot;","block_context":{"text":"Arte","link":"https:\/\/jornalrol.com.br\/?cat=9286"},"img":{"alt_text":"Yant\u00f3","src":"https:\/\/i0.wp.com\/jornalrol.com.br\/wp-content\/uploads\/2023\/08\/Maloca-Centro-Cultural-recebe-cantor-Yanto-neste-domingo-FOTO-RODRIGO-JENSEN-2.jpeg?resize=350%2C200&ssl=1","width":350,"height":200,"srcset":"https:\/\/i0.wp.com\/jornalrol.com.br\/wp-content\/uploads\/2023\/08\/Maloca-Centro-Cultural-recebe-cantor-Yanto-neste-domingo-FOTO-RODRIGO-JENSEN-2.jpeg?resize=350%2C200&ssl=1 1x, https:\/\/i0.wp.com\/jornalrol.com.br\/wp-content\/uploads\/2023\/08\/Maloca-Centro-Cultural-recebe-cantor-Yanto-neste-domingo-FOTO-RODRIGO-JENSEN-2.jpeg?resize=525%2C300&ssl=1 1.5x, https:\/\/i0.wp.com\/jornalrol.com.br\/wp-content\/uploads\/2023\/08\/Maloca-Centro-Cultural-recebe-cantor-Yanto-neste-domingo-FOTO-RODRIGO-JENSEN-2.jpeg?resize=700%2C400&ssl=1 2x"},"classes":[]},{"id":78597,"url":"https:\/\/jornalrol.com.br\/?p=78597","url_meta":{"origin":2093,"position":1},"title":"Um enigm\u00e1tico interc\u00e2mbio entre mestres da cultura","author":"Bruno Alves Feitosa","date":"18 de fevereiro de 2026","format":false,"excerpt":"Ra\u00fal Seixas \u00e9 considerado o pai do rock brasileiro, mas antes de se consagrar como cantor e compositor, ele teve uma experi\u00eancia marcante como produtor musical.","rel":"","context":"Em &quot;Arte&quot;","block_context":{"text":"Arte","link":"https:\/\/jornalrol.com.br\/?cat=9286"},"img":{"alt_text":"Jacson do Pandeiro - Nossas Ra\u00edzes - foto promo0\u00e7\u00e3o","src":"https:\/\/i0.wp.com\/jornalrol.com.br\/wp-content\/uploads\/2026\/02\/0d76f78c-8469-4225-8e49-2374b7400cd1.jpg?resize=350%2C200&ssl=1","width":350,"height":200,"srcset":"https:\/\/i0.wp.com\/jornalrol.com.br\/wp-content\/uploads\/2026\/02\/0d76f78c-8469-4225-8e49-2374b7400cd1.jpg?resize=350%2C200&ssl=1 1x, https:\/\/i0.wp.com\/jornalrol.com.br\/wp-content\/uploads\/2026\/02\/0d76f78c-8469-4225-8e49-2374b7400cd1.jpg?resize=525%2C300&ssl=1 1.5x, https:\/\/i0.wp.com\/jornalrol.com.br\/wp-content\/uploads\/2026\/02\/0d76f78c-8469-4225-8e49-2374b7400cd1.jpg?resize=700%2C400&ssl=1 2x, https:\/\/i0.wp.com\/jornalrol.com.br\/wp-content\/uploads\/2026\/02\/0d76f78c-8469-4225-8e49-2374b7400cd1.jpg?resize=1050%2C600&ssl=1 3x"},"classes":[]},{"id":46985,"url":"https:\/\/jornalrol.com.br\/?p=46985","url_meta":{"origin":2093,"position":2},"title":"&#039;Rosa Passos \u00e9 a capa da nona edi\u00e7\u00e3o do Guia Musical de Bras\u00edlia&#039;","author":"Veronica Moreira","date":"3 de dezembro de 2021","format":false,"excerpt":"A cantora e compositora Rosa Passos, embaixadora da MPB com sabor de jazz\u00a0em todo o mundo,\u00a0est\u00e1 brilhando na\u00a0capa da nova edi\u00e7\u00e3o do Guia Musical de Bras\u00edlia que come\u00e7a a circular na pr\u00f3xima semana A mat\u00e9ria sobre Rosinha, que mora em Bras\u00edlia h\u00e1 anos, foi baseada na excelente e pioneira disserta\u00e7\u00e3o\u2026","rel":"","context":"Em &quot;Comunica\u00e7\u00e3o&quot;","block_context":{"text":"Comunica\u00e7\u00e3o","link":"https:\/\/jornalrol.com.br\/?cat=7"},"img":{"alt_text":"","src":"https:\/\/i0.wp.com\/www.jornalrol.com.br\/wp-content\/uploads\/2021\/12\/dbd29bca-db66-4d4f-b926-532721a543b7.jpg?resize=350%2C200","width":350,"height":200},"classes":[]},{"id":28583,"url":"https:\/\/jornalrol.com.br\/?p=28583","url_meta":{"origin":2093,"position":3},"title":"O compositor, cantor e multi-instrumentista Humberto Gessinger se apresenta no Gin\u00e1sio do Sesc Sorocaba, domingo, dia 28","author":"Sergio Diniz da Costa","date":"16 de julho de 2019","format":false,"excerpt":"No show 'AO VIVO PRA CARAMBA', Gessinger interpreta m\u00fasicas do disco 'A Revolta dos D\u00e2ndis' \u00a0 O compositor, cantor e multi-instrumentista\u00a0Humberto Gessinger\u00a0se apresenta no\u00a0Gin\u00e1sio do\u00a0Sesc Sorocaba, domingo, dia 28. No show \u201cAO VIVO PRA CARAMBA\u201d, Gessinger interpreta m\u00fasicas do disco \u201cA Revolta dos D\u00e2ndis\u201d (que completou 30 anos em 2017),\u2026","rel":"","context":"Em &quot;Comunica\u00e7\u00e3o&quot;","block_context":{"text":"Comunica\u00e7\u00e3o","link":"https:\/\/jornalrol.com.br\/?cat=7"},"img":{"alt_text":"","src":"https:\/\/i0.wp.com\/www.jornalrol.com.br\/wp-content\/uploads\/2019\/07\/Humberto-Gessinger-300x141.jpg?resize=350%2C200","width":350,"height":200},"classes":[]},{"id":50485,"url":"https:\/\/jornalrol.com.br\/?p=50485","url_meta":{"origin":2093,"position":4},"title":"Projeto Gratuito &#039;Teatrando&#039; volta ao Shopping Ibirapuera com pe\u00e7as que divertem toda a fam\u00edlia aos finais de semana","author":"Veronica Moreira","date":"6 de junho de 2022","format":false,"excerpt":"O \"Teatrando\" acontece nos fins de semana e apresenta companhias e pe\u00e7as diversas Quem frequenta o Shopping Ibirapuera j\u00e1 sabe que no Piso Moema h\u00e1 sempre um espa\u00e7o com atividades variadas e gratuitas voltadas ao p\u00fablico infantil. At\u00e9 o fim do m\u00eas de junho, em todos os s\u00e1bados e domingo,\u2026","rel":"","context":"Em &quot;Comunica\u00e7\u00e3o&quot;","block_context":{"text":"Comunica\u00e7\u00e3o","link":"https:\/\/jornalrol.com.br\/?cat=7"},"img":{"alt_text":"","src":"https:\/\/i0.wp.com\/www.jornalrol.com.br\/wp-content\/uploads\/2022\/06\/coelha-1.jpg?resize=350%2C200","width":350,"height":200},"classes":[]},{"id":21637,"url":"https:\/\/jornalrol.com.br\/?p=21637","url_meta":{"origin":2093,"position":5},"title":"M\u00fasica e dan\u00e7a marcam o tradicional Almo\u00e7o de Domingo promovido pela Casa de Espa\u00f1a Don Felipe II","author":"Sergio Diniz da Costa","date":"19 de outubro de 2018","format":false,"excerpt":"No dia 30.09 a Casa de Espa\u00f1a Don Felipe II realizou o tradicional Almo\u00e7o de Domingo, na Sociedade Recreativa S\u00e3o Bento, ao som do cantor e compositor M\u00e1rcio Martins e os convidados especiais Cledemir Ara\u00fajo e \u00c1ttila Huno. A bailarina Paula Sette tamb\u00e9m deu um show de dan\u00e7a \u00a0 Atilla\u2026","rel":"","context":"Em &quot;Comunica\u00e7\u00e3o&quot;","block_context":{"text":"Comunica\u00e7\u00e3o","link":"https:\/\/jornalrol.com.br\/?cat=7"},"img":{"alt_text":"","src":"https:\/\/i0.wp.com\/www.jornalrol.com.br\/wp-content\/uploads\/2018\/10\/Paula-Sette-1-206x300.png?resize=350%2C200","width":350,"height":200},"classes":[]}],"_links":{"self":[{"href":"https:\/\/jornalrol.com.br\/index.php?rest_route=\/wp\/v2\/posts\/2093","targetHints":{"allow":["GET"]}}],"collection":[{"href":"https:\/\/jornalrol.com.br\/index.php?rest_route=\/wp\/v2\/posts"}],"about":[{"href":"https:\/\/jornalrol.com.br\/index.php?rest_route=\/wp\/v2\/types\/post"}],"author":[{"embeddable":true,"href":"https:\/\/jornalrol.com.br\/index.php?rest_route=\/wp\/v2\/users\/3"}],"replies":[{"embeddable":true,"href":"https:\/\/jornalrol.com.br\/index.php?rest_route=%2Fwp%2Fv2%2Fcomments&post=2093"}],"version-history":[{"count":0,"href":"https:\/\/jornalrol.com.br\/index.php?rest_route=\/wp\/v2\/posts\/2093\/revisions"}],"wp:attachment":[{"href":"https:\/\/jornalrol.com.br\/index.php?rest_route=%2Fwp%2Fv2%2Fmedia&parent=2093"}],"wp:term":[{"taxonomy":"category","embeddable":true,"href":"https:\/\/jornalrol.com.br\/index.php?rest_route=%2Fwp%2Fv2%2Fcategories&post=2093"},{"taxonomy":"post_tag","embeddable":true,"href":"https:\/\/jornalrol.com.br\/index.php?rest_route=%2Fwp%2Fv2%2Ftags&post=2093"}],"curies":[{"name":"wp","href":"https:\/\/api.w.org\/{rel}","templated":true}]}}