{"id":2096,"date":"2015-05-31T15:36:27","date_gmt":"2015-05-31T18:36:27","guid":{"rendered":"http:\/\/www.jornalrol.com.br\/?p=2096"},"modified":"2015-05-31T15:36:27","modified_gmt":"2015-05-31T18:36:27","slug":"artigo-de-celso-lungaretti-dunga-satisfazia-os-padroes-eticos-da-casa-bandida-do-futebol-serviria-para-uma-cbf-moralizada","status":"publish","type":"post","link":"https:\/\/jornalrol.com.br\/?p=2096","title":{"rendered":"Artigo de Celso Lungaretti: &#039;DUNGA SATISFAZIA OS PADR\u00d5ES \u00c9TICOS DA CASA BANDIDA DO FUTEBOL. SERVIRIA PARA UMA CBF MORALIZADA?&#039;"},"content":{"rendered":"<div class=\"pdfprnt-buttons pdfprnt-buttons-post pdfprnt-top-right\"><a href=\"https:\/\/jornalrol.com.br\/index.php?rest_route=%2Fwp%2Fv2%2Fposts%2F2096&print=pdf\" class=\"pdfprnt-button pdfprnt-button-pdf\" target=\"_blank\" ><\/a><a href=\"https:\/\/jornalrol.com.br\/index.php?rest_route=%2Fwp%2Fv2%2Fposts%2F2096&print=print\" class=\"pdfprnt-button pdfprnt-button-print\" target=\"_blank\" ><img decoding=\"async\" src=\"https:\/\/jornalrol.com.br\/wp-content\/plugins\/pdf-print\/images\/print.png\" alt=\"image_print\" title=\"Conte\u00fado de impress\u00e3o\" \/><\/a><\/div><div><span style=\"color: #cc0000; font-family: 'arial black', sans-serif; font-size: xx-large;\">NUMA CBF DE M\u00c3OS LIMPAS N\u00c3O HAVER\u00c1 LUGAR PARA DUNGA\u00a0<\/span><\/div>\n<p><!--more--><\/p>\n<div><\/div>\n<div><strong>Do blogue\u00a0<a href=\"http:\/\/mail.uol.com.br\/naufrago-da-utopia.blogspot.com.br\" target=\"_blank\">N\u00e1ufrago da Utopia<\/a><\/strong><\/div>\n<div><\/div>\n<div>\n<div>\n<div>\n<table cellspacing=\"0\" cellpadding=\"0\">\n<tbody>\n<tr>\n<td><a href=\"http:\/\/imguol.com\/c\/esporte\/2014\/07\/02\/fofana-posa-para-foto-ao-lado-de-dunga-quando-o-ex-jogador-era-tecnico-da-selecao-1404347728021_578x434.jpg\" target=\"_blank\"><img loading=\"lazy\" decoding=\"async\" class=\"CToWUd\" src=\"https:\/\/ci4.googleusercontent.com\/proxy\/XKEFkEvMrFnInIY13KBT6rvDR5nJGe-WHZpWcCXa-RQQstGbD6tV5IsVcuStWG3nbb4Oaimfzeyo-ZPkknXCZ_UEeiz8yY_E8i-WVg9m0eAzIC5qGHjioqy2iz9oaSGCifL-AIrL1b8t3E4ojzuiVCprW4eRpq3p9NRul7sbDNAfqoI0uHPnkcxmm3dpiIIUN8-NQBDyi6d6gmhjotCwFt5sHJ5FCHqsKL3SZF0p1MoRD6zbFS8g4PAmDQS1Re4a02zNChPbNQTEC0Ux5pYuLoof24GTsCVaD7MJ7fqHqjVh9sfGEVJ51nZnfJeLhWgKWCG9KT1fHnCivcCoLvBUC4ambOzLA9VlCwIvTEvnuuQNmM_Twia8eTKJrc_weVmkhXo3a_bc7sOYIT0x_ijeZ5IEB7PFrA=s0-d-e1-ft#https:\/\/images-blogger-opensocial.googleusercontent.com\/gadgets\/proxy?url=http%3A%2F%2Fimguol.com%2Fc%2Fesporte%2F2014%2F07%2F02%2Ffofana-posa-para-foto-ao-lado-de-dunga-quando-o-ex-jogador-era-tecnico-da-selecao-1404347728021_578x434.jpg&amp;container=blogger&amp;gadget=a&amp;rewriteMime=image%2F*\" alt=\"\" width=\"400\" height=\"300\" border=\"0\" \/><\/a><\/td>\n<\/tr>\n<tr>\n<td><b><span style=\"color: #0b5394; font-family: 'arial black', sans-serif; font-size: small;\">Com Mohamadou Fofana, chef\u00e3o da gang dos ingressos.<\/span><\/b><\/td>\n<\/tr>\n<\/tbody>\n<\/table>\n<p><b><span style=\"font-family: Verdana, sans-serif; font-size: xx-large;\">U<\/span><\/b>m lembrete para a CPI do Futebol que enfim est\u00e1 sendo constitu\u00edda: h\u00e1 dez meses \u00e9 ignorada a grave den\u00fancia que a ESPN fez na reportagem\u00a0<b><span style=\"font-family: Verdana, sans-serif;\"><u>Documentos provam a\u00e7\u00e3o como agente que Dunga nega<\/u><\/span><\/b>\u00a0(acesse a \u00edntegra\u00a0<a href=\"http:\/\/espn.uol.com.br\/noticia\/427605_documentos-provam-acao-como-agente-que-dunga-nega\" target=\"_blank\"><span style=\"color: #ff0000;\">aqui<\/span><\/a>).<\/p>\n<\/div>\n<div><\/div>\n<div>\n<p>O historiador e jornalista L\u00facio de Castro, comentarista do\u00a0<b><u>Bate-Bola &#8211; 1\u00aa edi\u00e7\u00e3o<\/u><\/b>, foi fundo na apura\u00e7\u00e3o de uma atividade que o t\u00e9cnico desenvolvia na surdina, tudo fazendo para a ocultar do distinto p\u00fablico:<\/p>\n<\/div>\n<\/div>\n<blockquote><p><b><span style=\"color: #ff0000; font-family: Verdana, sans-serif; font-size: x-large;\">&#8220;<\/span><\/b>Dunga manteve por muitos anos um segredo bem guardado: a intermedia\u00e7\u00e3o de transa\u00e7\u00f5es em direitos econ\u00f4micos de jogador de futebol. Quando foi questionado por esta reportagem sobre sua participa\u00e7\u00e3o na venda do meia Ederson, em 2004, do RS Futebol Clube para o grupo Image Promotion Company (IPC), foi incisivo na negativa. Atrav\u00e9s da assessoria de imprensa da CBF, afirmou &#8216;n\u00e3o ter participa\u00e7\u00e3o alguma na venda dos direitos sobre o v\u00ednculo do referido jogador&#8217;.<\/p><\/blockquote>\n<blockquote><p>Tr\u00eas documentos p\u00fablicos, por\u00e9m, mostram o contr\u00e1rio: uma nota fiscal da &#8216;Dunga Empreendimentos, Promo\u00e7\u00f5es e Marketing ltda&#8217;, com a comiss\u00e3o no valor de R$ 407.384,08; o recibo assinado pelo pr\u00f3prio Carlos Caetano Bledorn Verri, o Dunga; e o comprovante banc\u00e1rio de transfer\u00eancia do clube para a empresa do treinador, no valor discriminado na nota. N\u00e3o \u00e9 o \u00fanico conflito de interesse com o cargo de comandante da sele\u00e7\u00e3o brasileira nessa hist\u00f3ria: as liga\u00e7\u00f5es com os agentes do IPC v\u00e3o muito al\u00e9m do que um \u00fanico neg\u00f3cio<b><span style=\"color: #ff0000; font-family: Verdana, sans-serif; font-size: x-large;\">&#8220;<\/span><\/b>&#8220;.<\/p><\/blockquote>\n<div><\/div>\n<div>\n<table cellspacing=\"0\" cellpadding=\"0\">\n<tbody>\n<tr>\n<td><a href=\"http:\/\/www.diariodopoder.com.br\/style\/images\/files\/dunga%20marco%20polo%20del%20nero%20e%20gilmar.jpg\" target=\"_blank\"><img loading=\"lazy\" decoding=\"async\" class=\"CToWUd\" src=\"https:\/\/ci3.googleusercontent.com\/proxy\/OhfN9pnx0XEmgZeV3O_1FSrPbbIri12Z6DC9jYMbbGImyn4s7IXxmLui9AMKkfw93fX178ZCjWLO67DgLLWP_00WpVvrNDqPL-mJprG6hSdhX47R3t7GfWWoF4Bh14tKo43tt-M2_IpCaA4SQXw-0TVizT1---_uwRdPz5-u_7h5W5qhRQteC0Uc7xsml_9cw3oAjEkSMJtnt59H2klQc-_W8e0gnUsRMAGjmif8Womfe4V24EXKSA44u_oOPzHnNQaZaN4UA7Yxmlsx2XLAAoInvQqd0DeuZyZKDsZqQzLOLPxEat1XqTbB3vmIPFV4Imn3WhnwABqMrU5ZnmH9X4Mltj6KWx5bLZie3H7CvWiW=s0-d-e1-ft#https:\/\/images-blogger-opensocial.googleusercontent.com\/gadgets\/proxy?url=http%3A%2F%2Fwww.diariodopoder.com.br%2Fstyle%2Fimages%2Ffiles%2Fdunga%2520marco%2520polo%2520del%2520nero%2520e%2520gilmar.jpg&amp;container=blogger&amp;gadget=a&amp;rewriteMime=image%2F*\" alt=\"\" width=\"400\" height=\"240\" border=\"0\" \/><\/a><\/td>\n<\/tr>\n<tr>\n<td><span style=\"color: #0b5394; font-family: 'arial black', sans-serif; font-size: small;\">Ser\u00e1 \u00f3timo para nosso futebol se os tr\u00eas ca\u00edrem juntos<\/span><\/td>\n<\/tr>\n<\/tbody>\n<\/table>\n<p>Est\u00e1 tudo na reportagem, preto no branco, inclusive as evid\u00eancias de que Dunga mentiu \u00e0 justi\u00e7a ga\u00facha, ao negar que estivesse associado ao grupo IPC.<\/p>\n<p>Nestes par\u00e1grafos da citada reportagem se percebe o quanto ele se envolveu com essa gente:<\/p>\n<blockquote><p><b><span style=\"color: #ff0000; font-family: Verdana, sans-serif; font-size: x-large;\">&#8220;<\/span><\/b>Por tr\u00e1s do endere\u00e7o do IPC, em M\u00f4naco, est\u00e3o mais revela\u00e7\u00f5es sobre as teias de relacionamento de Dunga. O investidor, para quem o treinador da sele\u00e7\u00e3o intermediou o atleta do RS Futebol Clube, encontra-se no mesmo endere\u00e7o da World Champions Club (WCC), na Avenue Princesse Alice. A WCC \u00e9 uma conhecida empresa de agenciamento no futebol. E entre os gestores est\u00e1 Ant\u00f4nio Caliendo, que representou o IPC na compra dos 75% de Ederson, onde Dunga ganhou comiss\u00e3o por intermedia\u00e7\u00e3o&#8230;<\/p><\/blockquote>\n<blockquote><p>&#8230;[No] site da WCC, [Dunga] \u00e9 uma das estrelas e identificado como &#8216;um dos nossos \u00faltimos clientes&#8217;, ao lado de Ederson e Maicon, convocado por Dunga para a Copa do Mundo de 2010. N\u00e3o apenas isso: onde consta a rela\u00e7\u00e3o e fotos dos futebolistas pelos quais respondem pela gest\u00e3o, Dunga aparece em foto recente e n\u00e3o de quando era jogador.<\/p><\/blockquote>\n<blockquote><p>O ingl\u00eas Queens Park Rangers tamb\u00e9m estrela o site. A WCC assumiu a gest\u00e3o do QPR em 2004. Mesmo sem [alegadamente] &#8216;ter v\u00ednculo com a empresa em quest\u00e3o&#8217;, Dunga assumiu cargo no conselho de gest\u00e3o do clube, formado por cinco membros. Por ser agente Fifa, Antonio Caliendo n\u00e3o podia figurar oficialmente entre tais conselheiros, e o t\u00e9cnico da sele\u00e7\u00e3o era seu rosto<b><span style=\"color: #ff0000; font-family: Verdana, sans-serif; font-size: x-large;\">&#8220;<\/span><\/b>.<\/p><\/blockquote>\n<p><a href=\"http:\/\/4.bp.blogspot.com\/_8Us7czZwmqg\/S-vPQdw1OeI\/AAAAAAAAC78\/D2cJVTQcD9g\/s1600\/Charge2010-dungaXestrelas.jpg\" target=\"_blank\"><img loading=\"lazy\" decoding=\"async\" class=\"CToWUd\" src=\"https:\/\/4.bp.blogspot.com\/_8Us7czZwmqg\/S-vPQdw1OeI\/AAAAAAAAC78\/D2cJVTQcD9g\/s1600\/Charge2010-dungaXestrelas.jpg\" alt=\"\" width=\"320\" height=\"232\" border=\"0\" \/><\/a><\/p>\n<p>Como agora se pretende levar o saneamento da CBF \u00e0s \u00faltimas consequ\u00eancias, n\u00e3o pode ser poupado da faxina o t\u00e9cnico que manteve inaceit\u00e1veis\u00a0<b><i><span style=\"font-family: Verdana, sans-serif;\">rela\u00e7\u00f5es perigosas<\/span><\/i><\/b>\u00a0com a\u00a0<b><i><span style=\"font-family: Verdana, sans-serif;\">m\u00e1fia da bola<\/span><\/i><\/b>\u00a0e talvez tenha convocado jogadores para os valorizar no mercado, al\u00e9m de haver mentido \u00e0 Justi\u00e7a e \u00e0 imprensa quando indagado a este respeito.<\/p>\n<p>Para a entidade voltar a merecer a confian\u00e7a dos brasileiros &#8211;objetivo que se imp\u00f5e depois de mais um vexame de repercuss\u00e3o mundial&#8211;, ter\u00e1 de ser depurada, entre outros, de profissionais cujo hist\u00f3rico na intermedia\u00e7\u00e3o de atletas coloca sob suspeita as escolhas que fazem no escrete.<\/p>\n<p>O t\u00e9cnico Dunga e o coordenador Gilmar Rinaldi, ambos filhotes de Jos\u00e9 Maria Marin, s\u00e3o outros fantasmas de um passado sinistro que o futebol brasileiro precisa exorcizar.<\/p>\n<div>\n<div>\n<p><b><span style=\"color: #0b5394; font-family: 'arial black', sans-serif; font-size: xx-small;\">OUTROS\u00a0POSTS DO BLOGUE\u00a0N\u00c1UFRAGO DA UTOPIA\u00a0RELATIVOS AO\u00a0<em>FIFAGATE\u00a0<\/em>(clique p\/\u00a0\u00a0abrir):<\/span><\/b><\/p>\n<\/div>\n<div>\n<p><strong><a href=\"http:\/\/naufrago-da-utopia.blogspot.com.br\/2015\/05\/se-gritar-pega-ladrao-nao-fica-um-meu.html\" target=\"_blank\"><span style=\"color: #ff0000; font-family: 'arial black', sans-serif;\"><u><span style=\"font-size: xx-small;\">SE GRITAR &#8220;PEGA, LADR\u00c3O!&#8221;, N\u00c3O FICA UM, MEU IRM\u00c3O&#8230;<\/span><\/u><\/span><\/a><\/strong><\/p>\n<\/div>\n<div>\n<p><strong><a href=\"http:\/\/naufrago-da-utopia.blogspot.com.br\/2015\/05\/honra-entre-ladroes.html\" target=\"_blank\"><span style=\"color: #ff0000; font-family: 'arial black', sans-serif;\"><u><span style=\"font-size: xx-small;\">HONRA ENTRE LADR\u00d5ES&#8230;<\/span><\/u><\/span><\/a><\/strong><\/p>\n<\/div>\n<div>\n<p><strong><a href=\"http:\/\/naufrago-da-utopia.blogspot.com.br\/2015\/05\/o-safado-ladrao-e-ordinario-del-nero.html\" target=\"_blank\"><span style=\"color: #ff0000; font-family: 'arial black', sans-serif;\"><u><span style=\"font-size: xx-small;\">ROM\u00c1RIO EXIGE FAXINA COMPLETA: &#8220;O SAFADO, LADR\u00c3O E ORDIN\u00c1RIO DEL NERO TAMB\u00c9M TEM QUE SER PRESO!&#8221;<\/span><\/u><\/span><\/a><\/strong><\/p>\n<\/div>\n<div>\n<p><b><a href=\"http:\/\/naufrago-da-utopia.blogspot.com.br\/2015\/05\/recordar-e-viver-quem-com-caes-se-deita.html\" target=\"_blank\"><span style=\"color: #ff0000; font-family: 'arial black', sans-serif; font-size: xx-small;\">RECORDAR \u00c9 VIVER: &#8220;QUEM COM C\u00c3ES SE DEITA, COM PULGAS SE LEVANTA&#8221;.<\/span><\/a><\/b><\/p>\n<\/div>\n<div>\n<p><strong><a href=\"http:\/\/naufrago-da-utopia.blogspot.com.br\/2015\/05\/marin-no-xilindro-e-uma-vergonha.html\" target=\"_blank\"><span style=\"color: #ff0000; font-family: 'arial black', sans-serif;\"><u><span style=\"font-size: xx-small;\">MARIN NO XILINDR\u00d3: \u00c9 UMA VERGONHA A JUSTI\u00c7A DOS EUA ESTAR FAZENDO O QUE A NOSSA H\u00c1 MUITO DEVERIA TER FEITO!<\/span><\/u><\/span><\/a><\/strong><\/p>\n<\/div>\n<\/div>\n<\/div>\n<\/div>\n","protected":false},"excerpt":{"rendered":"<p>NUMA CBF DE M\u00c3OS LIMPAS N\u00c3O HAVER\u00c1 LUGAR PARA DUNGA\u00a0<\/p>\n","protected":false},"author":3,"featured_media":0,"comment_status":"closed","ping_status":"closed","sticky":false,"template":"","format":"standard","meta":{"_jetpack_newsletter_access":"","_jetpack_dont_email_post_to_subs":false,"_jetpack_newsletter_tier_id":0,"_jetpack_memberships_contains_paywalled_content":false,"_jetpack_memberships_contains_paid_content":false,"footnotes":""},"categories":[7],"tags":[1797],"class_list":["post-2096","post","type-post","status-publish","format-standard","hentry","category-comunicacao","tag-celso-lungaretti"],"aioseo_notices":[],"views":0,"jetpack_featured_media_url":"","jetpack_sharing_enabled":true,"jetpack_likes_enabled":true,"jetpack-related-posts":[{"id":2453,"url":"https:\/\/jornalrol.com.br\/?p=2453","url_meta":{"origin":2096,"position":0},"title":"Artigo de Celso Lungaretti: &#039;Governo fala em moralizar o futebol. Senadores do PT incham a CPI da CBF, botando fermento em mais uma pizza do Congresso.","author":"Helio Rubens","date":"4 de julho de 2015","format":false,"excerpt":"\u00c9 MOCINHO CONTRA BANDIDO? ENT\u00c3O, OS BANDIDOS PODEM CONTAR COM UMA FORCINHA DOS SENADORES DO PT... Do blogue\u00a0N\u00e1ufrago da Utopia. O jornalista Jos\u00e9 Cruz \u00e9 ecl\u00e9tico, escreve l\u00e1 de Bras\u00edlia sobre pol\u00edtica, economia e esporte. Ent\u00e3o, ningu\u00e9m melhor do que ele para relatar como os parlamentares que, digamos,\u00a0$impatizam\u00a0com a Casa\u2026","rel":"","context":"Em &quot;Comunica\u00e7\u00e3o&quot;","block_context":{"text":"Comunica\u00e7\u00e3o","link":"https:\/\/jornalrol.com.br\/?cat=7"},"img":{"alt_text":"pt","src":"https:\/\/i0.wp.com\/www.jornalrol.com.br\/wp-content\/uploads\/2015\/07\/pt.jpg?resize=350%2C200","width":350,"height":200},"classes":[]},{"id":8931,"url":"https:\/\/jornalrol.com.br\/?p=8931","url_meta":{"origin":2096,"position":1},"title":"Celso Lungaretti: &#039;A Sele\u00e7\u00e3o Brasileira merece todos os aplausos. A m\u00e1fia da CBF s\u00f3 merece vaias e ovos podres.&#039;","author":"Helio Rubens","date":"25 de mar\u00e7o de 2017","format":false,"excerpt":"CELSO LUNGARETTI: 'ENQUANTO AS FERAS DO TITE APLICAVAM\u00a0UM CHOCOLATE NO URUGUAI, A M\u00c1FIA DA\u00a0CBF DAVA UM\u00a0GOLPE NOS NOSSOS CLUBES!' A\u00a0melhor campanha de uma sele\u00e7\u00e3o brasileira em eliminat\u00f3rias de Copas do Mundo em todos os tempos foi a do Mundial de 1970, disputada um ano antes, quando as chamadas\u00a0feras do Saldanha\u00a0venceram\u2026","rel":"","context":"Em &quot;Comunica\u00e7\u00e3o&quot;","block_context":{"text":"Comunica\u00e7\u00e3o","link":"https:\/\/jornalrol.com.br\/?cat=7"},"img":{"alt_text":"","src":"https:\/\/i0.wp.com\/www.jornalrol.com.br\/wp-content\/uploads\/2017\/03\/foto-atualizada-fev-17-2-169x300.jpg?resize=350%2C200","width":350,"height":200},"classes":[]},{"id":3483,"url":"https:\/\/jornalrol.com.br\/?p=3483","url_meta":{"origin":2096,"position":2},"title":"Artigo de Celso Lungaretti: &#039;O passado vitri\u00f3lico da corrente pr\u00e1 frente e o presente melanc\u00f3lico da amarelinha desbotada&#039;","author":"Helio Rubens","date":"14 de outubro de 2015","format":false,"excerpt":"UM BOM DOCUMENT\u00c1RIO SOBRE UM P\u00c9SSIMO PERSONAGEM HIST\u00d3RICO Celso Lungaretti, no blogue\u00a0N\u00e1ufrago da Utopia Um slogan de outrora: \"hoje mocinho, amanh\u00e3 bandido\". Abro\u00a0janelinhas\u00a0no meu blogue para filmes\u00a0que trazem informa\u00e7\u00f5es importantes para se conhecer a hist\u00f3ria deste pa\u00eds, mesmo que deprimentes como\u00a0Cidad\u00e3o Boilesen\u00a0(d. Chaim Litewski, 2009), que resgata a trajet\u00f3ria de\u2026","rel":"","context":"Em &quot;Comunica\u00e7\u00e3o&quot;","block_context":{"text":"Comunica\u00e7\u00e3o","link":"https:\/\/jornalrol.com.br\/?cat=7"},"img":{"alt_text":"","src":"https:\/\/ci5.googleusercontent.com\/proxy\/IXVlQyZbIfJkQvB4bK5TyrTtVIXfkC8aoxsBD6sFgdrq5eD5AXfXRIyIz9lj_7NbTk_90aE-AIwWTTxTHUyaDRxjRTqmIhKp7qZGlZe2RBFN7gOvFs7-pYeP4zg-CWgar3HbZA0n_BG3JsBBjLgsTfY_2S8n0mMo6c5mjIvTW2pvJqmm4cGNRn2916TEtVF1Em6qjsgjO3GXSwUZm0oeih7dv4QEx99euU8IDwqGHVAi4ZY-l2n_0koAHpfB8U4rEPNjXWCtUueYAOeu9tJHz6-RI1in6Vbn95F7hmukY9UpGKbC=s0-d-e1-ft#https:\/\/images-blogger-opensocial.googleusercontent.com\/gadgets\/proxy?url=http%3A%2F%2F50anosdefilmes.com.br%2Fwp-content%2Fuploads%2F2009%2F12%2Fboile1.jpg&container=blogger&gadget=a&rewriteMime=image%2F*","width":350,"height":200},"classes":[]},{"id":2161,"url":"https:\/\/jornalrol.com.br\/?p=2161","url_meta":{"origin":2096,"position":3},"title":"Artigo de Celso Lungaretti: &#039;&#039;O grande Roger Waters conclama tropicalistas a boicotarem Israel. Os nanicos Caetano e Gil dizem n\u00e3o.&quot;","author":"Helio Rubens","date":"4 de junho de 2015","format":false,"excerpt":"Celso Lungaretti - do blogue\u00a0N\u00e1ufrago da Utopia Gulliver... Roger Waters, que foi letrista, baterista e co-vocalista do conjunto brit\u00e2nico de rock progressivo Pink Floyd, n\u00e3o \u00e9 melhor do que Caetano Veloso e Gilberto Gil apenas como artista (o \u00e1lbum conceitual\u00a0The Wall, que foi por ele concebido, coloca-o num patamar inalcans\u00e1vel\u2026","rel":"","context":"Em &quot;Comunica\u00e7\u00e3o&quot;","block_context":{"text":"Comunica\u00e7\u00e3o","link":"https:\/\/jornalrol.com.br\/?cat=7"},"img":{"alt_text":"","src":"https:\/\/ci5.googleusercontent.com\/proxy\/2Snfqnb9AqbjgsPe_8pktdqnYjHCClvl_S-deoCSFJH9MTwBB30MolSSC555a_q1fKeAqK4Vs21-r-a6CwO7YAPjB66MYxrzlWmfK57Qf5ydEKmHZDStHo9lGFIPHEk_VM5b18003DLyNL_EbPmYbnCZx_BInuTOhxNYB06HocN9XzY8GHA1ESyP3siY8JjU2BgqyyWUk_E6USfPqy-aqG6glusAITF60pCOA-l_Zvi2MqLGwgk_BFiXpFoZvJRmxPPbMz_xum11flPOo0hj7LXblQP6dhnNkst_ib94PmVa8sBlyMdOHw3bsyla=s0-d-e1-ft#https:\/\/images-blogger-opensocial.googleusercontent.com\/gadgets\/proxy?url=http%3A%2F%2Fupload.wikimedia.org%2Fwikipedia%2Fcommons%2F8%2F8c%2FRoger_Waters_Morumbi.jpg&container=blogger&gadget=a&rewriteMime=image%2F*","width":350,"height":200},"classes":[]},{"id":1206,"url":"https:\/\/jornalrol.com.br\/?p=1206","url_meta":{"origin":2096,"position":4},"title":"Artigo do Celso Lungaretti:  AT\u00c9 QUANDO O MELHOR T\u00c9CNICO DO BRASIL SER\u00c1 INJUSTI\u00c7ADO PELA CBF?","author":"ADM","date":"11 de mar\u00e7o de 2015","format":false,"excerpt":"OU O BRASIL DISPUTA O MUNDIAL DE 2018 COM TITE OU PERDER\u00c1 COM DUNGA Por Celso Lungaretti, no\u00a0seu blogue. Lembra um western italiano: o Bom... O\u00a0treinador Adenor Leonardo Bachi, o ga\u00facho\u00a0Tite, afirmou-se como nosso melhor t\u00e9cnico em 2012, quando liderou aquela que continua sendo at\u00e9 hoje a maior conquista do\u2026","rel":"","context":"Em &quot;Comunica\u00e7\u00e3o&quot;","block_context":{"text":"Comunica\u00e7\u00e3o","link":"https:\/\/jornalrol.com.br\/?cat=7"},"img":{"alt_text":"","src":"https:\/\/ci5.googleusercontent.com\/proxy\/XZzwBNTH2EUy7pWFrnvbKYOvVVNaqyv8Ah2NDYMYu5WfMH7Oy50Rkpb9S8aNPreg1Ah41aur8RzfZWmoF5NVQVAghH5ct36VIGr-SfX_QrXeWSk04vQmR2HkKTfngrVA3H91oLJuhS4PR5G7wtGBGaC7HKnUCY1UdpNEGW-BVlObaxDrvOVLtBBpyQDS-1iFqsvo6gpUuF-CKFDAAZ9fOpFpv81zHY1m-6u0x3azO4OK2imvoLHhBYgATkandSHbZUV4Txu5itNbtH7fFoNCiuiTMRNfreqqf3omfxNvWuWV4KMGdzZcmMch=s0-d-e1-ft#https:\/\/images-blogger-opensocial.googleusercontent.com\/gadgets\/proxy?url=http%3A%2F%2Fs.glbimg.com%2Fes%2Fge%2Ff%2F300x397%2F2011%2F10%2F30%2Ftite_jogo_ae_60.jpg&container=blogger&gadget=a&rewriteMime=image%2F*","width":350,"height":200},"classes":[]},{"id":5311,"url":"https:\/\/jornalrol.com.br\/?p=5311","url_meta":{"origin":2096,"position":5},"title":"Artigo de Celso Lungaretti: &#039;O FUTEBOL BRASILEIRO EST\u00c1 NO FUNDO DO PO\u00c7O. O TITE VAI SER O SALVADOR DA P\u00c1TRIA?&#039;","author":"Helio Rubens","date":"16 de junho de 2016","format":false,"excerpt":"Celso Lungaretti, no blogue\u00a0N\u00e1ufrago da Utopia: 'TITE \u00c9 UMA PROMESSA DE TRABALHO.\u00a0S\u00c9RIO E UM VISLUMBRE DE ESPERAN\u00c7A' Atolada at\u00e9 o pesco\u00e7o em esc\u00e2ndalos de corrup\u00e7\u00e3o, com seu presidente anterior usando tornozeleira eletr\u00f4nica nos EUA e o atual confinado em nosso territ\u00f3rio (trata a P\u00e1tria como um valhacouto porque corre o\u2026","rel":"","context":"Em &quot;Comunica\u00e7\u00e3o&quot;","block_context":{"text":"Comunica\u00e7\u00e3o","link":"https:\/\/jornalrol.com.br\/?cat=7"},"img":{"alt_text":"","src":"https:\/\/ci6.googleusercontent.com\/proxy\/hJRQNQ3xmx1smCTKHGFbNuzjSY2xwAc8uBaoeYQs4BukUfZ9PzEBvvuCNk6aoA6HyXlk3YZ9JD3qRJNHDgzq5ADJ3EqISNRsg1JywWiHMMpOK2CJ0UilOJIY4OG5UU_hcEEkcn6GaxJPhdl9wvhBMoniUgJOqAZD1U76P9V5hc7b5Hbifbio3SOEnbf36R5vOm3JLDhrduuJeiCupG4QBxW2osYSOeTKC1vXnEaY_ZbolXyHar2N_FFhAX_TOeHN1JQMGTElBfZ2ZN42cqYxWOmUeRsvAsDTllhsd4dTGC3tplcViWpVj1wkk3Gg_jcx0OnHC3kAM6KH_6EXEeza0SDP-FYWfqVR=s0-d-e1-ft#https:\/\/images-blogger-opensocial.googleusercontent.com\/gadgets\/proxy?url=http%3A%2F%2Fmsalx.veja.abril.com.br%2F2015%2F11%2F20%2F1134%2Fpe6Cx%2Falx_tite-corinthians_original.jpeg%3F1448026448&container=blogger&gadget=a&rewriteMime=image%2F*","width":350,"height":200,"srcset":"https:\/\/ci6.googleusercontent.com\/proxy\/hJRQNQ3xmx1smCTKHGFbNuzjSY2xwAc8uBaoeYQs4BukUfZ9PzEBvvuCNk6aoA6HyXlk3YZ9JD3qRJNHDgzq5ADJ3EqISNRsg1JywWiHMMpOK2CJ0UilOJIY4OG5UU_hcEEkcn6GaxJPhdl9wvhBMoniUgJOqAZD1U76P9V5hc7b5Hbifbio3SOEnbf36R5vOm3JLDhrduuJeiCupG4QBxW2osYSOeTKC1vXnEaY_ZbolXyHar2N_FFhAX_TOeHN1JQMGTElBfZ2ZN42cqYxWOmUeRsvAsDTllhsd4dTGC3tplcViWpVj1wkk3Gg_jcx0OnHC3kAM6KH_6EXEeza0SDP-FYWfqVR=s0-d-e1-ft#https:\/\/images-blogger-opensocial.googleusercontent.com\/gadgets\/proxy?url=http%3A%2F%2Fmsalx.veja.abril.com.br%2F2015%2F11%2F20%2F1134%2Fpe6Cx%2Falx_tite-corinthians_original.jpeg%3F1448026448&container=blogger&gadget=a&rewriteMime=image%2F* 1x, https:\/\/ci6.googleusercontent.com\/proxy\/hJRQNQ3xmx1smCTKHGFbNuzjSY2xwAc8uBaoeYQs4BukUfZ9PzEBvvuCNk6aoA6HyXlk3YZ9JD3qRJNHDgzq5ADJ3EqISNRsg1JywWiHMMpOK2CJ0UilOJIY4OG5UU_hcEEkcn6GaxJPhdl9wvhBMoniUgJOqAZD1U76P9V5hc7b5Hbifbio3SOEnbf36R5vOm3JLDhrduuJeiCupG4QBxW2osYSOeTKC1vXnEaY_ZbolXyHar2N_FFhAX_TOeHN1JQMGTElBfZ2ZN42cqYxWOmUeRsvAsDTllhsd4dTGC3tplcViWpVj1wkk3Gg_jcx0OnHC3kAM6KH_6EXEeza0SDP-FYWfqVR=s0-d-e1-ft#https:\/\/images-blogger-opensocial.googleusercontent.com\/gadgets\/proxy?url=http%3A%2F%2Fmsalx.veja.abril.com.br%2F2015%2F11%2F20%2F1134%2Fpe6Cx%2Falx_tite-corinthians_original.jpeg%3F1448026448&container=blogger&gadget=a&rewriteMime=image%2F* 1.5x"},"classes":[]}],"_links":{"self":[{"href":"https:\/\/jornalrol.com.br\/index.php?rest_route=\/wp\/v2\/posts\/2096","targetHints":{"allow":["GET"]}}],"collection":[{"href":"https:\/\/jornalrol.com.br\/index.php?rest_route=\/wp\/v2\/posts"}],"about":[{"href":"https:\/\/jornalrol.com.br\/index.php?rest_route=\/wp\/v2\/types\/post"}],"author":[{"embeddable":true,"href":"https:\/\/jornalrol.com.br\/index.php?rest_route=\/wp\/v2\/users\/3"}],"replies":[{"embeddable":true,"href":"https:\/\/jornalrol.com.br\/index.php?rest_route=%2Fwp%2Fv2%2Fcomments&post=2096"}],"version-history":[{"count":0,"href":"https:\/\/jornalrol.com.br\/index.php?rest_route=\/wp\/v2\/posts\/2096\/revisions"}],"wp:attachment":[{"href":"https:\/\/jornalrol.com.br\/index.php?rest_route=%2Fwp%2Fv2%2Fmedia&parent=2096"}],"wp:term":[{"taxonomy":"category","embeddable":true,"href":"https:\/\/jornalrol.com.br\/index.php?rest_route=%2Fwp%2Fv2%2Fcategories&post=2096"},{"taxonomy":"post_tag","embeddable":true,"href":"https:\/\/jornalrol.com.br\/index.php?rest_route=%2Fwp%2Fv2%2Ftags&post=2096"}],"curies":[{"name":"wp","href":"https:\/\/api.w.org\/{rel}","templated":true}]}}