{"id":2098,"date":"2015-05-31T15:54:53","date_gmt":"2015-05-31T18:54:53","guid":{"rendered":"http:\/\/www.jornalrol.com.br\/?p=2098"},"modified":"2015-05-31T15:54:53","modified_gmt":"2015-05-31T18:54:53","slug":"artigo-de-guacu-piteri-bar-do-povo-cont-2","status":"publish","type":"post","link":"https:\/\/jornalrol.com.br\/?p=2098","title":{"rendered":"Artigo de Gua\u00e7u Piteri: &#039;Bar do Povo&#039; &#8211; cont."},"content":{"rendered":"<div class=\"pdfprnt-buttons pdfprnt-buttons-post pdfprnt-top-right\"><a href=\"https:\/\/jornalrol.com.br\/index.php?rest_route=%2Fwp%2Fv2%2Fposts%2F2098&print=pdf\" class=\"pdfprnt-button pdfprnt-button-pdf\" target=\"_blank\" ><\/a><a href=\"https:\/\/jornalrol.com.br\/index.php?rest_route=%2Fwp%2Fv2%2Fposts%2F2098&print=print\" class=\"pdfprnt-button pdfprnt-button-print\" target=\"_blank\" ><img decoding=\"async\" src=\"https:\/\/jornalrol.com.br\/wp-content\/plugins\/pdf-print\/images\/print.png\" alt=\"image_print\" title=\"Conte\u00fado de impress\u00e3o\" \/><\/a><\/div><table border=\"0\" cellspacing=\"0\" cellpadding=\"0\">\n<tbody>\n<tr>\n<td valign=\"top\">\n<table border=\"0\" cellspacing=\"0\" cellpadding=\"0\">\n<tbody>\n<tr>\n<td><a href=\"https:\/\/guacu.wordpress.com\/author\/guacu\/\" target=\"_blank\"><img loading=\"lazy\" decoding=\"async\" class=\"CToWUd\" src=\"https:\/\/ci3.googleusercontent.com\/proxy\/cPMFr_wcAQK_6tUwtAN1YXaHK_Br4WfrvYT6l_Bfu6fQ_W0dQUKlWLuuNA9sETgkDvWArUNuIhOfwOJ3P3FzQkIm2F1hRpVIkN7OTqWtMmPzZJsjiZcvywkSXq0aDq4681KoaVgds5_FBvnGkePmxwvjAtMYQZdsR7w-Hr8KV0ln0DCs-LwGaI_nl1ogx7IEKY5JS8xSub82ROiCj8BNROYhSXkDm8GIFx52lfiDBJs=s0-d-e1-ft#http:\/\/1.gravatar.com\/avatar\/46002d0f678e76f595a01fafed90f7e6?s=50&amp;d=http%3A%2F%2F1.gravatar.com%2Favatar%2Fad516503a11cd5ca435acc9bb6523536%3Fs%3D50&amp;r=G\" alt=\"\" width=\"50\" height=\"50\" border=\"0\" \/><\/a><\/td>\n<td>\n<h2><a href=\"https:\/\/guacu.wordpress.com\/2015\/05\/31\/bar-do-povo-um-balcao-de-historias-v\/\" target=\"_blank\">Bar do Povo \u2013 Um Balc\u00e3o de hist\u00f3rias \u2013\u00a0V<\/a><\/h2>\n<p>by <a href=\"https:\/\/guacu.wordpress.com\/author\/guacu\/\" target=\"_blank\">Gua\u00e7u Piteri<\/a><\/td>\n<\/tr>\n<\/tbody>\n<\/table>\n<div><\/div>\n<\/td>\n<\/tr>\n<\/tbody>\n<\/table>\n<p><!--more--><\/p>\n<h2><em><strong>BARBEIRO HON\u00d3RIO<\/strong><\/em><\/h2>\n<p><strong>\u00a0<\/strong>Hon\u00f3rio veio do Paran\u00e1, onde fora vereador e presidente da C\u00e2mara em munic\u00edpio do norte daquele Estado que, se n\u00e3o me falha a mem\u00f3ria, \u00e9 Londrina. Pelo menos foi essa a impress\u00e3o que me ficou da leitura de uma pasta de recortes de jornais velhos, amarelados e quebradi\u00e7os, conservados com especial desvelo e orgulho na principal estante da barbearia.\u00a0Ao contr\u00e1rio dos amigos com os quais vivia a polemizar, n\u00e3o fumava, n\u00e3o bebia e n\u00e3o encostava o umbigo no balc\u00e3o do bar. Quando tinha de entrar na padaria para o p\u00e3o e o leite, passava ao largo da se\u00e7\u00e3o de bebidas e de cigarros, evitando conversar com os fregueses. Preservava, assim, sua condi\u00e7\u00e3o de evang\u00e9lico convicto e praticante. [&#8230;]<\/p>\n<p>Hon\u00f3rio, que nunca foi visto sem uma velha gravata preta pendurada no pesco\u00e7o\u00a0era, no geral, polido, calado e discreto. Quando, por\u00e9m, n\u00e3o lhe agradava a conversa punha-se agressivo e hostil. \u00c0s vezes manifestava seu descontentamento reagindo com ultrajante neutralidade. Situava-se acima e distante dos interlocutores e das vers\u00f5es mostrando indiferen\u00e7a em rela\u00e7\u00e3o ao que se passava ao seu redor. Nessas ocasi\u00f5es, ao ser censurado pela arrog\u00e2ncia e falta de urbanidade, respondia que essas eram as \u00fanicas formas de evitar assuntos que o aborreciam \u2014 como futebol e mexericos \u2014 e de se defender da ignor\u00e2ncia que formigava por todos os cantos. Preferia menosprezar os interlocutores a ter de se aborrecer em discuss\u00f5es f\u00fateis. Lamentava, mas n\u00e3o ia mudar. Se n\u00e3o tolerava vulgaridades, que infelizmente eram do agrado popular, por que haveria de ser condescendente com as pessoas que se deliciavam em vers\u00e1-las? Tinha seu mundo e preferia se refugiar nele, a ter que suportar a mediocridade.<\/p>\n<p>Foi na barbearia que, certa tarde, tive uma experi\u00eancia de que nunca me esqueci. Cheguei descontra\u00eddo, entrei instalei-me confortavelmente e lhe disse que queria o corte do cabelo no estilo americano. Hon\u00f3rio, indignado, desaprovou da ideia e me passou uma descompostura. Em seguida, me fulminou com uma pergunta que n\u00e3o podia ter sido mais expressiva:<\/p>\n<p>\u2014 Americano? Por qu\u00ea?<\/p>\n<p>Confesso que me senti desorientado. Nunca havia imaginado ser necess\u00e1rio justificar a prefer\u00eancia. N\u00e3o tinha a menor no\u00e7\u00e3o sobre a ideologia subjacente ao tipo de corte de cabelo. Sem saber o que responder, ocorreu-me dizer que minha m\u00e3e queria assim. N\u00e3o podia haver melhor desculpa, pensei. N\u00e3o sabia por que, mas, talvez, a m\u00e3e entendesse que era mais econ\u00f4mico. Pelo menos deveria demorar mais para o cabelo crescer.<\/p>\n<p>\u2014Por isso n\u00e3o, menino. Eu corto seu cabelo de gra\u00e7a, mas h\u00e1 de ser &#8220;cheio&#8221;, insistiu irredut\u00edvel, o barbeiro.<\/p>\n<p>\u2014 Mas a m\u00e3e n\u00e3o gosta&#8230;<\/p>\n<p>\u2014 Pois vai gostar. Quando lhe for esclarecido que \u00e9 dever de todo bom brasileiro resistir a essa perniciosa invas\u00e3o &#8220;ianque&#8221; em nossa cultura, dona Alice vai me dar raz\u00e3o.<\/p>\n<p>Tendo decidido como seria o corte do meu cabelo, Hon\u00f3rio desviou o rumo da conversa e alterou o tom da voz que, de severa, passou a paternal:<\/p>\n<p>\u2014 Agora, diga l\u00e1. Como vai nos estudos?<\/p>\n<p>\u2014 Bem!&#8230; Quero dizer, vou indo \u2014respondi\u2014 emburrado.<\/p>\n<p>\u2014 Trate de estudar, menino, pois n\u00e3o h\u00e1 erva mais daninha, na terra, do que a ignor\u00e2ncia. Voc\u00ea sabe o quanto eu discordo das id\u00e9ias do Jaime, esse mo\u00e7o pretensioso que, n\u00e3o sei por que motivo, \u00e9 conhecido pelo apelido de Engole Faca. Em minha opini\u00e3o, \u00e9 um desmiolado, mas n\u00e3o lhe nego raz\u00e3o quando repete que &#8220;a ignor\u00e2ncia \u00e9 a m\u00e3e de todo atrevimento&#8221;. Eu, pelo menos, penso assim&#8230; Ainda outro dia \u2013 prosseguiu o barbeiro demonstrando certa irrita\u00e7\u00e3o &#8211; apareceu aqui um fregu\u00eas que desandou a reclamar do tempo. Tanto protestou e se enrolou no tema, que foi preciso interromp\u00ea-lo algumas vezes na tentativa de mudar o rumo da conversa. N\u00e3o houve meio. Desisti, indignado e me calei ignorando a presen\u00e7a inconveniente. O Lino, companheiro do sindicato dos metal\u00fargicos, voc\u00ea sabe quem \u00e9?&#8230;<\/p>\n<p>\u2014 Sei sim senhor.<\/p>\n<p>\u2014 E n\u00e3o ignora que comungamos da mesma ideologia?<\/p>\n<p>\u2014 N\u00e3o senhor, n\u00e3o ignoro. Penso que n\u00e3o.<\/p>\n<p>\u2014 Pois bem, quando Lino percebeu que o fregu\u00eas era metal\u00fargico como ele, quis falar a respeito das lutas da categoria. Tampouco teve \u00eaxito. Para o indiv\u00edduo, a\u00ed sentado, o clima era mais importante do que os interesses da classe oper\u00e1ria. Lino se aborreceu e lhe perguntou se n\u00e3o tinha assunto mais interessante do que discorrer a respeito do tempo. Voc\u00ea sabe o que aconteceu?<\/p>\n<p>\u2014 N\u00e3o sei n\u00e3o senhor&#8230;<\/p>\n<p>\u2014 Pois saiba, ent\u00e3o, menino, que o ignorante se sentiu ofendido, se levantou rapidamente da cadeira e saiu praguejando. Eu n\u00e3o me importo. Perdi o fregu\u00eas, mas me livrei de um alienado&#8230; Alienado e ignorante.<\/p>\n<p>(continua)<\/p>\n","protected":false},"excerpt":{"rendered":"<p>Bar do Povo \u2013 Um Balc\u00e3o de hist\u00f3rias \u2013\u00a0V by Gua\u00e7u Piteri<\/p>\n","protected":false},"author":3,"featured_media":0,"comment_status":"closed","ping_status":"closed","sticky":false,"template":"","format":"standard","meta":{"_jetpack_newsletter_access":"","_jetpack_dont_email_post_to_subs":false,"_jetpack_newsletter_tier_id":0,"_jetpack_memberships_contains_paywalled_content":false,"_jetpack_memberships_contains_paid_content":false,"footnotes":""},"categories":[7],"tags":[4298],"class_list":["post-2098","post","type-post","status-publish","format-standard","hentry","category-comunicacao","tag-guacu-piteri"],"aioseo_notices":[],"views":0,"jetpack_featured_media_url":"","jetpack_sharing_enabled":true,"jetpack_likes_enabled":true,"jetpack-related-posts":[{"id":1902,"url":"https:\/\/jornalrol.com.br\/?p=1902","url_meta":{"origin":2098,"position":0},"title":"Artigo de Gua\u00e7u Piteri: &#039;ACREDITE SE QUISER&#039;","author":"Helio Rubens","date":"19 de maio de 2015","format":false,"excerpt":"Acredite se quiser\u00a0-\u00a0by Gua\u00e7u Piteri \u00a0 Se seguir crescendo na m\u00e9dia anual da primeira metade desta d\u00e9cada, (0,6 por cento), daqui a 120 anos a renda\u00a0dos brasileiros se aproximar\u00e1 da dos espanh\u00f3is, de hoje. Repito, de hoje. (Folha de S. P. - 30\/03\/15; p.A4)","rel":"","context":"Em &quot;Comunica\u00e7\u00e3o&quot;","block_context":{"text":"Comunica\u00e7\u00e3o","link":"https:\/\/jornalrol.com.br\/?cat=7"},"img":{"alt_text":"","src":"","width":0,"height":0},"classes":[]},{"id":4026,"url":"https:\/\/jornalrol.com.br\/?p=4026","url_meta":{"origin":2098,"position":1},"title":"Artigo de Gua\u00e7u Piteri: &#039;Dilma deixou cair a m\u00e1scara\u2026 E eu j\u00e1&#039;","author":"Helio Rubens","date":"7 de janeiro de 2016","format":false,"excerpt":"Gua\u00e7u Piteri: 'Dilma deixou cair a m\u00e1scara\u2026 E eu\u00a0j\u00e1' by Gua\u00e7u Piteri \u00ab O Exemplo Vem da\u00a0China Tarde de Aut\u00f3grafo \u00bb Ontem no blog, hoje na Folha de S\u00e3o\u00a0Paulo 08\/05\/2012 por Gua\u00e7u Piteri | Editar A respeito do post: \u201cO Exemplo Vem da China\u201d, publicado ontem neste blog, o\u00a0tema \u00e9\u2026","rel":"","context":"Em &quot;Comunica\u00e7\u00e3o&quot;","block_context":{"text":"Comunica\u00e7\u00e3o","link":"https:\/\/jornalrol.com.br\/?cat=7"},"img":{"alt_text":"Gua\u00e7u Piteri","src":"https:\/\/i0.wp.com\/www.jornalrol.com.br\/wp-content\/uploads\/2015\/06\/Gua%C3%A7u.jpg?resize=350%2C200","width":350,"height":200},"classes":[]},{"id":1873,"url":"https:\/\/jornalrol.com.br\/?p=1873","url_meta":{"origin":2098,"position":2},"title":"Artigo de Gua\u00e7u Piteri: BAR DO POVO (cont.)","author":"Helio Rubens","date":"17 de maio de 2015","format":false,"excerpt":"Bar do Povo \u2013 Um balc\u00e3o de hist\u00f3rias \u2013 IV\u00a0* by Gua\u00e7u Piteri ( continua\u00e7\u00e3o ) A cena mais curiosa que se passava entre os tr\u00eas ocorria quando Ferreira e Jaime se punham a discutir junto ao balc\u00e3o do bar atraindo a aten\u00e7\u00e3o de Hon\u00f3rio que se aproximava da porta,\u2026","rel":"","context":"Em &quot;Comunica\u00e7\u00e3o&quot;","block_context":{"text":"Comunica\u00e7\u00e3o","link":"https:\/\/jornalrol.com.br\/?cat=7"},"img":{"alt_text":"","src":"","width":0,"height":0},"classes":[]},{"id":2367,"url":"https:\/\/jornalrol.com.br\/?p=2367","url_meta":{"origin":2098,"position":3},"title":"Artigo de Gua\u00e7u Piteri: &#039;Bar do Povo &#8211; um balc\u00e3o de hist\u00f3rias &#8211; VI&#039;","author":"Helio Rubens","date":"28 de junho de 2015","format":false,"excerpt":"Bar do Povo um balc\u00e3o de hist\u00f3rias \u2013\u00a0VI by Gua\u00e7u Piteri Religi\u00e3o e Pol\u00edtica\u00a0 Aos s\u00e1bados \u00e0 tarde, quando a barbearia era mais frequentada, Hon\u00f3rio discorria a respeito de religi\u00e3o e pol\u00edtica. Ao final do discurso, sempre atacava o catolicismo. Eu como cat\u00f3lico, me sentia ofendido e revoltado. Lembro-me bem\u2026","rel":"","context":"Em &quot;Comunica\u00e7\u00e3o&quot;","block_context":{"text":"Comunica\u00e7\u00e3o","link":"https:\/\/jornalrol.com.br\/?cat=7"},"img":{"alt_text":"Gua\u00e7u","src":"https:\/\/i0.wp.com\/www.jornalrol.com.br\/wp-content\/uploads\/2015\/06\/Gua%C3%A7u.jpg?resize=350%2C200","width":350,"height":200},"classes":[]},{"id":5322,"url":"https:\/\/jornalrol.com.br\/?p=5322","url_meta":{"origin":2098,"position":4},"title":"Artigo de Gua\u00e7u Piteri: &#039;O Candidato&#039;","author":"Helio Rubens","date":"18 de junho de 2016","format":false,"excerpt":"\u00a0O CANDIDATO by Gua\u00e7u Piter Gua\u00e7u Piteri - 'O Candidato' Como j\u00e1 \u00e9 tradi\u00e7\u00e3o em Osasco, nos anos eleitorais os candidatos comparecem \u00e0 prociss\u00e3o do padroeiro. Mostram a cara, estendem a m\u00e3o, distribuem abra\u00e7os e se deixam fotografar com conhecidos e crian\u00e7as. Dezenas de candidatos acompanhavam a prociss\u00e3o que, deslocando-se\u2026","rel":"","context":"Em &quot;Comunica\u00e7\u00e3o&quot;","block_context":{"text":"Comunica\u00e7\u00e3o","link":"https:\/\/jornalrol.com.br\/?cat=7"},"img":{"alt_text":"Gua\u00e7u Piteri","src":"https:\/\/i0.wp.com\/www.jornalrol.com.br\/wp-content\/uploads\/2015\/06\/Foto-close1.jpg?resize=350%2C200","width":350,"height":200},"classes":[]},{"id":3473,"url":"https:\/\/jornalrol.com.br\/?p=3473","url_meta":{"origin":2098,"position":5},"title":"Coment\u00e1rio de Gua\u00e7u Piteri","author":"Helio Rubens","date":"13 de outubro de 2015","format":false,"excerpt":"Coment\u00e1rio do Gua\u00e7u Piteri \u00a0 \"...Paulo Maluf n\u00e3o tem nem nunca teve conta na Sui\u00e7a,...\" afirma Adilson Laranjeira, assessor de imprensa do deputado (Painel do Leitor, 12\/10) . \u00c9 numa dessas que o subordinado entrega o chefe: negou que tem conta na Sui\u00e7a, mas nada alegou a respeito das contas\u2026","rel":"","context":"Em &quot;Comunica\u00e7\u00e3o&quot;","block_context":{"text":"Comunica\u00e7\u00e3o","link":"https:\/\/jornalrol.com.br\/?cat=7"},"img":{"alt_text":"Gua\u00e7u Piteri","src":"https:\/\/i0.wp.com\/www.jornalrol.com.br\/wp-content\/uploads\/2015\/06\/Gua%C3%A7u.jpg?resize=350%2C200","width":350,"height":200},"classes":[]}],"_links":{"self":[{"href":"https:\/\/jornalrol.com.br\/index.php?rest_route=\/wp\/v2\/posts\/2098","targetHints":{"allow":["GET"]}}],"collection":[{"href":"https:\/\/jornalrol.com.br\/index.php?rest_route=\/wp\/v2\/posts"}],"about":[{"href":"https:\/\/jornalrol.com.br\/index.php?rest_route=\/wp\/v2\/types\/post"}],"author":[{"embeddable":true,"href":"https:\/\/jornalrol.com.br\/index.php?rest_route=\/wp\/v2\/users\/3"}],"replies":[{"embeddable":true,"href":"https:\/\/jornalrol.com.br\/index.php?rest_route=%2Fwp%2Fv2%2Fcomments&post=2098"}],"version-history":[{"count":0,"href":"https:\/\/jornalrol.com.br\/index.php?rest_route=\/wp\/v2\/posts\/2098\/revisions"}],"wp:attachment":[{"href":"https:\/\/jornalrol.com.br\/index.php?rest_route=%2Fwp%2Fv2%2Fmedia&parent=2098"}],"wp:term":[{"taxonomy":"category","embeddable":true,"href":"https:\/\/jornalrol.com.br\/index.php?rest_route=%2Fwp%2Fv2%2Fcategories&post=2098"},{"taxonomy":"post_tag","embeddable":true,"href":"https:\/\/jornalrol.com.br\/index.php?rest_route=%2Fwp%2Fv2%2Ftags&post=2098"}],"curies":[{"name":"wp","href":"https:\/\/api.w.org\/{rel}","templated":true}]}}