{"id":2116,"date":"2015-06-01T17:13:30","date_gmt":"2015-06-01T20:13:30","guid":{"rendered":"http:\/\/www.jornalrol.com.br\/?p=2116"},"modified":"2015-06-01T17:13:30","modified_gmt":"2015-06-01T20:13:30","slug":"peca-o-senhor-das-chaves-e-encenada-em-itapetininga","status":"publish","type":"post","link":"https:\/\/jornalrol.com.br\/?p=2116","title":{"rendered":"Pe\u00e7a O Senhor das Chaves \u00e9 encenada em Itapetininga"},"content":{"rendered":"<div class=\"pdfprnt-buttons pdfprnt-buttons-post pdfprnt-top-right\"><a href=\"https:\/\/jornalrol.com.br\/index.php?rest_route=%2Fwp%2Fv2%2Fposts%2F2116&print=pdf\" class=\"pdfprnt-button pdfprnt-button-pdf\" target=\"_blank\" ><\/a><a href=\"https:\/\/jornalrol.com.br\/index.php?rest_route=%2Fwp%2Fv2%2Fposts%2F2116&print=print\" class=\"pdfprnt-button pdfprnt-button-print\" target=\"_blank\" ><img decoding=\"async\" src=\"https:\/\/jornalrol.com.br\/wp-content\/plugins\/pdf-print\/images\/print.png\" alt=\"image_print\" title=\"Conte\u00fado de impress\u00e3o\" \/><\/a><\/div><p><strong>Espet\u00e1culo Infantil<\/strong><!--more--><\/p>\n<p>&nbsp;<\/p>\n<p><strong>Apresenta\u00e7\u00e3o \u00e9 gratuita e mistura t\u00e9cnicas circenses e intera\u00e7\u00e3o com a plateia<\/strong><\/p>\n<p>A Secretaria de Cultura e Turismo traz mais um grande espet\u00e1culo teatral para Itapetininga. Dessa vez, as crian\u00e7as ser\u00e3o agraciadas com a pe\u00e7a \u201cO Senhor das Chaves\u201d, produzido pela Oficina Grande Otelo. A apresenta\u00e7\u00e3o acontecer\u00e1 no dia 7 de junho, domingo, \u00e0s 16h, no Audit\u00f3rio Ab\u00edlio Victor.<\/p>\n<p>A pe\u00e7a, encenada unicamente pelo ator Alexandre Riot e que conta com grande participa\u00e7\u00e3o da plateia, relata a hist\u00f3ria de um marinheiro, que est\u00e1 perdido e sem mem\u00f3ria. Mas aos poucos, lembra alguns fatos e tenta se encontrar. A hist\u00f3ria se desenrola em meio a humor e melancolia, com t\u00e9cnicas circenses e conta\u00e7\u00e3o de f\u00e1bulas.<\/p>\n<p>O espet\u00e1culo \u00e9 gratuito e a classifica\u00e7\u00e3o \u00e9 livre, por\u00e9m, recomendada para crian\u00e7as maiores de cinco anos. Informa\u00e7\u00f5es na Secretaria de Cultura e Turismo, pelo telefone 3272-3401.<\/p>\n<p><strong>Saiba mais sobre o ator Alexandre Riot<\/strong><\/p>\n<p>Co-fundador do grupo Parlapat\u00f5es, Patifes &amp; Paspalh\u00f5es, atualmente segue carreira solo, viajando pelo Brasil e Am\u00e9rica Latina, tendo sempre a rua como palco. O ator acumulou tamb\u00e9m, durante oito anos, a fun\u00e7\u00e3o de criador e coordenador da Mostra Latino-Americana de Teatro de Rua, realizada at\u00e9 2014 pela Cooperativa Paulista de Teatro.<\/p>\n","protected":false},"excerpt":{"rendered":"<p>Espet\u00e1culo Infantil<\/p>\n","protected":false},"author":3,"featured_media":0,"comment_status":"closed","ping_status":"closed","sticky":false,"template":"","format":"standard","meta":{"_jetpack_newsletter_access":"","_jetpack_dont_email_post_to_subs":false,"_jetpack_newsletter_tier_id":0,"_jetpack_memberships_contains_paywalled_content":false,"_jetpack_memberships_contains_paid_content":false,"footnotes":""},"categories":[7],"tags":[8220],"class_list":["post-2116","post","type-post","status-publish","format-standard","hentry","category-comunicacao","tag-teatro"],"aioseo_notices":[],"views":0,"jetpack_featured_media_url":"","jetpack_sharing_enabled":true,"jetpack_likes_enabled":true,"jetpack-related-posts":[{"id":1396,"url":"https:\/\/jornalrol.com.br\/?p=1396","url_meta":{"origin":2116,"position":0},"title":"Itapetininga: PE\u00c7A &#039;PAIX\u00c3O DE CRISTO&#039; CONTAR\u00c1 COM 70 ATORES NESTE ANO","author":"Helio Rubens","date":"1 de abril de 2015","format":false,"excerpt":"Espet\u00e1culo ser\u00e1 exibido nos dias 3, 4 e 5 de abril, \u00e0s 20h30 na Av. Peixoto Gomide \u00a0 Drama da Paix\u00e3o e morte de Cristo ser\u00e1 novamente encenado em Itapetininga. O espet\u00e1culo ser\u00e1 encenado nos dias 3, 4 e 5 de abril, \u00e0 partir das 20h30, na Avenida Peixoto Gomide.\u2026","rel":"","context":"Em &quot;Comunica\u00e7\u00e3o&quot;","block_context":{"text":"Comunica\u00e7\u00e3o","link":"https:\/\/jornalrol.com.br\/?cat=7"},"img":{"alt_text":"","src":"","width":0,"height":0},"classes":[]},{"id":18321,"url":"https:\/\/jornalrol.com.br\/?p=18321","url_meta":{"origin":2116,"position":1},"title":"A arte circense no Sesi de Itapetininga dias 18 e 19","author":"Helio Rubens","date":"14 de maio de 2018","format":false,"excerpt":"A ARTE CIRCENSE NOS PALCOS DO SESI ITAPETININGA Sob o olhar e a experi\u00eancia da Cia. LaM\u00ednima de Circo e Teatro, \u201cPagliacci\u201d representa a gra\u00e7a e a melancolia do palha\u00e7o. As sess\u00f5es acontecem nos dias 18 e 19 de maio e t\u00eam entrada gratuita. Fotos: goo.gl\/8x7kJB O SESI Itapetininga recebe\u2026","rel":"","context":"Em &quot;Comunica\u00e7\u00e3o&quot;","block_context":{"text":"Comunica\u00e7\u00e3o","link":"https:\/\/jornalrol.com.br\/?cat=7"},"img":{"alt_text":"Resultado de imagem para pagliacci sesi","src":"https:\/\/abrilvejasp.files.wordpress.com\/2017\/03\/pagliacci-em-alta-foto-paulo-barbuto-pb1_7450.jpg?quality=70&strip=info&w=350&h=200&crop=1","width":350,"height":200},"classes":[]},{"id":9413,"url":"https:\/\/jornalrol.com.br\/?p=9413","url_meta":{"origin":2116,"position":2},"title":"Itapetininga encena &#039;A Paix\u00e3o de Cristo&#039;","author":"Helio Rubens","date":"13 de abril de 2017","format":false,"excerpt":"Itapetininga encena 'A Paix\u00e3o de Cristo' Apresenta\u00e7\u00e3o ser\u00e1 sexta, s\u00e1bado e domingo, em frente \u00e0 Igreja Nossa Senhora das Estrelas A Secretaria de Cultura e Turismo preparou mais uma pe\u00e7a de teatro para toda a popula\u00e7\u00e3o. Ser\u00e1 a tradicional encena\u00e7\u00e3o do espet\u00e1culo \u201cA Paix\u00e3o de Cristo\u201d, encenada de gra\u00e7a no\u2026","rel":"","context":"Em &quot;Comunica\u00e7\u00e3o&quot;","block_context":{"text":"Comunica\u00e7\u00e3o","link":"https:\/\/jornalrol.com.br\/?cat=7"},"img":{"alt_text":"","src":"https:\/\/ci5.googleusercontent.com\/proxy\/5fG5oJf-NV7_mRHjvymNQk_Px6jPVuFQI625Nfl6DA6a5PJDu0kkO0AIY72ly1EREu5K0PEQja7SMTMaN8kO4fSfosfzMX1aYdZ91QypMS5xaU7SvuT1xabhYq2bKxqWAocetlrG8My8-1SATqfd2ZB1cMv7XV-NPTGL26EmD_5tOlB11vzPvkbSs_iZ9MwSd7xrGeom3TeyWxqiIi8X=s0-d-e1-ft#https:\/\/bucket.mlcdn.com\/a\/683\/683671\/images\/4f251538e302013d45fb57322fc59455b6ceb4e8.jpeg\/8d0d04d7514d76cd3eaa4133fcfe06337bb4ab8a.jpeg","width":350,"height":200},"classes":[]},{"id":3681,"url":"https:\/\/jornalrol.com.br\/?p=3681","url_meta":{"origin":2116,"position":3},"title":"Pe\u00e7a teatral em Itapetininga retrata RJ durante Monarquia e Rep\u00fablica","author":"Helio Rubens","date":"12 de novembro de 2015","format":false,"excerpt":"\u2018Amor confesso\u2019 \u00e9 apresentado na quinta (12) e sexta-feira (13), \u00e0s 20h Encena\u00e7\u00e3o acontece no Sesi da cidade e tem censura de 10 anos. \u00a0Encena\u00e7\u00e3o acontece no Sesi da cidade e tem censura de 10 anos. Do G1 Itapetininga e Regi\u00e3o FACEBOOK Atores da pe\u00e7a Amor Confesso, que ser\u00e1 apresentada\u2026","rel":"","context":"Em &quot;Comunica\u00e7\u00e3o&quot;","block_context":{"text":"Comunica\u00e7\u00e3o","link":"https:\/\/jornalrol.com.br\/?cat=7"},"img":{"alt_text":"Atores da pe\u00e7a Amor Confesso, que ser\u00e1 apresentada no Sesi de Piracicaba (Foto: Reprodu\u00e7\u00e3o\/EPTV)","src":"https:\/\/i0.wp.com\/s2.glbimg.com\/0hnIbChZL1whX0cPWTVJ9Fvnu3A%3D\/s.glbimg.com\/jo\/g1\/f\/original\/2015\/09\/19\/captura_de_tela_inteira_19092015_142046.bmp.jpg?resize=350%2C200","width":350,"height":200,"srcset":"https:\/\/i0.wp.com\/s2.glbimg.com\/0hnIbChZL1whX0cPWTVJ9Fvnu3A%3D\/s.glbimg.com\/jo\/g1\/f\/original\/2015\/09\/19\/captura_de_tela_inteira_19092015_142046.bmp.jpg?resize=350%2C200 1x, https:\/\/i0.wp.com\/s2.glbimg.com\/0hnIbChZL1whX0cPWTVJ9Fvnu3A%3D\/s.glbimg.com\/jo\/g1\/f\/original\/2015\/09\/19\/captura_de_tela_inteira_19092015_142046.bmp.jpg?resize=525%2C300 1.5x"},"classes":[]},{"id":5042,"url":"https:\/\/jornalrol.com.br\/?p=5042","url_meta":{"origin":2116,"position":4},"title":"Saiu na Tv Tem: Itapetininga recebe teatros inspirados em &#039;Auto da Compadecida&#039; e &#039;Dr\u00e1cula&#039;","author":"Helio Rubens","date":"25 de maio de 2016","format":false,"excerpt":"Espet\u00e1culos ser\u00e3o na Pra\u00e7a Peixoto Gomide e no Audit\u00f3rio Ab\u00edlio Victor \u00a0Pe\u00e7as acontecem neste s\u00e1bado (21) e domingo (22). Entrada \u00e9 gratuita. Do G1 Itapetininga e Regi\u00e3o Pe\u00e7a 'Auto da Cida' ser\u00e1 atra\u00e7\u00e3o na Pra\u00e7a Peixoto Gomide (Foto: Divulga\u00e7\u00e3o\/ Grupo Tapanaraca) Duas pe\u00e7as teatrais baseadas nas hist\u00f3rias do \u201cAuto da\u2026","rel":"","context":"Em &quot;Comunica\u00e7\u00e3o&quot;","block_context":{"text":"Comunica\u00e7\u00e3o","link":"https:\/\/jornalrol.com.br\/?cat=7"},"img":{"alt_text":"Pe\u00e7a &#39;Auto da Cida&#39; ser\u00e1 atra\u00e7\u00e3o na Pra\u00e7a Peixoto Gomide (Foto: Divulga\u00e7\u00e3o\/ Grupo Tapanaraca)","src":"https:\/\/i0.wp.com\/s2.glbimg.com\/OkGCIqtmfdQsyqjmhBpHZzUvxfk%3D\/300x225\/s.glbimg.com\/jo\/g1\/f\/original\/2016\/05\/20\/img-20160509-wa0020.jpg?resize=350%2C200","width":350,"height":200},"classes":[]},{"id":6543,"url":"https:\/\/jornalrol.com.br\/?p=6543","url_meta":{"origin":2116,"position":5},"title":"Itapetininga recebe mais uma apresenta\u00e7\u00e3o de teatro","author":"Helio Rubens","date":"13 de outubro de 2016","format":false,"excerpt":"Pe\u00e7a de mamulengos ser\u00e1 encenada gratuitamente no Largo dos Amores O Circuito Cultural Paulista trar\u00e1 mais um grande espet\u00e1culo para Itapetininga, atrav\u00e9s da Secretaria de Cultura e Turismo. A pe\u00e7a teatral Sim\u00e3o e o Boi Pintadinho, do Grupo de Teatro de Mamulengos do Mestre Valdeck de Garanhuns, ser\u00e1 encenada na\u2026","rel":"","context":"Em &quot;Comunica\u00e7\u00e3o&quot;","block_context":{"text":"Comunica\u00e7\u00e3o","link":"https:\/\/jornalrol.com.br\/?cat=7"},"img":{"alt_text":"simao-_marieta_-_aida_web","src":"https:\/\/i0.wp.com\/www.jornalrol.com.br\/wp-content\/uploads\/2016\/10\/Simao-_Marieta_-_Aida_web-294x300.jpg?resize=350%2C200","width":350,"height":200},"classes":[]}],"_links":{"self":[{"href":"https:\/\/jornalrol.com.br\/index.php?rest_route=\/wp\/v2\/posts\/2116","targetHints":{"allow":["GET"]}}],"collection":[{"href":"https:\/\/jornalrol.com.br\/index.php?rest_route=\/wp\/v2\/posts"}],"about":[{"href":"https:\/\/jornalrol.com.br\/index.php?rest_route=\/wp\/v2\/types\/post"}],"author":[{"embeddable":true,"href":"https:\/\/jornalrol.com.br\/index.php?rest_route=\/wp\/v2\/users\/3"}],"replies":[{"embeddable":true,"href":"https:\/\/jornalrol.com.br\/index.php?rest_route=%2Fwp%2Fv2%2Fcomments&post=2116"}],"version-history":[{"count":0,"href":"https:\/\/jornalrol.com.br\/index.php?rest_route=\/wp\/v2\/posts\/2116\/revisions"}],"wp:attachment":[{"href":"https:\/\/jornalrol.com.br\/index.php?rest_route=%2Fwp%2Fv2%2Fmedia&parent=2116"}],"wp:term":[{"taxonomy":"category","embeddable":true,"href":"https:\/\/jornalrol.com.br\/index.php?rest_route=%2Fwp%2Fv2%2Fcategories&post=2116"},{"taxonomy":"post_tag","embeddable":true,"href":"https:\/\/jornalrol.com.br\/index.php?rest_route=%2Fwp%2Fv2%2Ftags&post=2116"}],"curies":[{"name":"wp","href":"https:\/\/api.w.org\/{rel}","templated":true}]}}