{"id":2124,"date":"2015-06-02T00:30:34","date_gmt":"2015-06-02T03:30:34","guid":{"rendered":"http:\/\/www.jornalrol.com.br\/?p=2124"},"modified":"2015-06-02T00:30:34","modified_gmt":"2015-06-02T03:30:34","slug":"decisao-da-copa-juventude-de-futsal-de-itapetininga-sera-nesta-quinta-feira-dia-04","status":"publish","type":"post","link":"https:\/\/jornalrol.com.br\/?p=2124","title":{"rendered":"Decis\u00e3o da Copa Juventude de Futsal  de Itapetininga ser\u00e1 nesta quinta-feira, dia 04"},"content":{"rendered":"<div class=\"pdfprnt-buttons pdfprnt-buttons-post pdfprnt-top-right\"><a href=\"https:\/\/jornalrol.com.br\/index.php?rest_route=%2Fwp%2Fv2%2Fposts%2F2124&print=pdf\" class=\"pdfprnt-button pdfprnt-button-pdf\" target=\"_blank\" ><\/a><a href=\"https:\/\/jornalrol.com.br\/index.php?rest_route=%2Fwp%2Fv2%2Fposts%2F2124&print=print\" class=\"pdfprnt-button pdfprnt-button-print\" target=\"_blank\" ><img decoding=\"async\" src=\"https:\/\/jornalrol.com.br\/wp-content\/plugins\/pdf-print\/images\/print.png\" alt=\"image_print\" title=\"Conte\u00fado de impress\u00e3o\" \/><\/a><\/div><p><strong><a href=\"http:\/\/www.jornalrol.com.br\/wp-content\/uploads\/2015\/06\/Copa-Juventude-Futsal-30.maio_.2015.jpg\"><img loading=\"lazy\" decoding=\"async\" class=\"alignleft size-medium wp-image-2125\" src=\"http:\/\/www.jornalrol.com.br\/wp-content\/uploads\/2015\/06\/Copa-Juventude-Futsal-30.maio_.2015-300x205.jpg\" alt=\"Copa Juventude Futsal - 30.maio.2015\" width=\"300\" height=\"205\" \/><\/a>Decis\u00e3o da Copa Juventude de Futsal ser\u00e1 nesta quinta-feira, dia 04<\/strong><!--more--><\/p>\n<p>A Copa Juventude de Futsal ter\u00e1 sua rodada final nesta quinta-feira, dia 04,feriado nacional, no Gin\u00e1sio Ayrton Senna da Silva, em Vila Barth. O primeiro jogo com in\u00edcio \u00e0s 17h00, pela categoria SUB 16,se enfrentam as equipes do Unidos da Bela Vista e Futuro Certo\/Gramadinho. Em seguida, Gr\u00eamio Uni\u00e3o e Muleke Travesso decidem o t\u00edtulo pela categoria Sub 18.Em caso de empate no tempo normal, o campe\u00e3o ser\u00e1 quem for o vencedor nas cobran\u00e7as de p\u00eanaltis. A expectativa \u00e9 grande por parte dos atletas, visto que, as Copa Juventude de Futsal foi uma das mais disputadas e uma verdadeira vitrine para novos talentos do salonismo itapetiningano e regional.<\/p>\n<p>&nbsp;<\/p>\n<p><strong>Semifinais foram disputadas com garra e brilho de bom futebol<br \/>\n<\/strong><\/p>\n<p>Uma rodada cheia de emo\u00e7\u00f5es e vibra\u00e7\u00f5es, com vit\u00f3rias de virada no placar e cobran\u00e7a de p\u00eanaltis. Assim foram as quatro partidas das semifinais da Copa Juventude de Futsal, realizadas na tarde do [ultimo dia 30,no Gin\u00e1sio de Esportes da Escola Municipal em Vila Sotemo. Confira como foram os quatros jogos:SUB 16 &#8211; Unidos da Bela Vista 3&#215;2 Esportivo Gol D&#8217; Ouro;SUB 18- Gr\u00eamio Uni\u00e3o 4 x 1 Esportivo Gol D&#8217; Ouro &#8220;A&#8221;; SUB 16- Futuro Certo\/Gramadinho 2&#215;2 SEMEL Itapetininga(tempo normal)e 4\u00a0a 3 nos p\u00eanaltis para o Futuro Certo. SUB 18- Muleke Travesso 6&#215;1 Esportivo Gol D&#8217; Ouro &#8220;B&#8221;.<\/p>\n<p>&nbsp;<\/p>\n","protected":false},"excerpt":{"rendered":"<p>Decis\u00e3o da Copa Juventude de Futsal ser\u00e1 nesta quinta-feira, dia 04<\/p>\n","protected":false},"author":3,"featured_media":0,"comment_status":"closed","ping_status":"closed","sticky":false,"template":"","format":"standard","meta":{"_jetpack_newsletter_access":"","_jetpack_dont_email_post_to_subs":false,"_jetpack_newsletter_tier_id":0,"_jetpack_memberships_contains_paywalled_content":false,"_jetpack_memberships_contains_paid_content":false,"footnotes":""},"categories":[7],"tags":[3464],"class_list":["post-2124","post","type-post","status-publish","format-standard","hentry","category-comunicacao","tag-esportes"],"aioseo_notices":[],"views":0,"jetpack_featured_media_url":"","jetpack_sharing_enabled":true,"jetpack_likes_enabled":true,"jetpack-related-posts":[{"id":2153,"url":"https:\/\/jornalrol.com.br\/?p=2153","url_meta":{"origin":2124,"position":0},"title":"Itapetininga: esporte em fase final","author":"Helio Rubens","date":"3 de junho de 2015","format":false,"excerpt":"Decis\u00e3o da Copa Juventude de Futsal ser\u00e1 nesta quinta-feira, dia 04 A Copa Juventude de Futsal ter\u00e1 sua rodada final nesta quinta-feira, dia 04,feriado nacional, no Gin\u00e1sio Ayrton Senna da Silva, em Vila Barth. O primeiro jogo com in\u00edcio \u00e0s 17h00, pela categoria SUB 16,se enfrentam as equipes do Unidos\u2026","rel":"","context":"Em &quot;Comunica\u00e7\u00e3o&quot;","block_context":{"text":"Comunica\u00e7\u00e3o","link":"https:\/\/jornalrol.com.br\/?cat=7"},"img":{"alt_text":"Copa Juventude Futsal - 30.maio.2015 (1)","src":"https:\/\/i0.wp.com\/www.jornalrol.com.br\/wp-content\/uploads\/2015\/06\/Copa-Juventude-Futsal-30.maio_.2015-1-300x205.jpg?resize=350%2C200","width":350,"height":200},"classes":[]},{"id":2020,"url":"https:\/\/jornalrol.com.br\/?p=2020","url_meta":{"origin":2124,"position":1},"title":"Copa Juventude de Futsal\u00a0com partidas das semifinais neste s\u00e1bado","author":"Helio Rubens","date":"29 de maio de 2015","format":false,"excerpt":"Neste pr\u00f3ximo s\u00e1bado, dia 30, estar\u00e3o sendo disputadas as partidas v\u00e1lidas pelas SemiFinais da Copa Juventude de Futsal,promovida pela Secretaria de Esporte e Lazer da Prefeitura de Itapetininga. A rodada ser\u00e1 realizada no Gin\u00e1sio de Esportes da Escola Municipal de Vila Sotemo(o Gin\u00e1sio Ayrton Senna sediar\u00e1 ao encerramento oficial da\u2026","rel":"","context":"Em &quot;Comunica\u00e7\u00e3o&quot;","block_context":{"text":"Comunica\u00e7\u00e3o","link":"https:\/\/jornalrol.com.br\/?cat=7"},"img":{"alt_text":"","src":"","width":0,"height":0},"classes":[]},{"id":2085,"url":"https:\/\/jornalrol.com.br\/?p=2085","url_meta":{"origin":2124,"position":2},"title":"Agenda Esportiva de Itapetininga","author":"Helio Rubens","date":"31 de maio de 2015","format":false,"excerpt":"Semifinais da Copa Juventude de Futsal no s\u00e1bado, Etapa Paulista de Taekwondo neste domingo em Itapetininga, Basquete nas Classificat\u00f3rias do Jogos Abertos da Juventude, V\u00f4lei Adaptado Feminino em Cerquilho, Duatlon Fast no Clube Ven\u00e2ncio Ayres, entre outros eventos esportivos agendados, com o apoio da Secretaria de Esporte e Lazer da\u2026","rel":"","context":"Em &quot;Comunica\u00e7\u00e3o&quot;","block_context":{"text":"Comunica\u00e7\u00e3o","link":"https:\/\/jornalrol.com.br\/?cat=7"},"img":{"alt_text":"","src":"","width":0,"height":0},"classes":[]},{"id":1953,"url":"https:\/\/jornalrol.com.br\/?p=1953","url_meta":{"origin":2124,"position":3},"title":"AGENDA ESPORTIVA DE ITAPETININGA ENVOLVE V\u00c1RIOS EVENTOS","author":"Helio Rubens","date":"23 de maio de 2015","format":false,"excerpt":"Copa Juventude de Futsal no s\u00e1bado, Correr e Caminhar neste domingo no Clube dos Banc\u00e1rios, Basquete, Futsal e Handebol nas Classificat\u00f3rias do Jogos Abertos da Juventude, Bocha em Boituva, V\u00f4lei Adaptado enfrentando Cerquilho, Dia do Desafio contra Leon da Nicar\u00e1gua est\u00e3o em destaque nos eventos esportivos disputados por itapetininganos, com\u2026","rel":"","context":"Em &quot;Comunica\u00e7\u00e3o&quot;","block_context":{"text":"Comunica\u00e7\u00e3o","link":"https:\/\/jornalrol.com.br\/?cat=7"},"img":{"alt_text":"","src":"","width":0,"height":0},"classes":[]},{"id":3774,"url":"https:\/\/jornalrol.com.br\/?p=3774","url_meta":{"origin":2124,"position":4},"title":"Itapetininga volta ao cen\u00e1rio esportivo internacional:agora ser\u00e1 a final do Sul-Americano de Futsal","author":"Helio Rubens","date":"22 de novembro de 2015","format":false,"excerpt":"Ap\u00f3s promover a final da Super Copa de V\u00f4lei, Itapetininga sediar\u00e1 a final do Campeonato Sul- Americano de Clubes de Futsal,nos dias 04 e 05 de Dezembro,entre as equipes do Brasil Kirin Futsal ,do craque Falc\u00e3o,e do Real Bucaramanga(Col\u00f4mbia). As partidas ser\u00e3o disputadas no Gin\u00e1sio Municipal de Esportes Ayrton Senna\u2026","rel":"","context":"Em &quot;Comunica\u00e7\u00e3o&quot;","block_context":{"text":"Comunica\u00e7\u00e3o","link":"https:\/\/jornalrol.com.br\/?cat=7"},"img":{"alt_text":"Brasil Kirin (time ) 01","src":"https:\/\/i0.wp.com\/www.jornalrol.com.br\/wp-content\/uploads\/2015\/11\/Brasil-Kirin-time-01-300x141.jpg?resize=350%2C200","width":350,"height":200},"classes":[]},{"id":19453,"url":"https:\/\/jornalrol.com.br\/?p=19453","url_meta":{"origin":2124,"position":5},"title":"Inspirada na Copa do Mundo, a pianista e professora votorantinense Miriam Corr\u00eaa J\u00e1ki realiza a audi\u00e7\u00e3o &#039;Copa Arte Musical&#039;","author":"Sergio Diniz da Costa","date":"4 de julho de 2018","format":false,"excerpt":"A audi\u00e7\u00e3o, realizada no dia\u00a0 30 de junho, e inspirada na Copa do Mundo, ocorreu no Teatro Municipal 'Francisco Beranger', de Votorantim, com os alunos da professora M\u00edriam J\u00e1ki \u00a0 Como forma de coroar as aulas de piano, a pianista e professora votorantinense M\u00edriam Corr\u00eaa J\u00e1ki realiza audi\u00e7\u00f5es semestrais e\u2026","rel":"","context":"Em &quot;Comunica\u00e7\u00e3o&quot;","block_context":{"text":"Comunica\u00e7\u00e3o","link":"https:\/\/jornalrol.com.br\/?cat=7"},"img":{"alt_text":"","src":"https:\/\/i0.wp.com\/www.jornalrol.com.br\/wp-content\/uploads\/2018\/07\/36539677_10210233170699607_4778816471658659840_n-300x239.jpg?resize=350%2C200","width":350,"height":200},"classes":[]}],"_links":{"self":[{"href":"https:\/\/jornalrol.com.br\/index.php?rest_route=\/wp\/v2\/posts\/2124","targetHints":{"allow":["GET"]}}],"collection":[{"href":"https:\/\/jornalrol.com.br\/index.php?rest_route=\/wp\/v2\/posts"}],"about":[{"href":"https:\/\/jornalrol.com.br\/index.php?rest_route=\/wp\/v2\/types\/post"}],"author":[{"embeddable":true,"href":"https:\/\/jornalrol.com.br\/index.php?rest_route=\/wp\/v2\/users\/3"}],"replies":[{"embeddable":true,"href":"https:\/\/jornalrol.com.br\/index.php?rest_route=%2Fwp%2Fv2%2Fcomments&post=2124"}],"version-history":[{"count":0,"href":"https:\/\/jornalrol.com.br\/index.php?rest_route=\/wp\/v2\/posts\/2124\/revisions"}],"wp:attachment":[{"href":"https:\/\/jornalrol.com.br\/index.php?rest_route=%2Fwp%2Fv2%2Fmedia&parent=2124"}],"wp:term":[{"taxonomy":"category","embeddable":true,"href":"https:\/\/jornalrol.com.br\/index.php?rest_route=%2Fwp%2Fv2%2Fcategories&post=2124"},{"taxonomy":"post_tag","embeddable":true,"href":"https:\/\/jornalrol.com.br\/index.php?rest_route=%2Fwp%2Fv2%2Ftags&post=2124"}],"curies":[{"name":"wp","href":"https:\/\/api.w.org\/{rel}","templated":true}]}}