{"id":2127,"date":"2015-06-02T00:40:27","date_gmt":"2015-06-02T03:40:27","guid":{"rendered":"http:\/\/www.jornalrol.com.br\/?p=2127"},"modified":"2015-06-02T00:40:27","modified_gmt":"2015-06-02T03:40:27","slug":"artigo-de-rogerio-sardella-e-agora-jose","status":"publish","type":"post","link":"https:\/\/jornalrol.com.br\/?p=2127","title":{"rendered":"Artigo de Rog\u00e9rio Sardella: &#039;E agora, Jos\u00e9?&#039;"},"content":{"rendered":"<div class=\"pdfprnt-buttons pdfprnt-buttons-post pdfprnt-top-right\"><a href=\"https:\/\/jornalrol.com.br\/index.php?rest_route=%2Fwp%2Fv2%2Fposts%2F2127&print=pdf\" class=\"pdfprnt-button pdfprnt-button-pdf\" target=\"_blank\" ><\/a><a href=\"https:\/\/jornalrol.com.br\/index.php?rest_route=%2Fwp%2Fv2%2Fposts%2F2127&print=print\" class=\"pdfprnt-button pdfprnt-button-print\" target=\"_blank\" ><img decoding=\"async\" src=\"https:\/\/jornalrol.com.br\/wp-content\/plugins\/pdf-print\/images\/print.png\" alt=\"image_print\" title=\"Conte\u00fado de impress\u00e3o\" \/><\/a><\/div><p><strong>Rog\u00e9rio Sardella: E agora, Jos\u00e9?<a href=\"http:\/\/www.jornalrol.com.br\/wp-content\/uploads\/2015\/06\/Foto-close.jpg\"><img loading=\"lazy\" decoding=\"async\" class=\"alignleft size-full wp-image-2128\" src=\"http:\/\/www.jornalrol.com.br\/wp-content\/uploads\/2015\/06\/Foto-close.jpg\" alt=\"Foto close\" width=\"74\" height=\"94\" \/><\/a><\/strong><!--more--><\/p>\n<p>N\u00e3o bastasse a situa\u00e7\u00e3o do Governo Federal, que a cada dia nos apresenta um novo cap\u00edtulo do novel\u00e3o Roussef, s\u00f3 que infelizmente n\u00e3o \u00e9 mera fic\u00e7\u00e3o, mas pura realidade, com direito a destaque em todos os notici\u00e1rios e na imprensa internacional, inclusive, acrescentando-se os esc\u00e2ndalos, em Itapetininga, a pacata \u2018Terra das Escolas\u2019, o eleitor local tamb\u00e9m j\u00e1 est\u00e1 cansado.<\/p>\n<p>Desde que a atual Administra\u00e7\u00e3o assumiu, indignados, cobrando a revis\u00e3o do Plano de Carreira do Servidor P\u00fablico que nunca saiu do papel, funcion\u00e1rios p\u00fablicos municipais acabam se dirigindo ao Legislativo, na esperan\u00e7a de serem ouvidos pelos vereadores que l\u00e1 est\u00e3o para representar aqueles que os elegeram.<\/p>\n<p>Se o objetivo \u00e9 protestar, nada mais justo que fazer valer seus direitos, afinal, se brigando por eles j\u00e1 \u00e9 dif\u00edcil acontecer alguma coisa, imagine ent\u00e3o se o funcionalismo ficar calado. O mesmo vale para a popula\u00e7\u00e3o que n\u00e3o trabalha diretamente para a Prefeitura.<\/p>\n<p>Diferentemente de gest\u00f5es anteriores, como na d\u00e9cada de 1990, em que as sess\u00f5es no Legislativo eram calorosas, quando at\u00e9 impeachment de prefeito aconteceu, o que se tem visto nos \u00faltimos anos \u00e9 de desanimar qualquer cidad\u00e3o, com poucos edis dispostos a comprar a briga do povo.\u00a0 Foi um per\u00edodo na hist\u00f3ria pol\u00edtica da cidade em que oposi\u00e7\u00e3o e situa\u00e7\u00e3o realmente se manifestavam e fatos e mais fatos ganhavam as manchetes dos jornais que circulavam em Itapetininga.<\/p>\n<p>Nos bastidores, dizem que a maioria est\u00e1 do lado do prefeito, quem sabe atrelados por favores pol\u00edticos, como cargos, mas isto dizem, enquanto que uma minoria, sem poder de decis\u00e3o, ou fica quieta ou at\u00e9 tenta estar do lado do povo, este mais amadurecido em raz\u00e3o do que vem ocorrendo na cidade.<\/p>\n<p>O fato \u00e9 que n\u00e3o \u00e9 de hoje, e nem desta gest\u00e3o, que prefeito algum est\u00e1 de portas abertas para receber a popula\u00e7\u00e3o em seu gabinete, pois para isto ele conta com seus assessores (os secret\u00e1rios), que est\u00e3o l\u00e1 para responder aos que lhes procurarem e ent\u00e3o despejar alguma justificativa (ou desculpa mesmo) para o caos em que se encontra a cidade.\u00a0 A popula\u00e7\u00e3o tem todo o direito de reclamar, pois paga impostos e acreditou naqueles que colocou no poder (entenda-se prefeito, vice e vereadores).<\/p>\n<p>O IPTU chega todos os anos. E coitado do cidad\u00e3o que n\u00e3o pagar, que deixar acumular ano ap\u00f3s ano. A Prefeitura n\u00e3o perdoa, nem que para isso tente inovar e pegar pesado no castigo, realizando imagens a\u00e9reas dos im\u00f3veis de Itapetininga, aumentando significativamente o valor final para o contribuinte.<\/p>\n<p>N\u00e3o d\u00e1 para aceitar a cidade do jeito que est\u00e1, sem m\u00e9dicos nos postos de sa\u00fade, superlotando o atendimento no Pronto Socorro, com contrata\u00e7\u00f5es sem concurso p\u00fablico, com o fechamento de unidades de servi\u00e7o essenciais como de sa\u00fade mental e \u00e0 crian\u00e7a, com centros esportivos e \u00e1reas de lazer cujas reformas foram iniciadas e n\u00e3o retomadas, pr\u00e9dios hist\u00f3ricos quase despencando e o munic\u00edpio tomado por buracos, parecendo um campo minado ou uma gigantesca colcha de retalhos. O mesmo se diz da companhia de \u00e1gua e esgoto, que enfeia a cidade ao abrir buracos que n\u00e3o s\u00e3o fechados imediatamente ou quando s\u00e3o, deixam aspecto horroroso.<\/p>\n<p>Na \u00e1rea de emprego, nada mais de concreto aconteceu. Nenhuma grande ind\u00fastria se instalou. Est\u00e1 tudo quieto, parado.<\/p>\n<p>As obras do Hospital Regional viraram piada de mau gosto. E o que dizer da Marginal dos Cavalos?<\/p>\n<p>Para finalizar, fica o mist\u00e9rio sobre o sil\u00eancio do prefeito, que poderia ao menos se pronunciar em rela\u00e7\u00e3o a seu estado de sa\u00fade, afinal, ele \u00e9 uma pessoa p\u00fablica.<\/p>\n<p>E agora, Jos\u00e9?<\/p>\n","protected":false},"excerpt":{"rendered":"<p>Rog\u00e9rio Sardella: E agora, Jos\u00e9?<\/p>\n","protected":false},"author":3,"featured_media":0,"comment_status":"closed","ping_status":"closed","sticky":false,"template":"","format":"standard","meta":{"_jetpack_newsletter_access":"","_jetpack_dont_email_post_to_subs":false,"_jetpack_newsletter_tier_id":0,"_jetpack_memberships_contains_paywalled_content":false,"_jetpack_memberships_contains_paid_content":false,"footnotes":""},"categories":[7],"tags":[7603],"class_list":["post-2127","post","type-post","status-publish","format-standard","hentry","category-comunicacao","tag-rogerio"],"aioseo_notices":[],"views":0,"jetpack_featured_media_url":"","jetpack_sharing_enabled":true,"jetpack_likes_enabled":true,"jetpack-related-posts":[{"id":4014,"url":"https:\/\/jornalrol.com.br\/?p=4014","url_meta":{"origin":2127,"position":0},"title":"Antonio Abrami morre aos 85 anos","author":"Helio Rubens","date":"6 de janeiro de 2016","format":false,"excerpt":"Por Rog\u00e9rio Sardella Considerado o grande goleiro do time do CASI \u2013 Clube Atl\u00e9tico Sorocabana\u00a0Itapetininga, nas d\u00e9cadas de 1950\/60, Antonio Abrami morreu por volta de 16h55 do\u00a0\u00faltimo dia 04. Filho de Jos\u00e9 Abrami e Maria Rosa Abrami, o tamb\u00e9m ex-presidente do Clube\u00a0Recreativo de Itapetininga era vi\u00favo da sr\u00aa Tereza de\u2026","rel":"","context":"Em &quot;Comunica\u00e7\u00e3o&quot;","block_context":{"text":"Comunica\u00e7\u00e3o","link":"https:\/\/jornalrol.com.br\/?cat=7"},"img":{"alt_text":"toninho 2 (1)","src":"https:\/\/i0.wp.com\/www.jornalrol.com.br\/wp-content\/uploads\/2016\/01\/toninho-2-1-149x300.jpg?resize=350%2C200","width":350,"height":200},"classes":[]},{"id":9823,"url":"https:\/\/jornalrol.com.br\/?p=9823","url_meta":{"origin":2127,"position":1},"title":"Rog\u00e9rio Sardella comenta sobre o 23\u00ba anivers\u00e1rio do ROL","author":"Helio Rubens","date":"28 de abril de 2017","format":false,"excerpt":"Rog\u00e9rio Sardela: 'O ROL TEM HIST\u00d3RIA MAIOR QUE O ROL' N\u00e3o poderia escrever sobre o ROL sem antes citar o Jornal Regional Nossa Terra, um dos mais s\u00e9rios e respeitados j\u00e1 publicados neste Pa\u00eds. Em 1994, ainda leitor do NT (como era carinhosamente conhecido o seman\u00e1rio), escrevi para o jornal,\u2026","rel":"","context":"Em &quot;Comunica\u00e7\u00e3o&quot;","block_context":{"text":"Comunica\u00e7\u00e3o","link":"https:\/\/jornalrol.com.br\/?cat=7"},"img":{"alt_text":"","src":"https:\/\/i0.wp.com\/www.jornalrol.com.br\/wp-content\/uploads\/2017\/01\/Foto-close.jpg?resize=350%2C200","width":350,"height":200},"classes":[]},{"id":13646,"url":"https:\/\/jornalrol.com.br\/?p=13646","url_meta":{"origin":2127,"position":2},"title":"Rog\u00e9rio Sardella: \u2018Notas de Artes&amp;Espet\u00e1culos\u2019","author":"Helio Rubens","date":"8 de outubro de 2017","format":false,"excerpt":"Rog\u00e9rio Sardella: \u2018Notas de Artes&Espet\u00e1culos\u2019 \u00a0Julia Graciela: entrevista para o ROL repercute A entrevista concedida pela cantora Julia Graciela, publicada neste site de not\u00edcias culturais (http:\/\/www.jornalrol.com.br\/rogerio-sardella-notas-de-artesespetaculos\/), ser\u00e1 destaque no programa do radialista Osnir Moraes, a partir das 10h00 desta segunda, 09. Vale lembrar que a artista teve como primeiro sucesso\u2026","rel":"","context":"Em &quot;Comunica\u00e7\u00e3o&quot;","block_context":{"text":"Comunica\u00e7\u00e3o","link":"https:\/\/jornalrol.com.br\/?cat=7"},"img":{"alt_text":"","src":"https:\/\/i0.wp.com\/www.jornalrol.com.br\/wp-content\/uploads\/2017\/01\/Foto-close.jpg?resize=350%2C200","width":350,"height":200},"classes":[]},{"id":7570,"url":"https:\/\/jornalrol.com.br\/?p=7570","url_meta":{"origin":2127,"position":3},"title":"&#039;Equipe NT&#039; se reunir\u00e1 no pr\u00f3ximo s\u00e1bado, em Itapetininga","author":"Helio Rubens","date":"17 de janeiro de 2017","format":false,"excerpt":"O encontro ser\u00e1 dia 21, s\u00e1bado, \u00e0s 21 horas, no bar Door e \u00e9 franqueado ao p\u00fablico em geral Os\u00a0mais antigos certamente se lembram dos jornais 'Nossa Terra' e 'O Popular de Itapetininga'. Eles marcaram \u00e9poca no jornalismo de Itapetininga, tanto pelo arrojo de suas publica\u00e7\u00f5es, sua modernidade jornalistica e\u2026","rel":"","context":"Em &quot;Comunica\u00e7\u00e3o&quot;","block_context":{"text":"Comunica\u00e7\u00e3o","link":"https:\/\/jornalrol.com.br\/?cat=7"},"img":{"alt_text":"Ed. Nossa Terra Out 1991 001","src":"https:\/\/i0.wp.com\/www.jornalrol.com.br\/wp-content\/uploads\/2017\/01\/Ed.-Nossa-Terra-Out-1991-001-300x218.jpg?resize=350%2C200","width":350,"height":200},"classes":[]},{"id":5711,"url":"https:\/\/jornalrol.com.br\/?p=5711","url_meta":{"origin":2127,"position":4},"title":"Passeata do Rock acontece\u00a0neste final de semana em Itapetininga","author":"Helio Rubens","date":"30 de julho de 2016","format":false,"excerpt":"Em sua 12\u00aa edi\u00e7\u00e3o, a Passeata do Rock foi aberta neste s\u00e1bado, 30, \u00e0s 10h00, no Largo dos\u00a0Amores com show do cantor Jimi Hendaix. (Rog\u00e9rio Sardella) \u00a0 Uma caminhada realizou-se ap\u00f3s a apresenta\u00e7\u00e3o a\u00a0favor da cultura rock em Itapetininga. Diversas bandas do g\u00eanero participam do evento, entre algumas, Disturbados, Terror\u2026","rel":"","context":"Em &quot;Comunica\u00e7\u00e3o&quot;","block_context":{"text":"Comunica\u00e7\u00e3o","link":"https:\/\/jornalrol.com.br\/?cat=7"},"img":{"alt_text":"","src":"","width":0,"height":0},"classes":[]},{"id":7492,"url":"https:\/\/jornalrol.com.br\/?p=7492","url_meta":{"origin":2127,"position":5},"title":"Rog\u00e9rio Sardella: &#039;Fim de ano apresentou nada de novo e o pr\u00f3ximo promete se repetir&#039;","author":"Helio Rubens","date":"12 de janeiro de 2017","format":false,"excerpt":"Rog\u00e9rio Sardella: 'Fim de ano apresentou nada de novo\u00a0e o pr\u00f3ximo promete se repetir' \u00a0 2016 terminou. O telespectador j\u00e1 sabia o que lhe esperava na programa\u00e7\u00e3o de dezembro das emissoras, principalmente a TV Globo, com o tradicional Especial Roberto Carlos, o elenco em confraterniza\u00e7\u00e3o ao som daquela can\u00e7\u00e3o cuja\u2026","rel":"","context":"Em &quot;Comunica\u00e7\u00e3o&quot;","block_context":{"text":"Comunica\u00e7\u00e3o","link":"https:\/\/jornalrol.com.br\/?cat=7"},"img":{"alt_text":"Foto close Rogerio Sardella","src":"https:\/\/i0.wp.com\/www.jornalrol.com.br\/wp-content\/uploads\/2017\/01\/Foto-close.jpg?resize=350%2C200","width":350,"height":200},"classes":[]}],"_links":{"self":[{"href":"https:\/\/jornalrol.com.br\/index.php?rest_route=\/wp\/v2\/posts\/2127","targetHints":{"allow":["GET"]}}],"collection":[{"href":"https:\/\/jornalrol.com.br\/index.php?rest_route=\/wp\/v2\/posts"}],"about":[{"href":"https:\/\/jornalrol.com.br\/index.php?rest_route=\/wp\/v2\/types\/post"}],"author":[{"embeddable":true,"href":"https:\/\/jornalrol.com.br\/index.php?rest_route=\/wp\/v2\/users\/3"}],"replies":[{"embeddable":true,"href":"https:\/\/jornalrol.com.br\/index.php?rest_route=%2Fwp%2Fv2%2Fcomments&post=2127"}],"version-history":[{"count":0,"href":"https:\/\/jornalrol.com.br\/index.php?rest_route=\/wp\/v2\/posts\/2127\/revisions"}],"wp:attachment":[{"href":"https:\/\/jornalrol.com.br\/index.php?rest_route=%2Fwp%2Fv2%2Fmedia&parent=2127"}],"wp:term":[{"taxonomy":"category","embeddable":true,"href":"https:\/\/jornalrol.com.br\/index.php?rest_route=%2Fwp%2Fv2%2Fcategories&post=2127"},{"taxonomy":"post_tag","embeddable":true,"href":"https:\/\/jornalrol.com.br\/index.php?rest_route=%2Fwp%2Fv2%2Ftags&post=2127"}],"curies":[{"name":"wp","href":"https:\/\/api.w.org\/{rel}","templated":true}]}}