{"id":2130,"date":"2015-06-02T00:49:40","date_gmt":"2015-06-02T03:49:40","guid":{"rendered":"http:\/\/www.jornalrol.com.br\/?p=2130"},"modified":"2015-06-02T00:49:40","modified_gmt":"2015-06-02T03:49:40","slug":"artigo-de-leandro-camargo-oliveira-o-pingo-uma-nova-vida-um-novo-recomeco-sobre-rodas","status":"publish","type":"post","link":"https:\/\/jornalrol.com.br\/?p=2130","title":{"rendered":"Artigo de Leandro Camargo Oliveira, o Pingo: &#039;Uma nova vida, um novo recome\u00e7o, sobre rodas&#039;"},"content":{"rendered":"<div class=\"pdfprnt-buttons pdfprnt-buttons-post pdfprnt-top-right\"><a href=\"https:\/\/jornalrol.com.br\/index.php?rest_route=%2Fwp%2Fv2%2Fposts%2F2130&print=pdf\" class=\"pdfprnt-button pdfprnt-button-pdf\" target=\"_blank\" ><\/a><a href=\"https:\/\/jornalrol.com.br\/index.php?rest_route=%2Fwp%2Fv2%2Fposts%2F2130&print=print\" class=\"pdfprnt-button pdfprnt-button-print\" target=\"_blank\" ><img decoding=\"async\" src=\"https:\/\/jornalrol.com.br\/wp-content\/plugins\/pdf-print\/images\/print.png\" alt=\"image_print\" title=\"Conte\u00fado de impress\u00e3o\" \/><\/a><\/div><p><strong>\u00a0\u00a0\u00a0\u00a0\u00a0\u00a0\u00a0\u00a0\u00a0\u00a0\u00a0\u00a0\u00a0\u00a0\u00a0 \u201cN\u00c3O DEIXE OS OBST\u00c1CULOS DA VIDA TE VENCER! <\/strong><\/p>\n<p><strong>LUTE, GRITE, SONHE, SEMPRE SER\u00c1 CAPAZ DE VENCER, BASTA ACREDITAR!\u201d\u00a0\u00a0 <\/strong><\/p>\n<p><strong>\u00a0\u00a0\u00a0\u00a0\u00a0\u00a0\u00a0\u00a0\u00a0\u00a0 NESSA FOTO POSSO DIIZER SEM MEDO DE ERRAR QUE:<\/strong><\/p>\n<p><strong>\u00a0\u00a0\u00a0\u00a0\u00a0\u00a0\u00a0\u00a0\u00a0\u00a0\u00a0\u00a0\u00a0\u00a0\u00a0\u00a0\u00a0\u00a0\u00a0\u00a0\u00a0 \u201c UMA VIDA PAROU E, OUTRA COME\u00c7OU! \u201c<\/strong><!--more--><\/p>\n<p style=\"text-align: center;\"><a href=\"http:\/\/www.jornalrol.com.br\/wp-content\/uploads\/2015\/06\/Pingo.jpg\"><img loading=\"lazy\" decoding=\"async\" class=\" size-medium wp-image-2131 aligncenter\" src=\"http:\/\/www.jornalrol.com.br\/wp-content\/uploads\/2015\/06\/Pingo-300x207.jpg\" alt=\"Pingo\" width=\"300\" height=\"207\" \/><\/a><\/p>\n<p>&nbsp;<\/p>\n<p><strong>INTRODU\u00c7\u00c3O DO LIVRO:<\/strong><\/p>\n<p><strong>\u00a0\u00a0\u00a0\u00a0\u00a0\u00a0\u00a0\u00a0\u00a0\u00a0\u00a0\u00a0\u00a0\u00a0\u00a0\u00a0\u00a0 UMA NOVA VIDA, UM NOVO RECOME\u00c7O, SOBRE RODAS.<\/strong><\/p>\n<p><strong>Introdu\u00e7\u00e3o<\/strong><\/p>\n<p><strong>Muitas pessoas me perguntam sobre o que eu acho e como \u00e9 ser<\/strong><\/p>\n<p><strong>tetrapl\u00e9gico. Se penso como seria minha vida se n\u00e3o tivesse sofrido acidente,<\/strong><\/p>\n<p><strong>vou tentar responder:<\/strong><\/p>\n<p><strong>1 . O QUE PENSO SOBRE SER TETRAPL\u00c9GICO E QUAIS AS<\/strong><\/p>\n<p><strong>MAIORES DIFICULDADES?<\/strong><\/p>\n<p><strong>Desde que fiquei tetrapl\u00e9gico ainda estou tentando descobrir o que<\/strong><\/p>\n<p><strong>\u00e9 ter limita\u00e7\u00f5es, mas olho em volta e vejo outras pessoas que se julgam<\/strong><\/p>\n<p><strong>&#8216;normais&#8217; e se v\u00ea que toda pessoa tem limita\u00e7\u00f5es e ningu\u00e9m consegue<\/strong><\/p>\n<p><strong>fazer tudo na vida.<\/strong><\/p>\n<p><strong>O primeiro passo para descobrir como \u00e9 ser tetrapl\u00e9gico e como<\/strong><\/p>\n<p><strong>recome\u00e7ar a vida inicia com a vontade da pessoa em saber o que \u00e9 les\u00e3o<\/strong><\/p>\n<p><strong>medular, quais tipos de les\u00f5es, como se readaptar e voltar viver, saber<\/strong><\/p>\n<p><strong>que n\u00e3o \u00e9 o \u00fanico no Brasil e no mundo que est\u00e1 preso a uma cadeira de<\/strong><\/p>\n<p><strong>rodas e o mais importante: tentar sempre melhorar ou fazer algo novo,<\/strong><\/p>\n<p><strong>diferente, n\u00e3o aceitar as limita\u00e7\u00f5es que a vida lhe imp\u00f5e.<\/strong><\/p>\n<p><strong>Sobre as maiores dificuldades penso que o fato de n\u00e3o ter controle<\/strong><\/p>\n<p><strong>da bexiga, intestino \u00e9 para mim o mais chato e constrangedor, tamb\u00e9m<\/strong><\/p>\n<p><strong>em ver coisas acontecendo na minha frente e saber que poderia fazer algo<\/strong><\/p>\n<p><strong>para ajudar ou correr atr\u00e1s para ajudar algu\u00e9m e ver que s\u00f3 n\u00e3o o fa\u00e7o por<\/strong><\/p>\n<p><strong>ser tetrapl\u00e9gico, isso me deixa muito chateado.<\/strong><\/p>\n<p><strong>Com certeza tamb\u00e9m o preconceito das pessoas ao olhar o cadeirante<\/strong><\/p>\n<p><strong>ou qualquer deficiente f\u00edsico com d\u00f3 ou pena \u00e9 algo muito chato. A<\/strong><\/p>\n<p><strong>maioria dessas pessoas talvez nem saiba o que \u00e9 les\u00e3o medular ou procuram<\/strong><\/p>\n<p><strong>dar chance para um deficiente f\u00edsico demonstrar que pode sim ser<\/strong><\/p>\n<p><strong>igual ou melhor que as pessoas que se julgam &#8216;normais&#8217;.<\/strong><\/p>\n<p><strong>A les\u00e3o na medula n\u00e3o \u00e9 doen\u00e7a, e sim um defeito, que ainda n\u00e3o<\/strong><\/p>\n<p><strong>tem tratamento ou cura, ent\u00e3o se voc\u00ea vir um deficiente f\u00edsico n\u00e3o fique<\/strong><\/p>\n<p><strong>com d\u00f3 ou pena; d\u00ea oportunidade \u00e0 pessoa de demonstrar suas qualidades<\/strong><\/p>\n<p><strong>e com certeza voc\u00ea ver\u00e1 que limitado \u00e9 todo aquele que n\u00e3o se permite<\/strong><\/p>\n<p><strong>conhecer novas experi\u00eancias de vida, sejam elas quais forem.<\/strong><\/p>\n<p><strong>Vejo tamb\u00e9m muitas pessoas sa\u00edrem em defesa das pessoas com<\/strong><\/p>\n<p><strong>defici\u00eancias f\u00edsicas, mentais ou qualquer que seja seu problema. Pois<\/strong><\/p>\n<p><strong>bem, a maioria dessas defesas \u00e9 da boca para fora ou uma forma de se promover<\/strong><\/p>\n<p><strong>e conseguir vantagem em algo, tendo em vista as cidades do Brasil<\/strong><\/p>\n<p><strong>onde \u00e9 raro o lugar que seja totalmente adaptado, que tenha cal\u00e7adas<\/strong><\/p>\n<p><strong>boas, rampas, etc&#8230;<\/strong><\/p>\n<p><strong>Ent\u00e3o, talvez o maior problema em ser deficiente n\u00e3o seja ser limita &#8211;<\/strong><\/p>\n<p><strong>do, mas sim o fato de que o mundo prega a inclus\u00e3o de todos, onde essa \u201cin &#8211;<\/strong><\/p>\n<p><strong>clus\u00e3o\u201d seja s\u00f3 uma fachada para se sentirem melhor ou menos culpados.<\/strong><\/p>\n<p><strong>Com certeza t\u00eam tamb\u00e9m aquelas pessoas ou associa\u00e7\u00f5es que<\/strong><\/p>\n<p><strong>lutam e ajudam os deficientes, mas \u00e9 a minoria. Eu mesmo tive sorte de<\/strong><\/p>\n<p><strong>conseguir vaga na AACD onde sou muito bem tratado e informado, onde<\/strong><\/p>\n<p><strong>ensinam a n\u00e3o aceitar ser visto como coitado ou inv\u00e1lido, e sim a lutar<\/strong><\/p>\n<p><strong>pelos seus direitos, liberdade e sonhos.<\/strong><\/p>\n<p><strong>Confesso que j\u00e1 tentei algumas vezes desanimar ou desistir de tudo,<\/strong><\/p>\n<p><strong>mas n\u00e3o sei como explicar, \u00e9 algo mais forte que eu. Sempre que fico<\/strong><\/p>\n<p><strong>chateado durmo e passa ou algo bom me acontece e logo em seguida<\/strong><\/p>\n<p><strong>recarrego minhas for\u00e7as novamente. Na verdade posso dizer com certeza<\/strong><\/p>\n<p><strong>e sem errar: N\u00c3O SEI SER TRISTE E DEUS SEMPRE EST\u00c1<\/strong><\/p>\n<p><strong>COMIGO!<\/strong><\/p>\n<ol start=\"2\">\n<li><strong> COMO TERIA SIDO MINHA VIDA SE N\u00c3O TIVESSE<\/strong><\/li>\n<\/ol>\n<p><strong>SOFRIDO O ACIDENTE?<\/strong><\/p>\n<p><strong>S\u00e3o raras as vezes que paro para pensar ou imaginar o que teria feito<\/strong><\/p>\n<p><strong>ou como estaria hoje se o acidente n\u00e3o tivesse ocorrido. Mas acho que<\/strong><\/p>\n<p><strong>teria continuado acorrer atr\u00e1s dos meus sonhos, que era fazer faculdade,<\/strong><\/p>\n<p><strong>ter meu pr\u00f3prio canto talvez casado ou n\u00e3o, chegar aos 30 anos e estar<\/strong><\/p>\n<p><strong>ajudando meus pais a curtirem a vida, talvez poderia nem estar vivo, n\u00e9?<\/strong><\/p>\n<p><strong>Vai saber&#8230; dif\u00edcil e complicado imaginar ou ter certeza de como teria<\/strong><\/p>\n<p><strong>vivido.<\/strong><\/p>\n<p><strong>O fato \u00e9 que nunca perdi a vontade de viver ou a esperan\u00e7a, e Deus,<\/strong><\/p>\n<p><strong>por algum motivo, quis assim. Ainda n\u00e3o descobri o porqu\u00ea de tudo isso<\/strong><\/p>\n<p><strong>ter acontecido em minha vida, mas j\u00e1 sei que aprendi muito e pretendo<\/strong><\/p>\n<p><strong>aprender muito mais. Vivi e fiz coisas que n\u00e3o teria feito ou visto sen\u00e3o<\/strong><\/p>\n<p><strong>tivesse ficado tetrapl\u00e9gico, por exemplo: descobrir o quanto era querido<\/strong><\/p>\n<p><strong>e tamb\u00e9m como as amizades \u00e0s vezes nos engana.<\/strong><\/p>\n<p><strong>Leandro Camargo Oliveira &#8211; Pingo<\/strong><\/p>\n<p><strong>10<\/strong><\/p>\n<p><strong>Gostaria de deixar aqui escrito o quanto sou grato a Deus por estar<\/strong><\/p>\n<p><strong>vivo e ter tido a oportunidade de uma segunda chance, mais complicada,<\/strong><\/p>\n<p><strong>l\u00f3gico, mas atrav\u00e9s da tetraplegia descobri e conheci muitas coisas da<\/strong><\/p>\n<p><strong>vida boas e ruins tamb\u00e9m, que serviram e servir\u00e3o de li\u00e7\u00e3o para resto da<\/strong><\/p>\n<p><strong>minha vida.<\/strong><\/p>\n<p><strong>Pai, m\u00e3e ou m\u00e3e, pai nunca vou conseguir retribuir nem 10% do<\/strong><\/p>\n<p><strong>que fizeram e fazem por mim. Saibam que me orgulho muito em t\u00ea-los<\/strong><\/p>\n<p><strong>como pais, nunca conheci pessoas t\u00e3o honestas como voc\u00eas, sempre<\/strong><\/p>\n<p><strong>foram guerreiros e tudo que temos hoje \u00e9 fruto de muita luta, obrigado<\/strong><\/p>\n<p><strong>por tudo: AMO MUITO VOC\u00caS!!<\/strong><\/p>\n<p><strong>Agrade\u00e7o minha fam\u00edlia, amigos, colegas e as pessoas que me ajudaram<\/strong><\/p>\n<p><strong>de diversas maneiras. Podem ter a certeza de que nunca vou<\/strong><\/p>\n<p><strong>esquecer, obrigado!<\/strong><\/p>\n<p><strong>Evitei colocar nomes nesse livro por receio e medo de esquecer<\/strong><\/p>\n<p><strong>algu\u00e9m. Tenho consci\u00eancia que foram muitas pessoas que me ajudaram e<\/strong><\/p>\n<p><strong>fizeram parte da minha vida, da minha hist\u00f3ria at\u00e9 aqui.<\/strong><\/p>\n<p><strong>\u201cDESCONHECEMOS NOSSAS FOR\u00c7AS, AT\u00c9 SERMOS<\/strong><\/p>\n<p><strong>COLOCADO A PROVA. DEUS N\u00c3O D\u00c1 UMA CRUZ MAIS<\/strong><\/p>\n<p><strong>PESADA OU MAIS LEVE \u00c9 SEMPRE NA MEDIDA CERTA.<\/strong><\/p>\n<p><strong>NUNCA TENTE DEIXAR SUA CRUZ MAIS LEVE, PORQUE UM<\/strong><\/p>\n<p><strong>DIA ESSE PESO LHE FAR\u00c1 FALTA!\u201d<\/strong><\/p>\n<p><strong>No texto a seguir, na primeira parte, tentei passar um pouco de<\/strong><\/p>\n<p><strong>como eu era e vivia antes do acidente, com certeza muitos que lerem v\u00e3o<\/strong><\/p>\n<p><strong>achar falta de muitas hist\u00f3rias que vivi ou algo que fiz e n\u00e3o est\u00e1 no livro,<\/strong><\/p>\n<p><strong>algumas fases da minha vida n\u00e3o me recordo, n\u00e3o sei ao certo se foi por<\/strong><\/p>\n<p><strong>causa batida na cabe\u00e7a e os traumas de cr\u00e2nio que tive ou \u00e9 algo normal<\/strong><\/p>\n<p><strong>mesmo&#8230; mas foco mais na segunda parte que fala do acidente e no novo<\/strong><\/p>\n<p><strong>recome\u00e7o.<\/strong><\/p>\n<p><strong>Espero que gostem e n\u00e3o vejam s\u00f3 a parte triste, mas entendam que<\/strong><\/p>\n<p><strong>tudo \u00e9 poss\u00edvel quando se ama viver!<\/strong><\/p>\n<p><strong>Uma nova vida, um novo recome\u00e7o sobre rodas<\/strong><\/p>\n<p><strong>Leandro Camargo Oliveira &#8211; Pingo<\/strong><\/p>\n","protected":false},"excerpt":{"rendered":"<p>\u00a0\u00a0\u00a0\u00a0\u00a0\u00a0\u00a0\u00a0\u00a0\u00a0\u00a0\u00a0\u00a0\u00a0\u00a0 \u201cN\u00c3O DEIXE OS OBST\u00c1CULOS DA VIDA TE VENCER! LUTE, GRITE, SONHE, SEMPRE SER\u00c1 CAPAZ DE VENCER, BASTA ACREDITAR!\u201d\u00a0\u00a0 \u00a0\u00a0\u00a0\u00a0\u00a0\u00a0\u00a0\u00a0\u00a0\u00a0 NESSA FOTO POSSO DIIZER SEM MEDO DE ERRAR QUE: \u00a0\u00a0\u00a0\u00a0\u00a0\u00a0\u00a0\u00a0\u00a0\u00a0\u00a0\u00a0\u00a0\u00a0\u00a0\u00a0\u00a0\u00a0\u00a0\u00a0\u00a0 \u201c UMA VIDA PAROU E, OUTRA COME\u00c7OU! \u201c<\/p>\n","protected":false},"author":3,"featured_media":0,"comment_status":"closed","ping_status":"closed","sticky":false,"template":"","format":"standard","meta":{"_jetpack_newsletter_access":"","_jetpack_dont_email_post_to_subs":false,"_jetpack_newsletter_tier_id":0,"_jetpack_memberships_contains_paywalled_content":false,"_jetpack_memberships_contains_paid_content":false,"footnotes":""},"categories":[7],"tags":[6785],"class_list":["post-2130","post","type-post","status-publish","format-standard","hentry","category-comunicacao","tag-pingo"],"aioseo_notices":[],"views":0,"jetpack_featured_media_url":"","jetpack_sharing_enabled":true,"jetpack_likes_enabled":true,"jetpack-related-posts":[{"id":1479,"url":"https:\/\/jornalrol.com.br\/?p=1479","url_meta":{"origin":2130,"position":0},"title":"Novidade no ROL: NOSSO JORNAL FICOU MAIS RICO HOJE: TEMOS UM NOVO E BRILHANTE COLUNISTA","author":"Helio Rubens","date":"6 de abril de 2015","format":false,"excerpt":"Normalmente sou eu quem apresenta aos leitores do ROL os novos colunistas. Mas desta vezm por ser mais uma grande conquista editorial para o nosso jornal,\u00a0pedi ao publisher da revista TOP DA CIDADE, F\u00e1bio Arruda Miranda, que fizesse a apresenta\u00e7\u00e3o, n\u00e3o s\u00f3 porque ele conhece o\u00a0'Pingo' - Leandro Camargo Oliveira\u2026","rel":"","context":"Em &quot;Comunica\u00e7\u00e3o&quot;","block_context":{"text":"Comunica\u00e7\u00e3o","link":"https:\/\/jornalrol.com.br\/?cat=7"},"img":{"alt_text":"foto meio corpo","src":"https:\/\/i0.wp.com\/www.jornalrol.com.br\/wp-content\/uploads\/2015\/04\/foto-meio-corpo.jpg?resize=350%2C200","width":350,"height":200},"classes":[]},{"id":2082,"url":"https:\/\/jornalrol.com.br\/?p=2082","url_meta":{"origin":2130,"position":1},"title":"Coluna do Pingo: &#039;O Futuro est\u00e1 chegando!&#039;","author":"Helio Rubens","date":"31 de maio de 2015","format":false,"excerpt":"J\u00e1 parou para pensar em como \u00e9 vida de pessoa que de repente perde todos os movimentos? Parece algo sem import\u00e2ncia, mas todo ser humano corre esse risco, um tombo, mergulho, acidente, escorreg\u00e3o, uma onda na praia, etc, Como diz o ditado: ..................... PARA ACONTECER, BASTA ESTAR VIVO! Pense nisso\u2026","rel":"","context":"Em &quot;Comunica\u00e7\u00e3o&quot;","block_context":{"text":"Comunica\u00e7\u00e3o","link":"https:\/\/jornalrol.com.br\/?cat=7"},"img":{"alt_text":"foto meio corpo","src":"https:\/\/i0.wp.com\/www.jornalrol.com.br\/wp-content\/uploads\/2015\/05\/foto-meio-corpo.jpg?resize=350%2C200","width":350,"height":200},"classes":[]},{"id":2074,"url":"https:\/\/jornalrol.com.br\/?p=2074","url_meta":{"origin":2130,"position":2},"title":"Pingo, colunista do ROL \u00e9 alvo de mat\u00e9ria da TV TEM","author":"Helio Rubens","date":"30 de maio de 2015","format":false,"excerpt":"Tetrapl\u00e9gico pinta quadros com a boca e rejeita 'r\u00f3tulo de exemplo' \u00a0'Ser exemplo me impede de errar, e erro muito', diz Leandro de Oliveira. Morador de Itapetininga (SP) encontrou na arte nova inspira\u00e7\u00e3o para vida. Caio Gomes SilveiraDo G1 Itapetininga e Regi\u00e3o Artista utiliza boca para transformar imagina\u00e7\u00e3o em arte\u2026","rel":"","context":"Em &quot;Comunica\u00e7\u00e3o&quot;","block_context":{"text":"Comunica\u00e7\u00e3o","link":"https:\/\/jornalrol.com.br\/?cat=7"},"img":{"alt_text":"Artista utiliza boca para transformar imagina\u00e7\u00e3o em arte (Foto: Arquivo Pessoal\/ Leandro de Oliveira)","src":"https:\/\/i0.wp.com\/s2.glbimg.com\/r52q3KKbIfFEMQ8cb0lhHaaReTE%3D\/s.glbimg.com\/jo\/g1\/f\/original\/2015\/05\/27\/11041932_768632709892097_5590564748312636083_o.jpg?resize=350%2C200","width":350,"height":200,"srcset":"https:\/\/i0.wp.com\/s2.glbimg.com\/r52q3KKbIfFEMQ8cb0lhHaaReTE%3D\/s.glbimg.com\/jo\/g1\/f\/original\/2015\/05\/27\/11041932_768632709892097_5590564748312636083_o.jpg?resize=350%2C200 1x, https:\/\/i0.wp.com\/s2.glbimg.com\/r52q3KKbIfFEMQ8cb0lhHaaReTE%3D\/s.glbimg.com\/jo\/g1\/f\/original\/2015\/05\/27\/11041932_768632709892097_5590564748312636083_o.jpg?resize=525%2C300 1.5x"},"classes":[]},{"id":75342,"url":"https:\/\/jornalrol.com.br\/?p=75342","url_meta":{"origin":2130,"position":3},"title":"Leandro Portella","author":"Sergio Diniz da Costa","date":"9 de setembro de 2025","format":false,"excerpt":"Resili\u00eancia, esta bandeira quem a tem hasteada \u00e9 Leandro Portella, que, j\u00e1 ao nascer, encontrou a grande barreira a ser transposta: uma malforma\u00e7\u00e3o cong\u00eanita...","rel":"","context":"Em &quot;Ode \u00e0 Compet\u00eancia&quot;","block_context":{"text":"Ode \u00e0 Compet\u00eancia","link":"https:\/\/jornalrol.com.br\/?cat=11700"},"img":{"alt_text":"\"Eu sou Leandro Portella \u2014 artista pl\u00e1stico, tetrapl\u00e9gico, sonhador, resistente. Minha arte n\u00e3o \u00e9 apenas o que eu fa\u00e7o. \u00c9 quem eu sou.\" Arquivo Pessoal","src":"https:\/\/i0.wp.com\/jornalrol.com.br\/wp-content\/uploads\/2025\/09\/1.jpg?resize=350%2C200&ssl=1","width":350,"height":200,"srcset":"https:\/\/i0.wp.com\/jornalrol.com.br\/wp-content\/uploads\/2025\/09\/1.jpg?resize=350%2C200&ssl=1 1x, https:\/\/i0.wp.com\/jornalrol.com.br\/wp-content\/uploads\/2025\/09\/1.jpg?resize=525%2C300&ssl=1 1.5x, https:\/\/i0.wp.com\/jornalrol.com.br\/wp-content\/uploads\/2025\/09\/1.jpg?resize=700%2C400&ssl=1 2x"},"classes":[]},{"id":76393,"url":"https:\/\/jornalrol.com.br\/?p=76393","url_meta":{"origin":2130,"position":4},"title":"Aos 40 e poucos comecei","author":"Lee Oliveira","date":"24 de outubro de 2025","format":false,"excerpt":"\u00a0Mais do que uma autobiografia, o livro \u00e9 um convite \u00e0 a\u00e7\u00e3o, mostrando que nunca \u00e9 tarde para come\u00e7ar algo novo, e que cada mulher traz dentro de si uma for\u00e7a...","rel":"","context":"Em &quot;Literatura&quot;","block_context":{"text":"Literatura","link":"https:\/\/jornalrol.com.br\/?cat=9285"},"img":{"alt_text":"Lelia Alves","src":"https:\/\/i0.wp.com\/jornalrol.com.br\/wp-content\/uploads\/2025\/10\/WhatsApp-Image-2025-10-23-at-16.06.50.jpeg?resize=350%2C200&ssl=1","width":350,"height":200,"srcset":"https:\/\/i0.wp.com\/jornalrol.com.br\/wp-content\/uploads\/2025\/10\/WhatsApp-Image-2025-10-23-at-16.06.50.jpeg?resize=350%2C200&ssl=1 1x, https:\/\/i0.wp.com\/jornalrol.com.br\/wp-content\/uploads\/2025\/10\/WhatsApp-Image-2025-10-23-at-16.06.50.jpeg?resize=525%2C300&ssl=1 1.5x, https:\/\/i0.wp.com\/jornalrol.com.br\/wp-content\/uploads\/2025\/10\/WhatsApp-Image-2025-10-23-at-16.06.50.jpeg?resize=700%2C400&ssl=1 2x"},"classes":[]},{"id":53227,"url":"https:\/\/jornalrol.com.br\/?p=53227","url_meta":{"origin":2130,"position":5},"title":"Magna Asp\u00e1sia Fontenelle: &#039;Ano Novo&#039;","author":"Magna Aspasia Fontenelle","date":"2 de janeiro de 2023","format":false,"excerpt":"Ano Novo Ano Novo Tempo de finaliza\u00e7\u00e3o Reflex\u00e3o Mudan\u00e7as Esperan\u00e7as Recome\u00e7os. As expectativas nos enchem de esperan\u00e7a no ciclo que se inicia. Temos a sensa\u00e7\u00e3o de que o rel\u00f3gio zerou, e a vida recome\u00e7a como um livro com v\u00e1rias p\u00e1ginas em branco, para escrevermos nossa nova hist\u00f3ria a partir do\u2026","rel":"","context":"Em &quot;Comunica\u00e7\u00e3o&quot;","block_context":{"text":"Comunica\u00e7\u00e3o","link":"https:\/\/jornalrol.com.br\/?cat=7"},"img":{"alt_text":"","src":"https:\/\/i0.wp.com\/jornalrol.com.br\/wp-content\/uploads\/2023\/01\/magnaanonovo2023-1.jpg?resize=350%2C200&ssl=1","width":350,"height":200,"srcset":"https:\/\/i0.wp.com\/jornalrol.com.br\/wp-content\/uploads\/2023\/01\/magnaanonovo2023-1.jpg?resize=350%2C200&ssl=1 1x, https:\/\/i0.wp.com\/jornalrol.com.br\/wp-content\/uploads\/2023\/01\/magnaanonovo2023-1.jpg?resize=525%2C300&ssl=1 1.5x, https:\/\/i0.wp.com\/jornalrol.com.br\/wp-content\/uploads\/2023\/01\/magnaanonovo2023-1.jpg?resize=700%2C400&ssl=1 2x, https:\/\/i0.wp.com\/jornalrol.com.br\/wp-content\/uploads\/2023\/01\/magnaanonovo2023-1.jpg?resize=1050%2C600&ssl=1 3x"},"classes":[]}],"_links":{"self":[{"href":"https:\/\/jornalrol.com.br\/index.php?rest_route=\/wp\/v2\/posts\/2130","targetHints":{"allow":["GET"]}}],"collection":[{"href":"https:\/\/jornalrol.com.br\/index.php?rest_route=\/wp\/v2\/posts"}],"about":[{"href":"https:\/\/jornalrol.com.br\/index.php?rest_route=\/wp\/v2\/types\/post"}],"author":[{"embeddable":true,"href":"https:\/\/jornalrol.com.br\/index.php?rest_route=\/wp\/v2\/users\/3"}],"replies":[{"embeddable":true,"href":"https:\/\/jornalrol.com.br\/index.php?rest_route=%2Fwp%2Fv2%2Fcomments&post=2130"}],"version-history":[{"count":0,"href":"https:\/\/jornalrol.com.br\/index.php?rest_route=\/wp\/v2\/posts\/2130\/revisions"}],"wp:attachment":[{"href":"https:\/\/jornalrol.com.br\/index.php?rest_route=%2Fwp%2Fv2%2Fmedia&parent=2130"}],"wp:term":[{"taxonomy":"category","embeddable":true,"href":"https:\/\/jornalrol.com.br\/index.php?rest_route=%2Fwp%2Fv2%2Fcategories&post=2130"},{"taxonomy":"post_tag","embeddable":true,"href":"https:\/\/jornalrol.com.br\/index.php?rest_route=%2Fwp%2Fv2%2Ftags&post=2130"}],"curies":[{"name":"wp","href":"https:\/\/api.w.org\/{rel}","templated":true}]}}