{"id":2266,"date":"2015-06-22T12:01:54","date_gmt":"2015-06-22T15:01:54","guid":{"rendered":"http:\/\/www.jornalrol.com.br\/?p=2266"},"modified":"2015-06-22T12:01:54","modified_gmt":"2015-06-22T15:01:54","slug":"clube-recreativo-de-itapetininga-regulariza-documentacao","status":"publish","type":"post","link":"https:\/\/jornalrol.com.br\/?p=2266","title":{"rendered":"Clube Recreativo de Itapetininga regulariza documenta\u00e7\u00e3o"},"content":{"rendered":"<div class=\"pdfprnt-buttons pdfprnt-buttons-post pdfprnt-top-right\"><a href=\"https:\/\/jornalrol.com.br\/index.php?rest_route=%2Fwp%2Fv2%2Fposts%2F2266&print=pdf\" class=\"pdfprnt-button pdfprnt-button-pdf\" target=\"_blank\" ><\/a><a href=\"https:\/\/jornalrol.com.br\/index.php?rest_route=%2Fwp%2Fv2%2Fposts%2F2266&print=print\" class=\"pdfprnt-button pdfprnt-button-print\" target=\"_blank\" ><img decoding=\"async\" src=\"https:\/\/jornalrol.com.br\/wp-content\/plugins\/pdf-print\/images\/print.png\" alt=\"image_print\" title=\"Conte\u00fado de impress\u00e3o\" \/><\/a><\/div><p><strong>Ap\u00f3s 40 anos, Clube Recreativo regulariza\u00a0situa\u00e7\u00e3o de alvar\u00e1s da sede campestre<\/strong><!--more--><\/p>\n<p>Atual administra\u00e7\u00e3o de um dos mais antigos e tradicionais clubes da cidade\u00a0empenhada em resgatar sua hist\u00f3ria<\/p>\n<p><a href=\"http:\/\/www.jornalrol.com.br\/wp-content\/uploads\/2015\/06\/sede-campestre-Clube-Recreativo-de-Itapetininga.jpg\"><img loading=\"lazy\" decoding=\"async\" class=\"alignleft size-medium wp-image-2267\" src=\"http:\/\/www.jornalrol.com.br\/wp-content\/uploads\/2015\/06\/sede-campestre-Clube-Recreativo-de-Itapetininga-300x199.jpg\" alt=\"sede campestre Clube Recreativo de Itapetininga\" width=\"300\" height=\"199\" \/><\/a>A um ano de seu centen\u00e1rio, o Clube Recreativo de Itapetininga comemora a conquista\u00a0de alvar\u00e1s do Corpo de Bombeiros Militar e da Prefeitura.<\/p>\n<p>O presidente Alexandre Zanani comentou sobre o assunto durante reuni\u00e3o de diretoria\u00a0na noite do \u00faltimo dia 10, e emocionou-se ao comunicar que ap\u00f3s 40 anos, \u201co clube\u00a0agora existe oficialmente\u201d.<\/p>\n<p>&nbsp;<\/p>\n<p>&nbsp;<\/p>\n<p>Enf\u00e1tico, Zanani disse que esta foi a resposta para \u201cquem disse que a entidade estaria\u00a0fechada em 40 dias\u201d, avisando que as piscinas permanecer\u00e3o abertas o ano todo.<\/p>\n<p><a href=\"http:\/\/www.jornalrol.com.br\/wp-content\/uploads\/2015\/06\/alvara-prefeitura.jpg\"><img loading=\"lazy\" decoding=\"async\" class=\"alignleft size-medium wp-image-2268\" src=\"http:\/\/www.jornalrol.com.br\/wp-content\/uploads\/2015\/06\/alvara-prefeitura-215x300.jpg\" alt=\"alvara prefeitura\" width=\"215\" height=\"300\" \/><\/a><a href=\"http:\/\/www.jornalrol.com.br\/wp-content\/uploads\/2015\/06\/alvara-bombeiro.jpg\"><img loading=\"lazy\" decoding=\"async\" class=\"alignleft size-medium wp-image-2269\" src=\"http:\/\/www.jornalrol.com.br\/wp-content\/uploads\/2015\/06\/alvara-bombeiro-206x300.jpg\" alt=\"alvara bombeiro\" width=\"206\" height=\"300\" \/><\/a><\/p>\n<p>&nbsp;<\/p>\n<p>&nbsp;<\/p>\n<p>&nbsp;<\/p>\n<p>&nbsp;<\/p>\n<p>&nbsp;<\/p>\n<p>A gest\u00e3o de Zanani realiza mudan\u00e7as que prometem atrair mais associados, como\u00a0isen\u00e7\u00e3o da famosa \u2018j\u00f3ia\u2019 (at\u00e9 31 de julho), a possibilidade de locar o sal\u00e3o para festas e\u00a0casamentos, aula de zumba e de jiu-j\u00edtsu, m\u00fasica ao vivo semanalmente, entre outras\u00a0atividades.<\/p>\n<p>&nbsp;<\/p>\n","protected":false},"excerpt":{"rendered":"<p>Ap\u00f3s 40 anos, Clube Recreativo regulariza\u00a0situa\u00e7\u00e3o de alvar\u00e1s da sede campestre<\/p>\n","protected":false},"author":3,"featured_media":0,"comment_status":"closed","ping_status":"closed","sticky":false,"template":"","format":"standard","meta":{"_jetpack_newsletter_access":"","_jetpack_dont_email_post_to_subs":false,"_jetpack_newsletter_tier_id":0,"_jetpack_memberships_contains_paywalled_content":false,"_jetpack_memberships_contains_paid_content":false,"footnotes":""},"categories":[7],"tags":[7603],"class_list":["post-2266","post","type-post","status-publish","format-standard","hentry","category-comunicacao","tag-rogerio"],"aioseo_notices":[],"views":0,"jetpack_featured_media_url":"","jetpack_sharing_enabled":true,"jetpack_likes_enabled":true,"jetpack-related-posts":[{"id":4614,"url":"https:\/\/jornalrol.com.br\/?p=4614","url_meta":{"origin":2266,"position":0},"title":"Noite do Flashback acontece neste s\u00e1bado em Itapetininga","author":"Helio Rubens","date":"8 de abril de 2016","format":false,"excerpt":"O evento vai ser realizado pelo Clube Recreativo de Itapetininga \u00a0 Realizado h\u00e1 seis anos e prestigiado por mais de 30.000 pessoas, o baile flasback do Clube Recreativo de Itapetininga acontece na noite deste s\u00e1bado, 9, a partir das 23 horas. \u00c9 o evento mais esperado mensalmente. De acordo com\u2026","rel":"","context":"Em &quot;Comunica\u00e7\u00e3o&quot;","block_context":{"text":"Comunica\u00e7\u00e3o","link":"https:\/\/jornalrol.com.br\/?cat=7"},"img":{"alt_text":"","src":"","width":0,"height":0},"classes":[]},{"id":4386,"url":"https:\/\/jornalrol.com.br\/?p=4386","url_meta":{"origin":2266,"position":1},"title":"Legi\u00e3o Urbana Cover Brasil neste s\u00e1bado\u00a0no Clube Recreativo de Itapetininga","author":"Helio Rubens","date":"10 de mar\u00e7o de 2016","format":false,"excerpt":"A t\u00e3o aguardada apresenta\u00e7\u00e3o da banda deve atrair grande p\u00fablico, entre antigos e novos f\u00e3s. Ingressos est\u00e3o sendo vendidos com anteced\u00eancia, mas ainda podem ser adquiridos \u00a0 O show com a banda Legi\u00e3o Urbana Cover Brasil acontece neste s\u00e1bado, 12, a partir das 23h00 no Clube Recreativo de Itapetininga. O\u2026","rel":"","context":"Em &quot;Comunica\u00e7\u00e3o&quot;","block_context":{"text":"Comunica\u00e7\u00e3o","link":"https:\/\/jornalrol.com.br\/?cat=7"},"img":{"alt_text":"","src":"","width":0,"height":0},"classes":[]},{"id":4014,"url":"https:\/\/jornalrol.com.br\/?p=4014","url_meta":{"origin":2266,"position":2},"title":"Antonio Abrami morre aos 85 anos","author":"Helio Rubens","date":"6 de janeiro de 2016","format":false,"excerpt":"Por Rog\u00e9rio Sardella Considerado o grande goleiro do time do CASI \u2013 Clube Atl\u00e9tico Sorocabana\u00a0Itapetininga, nas d\u00e9cadas de 1950\/60, Antonio Abrami morreu por volta de 16h55 do\u00a0\u00faltimo dia 04. Filho de Jos\u00e9 Abrami e Maria Rosa Abrami, o tamb\u00e9m ex-presidente do Clube\u00a0Recreativo de Itapetininga era vi\u00favo da sr\u00aa Tereza de\u2026","rel":"","context":"Em &quot;Comunica\u00e7\u00e3o&quot;","block_context":{"text":"Comunica\u00e7\u00e3o","link":"https:\/\/jornalrol.com.br\/?cat=7"},"img":{"alt_text":"toninho 2 (1)","src":"https:\/\/i0.wp.com\/www.jornalrol.com.br\/wp-content\/uploads\/2016\/01\/toninho-2-1-149x300.jpg?resize=350%2C200","width":350,"height":200},"classes":[]},{"id":2893,"url":"https:\/\/jornalrol.com.br\/?p=2893","url_meta":{"origin":2266,"position":3},"title":"Baile flashback neste s\u00e1bado no Clube Recreativo de Itapetininga","author":"Helio Rubens","date":"5 de agosto de 2015","format":false,"excerpt":"Acontece neste s\u00e1bado, 8, a partir das 23 horas, no Clube Recreativo de Itapetininga O 'Baile Flashback' \u00e9\u00a0uma boa oportunidade para reviver sucessos musicais das d\u00e9cadas de 70, 80 e 90, com repert\u00f3rio que promete n\u00e3o deixar ningu\u00e9m parado, segundo a dire\u00e7\u00e3o do clube. O atual presidente da entidade, Alexandre\u2026","rel":"","context":"Em &quot;Comunica\u00e7\u00e3o&quot;","block_context":{"text":"Comunica\u00e7\u00e3o","link":"https:\/\/jornalrol.com.br\/?cat=7"},"img":{"alt_text":"","src":"","width":0,"height":0},"classes":[]},{"id":4871,"url":"https:\/\/jornalrol.com.br\/?p=4871","url_meta":{"origin":2266,"position":4},"title":"Clube Recreativo promove evento especial para o Dia das M\u00e3es","author":"Helio Rubens","date":"6 de maio de 2016","format":false,"excerpt":"Dia das M\u00e3es no Clube Recreativo \u00a0 Comemorado no segundo domingo de Maio, o Dia das M\u00e3es. \u00c9 uma das datas mais expressivas do calend\u00e1rio, quando a fam\u00edlia se re\u00fane para homenagens que incluem presentes, mensagens personalizadas ou simplesmente um grande abra\u00e7o e beijos. Para a m\u00e3e o importante \u00e9\u2026","rel":"","context":"Em &quot;Comunica\u00e7\u00e3o&quot;","block_context":{"text":"Comunica\u00e7\u00e3o","link":"https:\/\/jornalrol.com.br\/?cat=7"},"img":{"alt_text":"","src":"","width":0,"height":0},"classes":[]},{"id":3462,"url":"https:\/\/jornalrol.com.br\/?p=3462","url_meta":{"origin":2266,"position":5},"title":"Clube Recreativo Itapetiningano reabre piscinas\u00a0e promove eventos para associados","author":"Helio Rubens","date":"11 de outubro de 2015","format":false,"excerpt":"Segundo a diretoria, \"a reabertura das piscinas vem ao encontro do desejo da popula\u00e7\u00e3o, que tem enfrentado altas temperaturas e quer se refrescar\" \u00a0 O Clube Recreativo tamb\u00e9m promove eventos na sede social Com a entrada da Primavera, veio a mudan\u00e7a clim\u00e1tica. A popula\u00e7\u00e3o tem enfrentado altas temperaturas, mesmo antes\u2026","rel":"","context":"Em &quot;Comunica\u00e7\u00e3o&quot;","block_context":{"text":"Comunica\u00e7\u00e3o","link":"https:\/\/jornalrol.com.br\/?cat=7"},"img":{"alt_text":"sede campestre Clube Recreativo de Itapetininga","src":"https:\/\/i0.wp.com\/www.jornalrol.com.br\/wp-content\/uploads\/2015\/10\/sede-campestre-Clube-Recreativo-de-Itapetininga-300x200.jpg?resize=350%2C200","width":350,"height":200},"classes":[]}],"_links":{"self":[{"href":"https:\/\/jornalrol.com.br\/index.php?rest_route=\/wp\/v2\/posts\/2266","targetHints":{"allow":["GET"]}}],"collection":[{"href":"https:\/\/jornalrol.com.br\/index.php?rest_route=\/wp\/v2\/posts"}],"about":[{"href":"https:\/\/jornalrol.com.br\/index.php?rest_route=\/wp\/v2\/types\/post"}],"author":[{"embeddable":true,"href":"https:\/\/jornalrol.com.br\/index.php?rest_route=\/wp\/v2\/users\/3"}],"replies":[{"embeddable":true,"href":"https:\/\/jornalrol.com.br\/index.php?rest_route=%2Fwp%2Fv2%2Fcomments&post=2266"}],"version-history":[{"count":0,"href":"https:\/\/jornalrol.com.br\/index.php?rest_route=\/wp\/v2\/posts\/2266\/revisions"}],"wp:attachment":[{"href":"https:\/\/jornalrol.com.br\/index.php?rest_route=%2Fwp%2Fv2%2Fmedia&parent=2266"}],"wp:term":[{"taxonomy":"category","embeddable":true,"href":"https:\/\/jornalrol.com.br\/index.php?rest_route=%2Fwp%2Fv2%2Fcategories&post=2266"},{"taxonomy":"post_tag","embeddable":true,"href":"https:\/\/jornalrol.com.br\/index.php?rest_route=%2Fwp%2Fv2%2Ftags&post=2266"}],"curies":[{"name":"wp","href":"https:\/\/api.w.org\/{rel}","templated":true}]}}