{"id":2306,"date":"2015-06-22T23:50:30","date_gmt":"2015-06-23T02:50:30","guid":{"rendered":"http:\/\/www.jornalrol.com.br\/?p=2306"},"modified":"2015-06-22T23:50:30","modified_gmt":"2015-06-23T02:50:30","slug":"regiao-de-itapetininga-tem-61-vagas-abertas-para-pessoas-com-deficiencia","status":"publish","type":"post","link":"https:\/\/jornalrol.com.br\/?p=2306","title":{"rendered":"Regi\u00e3o de Itapetininga tem 61 vagas abertas para pessoas com defici\u00eancia"},"content":{"rendered":"<div class=\"pdfprnt-buttons pdfprnt-buttons-post pdfprnt-top-right\"><a href=\"https:\/\/jornalrol.com.br\/index.php?rest_route=%2Fwp%2Fv2%2Fposts%2F2306&print=pdf\" class=\"pdfprnt-button pdfprnt-button-pdf\" target=\"_blank\" ><\/a><a href=\"https:\/\/jornalrol.com.br\/index.php?rest_route=%2Fwp%2Fv2%2Fposts%2F2306&print=print\" class=\"pdfprnt-button pdfprnt-button-print\" target=\"_blank\" ><img decoding=\"async\" src=\"https:\/\/jornalrol.com.br\/wp-content\/plugins\/pdf-print\/images\/print.png\" alt=\"image_print\" title=\"Conte\u00fado de impress\u00e3o\" \/><\/a><\/div><div class=\"materia-titulo\">\n<h1 class=\"entry-title\">Publicado pela Tv Tem<\/h1>\n<\/div>\n<p><!--more--><\/p>\n<div class=\"materia-assinatura-linha\">\u00a0Programa Emprega S\u00e3o Paulo, do governo estadual, tem acesso via web.<br \/>\nOportunidades de emprego s\u00e3o nas cidades de Boituva, Itapetininga e Tatu\u00ed.<\/div>\n<div class=\"materia-assinatura-letra\">\n<div class=\"materia-assinatura\">\n<p class=\"vcard author\"><span class=\"adr\"><span class=\"locality\">Do G1 Itapetininga e Regi\u00e3o<\/span><\/span><\/p>\n<\/div>\n<\/div>\n<div class=\"compartilhamento-materia\">\n<div class=\"share-bar share-bar-container share-theme-natural\" data-title=\"Regi\u00e3o de Itapetininga tem 61 vagas abertas para pessoas com defici\u00eancia\" data-url=\"http:\/\/g1.globo.com\/sao-paulo\/itapetininga-regiao\/noticia\/2015\/06\/regiao-de-itapetininga-tem-61-vagas-abertas-para-pessoas-com-deficiencia.html\" data-image-url=\"http:\/\/s.glbimg.com\/jo\/g1\/static\/live\/imagens\/img_facebook.png\" data-hashtags=\"#G1\">\n<div class=\"share-button share-facebook share-full\">\n<div class=\"svg-size\"><\/div>\n<p><a class=\"\" title=\"Compartilhar via Facebook\" href=\"http:\/\/www.facebook.com\/\" target=\"_blank\" rel=\"external\">FACEBOOK<\/a><\/div>\n<div class=\"share-button share-twitter share-small\"><\/div>\n<div class=\"share-button share-googleplus share-small\"><\/div>\n<div class=\"share-button share-pinterest share-small\"><\/div>\n<\/div>\n<\/div>\n<div id=\"materia-letra\" class=\"materia-conteudo entry-content\">\n<div>\n<p>O programa Emprega S\u00e3o Paulo\/Mais Emprego oferece 61 oportunidades de trabalho para pessoas com defici\u00eancia na regi\u00e3o de <a class=\"premium-tip\" href=\"http:\/\/g1.globo.com\/sp\/itapetininga-regiao\/cidade\/itapetininga.html\">Itapetininga<\/a> (SP) desde segunda-feira (15). S\u00e3o 37 vagas em Itapetininga, 20 em <a class=\"premium-tip\" href=\"http:\/\/g1.globo.com\/sp\/itapetininga-regiao\/cidade\/boituva.html\">Boituva<\/a> (SP) e quatro em <a class=\"premium-tip\" href=\"http:\/\/g1.globo.com\/sp\/itapetininga-regiao\/cidade\/tatui.html\">Tatu\u00ed<\/a> (SP).<\/p>\n<div class=\"saibamais componente_materia on\"><strong>saiba mais<\/strong><\/p>\n<ul>\n<li><a href=\"http:\/\/g1.globo.com\/sao-paulo\/sorocaba-jundiai\/noticia\/2015\/06\/prouni-oferece-mais-de-140-vagas-para-cursos-na-regiao-de-sorocaba.html\" target=\"_blank\">Prouni oferece vagas para cursos na<br \/>\nregi\u00e3o de Sorocaba e Itapetininga<\/a><\/li>\n<\/ul>\n<\/div>\n<p>O programa destaca que em Itapetininga s\u00e3o oferecidas 30 vagas para o of\u00edcio de auxiliar de produ\u00e7\u00e3o. Para ter acesso \u00e0s oportunidades \u00e9 preciso acessar o <a href=\"https:\/\/www.empregasaopaulo.sp.gov.br\/imoweb\/index.jsp\" target=\"_blank\">site do programa<\/a>, criar login, senha e informar os dados solicitados.<\/p>\n<p>Outra op\u00e7\u00e3o \u00e9 comparecer a um Posto de Atendimento ao Trabalhador (PAT) da cidade com RG, CPF, PIS, Carteira de Trabalho, laudo m\u00e9dico com o C\u00f3digo Internacional de Doen\u00e7as (CID) e Audiometria (no caso de defici\u00eancia auditiva). Quem n\u00e3o tiver o laudo ser\u00e1 orientado no pr\u00f3prio PAT sobre como proceder para conseguir a documenta\u00e7\u00e3o exigida.<\/p>\n<p>O programa Emprega S\u00e3o Paulo\/Mais Emprego \u00e9 uma ag\u00eancia de empregos p\u00fablica e gratuita gerenciada pela Secretaria do Emprego e Rela\u00e7\u00f5es do Trabalho (SERT) em parceria com o Minist\u00e9rio do Trabalho e Emprego (MTE).<\/p>\n<\/div>\n<\/div>\n","protected":false},"excerpt":{"rendered":"<p>Publicado pela Tv Tem<\/p>\n","protected":false},"author":3,"featured_media":0,"comment_status":"closed","ping_status":"closed","sticky":false,"template":"","format":"standard","meta":{"_jetpack_newsletter_access":"","_jetpack_dont_email_post_to_subs":false,"_jetpack_newsletter_tier_id":0,"_jetpack_memberships_contains_paywalled_content":false,"_jetpack_memberships_contains_paid_content":false,"footnotes":""},"categories":[7],"tags":[3221],"class_list":["post-2306","post","type-post","status-publish","format-standard","hentry","category-comunicacao","tag-empregos"],"aioseo_notices":[],"views":0,"jetpack_featured_media_url":"","jetpack_sharing_enabled":true,"jetpack_likes_enabled":true,"jetpack-related-posts":[{"id":4404,"url":"https:\/\/jornalrol.com.br\/?p=4404","url_meta":{"origin":2306,"position":0},"title":"Saiu na Tv Tem: &#039;Sesi de Itapetininga recebe o espet\u00e1culo &#039;O Mist\u00e9rio da Bomba H&#039;&#039;","author":"Helio Rubens","date":"12 de mar\u00e7o de 2016","format":false,"excerpt":"Pe\u00e7a infantil ser\u00e1 nesta sexta-feira (11) e neste s\u00e1bado (12) Espet\u00e1culo \u00e9 gratuito e come\u00e7a a partir das 16h. Do G1 Itapetininga e Regi\u00e3o O Sesi de Itapetininga (SP) recebe nesta sexta-feira (11) e s\u00e1bado (12) a pe\u00e7a de teatro infantil\u00a0 \u201cO Mist\u00e9rio da Bomba H\u201d. O espet\u00e1culo \u00e9 gratuito\u2026","rel":"","context":"Em &quot;Comunica\u00e7\u00e3o&quot;","block_context":{"text":"Comunica\u00e7\u00e3o","link":"https:\/\/jornalrol.com.br\/?cat=7"},"img":{"alt_text":"","src":"","width":0,"height":0},"classes":[]},{"id":3049,"url":"https:\/\/jornalrol.com.br\/?p=3049","url_meta":{"origin":2306,"position":1},"title":"Diretoria de Ensino dde Itapetininga realiza Processo Seletivo: 21 vagas dispon\u00edveis","author":"Helio Rubens","date":"22 de agosto de 2015","format":false,"excerpt":"Derita abre inscri\u00e7\u00f5es para 21 vagas As oportunidades s\u00e3o para o cargo de Agente de Organiza\u00e7\u00e3o Escolar. O pr\u00e9-requisito \u00e9 ter n\u00edvel m\u00e9dio e disponibilidade para trabalhar em jornadas de 40 horas. O sal\u00e1rio \u00e9 R$ 971,78. imscri\u00e7\u00f5es\u00a0entre 24 de agosto de 2015 e 8 de setembro de 2015 nas\u2026","rel":"","context":"Em &quot;Comunica\u00e7\u00e3o&quot;","block_context":{"text":"Comunica\u00e7\u00e3o","link":"https:\/\/jornalrol.com.br\/?cat=7"},"img":{"alt_text":"","src":"","width":0,"height":0},"classes":[]},{"id":2049,"url":"https:\/\/jornalrol.com.br\/?p=2049","url_meta":{"origin":2306,"position":2},"title":"Abertas inscri\u00e7\u00f5es de concurso para Guarda Municipal de Itapetininga, SP","author":"Helio Rubens","date":"30 de maio de 2015","format":false,"excerpt":"S\u00e3o 40 vagas para homens e mulheres; sal\u00e1rio \u00e9 de R$ 995.\u00a0\u00c9 necess\u00e1rio ter ensino m\u00e9dio completo e possuir CNH. Do G1 Itapetininga e Regi\u00e3o As inscri\u00e7\u00f5es para o concurso p\u00fablico da Guarda Municipal de Itapetininga (SP) est\u00e3o abertas at\u00e9 22 de junho. S\u00e3o 40 vagas para homens e mulheres.\u2026","rel":"","context":"Em &quot;Comunica\u00e7\u00e3o&quot;","block_context":{"text":"Comunica\u00e7\u00e3o","link":"https:\/\/jornalrol.com.br\/?cat=7"},"img":{"alt_text":"","src":"","width":0,"height":0},"classes":[]},{"id":842,"url":"https:\/\/jornalrol.com.br\/?p=842","url_meta":{"origin":2306,"position":3},"title":"SINDICATO DOS EMPREGADOS DO COMERCIO DE ITAPETININGA POSICIONAM-SE CONTRA AS MEDIDAS PROVIS\u00d3RIAS DO GOVERNO FEDERAL","author":"Helio Rubens","date":"5 de fevereiro de 2015","format":false,"excerpt":"Marcelo Lucio de Meira, presidente do Sindicato dos Empregados no Com\u00e9rcio de Itapetininga, Tatu\u00ed e regi\u00e3o est\u00e1 indignado Em comunicado enviado \u00e0 imprensa, o presidente Marcelo Lucio disse: \"N\u00e3o podemos aceitar que o governo mude os direitos trabalhistas j\u00e1 conquistados pela classe trabalhadora brasileira, com muita luta e sacrif\u00edcio, ao\u2026","rel":"","context":"Em &quot;Comunica\u00e7\u00e3o&quot;","block_context":{"text":"Comunica\u00e7\u00e3o","link":"https:\/\/jornalrol.com.br\/?cat=7"},"img":{"alt_text":"jornal rol","src":"https:\/\/i0.wp.com\/www.jornalrol.com.br\/wp-content\/uploads\/2014\/06\/logoita.jpg?resize=350%2C200","width":350,"height":200},"classes":[]},{"id":4437,"url":"https:\/\/jornalrol.com.br\/?p=4437","url_meta":{"origin":2306,"position":4},"title":"Saiu na Tv Tem: Inscri\u00e7\u00f5es para shows da Expoagro de Itapetininga est\u00e3o abertas","author":"Helio Rubens","date":"16 de mar\u00e7o de 2016","format":false,"excerpt":"Artistas e grupos podem se inscrever para shows regionais at\u00e9 23 de mar\u00e7o \u00a0Para efetuar inscri\u00e7\u00e3o, candidatos devem levar CD com duas m\u00fasicas. Do G1 Itapetininga e Regi\u00e3o FACEBOOK Expoagro vai acontecer entre os dias 8 e 17 de abril em Itapetininga (Foto: Reprodu\u00e7\u00e3o\/ TV TEM) As inscri\u00e7\u00f5es para artistas\u2026","rel":"","context":"Em &quot;Comunica\u00e7\u00e3o&quot;","block_context":{"text":"Comunica\u00e7\u00e3o","link":"https:\/\/jornalrol.com.br\/?cat=7"},"img":{"alt_text":"ExpoAgro Itapetininga (Foto: Reprodu\u00e7\u00e3o\/ TV TEM)","src":"https:\/\/i0.wp.com\/s2.glbimg.com\/MpaAJxSIklfcfyQSh_EoC9c1suE%3D\/s.glbimg.com\/jo\/g1\/f\/original\/2015\/04\/22\/expo.jpg?resize=350%2C200","width":350,"height":200,"srcset":"https:\/\/i0.wp.com\/s2.glbimg.com\/MpaAJxSIklfcfyQSh_EoC9c1suE%3D\/s.glbimg.com\/jo\/g1\/f\/original\/2015\/04\/22\/expo.jpg?resize=350%2C200 1x, https:\/\/i0.wp.com\/s2.glbimg.com\/MpaAJxSIklfcfyQSh_EoC9c1suE%3D\/s.glbimg.com\/jo\/g1\/f\/original\/2015\/04\/22\/expo.jpg?resize=525%2C300 1.5x"},"classes":[]},{"id":5911,"url":"https:\/\/jornalrol.com.br\/?p=5911","url_meta":{"origin":2306,"position":5},"title":"Cine Clube de Itapetininga apresenta mais uma sess\u00e3o de filme","author":"Helio Rubens","date":"16 de agosto de 2016","format":false,"excerpt":"Encontro ser\u00e1 no pr\u00f3ximo domingo, \u00e0s 15h30 \u00a0 O Cine Clube \u2018Antonio Luiz Balint\u2019 realizar\u00e1 mais uma exibi\u00e7\u00e3o de filme. O t\u00edtulo escolhido \u00e9 Cinzas do Para\u00edso. O evento ser\u00e1 no pr\u00f3ximo domingo, dia 21, \u00e0s 15h30, no espa\u00e7o do Cine Janelas, que fica no Audit\u00f3rio Municipal Ab\u00edlio Victor. A\u2026","rel":"","context":"Em &quot;Comunica\u00e7\u00e3o&quot;","block_context":{"text":"Comunica\u00e7\u00e3o","link":"https:\/\/jornalrol.com.br\/?cat=7"},"img":{"alt_text":"","src":"","width":0,"height":0},"classes":[]}],"_links":{"self":[{"href":"https:\/\/jornalrol.com.br\/index.php?rest_route=\/wp\/v2\/posts\/2306","targetHints":{"allow":["GET"]}}],"collection":[{"href":"https:\/\/jornalrol.com.br\/index.php?rest_route=\/wp\/v2\/posts"}],"about":[{"href":"https:\/\/jornalrol.com.br\/index.php?rest_route=\/wp\/v2\/types\/post"}],"author":[{"embeddable":true,"href":"https:\/\/jornalrol.com.br\/index.php?rest_route=\/wp\/v2\/users\/3"}],"replies":[{"embeddable":true,"href":"https:\/\/jornalrol.com.br\/index.php?rest_route=%2Fwp%2Fv2%2Fcomments&post=2306"}],"version-history":[{"count":0,"href":"https:\/\/jornalrol.com.br\/index.php?rest_route=\/wp\/v2\/posts\/2306\/revisions"}],"wp:attachment":[{"href":"https:\/\/jornalrol.com.br\/index.php?rest_route=%2Fwp%2Fv2%2Fmedia&parent=2306"}],"wp:term":[{"taxonomy":"category","embeddable":true,"href":"https:\/\/jornalrol.com.br\/index.php?rest_route=%2Fwp%2Fv2%2Fcategories&post=2306"},{"taxonomy":"post_tag","embeddable":true,"href":"https:\/\/jornalrol.com.br\/index.php?rest_route=%2Fwp%2Fv2%2Ftags&post=2306"}],"curies":[{"name":"wp","href":"https:\/\/api.w.org\/{rel}","templated":true}]}}