{"id":2308,"date":"2015-06-24T19:43:18","date_gmt":"2015-06-24T22:43:18","guid":{"rendered":"http:\/\/www.jornalrol.com.br\/?p=2308"},"modified":"2015-06-24T19:43:18","modified_gmt":"2015-06-24T22:43:18","slug":"artigo-de-pedro-novaes-nomes-e-pessoas","status":"publish","type":"post","link":"https:\/\/jornalrol.com.br\/?p=2308","title":{"rendered":"Artigo de Pedro Novaes: &#039;Nomes e pessoas&#039;"},"content":{"rendered":"<div class=\"pdfprnt-buttons pdfprnt-buttons-post pdfprnt-top-right\"><a href=\"https:\/\/jornalrol.com.br\/index.php?rest_route=%2Fwp%2Fv2%2Fposts%2F2308&print=pdf\" class=\"pdfprnt-button pdfprnt-button-pdf\" target=\"_blank\" ><\/a><a href=\"https:\/\/jornalrol.com.br\/index.php?rest_route=%2Fwp%2Fv2%2Fposts%2F2308&print=print\" class=\"pdfprnt-button pdfprnt-button-print\" target=\"_blank\" ><img decoding=\"async\" src=\"https:\/\/jornalrol.com.br\/wp-content\/plugins\/pdf-print\/images\/print.png\" alt=\"image_print\" title=\"Conte\u00fado de impress\u00e3o\" \/><\/a><\/div><p><strong> Pedro Israel Novaes de Almeida<\/strong><!--more--><\/p>\n<p>&nbsp;<\/p>\n<p>&nbsp;<\/p>\n<figure id=\"attachment_87\" aria-describedby=\"caption-attachment-87\" style=\"width: 195px\" class=\"wp-caption alignleft\"><a href=\"http:\/\/www.jornalrol.com.br\/wp-content\/uploads\/2014\/11\/Foto-close1.jpg\"><img loading=\"lazy\" decoding=\"async\" class=\"size-full wp-image-87\" src=\"http:\/\/www.jornalrol.com.br\/wp-content\/uploads\/2014\/11\/Foto-close1.jpg\" alt=\"colunista do ROL\" width=\"195\" height=\"258\" \/><\/a><figcaption id=\"caption-attachment-87\" class=\"wp-caption-text\">Pedro Novaes<\/figcaption><\/figure>\n<p>Existem obras e pessoas que merecem ser imortalizadas.<\/p>\n<p>Grandes feitos e bons exemplos de vida costumam ser perpetuados atrav\u00e9s de est\u00e1tuas, comendas, placas comemorativas, selos e nomes de logradouros ou pr\u00e9dios p\u00fablicos.<\/p>\n<p>Tais reconhecimentos, contudo, nem sempre s\u00e3o atestados de m\u00e9rito, amesquinhados pelo oportunismo e interesse pol\u00edtico que, n\u00e3o raro, ronda as iniciativas e vota\u00e7\u00f5es parlamentares que tratam do assunto. Finados oriundos de fam\u00edlias numerosas e influentes conseguem o milagre de uma boa biografia, com as consequentes homenagens.<\/p>\n<p>Banalizadas, as homenagens acabam sendo transformadas em um amontoado de letras de pouco ou nenhum significado, obrigando a sociedade a decor\u00e1-las, at\u00e9 como referencial geogr\u00e1fico urbano. S\u00e3o raros os cidad\u00e3os que sabem a biografia do cidad\u00e3o que emprestou o nome \u00e0 rua ou pra\u00e7a onde moram.<\/p>\n<p>Na verdade, os exemplos e feitos dignos de imortaliza\u00e7\u00e3o s\u00e3o poucos, dezenas em s\u00e9culos. O m\u00e9rito muitas vezes \u00e9 encontrado, e desconsiderado, em atitudes grandiosas de cidad\u00e3os comuns, pouco influentes e menos renomados.<\/p>\n<p>Em boa hora, deixamos, por imposi\u00e7\u00e3o legal, de prestarmos homenagens em recintos p\u00fablicos a pessoas vivas, como se fossem presumidas merit\u00f3rias e exemplares, at\u00e9 a morte.<\/p>\n<p>Urbanistas, com raz\u00e3o, sempre criticaram a utiliza\u00e7\u00e3o de nomes de pessoas, em logradouros p\u00fablicos. O nome de uma rua deve servir como orienta\u00e7\u00e3o geogr\u00e1fica, n\u00e3o como homenagem.<\/p>\n<p>Como entender onde \u00e9 a rua Emengarda Madaleno da Cunha Monteiro, esquina com a avenida Sebasti\u00e3o Erotides Alc\u00e2ntara de Mello Franco Neto ? Mais objetivo seria a rua 8, esquina com a avenida 3.<\/p>\n<p>Alguns munic\u00edpios adotam nomes de p\u00e1ssaros, em determinado bairro, e nomes de estados, plantas, animais ou minerais em outros. A memoriza\u00e7\u00e3o e o referencial, em tais casos, s\u00e3o facilitados.<\/p>\n<p>Uma vez colocado o nome de alguma pessoa em determinado logradouro, soa como desrespeito \u00e0 fam\u00edlia sua substitui\u00e7\u00e3o por outro, caso sobrevenha a ci\u00eancia de algum feito desabonador do homenageado. Em tais casos, a nova biografia costuma ser solenemente ignorada.<\/p>\n<p>Temos o p\u00e9ssimo h\u00e1bito da pessoalidade, e pol\u00edticos acabam buscando a imortaliza\u00e7\u00e3o em vida, como as pouco modestas denomina\u00e7\u00f5es do Instituto Lula e Instituto FHC. A banaliza\u00e7\u00e3o das homenagens desmerece os que as receberam por merecimento, e n\u00e3o s\u00e3o raros os casos em que medalhas, galard\u00f5es e t\u00edtulos s\u00e3o devolvidos pelos que a receberam, t\u00e3o logo destinados a figuras sabidamente prom\u00edscuas ou desonestas.<\/p>\n<p>As homenagens em logradouros p\u00fablicos, se erroneamente persistirem, devem aguardar um interregno de pelo menos 20 anos do \u00f3bito, tempo necess\u00e1rio ao esquecimento do feito ou exemplo, se desprez\u00edveis. Em 20 anos, pretensos le\u00f5es podem acabar conhecidos como gatos comuns.<\/p>\n<p>Legisladores possuem o dever \u00e9tico de n\u00e3o impor \u00e0 sociedade homenagens imerecidas, baseadas em interesses pessoais, pol\u00edticos ou meramente comerciais.<\/p>\n<p><a href=\"mailto:pedroinovaes@uol.com.br\">pedroinovaes@uol.com.br<\/a><\/p>\n<p>O autor \u00e9 engenheiro agr\u00f4nomo e advogado, aposentado.<\/p>\n","protected":false},"excerpt":{"rendered":"<p>Pedro Israel Novaes de Almeida<\/p>\n","protected":false},"author":3,"featured_media":0,"comment_status":"closed","ping_status":"closed","sticky":false,"template":"","format":"standard","meta":{"_jetpack_newsletter_access":"","_jetpack_dont_email_post_to_subs":false,"_jetpack_newsletter_tier_id":0,"_jetpack_memberships_contains_paywalled_content":false,"_jetpack_memberships_contains_paid_content":false,"footnotes":""},"categories":[7],"tags":[6691],"class_list":["post-2308","post","type-post","status-publish","format-standard","hentry","category-comunicacao","tag-pedro-novaes"],"aioseo_notices":[],"views":0,"jetpack_featured_media_url":"","jetpack_sharing_enabled":true,"jetpack_likes_enabled":true,"jetpack-related-posts":[{"id":4501,"url":"https:\/\/jornalrol.com.br\/?p=4501","url_meta":{"origin":2308,"position":0},"title":"Artigo de Pedro Novaes: &#039;Ritos Inuteis&#039;","author":"Helio Rubens","date":"22 de mar\u00e7o de 2016","format":false,"excerpt":"Pedro Israel Novaes de Almeida - \u00a0RITOS\u00a0 IN\u00daTEIS As C\u00e2maras Municipais ainda guardam resqu\u00edcios de rituais antigos, hoje meras e in\u00fateis formalidades. As indica\u00e7\u00f5es, medidas e provid\u00eancias sugeridas pelos vereadores, devem ser simplesmente encaminhadas, sem qualquer an\u00e1lise ou triagem legislativa. A publicidade \u00e9 necess\u00e1ria, e facultativa a discuss\u00e3o. Os requerimentos,\u2026","rel":"","context":"Em &quot;Comunica\u00e7\u00e3o&quot;","block_context":{"text":"Comunica\u00e7\u00e3o","link":"https:\/\/jornalrol.com.br\/?cat=7"},"img":{"alt_text":"colunista do ROL","src":"https:\/\/i0.wp.com\/www.jornalrol.com.br\/wp-content\/uploads\/2014\/11\/Foto-close1.jpg?resize=350%2C200","width":350,"height":200},"classes":[]},{"id":5866,"url":"https:\/\/jornalrol.com.br\/?p=5866","url_meta":{"origin":2308,"position":1},"title":"Artigo de Pedro Novaes: &#039;Rafaelas&#039;","author":"Helio Rubens","date":"11 de agosto de 2016","format":false,"excerpt":"Pedro Israel Novaes de Almeida -\u00a0RAFAELAS Dizem, cinicamente, que vencer \u00e9 um detalhe, e o importante \u00e9 competir. Rafaela Silva, nossa judoca medalhista ol\u00edmpica, deixou o anonimato, a discrimina\u00e7\u00e3o e os olhares desconfiados pelo detalhe de conseguir uma medalha de ouro, lutando e vencendo as melhores do mundo. A Rafaela\u2026","rel":"","context":"Em &quot;Comunica\u00e7\u00e3o&quot;","block_context":{"text":"Comunica\u00e7\u00e3o","link":"https:\/\/jornalrol.com.br\/?cat=7"},"img":{"alt_text":"colunista do ROL","src":"https:\/\/i0.wp.com\/www.jornalrol.com.br\/wp-content\/uploads\/2014\/11\/Foto-close1.jpg?resize=350%2C200","width":350,"height":200},"classes":[]},{"id":15830,"url":"https:\/\/jornalrol.com.br\/?p=15830","url_meta":{"origin":2308,"position":2},"title":"Pedro Israel Novaes de Almeida: &#039;Avenida do Z\u00e9&#039;","author":"Sergio Diniz da Costa","date":"3 de janeiro de 2018","format":false,"excerpt":"\"A humanidade, velada ou abertamente, sempre buscou o reconhecimento social, e a pr\u00f3pria imortalidade.\u00a0O reconhecimento social tem ocorr\u00eancia quase espont\u00e2nea, nascida do reconhecimento coletivo de atos ou pensares benem\u00e9ritos. \u00c9 um ato de justi\u00e7a, eterno sobrevivente na mem\u00f3ria popular, escritos, quadros, est\u00e1tuas e transmiss\u00e3o rotineira de cultura.\" \u00a0 \u00a0 A\u2026","rel":"","context":"Em &quot;Comunica\u00e7\u00e3o&quot;","block_context":{"text":"Comunica\u00e7\u00e3o","link":"https:\/\/jornalrol.com.br\/?cat=7"},"img":{"alt_text":"","src":"https:\/\/i0.wp.com\/www.jornalrol.com.br\/wp-content\/uploads\/2017\/10\/Foto-close-1.jpg?resize=350%2C200","width":350,"height":200},"classes":[]},{"id":4192,"url":"https:\/\/jornalrol.com.br\/?p=4192","url_meta":{"origin":2308,"position":3},"title":"Artigo de Pedro Novaes: &#039;Voltando ao trabalho&#039;","author":"Helio Rubens","date":"11 de fevereiro de 2016","format":false,"excerpt":"\u00a0 Pedro Israel Novaes de Almeida - VOLTANDO AO TRABALHO \u00a0 \u00a0 \u00a0 Acabou o carnaval ! De quarta a domingo, \u00e9 o per\u00edodo de concentra\u00e7\u00e3o para o trabalho de segunda-feira, que por uma trag\u00e9dia do destino n\u00e3o \u00e9 feriado. A TV aberta prepara a pauta dos pr\u00f3ximos dias, quando\u2026","rel":"","context":"Em &quot;Comunica\u00e7\u00e3o&quot;","block_context":{"text":"Comunica\u00e7\u00e3o","link":"https:\/\/jornalrol.com.br\/?cat=7"},"img":{"alt_text":"colunista do ROL","src":"https:\/\/i0.wp.com\/www.jornalrol.com.br\/wp-content\/uploads\/2014\/11\/Foto-close1.jpg?resize=350%2C200","width":350,"height":200},"classes":[]},{"id":33495,"url":"https:\/\/jornalrol.com.br\/?p=33495","url_meta":{"origin":2308,"position":4},"title":"Washington Novaes: TV Cultura reapresenta Roda Viva com o jornalista","author":"Sergio Diniz da Costa","date":"29 de agosto de 2020","format":false,"excerpt":"O programa, exibido originalmente em 2007, vai ao ar \u00e0 00h de domingo (30\/8) para segunda-feira Nesta semana, o Brasil perdeu\u00a0Washington Novaes, um dos grandes nomes do\u00a0jornalismo socioambiental. Para homenage\u00e1-lo, a\u00a0TV Cultura\u00a0apresenta uma edi\u00e7\u00e3o do\u00a0Roda Viva\u00a0com Novaes, exibida originalmente em 2007. No programa, entre outros assuntos, ele fala sobre a\u2026","rel":"","context":"Em &quot;Comunica\u00e7\u00e3o&quot;","block_context":{"text":"Comunica\u00e7\u00e3o","link":"https:\/\/jornalrol.com.br\/?cat=7"},"img":{"alt_text":"","src":"https:\/\/i0.wp.com\/www.jornalrol.com.br\/wp-content\/uploads\/2020\/08\/Roda-Viva-300x147.jpg?resize=350%2C200","width":350,"height":200},"classes":[]},{"id":4926,"url":"https:\/\/jornalrol.com.br\/?p=4926","url_meta":{"origin":2308,"position":5},"title":"Artigo de Pedro Novaes: &#039;Animais que abandonam&#039;","author":"Helio Rubens","date":"12 de maio de 2016","format":false,"excerpt":"Pedro Israel Novaes de Almeida - ANIMAIS QUE ABANDONAM \u00a0 Milh\u00f5es de c\u00e3es e gatos vivem abandonados, no Brasil. Sob a constante amea\u00e7a de doen\u00e7as, fome e viol\u00eancia,\u00a0revolvem lixos, atrapalham o tr\u00e2nsito, atacam ou s\u00e3o atacados e\u00a0nas horas vagas, procriam. Muitos j\u00e1 tiveram nome e endere\u00e7o, alegraram fam\u00edlias,\u00a0encantaram crian\u00e7as e\u2026","rel":"","context":"Em &quot;Comunica\u00e7\u00e3o&quot;","block_context":{"text":"Comunica\u00e7\u00e3o","link":"https:\/\/jornalrol.com.br\/?cat=7"},"img":{"alt_text":"colunista do ROL","src":"https:\/\/i0.wp.com\/www.jornalrol.com.br\/wp-content\/uploads\/2014\/11\/Foto-close1.jpg?resize=350%2C200","width":350,"height":200},"classes":[]}],"_links":{"self":[{"href":"https:\/\/jornalrol.com.br\/index.php?rest_route=\/wp\/v2\/posts\/2308","targetHints":{"allow":["GET"]}}],"collection":[{"href":"https:\/\/jornalrol.com.br\/index.php?rest_route=\/wp\/v2\/posts"}],"about":[{"href":"https:\/\/jornalrol.com.br\/index.php?rest_route=\/wp\/v2\/types\/post"}],"author":[{"embeddable":true,"href":"https:\/\/jornalrol.com.br\/index.php?rest_route=\/wp\/v2\/users\/3"}],"replies":[{"embeddable":true,"href":"https:\/\/jornalrol.com.br\/index.php?rest_route=%2Fwp%2Fv2%2Fcomments&post=2308"}],"version-history":[{"count":0,"href":"https:\/\/jornalrol.com.br\/index.php?rest_route=\/wp\/v2\/posts\/2308\/revisions"}],"wp:attachment":[{"href":"https:\/\/jornalrol.com.br\/index.php?rest_route=%2Fwp%2Fv2%2Fmedia&parent=2308"}],"wp:term":[{"taxonomy":"category","embeddable":true,"href":"https:\/\/jornalrol.com.br\/index.php?rest_route=%2Fwp%2Fv2%2Fcategories&post=2308"},{"taxonomy":"post_tag","embeddable":true,"href":"https:\/\/jornalrol.com.br\/index.php?rest_route=%2Fwp%2Fv2%2Ftags&post=2308"}],"curies":[{"name":"wp","href":"https:\/\/api.w.org\/{rel}","templated":true}]}}