{"id":2313,"date":"2015-06-27T17:10:07","date_gmt":"2015-06-27T20:10:07","guid":{"rendered":"http:\/\/www.jornalrol.com.br\/?p=2313"},"modified":"2015-06-27T17:10:07","modified_gmt":"2015-06-27T20:10:07","slug":"genealogia-afranio-mello-fornece-informacoes-sobre-as-familias-alves-cardoso-e-toledo","status":"publish","type":"post","link":"https:\/\/jornalrol.com.br\/?p=2313","title":{"rendered":"Genealogia: Afr\u00e2nio Mello fornece informa\u00e7\u00f5es sobre as familias ALVES, CARDOSO e TOLEDO"},"content":{"rendered":"<div class=\"pdfprnt-buttons pdfprnt-buttons-post pdfprnt-top-right\"><a href=\"https:\/\/jornalrol.com.br\/index.php?rest_route=%2Fwp%2Fv2%2Fposts%2F2313&print=pdf\" class=\"pdfprnt-button pdfprnt-button-pdf\" target=\"_blank\" ><\/a><a href=\"https:\/\/jornalrol.com.br\/index.php?rest_route=%2Fwp%2Fv2%2Fposts%2F2313&print=print\" class=\"pdfprnt-button pdfprnt-button-print\" target=\"_blank\" ><img decoding=\"async\" src=\"https:\/\/jornalrol.com.br\/wp-content\/plugins\/pdf-print\/images\/print.png\" alt=\"image_print\" title=\"Conte\u00fado de impress\u00e3o\" \/><\/a><\/div><p><u><strong>Afr\u00e2nio Mello: ATENDIMENTOS N\u00daMEROS 483, 484 E 485<\/strong><\/u><!--more--><\/p>\n<p>Caro Marcos,<\/p>\n<p>&nbsp;<\/p>\n<p>N\u00e3o tenho o arquivo de NOMES de pessoas e sim de SOBRENOMES.<\/p>\n<p>O que posso fazer para ajud\u00e1-lo em sua busca de informa\u00e7\u00f5es e enviar, como fa\u00e7o agora,<\/p>\n<p>o arquivo de tr\u00eas sobrenomes de sua origem, conforme os nomes que me enviou.<\/p>\n<p>ALVES&#8230;&#8230;&#8230;&#8230;&#8230;&#8230;&#8230;&#8230;&#8230;&#8230;&#8230;.. 18 p\u00e1ginas e 01 bras\u00e3o ;<\/p>\n<p>CARDOSO&#8230;&#8230;&#8230;&#8230;&#8230;&#8230;&#8230;&#8230;&#8230;.\u00a0 15 p\u00e1ginas e 02 bras\u00f5es;<\/p>\n<p>TOLEDO&#8230;&#8230;&#8230;&#8230;&#8230;&#8230;&#8230;&#8230;&#8230;&#8230;.\u00a0 07 p\u00e1ginas e 02 bras\u00f5es.<\/p>\n<p>Abaixo um resumo dos arquivos principais.<\/p>\n<p>Espero que, com a remessa dos arquivos, sua \u00e1rvore geneal\u00f3gica possa dar um boa caminhada.<\/p>\n<p>Como ultima sugest\u00e3o entre o MYHERITAGE e pesquise os nomes que voc\u00ea tem que o site encontra<\/p>\n<p>os pr\u00f3ximos de voc\u00ea que est\u00e3o registrados no mesmo.<\/p>\n<p>As pessoas tem tido bons resultados.<\/p>\n<p>Um grande abra\u00e7o.<\/p>\n<p>Afr\u00e2nio Franco de Oliveira Mello<br \/>\nIHGGI \/ ROL &#8211; Jornal On Line<\/p>\n<p>&nbsp;<\/p>\n<p>&nbsp;<\/p>\n<p>&nbsp;<\/p>\n<p><strong><a href=\"http:\/\/www.jornalrol.com.br\/wp-content\/uploads\/2015\/06\/alves.png\"><img loading=\"lazy\" decoding=\"async\" class=\"alignleft size-medium wp-image-2314\" src=\"http:\/\/www.jornalrol.com.br\/wp-content\/uploads\/2015\/06\/alves-176x300.png\" alt=\"alves\" width=\"176\" height=\"300\" \/><\/a>A<\/strong><strong>lves<\/strong> \u00e9 um sobrenome portugu\u00eas de origem patron\u00edmica que deriva da abreviatura de \u00c1lvares, filho de \u00c1lvaro. S\u00f3 em finais do s\u00e9culo XIX se come\u00e7a a generalizar o seu uso. Inicialmente, os primeiros a utilizar este sobrenome eram conhecidos como \u201c Fulano Filius Quondam \u00c1lvaro\u201d ou \u201c Fulano filho do senhor \u00c1lvaro\u201d, j\u00e1 a segunda gera\u00e7\u00e3o, ou seja, os netos do senhor \u00c1lvaro j\u00e1 utilizavam o nome do av\u00f4 como sobrenome.<\/p>\n<p>A sua grafia, nomeadamente a partir da abreviatura &#8220;Alvz&#8221; utilizada em documentos antigos acabou por ser &#8220;modernizada&#8221; para Alves que se transformou na f\u00f3rmula mais divulgada, sendo que algumas fam\u00edlias conservaram a grafia original. As ra\u00edzes deste sobrenome devem ser procurados na origem dos \u00c1lvares. Inclusive o bras\u00e3o \u00e9 o mesmo para os dois sobrenomes.<\/p>\n<p>Outros o considera um deriva\u00e7\u00e3o do baixo latim Alvitici, de Alvituus, e registra-se aluitici, no ano de 1073; e aluitz, no ano de 915 (Antenor Nascentes, Dic., II, 14). Os patron\u00edmicos s\u00e3o os apelidos que adotam um sufixo somado a um prenome, que indica sua filia\u00e7\u00e3o, por exemplo: Fernandes &#8211; significa Filho de Fernando; Henriques &#8211; significa \u201cFilho de Henrique\u201d Johnsson &#8211; \u201cFilho de Jo\u00e3o\u201d; Andreiev &#8211; \u201cFilho de Andr\u00e9\u201d; etc. N\u00e3o se pode afirmar que duas pessoas que tenham sobrenomes iguais, de caracter\u00edsticas patron\u00edmicas, sejam parentes, sem que se esteja devidamente documentado, de sua \u00e1rvore geneal\u00f3gica, para prov\u00e1-lo. Portugal: Entre as in\u00fameras fam\u00edlias com este sobrenome, de origem distinta, Felgueiras Gayo, em seu Nobili\u00e1rio das Fam\u00edlias de Portugal, dedica-se ao estudo dos Alves, de Braga, dando in\u00edcio em Alvaro Annes, natural do lugar da Ribeira, termo da cidadede Braga, que ainda vivia em 1566. Macau: o genealogista Jorge Forjaz, em sua valiosa obra <em>Fam\u00edlias Macaenses<\/em>, impressa em 1996, dedicou-se ao estudo desta fam\u00edlia, de origem portuguesa, que se estabeleceu, no s\u00e9culo XIX,\u00a0 em Macau [Forjaz &#8211; Fam\u00edlias Macaenses, Vol. I, 163]. Espanha: o genealogista espanhol A. Garcia Carrassa, em sua magn\u00edfica obra <em>Enciclop\u00e9dia <\/em>Her\u00e1ldica<em> y Geneal\u00f3gica &#8211; Diccion\u00e1rio her\u00e1ldico-<\/em>geneal\u00f3gico<em> de apellidos espa\u00f1oles y americanos<\/em>, impresso entre 1919-1936, dedica-se ao estudo desta fam\u00edlia [Carrassa &#8211; Enciclop\u00e9dia, V, 87]. Brasil: In\u00fameras foram as fam\u00edlias com este sobrenome que passaram ao Brasil, no decorrer destes seus quase 500 anos de hist\u00f3ria. H\u00e1 em Minas Gerais, uma Fam\u00edlia de propriet\u00e1rios rurais, comerciantes e de influentes pol\u00edticos, tanto de \u00e2mbito regional quanto nacional, com este sobrenome. O indiv\u00edduo mais antigo que se conhece, at\u00e9 o momento, \u00e9 Tom\u00e1s Alves, nascido por volta de 1818. Estes Alves exerceram diversos cargos na administra\u00e7\u00e3o p\u00fablica e civil, tanto no imp\u00e9rio quanto na rep\u00fablica. Alguns membros destas fam\u00edlias exerceram, entre outras, as seguintes fun\u00e7\u00f5es: advogados, deputados (estadual e federal), Conselheiro do Imp\u00e9rio, Ministro do Supremo Tribunal Federal, Senador Republicano, Secret\u00e1rio das Finan\u00e7as do Governo de Minas Gerais, Ministro da Justi\u00e7a. Propriet\u00e1rios da fazenda Santa Paula, com 163 hectares, no Munic\u00edpio de Matias Barbosa, MG. Seus descendentes fizeram alian\u00e7as com as seguintes fam\u00edlias: Horta Barbosa, Tarqu\u00ednio de Souza, Brito e Cunha, Bocayuva Cunha, entre outras. Ainda, em Minas Gerais, a fam\u00edlia de Braz Alves Antunes, Sargento-Mor de um dos regimentos de mil\u00edcias da antiga Capitania das Minas Gerais. Deixou gera\u00e7\u00e3o do seu cas. com Luciana Clara de Santa Rosa. Entre os descendentes deste casal, registram-se: I &#8211; o filho, Francisco Jos\u00e9 Alves, professo na Ordem de Cristo, e Capit\u00e3o-Mor da vila de Barbacena [MG]. Deixou gera\u00e7\u00e3o do seu cas. com Ana Leonarda Ludovina de Melo e Albuquerque, filha de Ant\u00f4nio Jos\u00e9 de Melo Pinto da Silva e de Joana F\u00e9lix da Silva; e II &#8211; o neto, Capit\u00e3o Francisco Maximiano Alves de Melo e Albuquerque, filho do anterior, que teve merc\u00ea da Carta de Bras\u00e3o de Armas &#8211; detalhes abaixo. Em S\u00e3o Paulo, entre os mais antigos, com este sobrenome, cita-se Francisco Alves, que foi Juiz Ordin\u00e1rio em 1554e interinamente em 1555. Depois, alcaide e porteiro. Ainda vivia em 1558 (A. Moura, Piratininga, 15). Em Pernambuco, uma das antigas fam\u00edlias com este sobrenome, procede do Capit\u00e3o Ant\u00f4nio Alves, nascido por volta de 1696, filho de Lu\u00eds Alves da Costa e de Francisca de Barros. Neto paterno de Rodrigo Alves e de Maria Quaresma. Foi casado, em Pernambuco, com Mariana (ou Maria) Cavalcanti, pertencendo a fam\u00edlia Cavalcanti (v.s.), uma das mais importantes e tradicionais de Pernambuco (Borges da Fonseca, Nobiliarchia, I, 30). Sobrenome de in\u00famera fam\u00edlias estabelecidas na Cidade do Rio de Janeiro, RJ. Entre outras, origin\u00e1ria das ilhas portuguesas, registram-se: I &#8211; a fam\u00edlia de Clara Ant\u00f4nia de S. Caetano Alves, natural de Agualva (Ilha Terceira), que veio, em 1789, para o Rio de Janeiro, com sua filha Maria Caetana, para juntar-se aos seus outros filhos Ant\u00f4nio Alves, Jo\u00e3o Alves e Francisco Alves. (Raimundo Belo &#8211; Emigra\u00e7\u00e3o A\u00e7oriana para o Brasil); II &#8211; a fam\u00edlia de Francisco machado Alves, natural de Agualva (Ilha Terceira), que veio, em 1786 (Raimundo Belo &#8211; Emigra\u00e7\u00e3o A\u00e7oriana para o Brasil); III &#8211; a fam\u00edlia de Francisco Mendes Alves, natural da Ilha Terceira, que veio, em 1827. Pai de Domingos de Souza Mendes (Raimundo Belo &#8211; Emigra\u00e7\u00e3o A\u00e7oriana para o Brasil). Em Rio Bonito, regi\u00e3o dos Lagos do Estado do Rio de Janeiro, a fam\u00edlia de Bernardino Jos\u00e9 Alves [c.1817-], filho de Manoel Alves Ramos e de \u00c1gueda Maria de Jesus. Casou, a 04. 07.1842, em Rio Bonito, com Barbara Maria de Jesus, exposta e batizada em casa de Roque Nunes da Silva (Arq. Luiz Borges da Luz). Na Vila Nova de Itamb\u00ed, RJ, a fam\u00edlia de Firmino Jos\u00e9 Alves [c.1829, Itambi -], filho de Celestino Jos\u00e9 Alves e de Joaquina Maria de Jesus. Foi cas., a 14.01.1854, em Rio Bonito, RJ, com Joaquina Maria de Jesus, nat. de Capivari [hoje, Silva Jardim], filha de Luiz Ant\u00f4nio da Costa e de Flora Maria de Jesus. Em Maric\u00e1, regi\u00e3o dos lagos, a fam\u00edlia de Ant\u00f4nio Pacheco de Resende, que deixou numerosa descend\u00eancia, por onde correm os sobrenomes Alves e Alves Pacheco, do seu cas. com Perp\u00e9tua Alves. Foram av\u00f3s de Joaquim Mariano Alves, senhor da fazenda de Cordeiros, munic\u00edpio de S. Gon\u00e7alo, onde fal. a 23.05.1875.<\/p>\n<p>===========================================================================================================================================================<\/p>\n<p>&nbsp;<\/p>\n<p>&nbsp;<\/p>\n<p><strong><a href=\"http:\/\/www.jornalrol.com.br\/wp-content\/uploads\/2015\/06\/cardoso.png\"><img loading=\"lazy\" decoding=\"async\" class=\"alignleft size-full wp-image-2315\" src=\"http:\/\/www.jornalrol.com.br\/wp-content\/uploads\/2015\/06\/cardoso.png\" alt=\"cardoso\" width=\"139\" height=\"275\" \/><\/a>C<\/strong><strong>ardozo, <\/strong>fam\u00edlia origin\u00e1ria e procedente do Reino de Castela, das Asturias de Santillana, em Santander. Um ramo passou para a Gal\u00edcia, e da\u00ed se estendeu por toda a Pen\u00ednsula Ib\u00e9rica, fundando novas casas com gera\u00e7\u00e3o de descendentes que continuaram com o apelido. A grafia do sobrenome aparece tanto como Cardozo quanto como Cardoso, sendo a primeira mais antiga. As refer\u00eancias mais antigas \u00e0 linhagem datam de 1170. A presen\u00e7a do metal ouro em seu bras\u00e3o de armas indica, de acordo com as conven\u00e7\u00f5es her\u00e1ldicas, que seus portadores tinham obriga\u00e7\u00f5es com a defesa do seu soberano. Sobrenome de uma fam\u00edlia de origem espanhola, \u00e0 qual pertence Juam dos Santos Cardozo, natural da Andaluzia [Espanha], que passou para S\u00e3o Pedro do Sul (Rio Grande do Sul) em 1815, vindo do Serro Largo (Registro de Estrangeiros, 1808, 68). Sobrenome de algumas fam\u00edlias de origem judaica estabelecidas, no Brasil, durante o per\u00edodo holand\u00eas. Entre outros, registram-se Salom\u00e3o Cardozo, documentado nos anos de 1643 a 1645 e 1648 [Signat\u00e1rio dos estatutos da Congrega\u00e7\u00e3o Tsur Israel, no Recife, Pernambuco], e Vasco Fernandes Cardozo, documentado em 1645 (Wolff, Brasil Holand\u00eas, 26).Fam\u00edlia de origem judaico-sefardita expulsa da Pen\u00ednsula Ib\u00e9rica em fins do s\u00e9culo XV, migrada para o Marrocos, norte da \u00c1frica, de onde passou, no s\u00e9culo XIX, para a Amaz\u00f4nia [Brasil] (Abrahyam Ramiro Bentes, 159). Sobrenome de uma fam\u00edlia de origem portuguesa, estabelecida em S\u00e3o Paulo, procedente de Lisboa. Veio a 31.01.1885, a bordo do vapor Guardiana, Manoel Cardozo, natural de Portugal, 30 anos de idade, com destino a Campinas, SP [Hospedaria dos Imigrantes &#8211; S\u00e3o Paulo, Livro 002, p\u00e1g. 124 &#8211; 31.01.1885].<\/p>\n<p>&nbsp;<\/p>\n<p><strong><a href=\"http:\/\/www.jornalrol.com.br\/wp-content\/uploads\/2015\/06\/Cardoso1.jpg\"><img loading=\"lazy\" decoding=\"async\" class=\"alignleft size-full wp-image-2316\" src=\"http:\/\/www.jornalrol.com.br\/wp-content\/uploads\/2015\/06\/Cardoso1.jpg\" alt=\"Cardoso1\" width=\"190\" height=\"221\" \/><\/a>C<\/strong><strong>ardoso<\/strong>, nome de ra\u00edzes caracteristicamente topon\u00edmicas dado que tirado do da honra morgado da mesma designa\u00e7\u00e3o, em S\u00e3o Martinho de Mouros, foi comprovado fundador da fam\u00edlia que o adotou p\u00f4r sobrenome Jo\u00e3o Pais Cardoso, cavaleiro, contempor\u00e2neo de D. Afonso III, \u00abnatural\u00bb do Mosteiro de Mancelos.<\/p>\n<p>Rudolfo, rei da Hungria, posteriormente imperador concedeu em 1573 a P\u00earo Cardoso, em recompensa dos seus muitos e continuados servi\u00e7os, armas novas, que o rei Filipe II da Espanha (I de Portugal) lhe confirmou em 1580.<\/p>\n<p>Sobrenome de origem geogr\u00e1fica, tomado ao solar da fam\u00edlia, na quinta de Cardoso, junto a Lamego, Portugal. De <em>cardoso, <\/em>terreno abundante de cardos. Nome de campos, quintas, herdades, povoa\u00e7\u00f5es, do Minho, da Beira, etc., passado a pessoas a\u00ed residentes ou da\u00ed naturais (Antenor Nascentes, II, 63; Anu\u00e1rio Geneal\u00f3gico Latino, I, 28). Portugal: Felgueiras Gayo ao falar desta fam\u00edlia, informa sobre as diferentes origens encontradas para ela. Uns dizem ter origem em Louren\u00e7o Gon\u00e7alves Magro, que foi Senhor de Cardoso e da quinta de S. Tiago de Crasconha em S. Martinho de Mouros, e que era bisneto de D. Egas Moniz, Aio de D. Afonso Henriques, primeiro rei de Portugal, em 1128. Dizem ser este Louren\u00e7o o primeiro que usou o sobrenome Cardoso. Outros dizem que os Cardosos descendem de Soeiro Cardoso, o qual tomou o sobrenome de Cardoso por ser Sr. da honra de Cardoso em S. Martinho de Mouros, onde vivia no ano de 1208. Gayo principia a genealogia desta fam\u00edlia, em uma filha daquele Soeiro, D. Mecia Soeiro Cardoso, que deixou numerosadescend\u00eancia do seu cas. com Henrique Paes de Matos, que foi, tamb\u00e9m, o primeiro a usar este sobrenome Matos (Gayo, Cardosos, Tomo VIII, T\u00edtulo, 138). Ilha da Madeira: o genealogista Henrique Henriques de Noronha , em sua importante obra Nobili\u00e1rio Geneal\u00f3gico<em>das Fam\u00edlias da Ilha da Madeira<\/em>, composta em 1700, dedicou-se ao estudo desta fam\u00edlia [Henriques de Noronha &#8211; Nobili\u00e1rio da Ilha da Madeira, Tomo I, 187, 197]. Galiza: o genealogista Frei Jos\u00e9 S. Crespo Pozo, O. de M., em sua obra <em>Linajes y Blasones de <\/em>Galicia, dedica-se ao estudo desta fam\u00edlia [Pozo &#8211; Linajes de Gal\u00edcia]. Brasil: Numerosas foram as fam\u00edlias, que passaram com este sobrenome para diversas partes do Brasil, em v\u00e1rias ocasi\u00f5es. N\u00e3o se pode considerar que todos os Cardosos existentes no Brasil, mesmo procedentes de Portugal, sejam parentes, porque s\u00e3o in\u00fameras as fam\u00edlias que adotaram este sobrenome pela simples raz\u00e3o de ser de origemgeogr\u00e1fica, ou seja, tirado do lugar de Cardoso. O mesmo se aplica no campo da her\u00e1ldica. Jamais se pode considerar que uma Carta deBras\u00e3o de Armas de um antigo Cardoso, se estenda a todos aqueles que apresentam este mesmo sobrenome, porque n\u00e3o possuem a mesma origem. No Rio de Janeiro, entre as mais antigas, encontra-se a de Gaspar Cardoso [c.1593, Ilha de S\u00e3o Miguel &#8211; ?], que deixoudescend\u00eancia, a partir de 1624, com Francisca Peres, n.atural do Rio de Janeiro (Rheingantz, I, 297). Rheingantz registra mais 67 fam\u00edlias com este sobrenome, nos s\u00e9cs. XVI e XVII, que deixaram numerosa descend\u00eancia no Rio de Janeiro. Ainda no Rio de Janeiro, cabe registrar a importante fam\u00edlia do coronel Manuel Jos\u00e9 Cardoso, Fidalgo Cavaleiro da Casa Real. Comendador da Ordem de Cristo. Senhordo Morgado da Vaccaria. Deixou descend\u00eancia de seu cas. com Ana Monteiro de Barros, que passou ao Rio de Janeiro, estabelecendo-se no Munic\u00edpio de Itagua\u00ed, onde foram grandes propriet\u00e1rios. Entre os descendentes do referido casal, registram-se: I &#8211; o filho, brigadeiro Manuel Jos\u00e9 Cardoso, Fidalgo Cavaleiro da Casa Real de Portugal. Comendador da Ordem de Cristo. Com gera\u00e7\u00e3o do seu cas. com MariaFrancisca de Portugal e Castro, filha de Crist\u00f3v\u00e3o de Portugal e Castro, fidalgo cavaleiro da Casa Real, Comendador d Ordem de Cristo, e de Francisca de Assis N\u00f3brega Botelho; II &#8211; o neto, Francisco Jos\u00e9 Cardoso, filho do anterior. Comandante Superior da 12.\u00aa legi\u00e3o daGuarda Nacional, em Itagua\u00ed, RJ. Negociante matriculado e propriet\u00e1rio na corte e em Itagua\u00ed. Dono do casal de S. Pedro de Alc\u00e2ntara.Presidente\u00a0 da companhia seropedica fluminense. Comendador da Ordem de Cristo. Teve merc\u00ea da Carta de Bras\u00e3o de Armas &#8211; detalhes adiante; III &#8211; o bisneto, C\u00e2ndido Jos\u00e9 Cardoso, filho do anterior. Diretor do Banco Rural e Hipotec\u00e1rio. Teve merc\u00ea da Carta de Bras\u00e3o de Armas &#8211; detalhes adiante; IV &#8211; o bisneto, Francisco Jos\u00e9 Cardoso J\u00fanior, irm\u00e3o do anterior. Bacharel em Matem\u00e1tica. Teve merc\u00ea da Carta de Bras\u00e3o de Armas &#8211; detalhes adiante; V &#8211; o bisneto, Manuel Jos\u00e9 Cardoso, irm\u00e3o do anterior. Grande propriet\u00e1rio em Itagua\u00ed. Tevemerc\u00ea da Carta de Bras\u00e3o de Armas &#8211; detalhes adiante. No Rio Grande do Sul, entre as mais antigas, cabe registrar a de Ant\u00f4nio Cardoso, que deixou gera\u00e7\u00e3o, por volta de 1735, na Col\u00f4nia do Sacramento, com Helena Rodrigues. No Par\u00e1, entre outras, registra-se a do Coronel Anast\u00e1cio Jos\u00e9 Cardoso [c.1775-], que teve merc\u00ea de uma sesmaria no Rio Jaguaraj\u00f3 [22.02.1805]. Deixou gera\u00e7\u00e3o, em Cachoeira do Rio Baixo, do seu cas., por volta de 1802, com Maria Helena do Esp\u00edrito Santo. Entre os descendentes do casal, cabe registrar: I &#8211; a filha, Clara Maria da Concei\u00e7\u00e3o [c.1805, Cachoeira, PA &#8211; 14.08.1892], que, por seu casamento na importante fam\u00edliaSilveira Frade (v.s.), do Par\u00e1, tornou-se, em 1883, a baronesa de Muan\u00e1; II &#8211; o filho, Doutor Jos\u00e9 da Fonseca Cardoso [c.1798, PA &#8211; a.1846], matriculado no Curso de Direito da Universidade de Coimbra [[05.11.1817]. Sua vi\u00fava, Ana Dion\u00edsia Pereira da Concei\u00e7\u00e3o Cardoso, contraiu novas n\u00fapcias, a 30.05.1846, em Bel\u00e9m, com Jos\u00e9 Ferreira Cant\u00e3o J\u00fanior; III &#8211; o filho, Doutor Marcelino Jos\u00e9 Cardoso [1797, fazenda Bom Jardim, Ilha de Maraj\u00f3, PA -], abastado fazendeiro, na Ilha de Maraj\u00f3. Fez o curso de humanidades no Semin\u00e1rio de Bel\u00e9m. Matriculado nos Cursos de Matem\u00e1tica [18.10.1817], Filosofia [22.10.1817] e Medicina [25.10.1820] da Universidade de Coimbra. Passados dez anos, retornou de Portugal a Bel\u00e9m [PA], onde montou consult\u00f3rio. Participou da Verea\u00e7\u00e3o da C\u00e2mara de Bel\u00e9m, no tri\u00eanio de 1841-44, na qualidade de Presidente da mesma. Vice-Presidente da Prov\u00edncia do Par\u00e1 [Nessa qualidade assumiu a Presid\u00eancia, com posse a 07.08.1831, onde permaneceu at\u00e9 27.02.1832, quando assumiu o novo Presidente]. Membro do Partido dos caramurus, posicionando-se contr\u00e1rio \u00e0 pol\u00edtica de Batista Campos.<\/p>\n<p>&nbsp;<\/p>\n<p><strong><a href=\"http:\/\/www.jornalrol.com.br\/wp-content\/uploads\/2015\/06\/Toledo.jpg\"><img loading=\"lazy\" decoding=\"async\" class=\"alignleft size-full wp-image-2317\" src=\"http:\/\/www.jornalrol.com.br\/wp-content\/uploads\/2015\/06\/Toledo.jpg\" alt=\"Toledo\" width=\"123\" height=\"259\" \/><\/a>T<\/strong><strong>oledo<\/strong>, sobrenome de origem espanhola. Trata-se de nome com ra\u00edzes topon\u00edmicas, tendo sido tirado do da cidade com tal designa\u00e7\u00e3o por uma das mais antigas e nobres linhagens da Espanha, proveniente de uma fam\u00edlia da nobreza mo\u00e7\u00e1rabe de tal cidade. Desta linhagem passaram v\u00e1rios membros ao nosso pa\u00eds durante a Idade M\u00e9dia, aqui deixando descend\u00eancia da qual prov\u00eam os Toledos portugueses.<\/p>\n<p>&nbsp;<\/p>\n<p>&nbsp;<\/p>\n<p>&nbsp;<\/p>\n<p>&nbsp;<\/p>\n<p>&nbsp;<\/p>\n<p><a href=\"http:\/\/www.jornalrol.com.br\/wp-content\/uploads\/2015\/06\/Toledo1.jpg\"><img loading=\"lazy\" decoding=\"async\" class=\"alignleft size-full wp-image-2318\" src=\"http:\/\/www.jornalrol.com.br\/wp-content\/uploads\/2015\/06\/Toledo1.jpg\" alt=\"Toledo1\" width=\"132\" height=\"269\" \/><\/a>Esta \u00e9 uma fam\u00edlia muito antiga, com origem na Espanha, tendo por tronco o Conde Per Ill\u00e1n, que viveu na primeira metade do s\u00e9culo XIII e pertencia \u00e0 Casa dos Imperadores da Gr\u00e9cia. O apelido foi usado primeiramente por seu neto, Esteban Ill\u00e1n, que tomou a cidade de Toledo aos mouros. Muitos Toledo passaram a Portugal, em v\u00e1rias \u00e9pocas, desde os primeiros reinados. A fam\u00edlia foi destacada por quintilha do bispo de M\u00e1laga, Dom Jo\u00e3o Ribeiro Gaio. O bras\u00e3o de armas do ramo portugu\u00eas \u00e9 o mesmo usado pelos Toledo da Espanha.<\/p>\n<p>Sobrenome de origem geogr\u00e1fica. Cidade da Espanha. Em latim <em>Toleium<\/em>. Capital dos carpetanos, povo celt\u00edbero (Antenor Nascentes, II, 299). Procede esta fam\u00edlia dos Comn\u00e8nes (v.s.), imperadores de Constantinopla. Um integrante dessa fam\u00edlia passou \u00e0 Espanha e em 1085 se achou na conquista de Toledo, donde tomou o sobrenome. Dessa fam\u00edlia \u00e9 o atual duque de Alba, com outros 32 t\u00edtulos que herdou de diversas linhas (Anu\u00e1rio Geneal\u00f3gica Latino, I, 91). O ramo troncal da muito antiga e nobil\u00edssima casa de Toledo procede, em opini\u00e3o do ilustre genealogista D. Luis de Salazar y Castro, de D. Pedro, conde de Carri\u00f3n, que participou da conquista da cidade de Toledo, onde fundou herdade e ficou estabelecido [Centro Espa\u00f1ol de Investigaci\u00f3n Her\u00e1ldica &#8211; <a href=\"http:\/\/www.ceih.com\/\">http:\/\/www.ceih.com\/<\/a> heraldicahispana\/ presenta.html]. Brasil: Para S\u00e3o Paulo, ver a Fam\u00edlia Toledo Piza (v.s.). Para o Rio de Janeiro, ver a Fam\u00edlia Aguiar Toledo. Fam\u00edlia de origem espanhola, \u00e0 qual pertence Andres Alvares de Toledo, capit\u00e3o de mil\u00edcias urbanas, que passou para Santa Catarinaem 1813 (Registro de Estrangeiros, 1808, 296). Sobrenome de uma fam\u00edlia de origem espanhola, estabelecida no Brasil, onde chegou, em 06.08.1882, a bordo do vapor Pampa, Sinforiana Toledo, natural da Espanha, procedente das Ilhas Can\u00e1rias, cat\u00f3lico, 17 anos de idade, com destino a Esta\u00e7\u00e3o de Rio Claro, SP, para trabalhar na Fazenda de Jo\u00e3o Ant\u00f4nio Gon\u00e7alvez [Hospedaria dos Imigrantes &#8211; S\u00e3o Paulo, Livro 001, p\u00e1g. 034 &#8211; 06.08.1882]. Sobrenome de uma fam\u00edlia de origem espanhola, estabelecida no Brasil, onde chegou, em 03.10.1882, a bordo do vapor \u00c1frica, procedente das Ilhas Can\u00e1rias, Izidro Toledo, natural das Ilhas Can\u00e1rias, cat\u00f3lico, 19 anos de idade, com destino \u00e0 capital do Estado de S\u00e3o Paulo [Hospedaria dos Imigrantes &#8211; S\u00e3o Paulo, Livro 001, p\u00e1g. 042 &#8211; 03.10.1882]. Her\u00e1ldica: I &#8211; um escudo xadrezado de quinze pe\u00e7as de prata e de azul. Timbre: um anjo vestido de prata, carregado do xadrezado do escudo; II &#8211; outros: um escudo em campo vermelho, com um castelo de prata, de tr\u00eas torres. Timbre: uma torre de prata (Anu\u00e1rio Geneal\u00f3gico Brasileiro, IX, 300).<\/p>\n<p>=====================================================================================================================<\/p>\n<p>&nbsp;<\/p>\n<p>From: <a href=\"mailto:mvctoledo@hotmail.com\">Marcos Toledo<\/a><\/p>\n<p>Sent: Thursday, June 18, 2015 5:17 PM<\/p>\n<p><strong>To:<\/strong> <a href=\"mailto:afranio@tintaspig.com.br\">afranio@tintaspig.com.br<\/a><\/p>\n<p><strong>Subject:<\/strong> Familia Toledo<\/p>\n<p>&nbsp;<\/p>\n<p>Boa tarde Sr. Afr\u00e2nio, tudo bem?<\/p>\n<p>&nbsp;<\/p>\n<p>Meu nome \u00e9 MARCOS VINICIUS CARDOSO DE TOLEDO sou natural da cidade de Piracicaba-SP filho de IR\u00c3O DE TOLEDO e MARINA ALVES CARDOSO DE TOLEDO av\u00f3s paternos ARTHUR CARLOS DE TOLEDO e MARIA LU\u00cdZA DE TOLEDO av\u00f3s maternos ANTONIO ALVES CARDOSO e FRANCISCA VICENTINA ALVES e bisav\u00f4 paterno ANTONIO CARLOS DE TOLEDO e estou come\u00e7ando a montar minha \u00c1rvore Geneal\u00f3gica do lado PATERNO mas infelizmente tenho poucas informa\u00e7\u00f5es de meus antepassados.<\/p>\n<p>Gastaria de saber se o Sr. pode me ajudar nessa tarefa?<\/p>\n<p>&nbsp;<\/p>\n<p>&nbsp;<\/p>\n<p>Um grande Abra\u00e7o.<\/p>\n<p>&nbsp;<\/p>\n<p>_______________________________________________________________________________________<\/p>\n<p><strong>Marcos Toledo<\/strong><\/p>\n<p>e-mail: <a href=\"mailto:mvctoledo@hotmail.com\">mvctoledo@hotmail.com<\/a><\/p>\n<p>Skype: mvctoledo<\/p>\n","protected":false},"excerpt":{"rendered":"<p>Afr\u00e2nio Mello: ATENDIMENTOS N\u00daMEROS 483, 484 E 485<\/p>\n","protected":false},"author":3,"featured_media":0,"comment_status":"closed","ping_status":"closed","sticky":false,"template":"","format":"standard","meta":{"_jetpack_newsletter_access":"","_jetpack_dont_email_post_to_subs":false,"_jetpack_newsletter_tier_id":0,"_jetpack_memberships_contains_paywalled_content":false,"_jetpack_memberships_contains_paid_content":false,"footnotes":""},"categories":[7],"tags":[656],"class_list":["post-2313","post","type-post","status-publish","format-standard","hentry","category-comunicacao","tag-afranio"],"aioseo_notices":[],"views":0,"jetpack_featured_media_url":"","jetpack_sharing_enabled":true,"jetpack_likes_enabled":true,"jetpack-related-posts":[{"id":825,"url":"https:\/\/jornalrol.com.br\/?p=825","url_meta":{"origin":2313,"position":0},"title":"INFORMA\u00c7\u00d5ES SOBRE AS FAMILIAS  TOLEDO, TOLEDO PIZA, PISA-PISA E CARDOSO","author":"ADM","date":"4 de fevereiro de 2015","format":false,"excerpt":"Afr\u00e2nio Mello - atendimento gratuito para leitores do ROL \u00a0 ATENDIMENTOS N\u00daMEROS 396 , 397 , 398 , 399\u00a0 \u00a0 Caro Jos\u00e9 Roberto, \u00a0 Nada pode ser dito contra o seu TOLEDO ter rela\u00e7\u00e3o de parentesco com os TOLEDO PIZA. \u00a0 Eles , tradicional fam\u00edlia paulistana , segundo Pedro Taques\u2026","rel":"","context":"Em &quot;Comunica\u00e7\u00e3o&quot;","block_context":{"text":"Comunica\u00e7\u00e3o","link":"https:\/\/jornalrol.com.br\/?cat=7"},"img":{"alt_text":"Piza","src":"https:\/\/i0.wp.com\/www.jornalrol.com.br\/wp-content\/uploads\/2015\/02\/Piza.jpg?resize=350%2C200","width":350,"height":200},"classes":[]},{"id":38064,"url":"https:\/\/jornalrol.com.br\/?p=38064","url_meta":{"origin":2313,"position":1},"title":"Genealogia: Afr\u00e2nio Mello fornece informa\u00e7\u00f5es sobre as fam\u00edlias Mello e Flor\u00eancio","author":"ADM","date":"25 de fevereiro de 2021","format":false,"excerpt":"Afr\u00e2nio Mello fornece informa\u00e7\u00f5es sobre as fam\u00edlias MELLO e FLOR\u00caNCIO ATENDIMENTOS N\u00daMEROS 1.340 E 1.341 Prezado Apol\u00f4nio, boa tarde. Atendendo sua solicita\u00e7\u00e3o sobre a Genealogia dos Flor\u00eancio de Mello, informo que eu tenho arquivos de sobrenomes individuais e n\u00e3o coletivos. Assim sendo vou enviar os arquivos para voc\u00ea dos sobrenomes\u2026","rel":"","context":"Em &quot;Comunica\u00e7\u00e3o&quot;","block_context":{"text":"Comunica\u00e7\u00e3o","link":"https:\/\/jornalrol.com.br\/?cat=7"},"img":{"alt_text":"","src":"https:\/\/i0.wp.com\/www.jornalrol.com.br\/wp-content\/uploads\/2020\/04\/afranio-150x150-1.jpg?resize=350%2C200","width":350,"height":200},"classes":[]},{"id":3983,"url":"https:\/\/jornalrol.com.br\/?p=3983","url_meta":{"origin":2313,"position":2},"title":"Genealogia: Afr\u00e2nio Mello fornece informa\u00e7\u00f5es sobre a familia Matias","author":"Helio Rubens","date":"29 de dezembro de 2015","format":false,"excerpt":"Afr\u00e2nio Franco de Oliveira Mello: ATENDIMENTO N\u00daMERO 590 \u00a0 Cara Francisca,boa tarde quase noite. \u00a0 Os arquivos comppletos que envio atendem s\u00f3 aos solicitantes. No Site do Rol-Jornal On Line vai um resumo para todos verem que existe o sobrenome e , caso se interessem, fa\u00e7am o pedido, como voc\u00ea\u2026","rel":"","context":"Em &quot;Comunica\u00e7\u00e3o&quot;","block_context":{"text":"Comunica\u00e7\u00e3o","link":"https:\/\/jornalrol.com.br\/?cat=7"},"img":{"alt_text":"Afr\u00e2nio Mello","src":"https:\/\/i0.wp.com\/www.jornalrol.com.br\/wp-content\/uploads\/2015\/07\/Afr%C3%A2nio-para-o-ROL-2.jpg?resize=350%2C200","width":350,"height":200},"classes":[]},{"id":16840,"url":"https:\/\/jornalrol.com.br\/?p=16840","url_meta":{"origin":2313,"position":3},"title":"Genealogia: Afr\u00e2nio Mello fornece informa\u00e7\u00f5es sobre as familias CARDOSO e TOLEDO","author":"Helio Rubens","date":"4 de mar\u00e7o de 2018","format":false,"excerpt":"Afr\u00e2nio Franco de Oliveira Mello - ATENDIMENTOS N\u00daMEROS 984 e 985 Prezada Cristina, boa noite. N\u00e3o tenho arquivo de NOME DE PESSOAS e sim de SOBRENOMES com muitos e muitos registros. O que posso fazer \u00e9 enviar, e estou fazendo isso, os sobrenomes que est\u00e3o registrados em sua ancestralidade. Pode\u2026","rel":"","context":"Em &quot;Comunica\u00e7\u00e3o&quot;","block_context":{"text":"Comunica\u00e7\u00e3o","link":"https:\/\/jornalrol.com.br\/?cat=7"},"img":{"alt_text":"","src":"","width":0,"height":0},"classes":[]},{"id":35706,"url":"https:\/\/jornalrol.com.br\/?p=35706","url_meta":{"origin":2313,"position":4},"title":"Genealogia: Afr\u00e2nio Mello presta informa\u00e7\u00f5es sobre a fam\u00edlia Toledo","author":"ADM","date":"11 de dezembro de 2020","format":false,"excerpt":"Afr\u00e2nio Mello presta informa\u00e7\u00f5es sobre a fam\u00edlia Toledo ATENDIMENTO N\u00daMERO 1.306 Prezados Jos\u00e9 Luiz e Renata. \u00c9 com prazer que envio para o conhecimento de voc\u00eas dois e, em especial, a Renata Farias Bianchi, o arquivo do sobrenome TOLEDO. Abaixo resumo do arquivo principal que segue para os leitores do\u2026","rel":"","context":"Em &quot;Comunica\u00e7\u00e3o&quot;","block_context":{"text":"Comunica\u00e7\u00e3o","link":"https:\/\/jornalrol.com.br\/?cat=7"},"img":{"alt_text":"","src":"https:\/\/i0.wp.com\/www.jornalrol.com.br\/wp-content\/uploads\/2020\/04\/afranio-150x150-1.jpg?resize=350%2C200","width":350,"height":200},"classes":[]},{"id":3218,"url":"https:\/\/jornalrol.com.br\/?p=3218","url_meta":{"origin":2313,"position":5},"title":"Genealogista recebe cumprimentos pelo trabalho que realiza como colunista do nosso jornal","author":"Helio Rubens","date":"12 de setembro de 2015","format":false,"excerpt":"Pela troca de correspond\u00eancia fica claro o cumprimento do leitor ao trabalho do genealogista Afr\u00e2nio Mello Cl\u00e1udio, boa tarde. Eu trabalho com Genealogia e tenho uma coluna no Rol- Regi\u00e3o On Line, onde atendo pedidos do Brasil e do Exterior de forma gratu\u00edta J\u00e1 atendi in\u00fameros solicitantes de SOBRENOMES de\u2026","rel":"","context":"Em &quot;Comunica\u00e7\u00e3o&quot;","block_context":{"text":"Comunica\u00e7\u00e3o","link":"https:\/\/jornalrol.com.br\/?cat=7"},"img":{"alt_text":"Afr\u00e2nio Mello","src":"https:\/\/i0.wp.com\/www.jornalrol.com.br\/wp-content\/uploads\/2015\/07\/Afr%C3%A2nio-para-o-ROL-2.jpg?resize=350%2C200","width":350,"height":200},"classes":[]}],"_links":{"self":[{"href":"https:\/\/jornalrol.com.br\/index.php?rest_route=\/wp\/v2\/posts\/2313","targetHints":{"allow":["GET"]}}],"collection":[{"href":"https:\/\/jornalrol.com.br\/index.php?rest_route=\/wp\/v2\/posts"}],"about":[{"href":"https:\/\/jornalrol.com.br\/index.php?rest_route=\/wp\/v2\/types\/post"}],"author":[{"embeddable":true,"href":"https:\/\/jornalrol.com.br\/index.php?rest_route=\/wp\/v2\/users\/3"}],"replies":[{"embeddable":true,"href":"https:\/\/jornalrol.com.br\/index.php?rest_route=%2Fwp%2Fv2%2Fcomments&post=2313"}],"version-history":[{"count":0,"href":"https:\/\/jornalrol.com.br\/index.php?rest_route=\/wp\/v2\/posts\/2313\/revisions"}],"wp:attachment":[{"href":"https:\/\/jornalrol.com.br\/index.php?rest_route=%2Fwp%2Fv2%2Fmedia&parent=2313"}],"wp:term":[{"taxonomy":"category","embeddable":true,"href":"https:\/\/jornalrol.com.br\/index.php?rest_route=%2Fwp%2Fv2%2Fcategories&post=2313"},{"taxonomy":"post_tag","embeddable":true,"href":"https:\/\/jornalrol.com.br\/index.php?rest_route=%2Fwp%2Fv2%2Ftags&post=2313"}],"curies":[{"name":"wp","href":"https:\/\/api.w.org\/{rel}","templated":true}]}}