{"id":2324,"date":"2015-06-27T17:30:44","date_gmt":"2015-06-27T20:30:44","guid":{"rendered":"http:\/\/www.jornalrol.com.br\/?p=2324"},"modified":"2015-06-27T17:30:44","modified_gmt":"2015-06-27T20:30:44","slug":"a-secretaria-da-cidadania-e-diversidade-cultural-do-ministerio-da-cultura-lancara-no-dia-2-de-julho-tres-editais-parte-de-suas-acoes-para-a-gestao-2015","status":"publish","type":"post","link":"https:\/\/jornalrol.com.br\/?p=2324","title":{"rendered":"A Secretaria da Cidadania e Diversidade Cultural do Minist\u00e9rio da Cultura lan\u00e7ar\u00e1 no dia 2 de julho tr\u00eas editais, parte de suas a\u00e7\u00f5es para a gest\u00e3o 2015."},"content":{"rendered":"<div class=\"pdfprnt-buttons pdfprnt-buttons-post pdfprnt-top-right\"><a href=\"https:\/\/jornalrol.com.br\/index.php?rest_route=%2Fwp%2Fv2%2Fposts%2F2324&print=pdf\" class=\"pdfprnt-button pdfprnt-button-pdf\" target=\"_blank\" ><\/a><a href=\"https:\/\/jornalrol.com.br\/index.php?rest_route=%2Fwp%2Fv2%2Fposts%2F2324&print=print\" class=\"pdfprnt-button pdfprnt-button-print\" target=\"_blank\" ><img decoding=\"async\" src=\"https:\/\/jornalrol.com.br\/wp-content\/plugins\/pdf-print\/images\/print.png\" alt=\"image_print\" title=\"Conte\u00fado de impress\u00e3o\" \/><\/a><\/div><p>&nbsp;<\/p>\n<p><strong>Os primeiros editais priorizam a\u00e7\u00f5es de cultura transversais, m\u00eddia livre e redes culturais, e pol\u00edticas espec\u00edficas para grupos vulner\u00e1veis como o dos povos ind\u00edgenas. <\/strong><!--more--><\/p>\n<p>&nbsp;<\/p>\n<p><a href=\"http:\/\/www.jornalrol.com.br\/wp-content\/uploads\/2015\/06\/editais.jpg\"><img loading=\"lazy\" decoding=\"async\" class=\"alignleft size-medium wp-image-2325\" src=\"http:\/\/www.jornalrol.com.br\/wp-content\/uploads\/2015\/06\/editais-300x300.jpg\" alt=\"editais\" width=\"300\" height=\"300\" \/><\/a>S\u00e3o editais que sinalizam o compromisso do MinC em apoiar de maneira cont\u00ednua e descentralizada as iniciativas culturais que est\u00e3o na base da sociedade brasileira, mas tamb\u00e9m para as redes, grupos e novos movimentos urbanos.<\/p>\n<p>&nbsp;<\/p>\n<p>O ato que marca o lan\u00e7amento contar\u00e1 tamb\u00e9m com um debate com o Ministro da cultura Juca Ferreira e os secret\u00e1rios Ivana Bentes (Cidadania e Diversidade) e Pola Ribeiro (SAV) sobre a pol\u00edtica de fomento \u00e0 cultura brasileira e os novos desafios pol\u00edticos do campo da cultura.<\/p>\n<p>&nbsp;<\/p>\n<p>Os editais de Pontos de Cultura Ind\u00edgena e de Pontos de M\u00eddia Livre tamb\u00e9m ter\u00e3o participa\u00e7\u00e3o da Secretaria do Audiovisual do Minist\u00e9rio da Cultura.<\/p>\n<p>&nbsp;<\/p>\n<p>Participe desse momento, confirme presen\u00e7a no <a href=\"http:\/\/on.fb.me\/1Jf2KlT\">http:\/\/on.fb.me\/1Jf2KlT<\/a><\/p>\n","protected":false},"excerpt":{"rendered":"<p>&nbsp; Os primeiros editais priorizam a\u00e7\u00f5es de cultura transversais, m\u00eddia livre e redes culturais, e pol\u00edticas espec\u00edficas para grupos vulner\u00e1veis como o dos povos ind\u00edgenas.<\/p>\n","protected":false},"author":3,"featured_media":0,"comment_status":"closed","ping_status":"closed","sticky":false,"template":"","format":"standard","meta":{"_jetpack_newsletter_access":"","_jetpack_dont_email_post_to_subs":false,"_jetpack_newsletter_tier_id":0,"_jetpack_memberships_contains_paywalled_content":false,"_jetpack_memberships_contains_paid_content":false,"footnotes":""},"categories":[7],"tags":[2510],"class_list":["post-2324","post","type-post","status-publish","format-standard","hentry","category-comunicacao","tag-cultura"],"aioseo_notices":[],"views":0,"jetpack_featured_media_url":"","jetpack_sharing_enabled":true,"jetpack_likes_enabled":true,"jetpack-related-posts":[{"id":3216,"url":"https:\/\/jornalrol.com.br\/?p=3216","url_meta":{"origin":2324,"position":0},"title":"Elei\u00e7\u00e3o do Conselho Nacional de Politicas Culturais do MINC","author":"Helio Rubens","date":"11 de setembro de 2015","format":false,"excerpt":"O Conselho Nacional de Pol\u00edticas Culturais (CNPC) \u00e9 uma inst\u00e2ncia de di\u00e1logo e participa\u00e7\u00e3o popular entre a Sociedade Civil organizada e o Estado Brasileiro. Tem por finalidade colaborar na avalia\u00e7\u00e3o e proposi\u00e7\u00e3o das pol\u00edticas p\u00fablicas para a cultura em andamento ou ainda o desenvolvimento de novas frentes de atua\u00e7\u00e3o. \u00a0\u2026","rel":"","context":"Em &quot;Comunica\u00e7\u00e3o&quot;","block_context":{"text":"Comunica\u00e7\u00e3o","link":"https:\/\/jornalrol.com.br\/?cat=7"},"img":{"alt_text":"","src":"","width":0,"height":0},"classes":[]},{"id":22699,"url":"https:\/\/jornalrol.com.br\/?p=22699","url_meta":{"origin":2324,"position":1},"title":"Foram abertas as inscri\u00e7\u00f5es para o edital de Pontos de Cultura, que premiar\u00e1 544 iniciativas culturais","author":"Sergio Diniz da Costa","date":"22 de novembro de 2018","format":false,"excerpt":"Pontos de Cultura s\u00e3o grupos, coletivos e entidades de natureza ou finalidade cultural que desenvolvem e articulam atividades culturais em suas comunidades e em redes As inscri\u00e7\u00f5es se encerram impreterivelmente \u00e0s 23h59 do dia 1\u00ba de dezembro de 2018 Foram abertas as inscri\u00e7\u00f5es para o edital de Pontos de Cultura,\u2026","rel":"","context":"Em &quot;Comunica\u00e7\u00e3o&quot;","block_context":{"text":"Comunica\u00e7\u00e3o","link":"https:\/\/jornalrol.com.br\/?cat=7"},"img":{"alt_text":"","src":"https:\/\/i0.wp.com\/www.jornalrol.com.br\/wp-content\/uploads\/2018\/11\/pontos-640x480-300x225.jpg?resize=350%2C200","width":350,"height":200},"classes":[]},{"id":3306,"url":"https:\/\/jornalrol.com.br\/?p=3306","url_meta":{"origin":2324,"position":2},"title":"Representantes estaduais de cultura","author":"Helio Rubens","date":"18 de setembro de 2015","format":false,"excerpt":"Elei\u00e7\u00f5es Conselho Nacional de Pol\u00edtica Cultural - Etapa S\u00e3o Paulo O Conselho Nacional de Pol\u00edtica Cultural - CNPC \u00e9 um \u00f3rg\u00e3o colegiado integrante da estrutura b\u00e1sica do Minist\u00e9rio da Cultura que tem como finalidade propor a formula\u00e7\u00e3o de pol\u00edticas p\u00fablicas, com vistas a promover a articula\u00e7\u00e3o e o debate dos\u2026","rel":"","context":"Em &quot;Comunica\u00e7\u00e3o&quot;","block_context":{"text":"Comunica\u00e7\u00e3o","link":"https:\/\/jornalrol.com.br\/?cat=7"},"img":{"alt_text":"image001","src":"https:\/\/i0.wp.com\/www.jornalrol.com.br\/wp-content\/uploads\/2015\/09\/image001-300x300.jpg?resize=350%2C200","width":350,"height":200},"classes":[]},{"id":76914,"url":"https:\/\/jornalrol.com.br\/?p=76914","url_meta":{"origin":2324,"position":3},"title":"Dom Pedro II e o Encontro com os Guerreiros Sioux","author":"Dom Alexandre da Silva Cam\u00ealo Rurikovich Carvalho","date":"24 de novembro de 2025","format":false,"excerpt":"O presente artigo examina o epis\u00f3dio pouco conhecido, mas historicamente relevante, do encontro entre Dom Pedro II, Imperador do Brasil, e um grupo de...","rel":"","context":"Em &quot;artigos&quot;","block_context":{"text":"artigos","link":"https:\/\/jornalrol.com.br\/?cat=9398"},"img":{"alt_text":"Cena hist\u00f3rica e emocionante: Dom Pedro II, durante sua viagem aos Estados Unidos em 1876, aperta a m\u00e3o de um l\u00edder Sioux, simbolizando o respeito entre culturas e a diplomacia do Imperador brasileiro - um verdadeiro encontro entre mundos. Imagem cr9iada por Ia do ChatGPT","src":"https:\/\/i0.wp.com\/jornalrol.com.br\/wp-content\/uploads\/2025\/11\/D.-Pedro-II-encontro-com-Guerreiros-Sioux.jpg?resize=350%2C200&ssl=1","width":350,"height":200,"srcset":"https:\/\/i0.wp.com\/jornalrol.com.br\/wp-content\/uploads\/2025\/11\/D.-Pedro-II-encontro-com-Guerreiros-Sioux.jpg?resize=350%2C200&ssl=1 1x, https:\/\/i0.wp.com\/jornalrol.com.br\/wp-content\/uploads\/2025\/11\/D.-Pedro-II-encontro-com-Guerreiros-Sioux.jpg?resize=525%2C300&ssl=1 1.5x, https:\/\/i0.wp.com\/jornalrol.com.br\/wp-content\/uploads\/2025\/11\/D.-Pedro-II-encontro-com-Guerreiros-Sioux.jpg?resize=700%2C400&ssl=1 2x, https:\/\/i0.wp.com\/jornalrol.com.br\/wp-content\/uploads\/2025\/11\/D.-Pedro-II-encontro-com-Guerreiros-Sioux.jpg?resize=1050%2C600&ssl=1 3x, https:\/\/i0.wp.com\/jornalrol.com.br\/wp-content\/uploads\/2025\/11\/D.-Pedro-II-encontro-com-Guerreiros-Sioux.jpg?resize=1400%2C800&ssl=1 4x"},"classes":[]},{"id":20931,"url":"https:\/\/jornalrol.com.br\/?p=20931","url_meta":{"origin":2324,"position":4},"title":"Conselho Municipal de Pol\u00edticas Culturais de Salto promove a &#039;Parada Cultural&#039;","author":"Sergio Diniz da Costa","date":"13 de setembro de 2018","format":false,"excerpt":"A Parada Cultural ocorrer\u00e1 no dia 27 de outubro (s\u00e1bado), das 10h00 \u00e0s 20h00 e consistir\u00e1 em apresenta\u00e7\u00f5es de teatro, dan\u00e7a, artesanato, m\u00fasica, Express\u00f5es culturais de rua, arte digital e Literatura A Parada Cultural \u00e9 uma promo\u00e7\u00e3o do Conselho Municipal de Pol\u00edticas Culturais de Salto e conta com o apoio\u2026","rel":"","context":"Em &quot;Comunica\u00e7\u00e3o&quot;","block_context":{"text":"Comunica\u00e7\u00e3o","link":"https:\/\/jornalrol.com.br\/?cat=7"},"img":{"alt_text":"","src":"https:\/\/i0.wp.com\/www.jornalrol.com.br\/wp-content\/uploads\/2018\/09\/CARTAZ-OFICIAL2-212x300.jpg?resize=350%2C200","width":350,"height":200},"classes":[]},{"id":31068,"url":"https:\/\/jornalrol.com.br\/?p=31068","url_meta":{"origin":2324,"position":5},"title":"Inscri\u00e7\u00f5es para o Cultura Presente nas Redes podem ser feitas at\u00e9 25 de abril","author":"Sergio Diniz da Costa","date":"17 de abril de 2020","format":false,"excerpt":"Poder\u00e3o se inscrever no edital on-line: pessoas f\u00edsicas maiores de 18 anos, artistas e produtores residentes no estado do Rio comprovadamente h\u00e1 mais de um ano Seguem at\u00e9 o dia 25 de abril, as inscri\u00e7\u00f5es para o pr\u00eamio Cultura Presente nas Redes, iniciativa da Secretaria de Estado de Cultura e\u2026","rel":"","context":"Em &quot;Comunica\u00e7\u00e3o&quot;","block_context":{"text":"Comunica\u00e7\u00e3o","link":"https:\/\/jornalrol.com.br\/?cat=7"},"img":{"alt_text":"","src":"https:\/\/i0.wp.com\/www.jornalrol.com.br\/wp-content\/uploads\/2020\/04\/Edital-estado-300x197.jpg?resize=350%2C200","width":350,"height":200},"classes":[]}],"_links":{"self":[{"href":"https:\/\/jornalrol.com.br\/index.php?rest_route=\/wp\/v2\/posts\/2324","targetHints":{"allow":["GET"]}}],"collection":[{"href":"https:\/\/jornalrol.com.br\/index.php?rest_route=\/wp\/v2\/posts"}],"about":[{"href":"https:\/\/jornalrol.com.br\/index.php?rest_route=\/wp\/v2\/types\/post"}],"author":[{"embeddable":true,"href":"https:\/\/jornalrol.com.br\/index.php?rest_route=\/wp\/v2\/users\/3"}],"replies":[{"embeddable":true,"href":"https:\/\/jornalrol.com.br\/index.php?rest_route=%2Fwp%2Fv2%2Fcomments&post=2324"}],"version-history":[{"count":0,"href":"https:\/\/jornalrol.com.br\/index.php?rest_route=\/wp\/v2\/posts\/2324\/revisions"}],"wp:attachment":[{"href":"https:\/\/jornalrol.com.br\/index.php?rest_route=%2Fwp%2Fv2%2Fmedia&parent=2324"}],"wp:term":[{"taxonomy":"category","embeddable":true,"href":"https:\/\/jornalrol.com.br\/index.php?rest_route=%2Fwp%2Fv2%2Fcategories&post=2324"},{"taxonomy":"post_tag","embeddable":true,"href":"https:\/\/jornalrol.com.br\/index.php?rest_route=%2Fwp%2Fv2%2Ftags&post=2324"}],"curies":[{"name":"wp","href":"https:\/\/api.w.org\/{rel}","templated":true}]}}