{"id":2331,"date":"2015-06-27T17:45:24","date_gmt":"2015-06-27T20:45:24","guid":{"rendered":"http:\/\/www.jornalrol.com.br\/?p=2331"},"modified":"2015-06-27T17:45:24","modified_gmt":"2015-06-27T20:45:24","slug":"itapetininga-estreia-no-dia-02-nos-jogos-regionais-de-jundiai","status":"publish","type":"post","link":"https:\/\/jornalrol.com.br\/?p=2331","title":{"rendered":"Itapetininga estreia no dia 02 nos Jogos Regionais de Jundia\u00ed"},"content":{"rendered":"<div class=\"pdfprnt-buttons pdfprnt-buttons-post pdfprnt-top-right\"><a href=\"https:\/\/jornalrol.com.br\/index.php?rest_route=%2Fwp%2Fv2%2Fposts%2F2331&print=pdf\" class=\"pdfprnt-button pdfprnt-button-pdf\" target=\"_blank\" ><\/a><a href=\"https:\/\/jornalrol.com.br\/index.php?rest_route=%2Fwp%2Fv2%2Fposts%2F2331&print=print\" class=\"pdfprnt-button pdfprnt-button-print\" target=\"_blank\" ><img decoding=\"async\" src=\"https:\/\/jornalrol.com.br\/wp-content\/plugins\/pdf-print\/images\/print.png\" alt=\"image_print\" title=\"Conte\u00fado de impress\u00e3o\" \/><\/a><\/div><p><strong>Ser\u00e1 no pr\u00f3ximo dia 02\/Julho, a estreia de Itapetininga nos 59\u00ba Jogos Regionais de Jundia\u00ed,1a. Divis\u00e3o,\u00a0com o Futebol Masculino enfrentando Mairinque, \u00e0s 9h00,no Centro Esportivo Aramis Polli. <\/strong><!--more--><\/p>\n<p>&nbsp;<\/p>\n<p><a href=\"http:\/\/www.jornalrol.com.br\/wp-content\/uploads\/2015\/06\/Futebol-Itapetininga01.jpg\"><img loading=\"lazy\" decoding=\"async\" class=\"alignleft size-medium wp-image-2332\" src=\"http:\/\/www.jornalrol.com.br\/wp-content\/uploads\/2015\/06\/Futebol-Itapetininga01-250x300.jpg\" alt=\"Futebol (Itapetininga)01\" width=\"250\" height=\"300\" \/><\/a>No mesmo dia,\u00a0 estar\u00e3o sendo realizados os Congressos Espec\u00edficos(para defini\u00e7\u00e3o\u00a0por sorteio da tabela de jogos na modalidade)do Ciclismo, \u00e0s 18h00 no Audit\u00f3rio da ESEF, da Nata\u00e7\u00e3o, \u00e0s 19h00, no Audit\u00f3rio\u00a0 da ESF, e do Jogo de Damas,\u00e0s 13h00 no Uirapuru CC,com\u00a0in\u00edcio das partidas no mesmo dia. J\u00e1 na sexta-feira , dia 03, a equipe da Malha\u00a0disputa contra Cerquilho, \u00e0s 0830 da manh\u00e3, no Centro Esportivo\u00a0Ant\u00f4nio Lima, na Agapeama. No per\u00edodo da noite, \u00e0s 19h00,haver\u00e1 o Congresso Espec\u00edfico da Capoeira, no Audit\u00f3rio da ESF. No s\u00e1bado, dia 04, o Futebol Masculino entre em campo medindo for\u00e7as com Louveira, \u00e0s 09h00, no CECE Ant\u00f4nio Carbonari, enquanto que, a Malha tamb\u00e9m ter\u00e1 como advers\u00e1rio a equipe de Louveira, \u00e0s 08h30\u00a0,CECE Ant\u00f4nio de Lima.\u00a0\u00a0A delega\u00e7\u00e3o itapetiningana composta por aproximadamente 400 integrantes est\u00e1 alojada na Escola Estadual Professora Cec\u00edlia Rolemberg Guelli, no bairro Vila Rio Branco.\u00a0Mais de 360 atletas estar\u00e3o em atividades nas\u00a030 modalidades (Atletismo, Atletismo ACD, Basquete, Bocha, Capoeira, Ciclismo, Damas, Futebol, Futsal, Gin\u00e1stica\u00a0R\u00edtmica, Jud\u00f4, Malha,\u00a0Nata\u00e7\u00e3o, Nata\u00e7\u00e3o ACD, Taekwondo, T\u00eanis de Mesa, V\u00f4lei de Praia e Xadrez). A Secretaria de Esporte e Lazer da Prefeitura de Itapetininga,vem ultimando os preparativos no tocante a log\u00edstica e suporte t\u00e9cnico, visando garantir melhores condi\u00e7\u00f5es para aqueles que \u00a0estar\u00e3o defendendo as cores do Munic\u00edpio. A 1a. Divis\u00e3o dos Jogos Regionais de Jundia\u00ed \u00e9 formada pelo Munic\u00edpios de Boituva, Itapetininga, Itapeva, Itu, Itupeva, Jundia\u00ed, Louveira , S\u00e3o Roque e Sorocaba.<\/p>\n","protected":false},"excerpt":{"rendered":"<p>Ser\u00e1 no pr\u00f3ximo dia 02\/Julho, a estreia de Itapetininga nos 59\u00ba Jogos Regionais de Jundia\u00ed,1a. Divis\u00e3o,\u00a0com o Futebol Masculino enfrentando Mairinque, \u00e0s 9h00,no Centro Esportivo Aramis Polli.<\/p>\n","protected":false},"author":3,"featured_media":0,"comment_status":"closed","ping_status":"closed","sticky":false,"template":"","format":"standard","meta":{"_jetpack_newsletter_access":"","_jetpack_dont_email_post_to_subs":false,"_jetpack_newsletter_tier_id":0,"_jetpack_memberships_contains_paywalled_content":false,"_jetpack_memberships_contains_paid_content":false,"footnotes":""},"categories":[7],"tags":[],"class_list":["post-2331","post","type-post","status-publish","format-standard","hentry","category-comunicacao"],"aioseo_notices":[],"views":0,"jetpack_featured_media_url":"","jetpack_sharing_enabled":true,"jetpack_likes_enabled":true,"jetpack-related-posts":[{"id":2609,"url":"https:\/\/jornalrol.com.br\/?p=2609","url_meta":{"origin":2331,"position":0},"title":"Jogos Regionais de Jundia\u00ed: Itapetininga ficou na decima posi\u00e7\u00e3o na Classifica\u00e7\u00e3o Geral","author":"Helio Rubens","date":"15 de julho de 2015","format":false,"excerpt":"JOGOS REGIONAIS\u00a0 Itapetiningano foi o Coordenador dos 59\u00ba Jogos Regionais que teve Jundia\u00ed como campe\u00e3. Cidade ficou na decima posi\u00e7\u00e3o na Classifica\u00e7\u00e3o Geral Novamente um itapetiningano esteve coordenando\u00a0os Jogos Regionais, rec\u00e9m encerrados em Jundia\u00ed, no \u00faltimo dia 11.Desta vez, o professor Roberto Neves, dirigente da Secretaria Estadual de Esporte,Lazer e\u2026","rel":"","context":"Em &quot;Comunica\u00e7\u00e3o&quot;","block_context":{"text":"Comunica\u00e7\u00e3o","link":"https:\/\/jornalrol.com.br\/?cat=7"},"img":{"alt_text":"Coordenador Roberto Neves(ao centro)dirigentes de Itapetininga e Organizadores dos Jogos de Jundia\u00ed-01","src":"https:\/\/i0.wp.com\/www.jornalrol.com.br\/wp-content\/uploads\/2015\/07\/Coordenador-Roberto-Nevesao-centrodirigentes-de-Itapetininga-e-Organizadores-dos-Jogos-de-Jundia%C3%AD-01-300x176.jpg?resize=350%2C200","width":350,"height":200},"classes":[]},{"id":2606,"url":"https:\/\/jornalrol.com.br\/?p=2606","url_meta":{"origin":2331,"position":1},"title":"Gin\u00e1stica R\u00edtmica de Itapetininga classificou-se no 3\u00balugar do p\u00f3dio Final","author":"Helio Rubens","date":"15 de julho de 2015","format":false,"excerpt":"JOGOS REGIONAIS DE JUNDIA\u00cd Gin\u00e1stica R\u00edtmica de Itapetininga classificou-se no 3\u00balugar do p\u00f3dio Final\u00a0 \u00a0Com boa performance, a equipe itapetiningana \u00a0de Gin;astica R\u00edtmica Feminina,at\u00e9 14 anos, conquistou a Medalha de Bronze,o terceiro lugar no p\u00f3dio da Classifica\u00e7\u00e3o Final por modalidade.Orientadas pela professora Vivian Monti, as itapetininganas se apresentaram com desenvoltura\u2026","rel":"","context":"Em &quot;Comunica\u00e7\u00e3o&quot;","block_context":{"text":"Comunica\u00e7\u00e3o","link":"https:\/\/jornalrol.com.br\/?cat=7"},"img":{"alt_text":"Jogos Jundia\u00ed (G.Ritmica(Vivian) Podio - 3 lugar- dia 07)  01","src":"https:\/\/i0.wp.com\/www.jornalrol.com.br\/wp-content\/uploads\/2015\/07\/Jogos-Jundia%C3%AD-G.RitmicaVivian-Podio-3-lugar-dia-07-01-300x209.jpg?resize=350%2C200","width":350,"height":200},"classes":[]},{"id":2725,"url":"https:\/\/jornalrol.com.br\/?p=2725","url_meta":{"origin":2331,"position":2},"title":"Congresso T\u00e9cnico dos Jogos Regionais do Idoso ser\u00e1 no dia 27\u00a0","author":"Helio Rubens","date":"25 de julho de 2015","format":false,"excerpt":"No pr\u00f3ximo dia 27, \u00e0s 15h00, na C\u00e2mara Municipal de Itapetininga, ser\u00e1 realizado o Congresso T\u00e9cnico dos 19\u00ba JORI-Jogos Regionais do Idoso de Itapetininga. \u00a0 Estar\u00e3o presentes membros da Comiss\u00e3o Organizadora e os representantes dos munic\u00edpios convidados para apresenta\u00e7\u00e3o, defini\u00e7\u00e3o de disputas e demais itens na programa\u00e7\u00e3o oficial no per\u00edodo\u2026","rel":"","context":"Em &quot;Comunica\u00e7\u00e3o&quot;","block_context":{"text":"Comunica\u00e7\u00e3o","link":"https:\/\/jornalrol.com.br\/?cat=7"},"img":{"alt_text":"","src":"","width":0,"height":0},"classes":[]},{"id":3439,"url":"https:\/\/jornalrol.com.br\/?p=3439","url_meta":{"origin":2331,"position":3},"title":"Itapetininganos participam da Final Estadual dos Jogos Abertos do Idoso em Campinas","author":"Helio Rubens","date":"11 de outubro de 2015","format":false,"excerpt":"Itapetininga estar\u00e1 sendo representada \u00a0na Final Estadual dos Jogos Regionais do Idoso Itapetininga estar\u00e1 sendo representada \u00a0na Final Estadual dos Jogos Regionais do Idoso,a ser realizado entre os dias 08 a 11,em Campinas, com a presen\u00e7a da primeira-dama do Estado, Lu Alckmin; o secret\u00e1rio de Esporte, Lazer e Juventude do\u2026","rel":"","context":"Em &quot;Comunica\u00e7\u00e3o&quot;","block_context":{"text":"Comunica\u00e7\u00e3o","link":"https:\/\/jornalrol.com.br\/?cat=7"},"img":{"alt_text":"COPA MED -","src":"https:\/\/i0.wp.com\/www.jornalrol.com.br\/wp-content\/uploads\/2015\/10\/COPA-MED--300x292.jpg?resize=350%2C200","width":350,"height":200},"classes":[]},{"id":2085,"url":"https:\/\/jornalrol.com.br\/?p=2085","url_meta":{"origin":2331,"position":4},"title":"Agenda Esportiva de Itapetininga","author":"Helio Rubens","date":"31 de maio de 2015","format":false,"excerpt":"Semifinais da Copa Juventude de Futsal no s\u00e1bado, Etapa Paulista de Taekwondo neste domingo em Itapetininga, Basquete nas Classificat\u00f3rias do Jogos Abertos da Juventude, V\u00f4lei Adaptado Feminino em Cerquilho, Duatlon Fast no Clube Ven\u00e2ncio Ayres, entre outros eventos esportivos agendados, com o apoio da Secretaria de Esporte e Lazer da\u2026","rel":"","context":"Em &quot;Comunica\u00e7\u00e3o&quot;","block_context":{"text":"Comunica\u00e7\u00e3o","link":"https:\/\/jornalrol.com.br\/?cat=7"},"img":{"alt_text":"","src":"","width":0,"height":0},"classes":[]},{"id":2653,"url":"https:\/\/jornalrol.com.br\/?p=2653","url_meta":{"origin":2331,"position":5},"title":"Itapetininga sediar\u00e1 Jogos Regionais do Idoso em Agosto","author":"Helio Rubens","date":"17 de julho de 2015","format":false,"excerpt":"Competi\u00e7\u00e3o dever\u00e1 reunir\u00a0cerca de\u00a01700 atletas que\u00a0disputar\u00e3o em 14 modalidades no Feminino e Masculino\u00a0 \u00a0 No per\u00edodo de 05 a 09 de Agosto estar\u00e3o sendo realizados em Itapetininga, os XIX- Jogos Regionais do Idoso. A competi\u00e7\u00e3o conhecida como JORI, reunir\u00e1 pessoas com idade m\u00ednima de 60 anos, que disputam atividades esportivas\u2026","rel":"","context":"Em &quot;Comunica\u00e7\u00e3o&quot;","block_context":{"text":"Comunica\u00e7\u00e3o","link":"https:\/\/jornalrol.com.br\/?cat=7"},"img":{"alt_text":"JORI 2014(Desfile de Itapetininga)","src":"https:\/\/i0.wp.com\/www.jornalrol.com.br\/wp-content\/uploads\/2015\/07\/JORI-2014Desfile-de-Itapetininga-300x151.jpg?resize=350%2C200","width":350,"height":200},"classes":[]}],"_links":{"self":[{"href":"https:\/\/jornalrol.com.br\/index.php?rest_route=\/wp\/v2\/posts\/2331","targetHints":{"allow":["GET"]}}],"collection":[{"href":"https:\/\/jornalrol.com.br\/index.php?rest_route=\/wp\/v2\/posts"}],"about":[{"href":"https:\/\/jornalrol.com.br\/index.php?rest_route=\/wp\/v2\/types\/post"}],"author":[{"embeddable":true,"href":"https:\/\/jornalrol.com.br\/index.php?rest_route=\/wp\/v2\/users\/3"}],"replies":[{"embeddable":true,"href":"https:\/\/jornalrol.com.br\/index.php?rest_route=%2Fwp%2Fv2%2Fcomments&post=2331"}],"version-history":[{"count":0,"href":"https:\/\/jornalrol.com.br\/index.php?rest_route=\/wp\/v2\/posts\/2331\/revisions"}],"wp:attachment":[{"href":"https:\/\/jornalrol.com.br\/index.php?rest_route=%2Fwp%2Fv2%2Fmedia&parent=2331"}],"wp:term":[{"taxonomy":"category","embeddable":true,"href":"https:\/\/jornalrol.com.br\/index.php?rest_route=%2Fwp%2Fv2%2Fcategories&post=2331"},{"taxonomy":"post_tag","embeddable":true,"href":"https:\/\/jornalrol.com.br\/index.php?rest_route=%2Fwp%2Fv2%2Ftags&post=2331"}],"curies":[{"name":"wp","href":"https:\/\/api.w.org\/{rel}","templated":true}]}}