{"id":2334,"date":"2015-06-27T18:00:00","date_gmt":"2015-06-27T21:00:00","guid":{"rendered":"http:\/\/www.jornalrol.com.br\/?p=2334"},"modified":"2015-06-27T18:00:00","modified_gmt":"2015-06-27T21:00:00","slug":"secretaria-de-transito-de-itapet9ininga-realiza-campanha-de-cidadania","status":"publish","type":"post","link":"https:\/\/jornalrol.com.br\/?p=2334","title":{"rendered":"Secretaria de Tr\u00e2nsito de Itapetininga realiza campanha de cidadania"},"content":{"rendered":"<div class=\"pdfprnt-buttons pdfprnt-buttons-post pdfprnt-top-right\"><a href=\"https:\/\/jornalrol.com.br\/index.php?rest_route=%2Fwp%2Fv2%2Fposts%2F2334&print=pdf\" class=\"pdfprnt-button pdfprnt-button-pdf\" target=\"_blank\" ><\/a><a href=\"https:\/\/jornalrol.com.br\/index.php?rest_route=%2Fwp%2Fv2%2Fposts%2F2334&print=print\" class=\"pdfprnt-button pdfprnt-button-print\" target=\"_blank\" ><img decoding=\"async\" src=\"https:\/\/jornalrol.com.br\/wp-content\/plugins\/pdf-print\/images\/print.png\" alt=\"image_print\" title=\"Conte\u00fado de impress\u00e3o\" \/><\/a><\/div><p><strong>Algumas a\u00e7\u00f5es ser\u00e3o desenvolvidas para alertar os condutores sobre a import\u00e2ncia do respeito as vagas especiais<\/strong><br \/>\n<!--more--><\/p>\n<p>O M\u00eas de Maio foi marcado por in\u00fameras a\u00e7\u00f5es de conscientiza\u00e7\u00e3o de tr\u00e2nsito, realizadas pela Prefeitura de Itapetininga, atrav\u00e9s da Secretaria de Tr\u00e2nsito e Cidadania. O Maio Amarelo deu in\u00edcio a um trabalho permanente de discuss\u00f5es que ser\u00e3o realizadas a cada m\u00eas, com enfoques espec\u00edficos.<\/p>\n<p>Neste m\u00eas de junho, o trabalho de orienta\u00e7\u00e3o est\u00e1 direcionado para o respeito \u00e0s vagas especiais (vagas para idosos e deficientes f\u00edsicos),\u00a0 vagas estas garantidas por Lei e que infelizmente costumam ser ignoradas por uma grande parcela dos condutores em Itapetininga.<\/p>\n<p>Dentre as a\u00e7\u00f5es que est\u00e3o sendo realizadas com o prop\u00f3sito de melhorar as condi\u00e7\u00f5es para os idosos e portadores de necessidades especiais, \u00e9 a sinaliza\u00e7\u00e3o vertical e horizontal de novas vagas. Desde o in\u00edcio do m\u00eas, as vagas especiais est\u00e3o sendo aumentadas, para dar mais acessibilidade, principalmente nas vias principais da cidade.<\/p>\n<p><strong>Outra a\u00e7\u00e3o que ser\u00e1 desenvolvida para este p\u00fablico ser\u00e1 o Mutir\u00e3o da Credencial de Estacionamento para Idosos e P.N.E que ser\u00e1 realizado no dia 27 de Junho, na pra\u00e7a do F\u00f3rum Central, das 09h \u00e0s 14h, oportunidade em que a Secretaria de Tr\u00e2nsito e Cidadania estar\u00e1 a postos para atender os cidad\u00e3os que preenchem os requisitos para adquirirem a Credencial de Estacionamento, que receber\u00e3o o documento de forma imediata.\u00a0 Para tanto, dever\u00e1 apresentar: c\u00f3pia da CNH, c\u00f3pia do documento do ve\u00edculo, comprovante de resid\u00eancia, foto 3&#215;4, e atestado m\u00e9dico, no caso de Portadores de necessidades especiais. N\u00e3o h\u00e1 qualquer custo para a emiss\u00e3o da Credencial.<\/strong><\/p>\n","protected":false},"excerpt":{"rendered":"<p>Algumas a\u00e7\u00f5es ser\u00e3o desenvolvidas para alertar os condutores sobre a import\u00e2ncia do respeito as vagas especiais<\/p>\n","protected":false},"author":3,"featured_media":0,"comment_status":"closed","ping_status":"closed","sticky":false,"template":"","format":"standard","meta":{"_jetpack_newsletter_access":"","_jetpack_dont_email_post_to_subs":false,"_jetpack_newsletter_tier_id":0,"_jetpack_memberships_contains_paywalled_content":false,"_jetpack_memberships_contains_paid_content":false,"footnotes":""},"categories":[7],"tags":[8457],"class_list":["post-2334","post","type-post","status-publish","format-standard","hentry","category-comunicacao","tag-transito"],"aioseo_notices":[],"views":0,"jetpack_featured_media_url":"","jetpack_sharing_enabled":true,"jetpack_likes_enabled":true,"jetpack-related-posts":[{"id":1780,"url":"https:\/\/jornalrol.com.br\/?p=1780","url_meta":{"origin":2334,"position":0},"title":"Itapetininga:  PREFEITURA PROMOVE CAMPANHA CONRA ACIDENTES","author":"Helio Rubens","date":"10 de maio de 2015","format":false,"excerpt":"Secretaria de Tr\u00e2nsito promove durante todo o m\u00eas de maio, \u00a0a\u00e7\u00f5es para melhorar o tr\u00e2nsito A Prefeitura de Itapetininga, em conjunto com a Secretaria de Tr\u00e2nsito, est\u00e1 lan\u00e7ando a campanha de conscientiza\u00e7\u00e3o 'Maio Amarelo'. A ideia da campanha \u00e9 reduzir os \u00edndices de acidentes de tr\u00e2nsito, al\u00e9m de colocar em\u2026","rel":"","context":"Em &quot;Comunica\u00e7\u00e3o&quot;","block_context":{"text":"Comunica\u00e7\u00e3o","link":"https:\/\/jornalrol.com.br\/?cat=7"},"img":{"alt_text":"","src":"","width":0,"height":0},"classes":[]},{"id":3204,"url":"https:\/\/jornalrol.com.br\/?p=3204","url_meta":{"origin":2334,"position":1},"title":"Mobilidade Urbana ser\u00e1 discutida em Itapetininga dias 15 e 16 na FKB","author":"Helio Rubens","date":"11 de setembro de 2015","format":false,"excerpt":"\u00c9\u00a0o primeiro semin\u00e1rio de mobilidade urbana realizado no munic\u00edpio Palestras\u00a0e interven\u00e7\u00f5es ser\u00e3o dias 15 e 16 de setembro. O\u00a0prop\u00f3sito \u00e9 promover debates entre autoridades e dirigentes p\u00fablicos do setor de tr\u00e2nsito, transporte e mobilidade, com\u00a0a participa\u00e7\u00e3o da sociedade. O conceito de Mobilidade Urbana \u00e9 oferecer as condi\u00e7\u00f5es necess\u00e1rias para o\u2026","rel":"","context":"Em &quot;Comunica\u00e7\u00e3o&quot;","block_context":{"text":"Comunica\u00e7\u00e3o","link":"https:\/\/jornalrol.com.br\/?cat=7"},"img":{"alt_text":"","src":"","width":0,"height":0},"classes":[]},{"id":4637,"url":"https:\/\/jornalrol.com.br\/?p=4637","url_meta":{"origin":2334,"position":2},"title":"Saiu na TV Tem: &#039;Escola da Fam\u00edlia tem inscri\u00e7\u00f5es abertas; saiba como se matricular&#039;","author":"Helio Rubens","date":"14 de abril de 2016","format":false,"excerpt":"Regi\u00e3o de Itapetininga (SP) tem vagas para novos volunt\u00e1rios. \u00a0Participantes recebem bolsa na mensalidade de curso universit\u00e1rio. Do G1 Itapetininga e Regi\u00e3o Volunt\u00e1rios da Escola da Fam\u00edlia trabalha nos fins de semanas\u00a0(Foto: Divulga\u00e7\u00e3o) As inscri\u00e7\u00f5es para o programa Escola da Fam\u00edlia est\u00e3o abertas no estado de S\u00e3o Paulo. Os participantes\u2026","rel":"","context":"Em &quot;Comunica\u00e7\u00e3o&quot;","block_context":{"text":"Comunica\u00e7\u00e3o","link":"https:\/\/jornalrol.com.br\/?cat=7"},"img":{"alt_text":"Escola da Fam\u00edlia (Foto: Divulga\u00e7\u00e3o)","src":"https:\/\/i0.wp.com\/s2.glbimg.com\/phGlwYpYboUh-_ZLIQECcQocSOY%3D\/s.glbimg.com\/jo\/g1\/f\/original\/2010\/08\/06\/escola.jpg300.jpg?resize=350%2C200","width":350,"height":200},"classes":[]},{"id":5870,"url":"https:\/\/jornalrol.com.br\/?p=5870","url_meta":{"origin":2334,"position":3},"title":"Saiu na TV Tem: &#039;Escola da Fam\u00edlia oferece bolsas para universit\u00e1rios na regi\u00e3o de Itapetininga&#039;","author":"Helio Rubens","date":"11 de agosto de 2016","format":false,"excerpt":"Interessados podem se inscrever at\u00e9 domingo (14) no site do programa.\u00a0Candidato deve estar matriculado em um curso de gradua\u00e7\u00e3o Candidatos devem acessar o Portal do Bolsa Universidade (Foto: Hariele Quara\/Semcom) A Secretaria da Educa\u00e7\u00e3o de S\u00e3o Paulo est\u00e1 com inscri\u00e7\u00f5es abertas para universit\u00e1rios interessados em participar do programa Escola da\u2026","rel":"","context":"Em &quot;Comunica\u00e7\u00e3o&quot;","block_context":{"text":"Comunica\u00e7\u00e3o","link":"https:\/\/jornalrol.com.br\/?cat=7"},"img":{"alt_text":"Candidatos devem acessar o Portal do Bolsa Universidade (Foto: Hariele Quara\/Semcom)","src":"https:\/\/i0.wp.com\/s2.glbimg.com\/lsBOiJ7yAjCn7wQY2o3H4WBLMZA%3D\/s.glbimg.com\/jo\/g1\/f\/original\/2014\/07\/12\/bolsauni.jpg?resize=350%2C200","width":350,"height":200,"srcset":"https:\/\/i0.wp.com\/s2.glbimg.com\/lsBOiJ7yAjCn7wQY2o3H4WBLMZA%3D\/s.glbimg.com\/jo\/g1\/f\/original\/2014\/07\/12\/bolsauni.jpg?resize=350%2C200 1x, https:\/\/i0.wp.com\/s2.glbimg.com\/lsBOiJ7yAjCn7wQY2o3H4WBLMZA%3D\/s.glbimg.com\/jo\/g1\/f\/original\/2014\/07\/12\/bolsauni.jpg?resize=525%2C300 1.5x"},"classes":[]},{"id":17959,"url":"https:\/\/jornalrol.com.br\/?p=17959","url_meta":{"origin":2334,"position":4},"title":"Instituto Federal de Itapetininga e Boituva oferece cursos gratuitos","author":"Helio Rubens","date":"1 de maio de 2018","format":false,"excerpt":"Inscri\u00e7\u00f5es abertas at\u00e9 13 de maio O IFESP - Instituto Federal de Educa\u00e7\u00e3o, Ci\u00eancia e Tecnologia de S\u00e3o Paulo\u00a0 abriu 280 vagas para cursos t\u00e9cnicos gratuitos em Boituva e Itapetininga (SP). As inscri\u00e7\u00f5es podem ser realizadas at\u00e9 o dia 13 de maio. A sele\u00e7\u00e3o dos interessados ser\u00e1 feita tomando por\u2026","rel":"","context":"Em &quot;Comunica\u00e7\u00e3o&quot;","block_context":{"text":"Comunica\u00e7\u00e3o","link":"https:\/\/jornalrol.com.br\/?cat=7"},"img":{"alt_text":"","src":"https:\/\/i0.wp.com\/www.jornalrol.com.br\/wp-content\/uploads\/2016\/11\/Logo-Instituto-Federal-de-Iitapetininga-300x127.png?resize=350%2C200","width":350,"height":200},"classes":[]},{"id":5035,"url":"https:\/\/jornalrol.com.br\/?p=5035","url_meta":{"origin":2334,"position":5},"title":"Univesp abre inscri\u00e7\u00f5es para Vestibular de Engenharia de Computa\u00e7\u00e3o e de Produ\u00e7\u00e3o no P\u00f3lo UAB em Itapetininga","author":"Helio Rubens","date":"24 de maio de 2016","format":false,"excerpt":"Inscri\u00e7\u00f5es podem ser feitas at\u00e9 \u00e0s 15h do dia 13 de junho Est\u00e3o abertas as inscri\u00e7\u00f5es para o Processo Seletivo Vestibular para os cursos de Engenharia de Computa\u00e7\u00e3o e Engenharia de Produ\u00e7\u00e3o na Univesp \u2013 P\u00f3lo UAB Itapetininga, a partir do dia 23 de maio. As inscri\u00e7\u00f5es v\u00e3o at\u00e9 \u00e0s\u2026","rel":"","context":"Em &quot;Comunica\u00e7\u00e3o&quot;","block_context":{"text":"Comunica\u00e7\u00e3o","link":"https:\/\/jornalrol.com.br\/?cat=7"},"img":{"alt_text":"","src":"","width":0,"height":0},"classes":[]}],"_links":{"self":[{"href":"https:\/\/jornalrol.com.br\/index.php?rest_route=\/wp\/v2\/posts\/2334","targetHints":{"allow":["GET"]}}],"collection":[{"href":"https:\/\/jornalrol.com.br\/index.php?rest_route=\/wp\/v2\/posts"}],"about":[{"href":"https:\/\/jornalrol.com.br\/index.php?rest_route=\/wp\/v2\/types\/post"}],"author":[{"embeddable":true,"href":"https:\/\/jornalrol.com.br\/index.php?rest_route=\/wp\/v2\/users\/3"}],"replies":[{"embeddable":true,"href":"https:\/\/jornalrol.com.br\/index.php?rest_route=%2Fwp%2Fv2%2Fcomments&post=2334"}],"version-history":[{"count":0,"href":"https:\/\/jornalrol.com.br\/index.php?rest_route=\/wp\/v2\/posts\/2334\/revisions"}],"wp:attachment":[{"href":"https:\/\/jornalrol.com.br\/index.php?rest_route=%2Fwp%2Fv2%2Fmedia&parent=2334"}],"wp:term":[{"taxonomy":"category","embeddable":true,"href":"https:\/\/jornalrol.com.br\/index.php?rest_route=%2Fwp%2Fv2%2Fcategories&post=2334"},{"taxonomy":"post_tag","embeddable":true,"href":"https:\/\/jornalrol.com.br\/index.php?rest_route=%2Fwp%2Fv2%2Ftags&post=2334"}],"curies":[{"name":"wp","href":"https:\/\/api.w.org\/{rel}","templated":true}]}}