{"id":2337,"date":"2015-06-27T18:04:56","date_gmt":"2015-06-27T21:04:56","guid":{"rendered":"http:\/\/www.jornalrol.com.br\/?p=2337"},"modified":"2015-06-27T18:04:56","modified_gmt":"2015-06-27T21:04:56","slug":"artigo-de-reinaldo-canto-o-clima-definitivamente-entrou-na-pauta-global","status":"publish","type":"post","link":"https:\/\/jornalrol.com.br\/?p=2337","title":{"rendered":"Artigo de Reinaldo Canto: &#039;O clima definitivamente entrou na pauta global&#039;"},"content":{"rendered":"<div class=\"pdfprnt-buttons pdfprnt-buttons-post pdfprnt-top-right\"><a href=\"https:\/\/jornalrol.com.br\/index.php?rest_route=%2Fwp%2Fv2%2Fposts%2F2337&print=pdf\" class=\"pdfprnt-button pdfprnt-button-pdf\" target=\"_blank\" ><\/a><a href=\"https:\/\/jornalrol.com.br\/index.php?rest_route=%2Fwp%2Fv2%2Fposts%2F2337&print=print\" class=\"pdfprnt-button pdfprnt-button-print\" target=\"_blank\" ><img decoding=\"async\" src=\"https:\/\/jornalrol.com.br\/wp-content\/plugins\/pdf-print\/images\/print.png\" alt=\"image_print\" title=\"Conte\u00fado de impress\u00e3o\" \/><\/a><\/div><h1 class=\"documentFirstHeading\"><span class=\"documentAuthor\">Not\u00edcias das \u00faltimas semanas revelam preocupa\u00e7\u00e3o com as mudan\u00e7as clim\u00e1ticas e seus efeitos, mas ainda falta o Brasil entrar no clima<\/span><\/h1>\n<p><!--more--><\/p>\n<h1 class=\"documentFirstHeading\"><span class=\"documentAuthor\">por <a href=\"http:\/\/www.cartacapital.com.br\/Plone\/colunistas\/Reinaldo-Canto\">Reinaldo Canto<\/a>\u00a0<\/span><\/h1>\n<div id=\"viewlet-below-content-title\"><\/div>\n<div id=\"viewlet-social-like\" class=\"horizontal\"><\/div>\n<div id=\"content-core\">\n<div class=\"tile-rights\">AFP PHOTO \/ JUSTIN TALLIS<\/div>\n<div class=\"canvasImg\"><img loading=\"lazy\" decoding=\"async\" class=\"\" title=\"aquecimento-global\" src=\"http:\/\/www.cartacapital.com.br\/sustentabilidade\/o-clima-definitivamente-entrou-na-pauta-global-9132.html\/aquecimento-global\/@@images\/5bab0e97-406b-4e7a-86fc-144839244fc4.jpeg\" alt=\"aquecimento-global\" width=\"768\" height=\"511\" \/><\/p>\n<p class=\"discreet\">Ativistas chamam a aten\u00e7\u00e3o para o aquecimento global durante ato pr\u00f3ximo ao parlamento ingl\u00eas, em Londres<\/p>\n<\/div>\n<aside id=\"column-middle\"><\/aside>\n<div id=\"textstructured\">\n<p>J\u00e1 n\u00e3o era sem tempo e nem por falta de sinais gritantes das mudan\u00e7as clim\u00e1ticas, cada vez mais intensos e preocupantes. Finalmente, a quest\u00e3o foi reconhecida como uma ser\u00edssima amea\u00e7a a sobreviv\u00eancia do ser humano num planeta mais quente e inst\u00e1vel.<\/p>\n<p>As boas not\u00edcias come\u00e7aram no encontro do G-7, o grupo de pa\u00edses mais desenvolvidos do mundo (Alemanha, Fran\u00e7a, Reino Unido, It\u00e1lia, EUA, Canad\u00e1 e Jap\u00e3o) reunidos na Alemanha, que decidiu, pela primeira vez, encarar de frente o desafio de \u201cdescarbonizar\u201d a economia. Ou seja, por um fim, mesmo que a longo prazo, ao uso de combust\u00edveis f\u00f3sseis (petr\u00f3leo, carv\u00e3o e g\u00e1s natural) que tem sido a base energ\u00e9tica da economia mundial ao menos h\u00e1 200 anos.<\/p>\n<p>&nbsp;<\/p>\n<div><\/div>\n<div id=\"ebzNative\"><\/div>\n<p>Inicialmente o acordo dos pa\u00edses ricos prev\u00ea a redu\u00e7\u00e3o entre 40 e 70%, at\u00e9 o ano de 2050, das emiss\u00f5es de gases de efeito estufa; e o comprometimento com aportes de recursos para um fundo de US$ 100 bilh\u00f5es a serem investidos em tecnologia para a ado\u00e7\u00e3o de energias limpas e renov\u00e1veis nos pa\u00edses pobres, principalmente no continente africano.<\/p>\n<p>O objetivo mais imediato dos pa\u00edses que comp\u00f5em o G7 \u00e9 o de frear o aquecimento do planeta para que n\u00e3o ultrapasse os dois graus cent\u00edgrados, considerados pelos cientistas um patamar cr\u00edtico, j\u00e1 que o aumento da temperatura m\u00e9dia poder\u00e1 acarretar em mais fen\u00f4menos clim\u00e1ticos extremos, extin\u00e7\u00e3o acelerada de esp\u00e9cies, al\u00e9m de acarretar no aumento nos n\u00edveis dos oceanos, entre outras consequ\u00eancias. Segundo o comunicado emitido pelo G7 a economia mundial dever\u00e1 estar \u201cdescarbonizada\u201d at\u00e9 o ano de 2.100.<\/p>\n<p>Ainda faltam detalhes sobre como ser\u00e1 a execu\u00e7\u00e3o do plano na pr\u00e1tica, mas o an\u00fancio e a import\u00e2ncia dada ao tema s\u00e3o in\u00e9ditos e demonstram claramente a preocupa\u00e7\u00e3o desses l\u00edderes com o futuro do planeta. Isso n\u00e3o \u00e9 pouca coisa. Muitos entenderam a posi\u00e7\u00e3o como hist\u00f3rica, por representar o in\u00edcio do fim da era dos combust\u00edveis f\u00f3sseis, at\u00e9 aqui a base da economia global desde a Revolu\u00e7\u00e3o Industrial.<\/p>\n<p><b>Papa antenado com o clima \u00a0<\/b><\/p>\n<p>A outra boa not\u00edcia veio do Vaticano e eis que mais uma vez o Papa Francisco surpreende e renova o seu empenho em falar sobre problemas contempor\u00e2neos. Desta feita em sua primeira enc\u00edclica\u00a0\u2013 \u201c<em><a class=\"external-link\" title=\"\" href=\"http:\/\/www.cartacapital.com.br\/enciclica-do-papa-traz-ecos-da-america-latina-diz-leonardo-boff-6793.html\" target=\"_blank\">Laudato si\u2019<\/a><\/em>\u201d (Louvado sejas), ele cita o\u00a0Patriarca Ecum\u00eanico Bartolomeu: \u201cUm crime contra a natureza \u00e9 um crime contra n\u00f3s mesmos e um pecado contra Deus.\u201d<\/p>\n<dl class=\"image-inline captioned\">\n<dt><a href=\"http:\/\/www.cartacapital.com.br\/sustentabilidade\/o-clima-definitivamente-entrou-na-pauta-global-9132.html\/enciclica-papal\" rel=\"lightbox\"><img loading=\"lazy\" decoding=\"async\" title=\"enciclica-papal\" src=\"http:\/\/www.cartacapital.com.br\/sustentabilidade\/o-clima-definitivamente-entrou-na-pauta-global-9132.html\/enciclica-papal\/@@images\/311d501d-b981-49b2-a880-9600a7f89159.jpeg\" alt=\"enciclica-papal\" width=\"768\" height=\"512\" \/><\/a><\/dt>\n<dd class=\"image-caption\">Turistas no Vaticano passam por cartaz sobre a enc\u00edclica papal que tratou do clima<\/dd>\n<\/dl>\n<p>Se n\u00e3o fosse pouca coisa, o Papa ainda afirma, fazendo uma direta refer\u00eancia \u00e0s mudan\u00e7as clim\u00e1ticas: \u201co urgente desafio de proteger a nossa casa comum inclui a preocupa\u00e7\u00e3o de unir toda a fam\u00edlia humana na busca de um desenvolvimento sustent\u00e1vel e integral, pois sabemos que as coisas podem mudar\u201d.<\/p>\n<p>Em conson\u00e2ncia com os preceitos adotados desde a Confer\u00eancia das Na\u00e7\u00f5es Unidas, a Rio+20, no Rio de Janeiro em 2012, que colocou o desenvolvimento sustent\u00e1vel ao lado da erradica\u00e7\u00e3o da pobreza, o Papa Francisco fez coro e refor\u00e7ou a sua preocupa\u00e7\u00e3o com os menos favorecidos:\u00a0\u201cS\u00e3o insepar\u00e1veis as preocupa\u00e7\u00f5es com a natureza, a justi\u00e7a para com os pobres, o empenho da\u00a0sociedade e a paz interior.\u201d<\/p>\n<p><b>E agora Brasil?<\/b><\/p>\n<p>Em recentes declara\u00e7\u00f5es durante o encontro de c\u00fapula com a Uni\u00e3o Europ\u00e9ia a Presidenta Dilma Roussef afirmou que o Brasil tem sido um dos pa\u00edses que mais reduziu suas emiss\u00f5es, gra\u00e7as principalmente a queda do desmatamento. Mesmo assim, para a 21\u00aa Confer\u00eancia do Clima a ser realizada em Paris no final do ano, ser\u00e1 preciso um compromisso mais efetivo e n\u00e3o apenas jogo de palavras.<\/p>\n<p>Nessa ocasi\u00e3o dever\u00e3o ser assumidos novos compromissos para substituir o Protocolo de Kyoto com metas mais ambiciosas para todos os pa\u00edses. Ainda mais entre os maiores emissores, caso do Brasil que ocupa a 10\u00aa posi\u00e7\u00e3o. As press\u00f5es sobre o governo j\u00e1 come\u00e7aram, entre elas, o<a class=\"external-link\" title=\"\" href=\"http:\/\/www.envolverde.com.br\/1-1-canais\/cop21\/coalizao-brasil-quer-economia-de-baixo-carbono-e-apresenta-propostas-para-cop21\/\" target=\"_blank\"> Lan\u00e7amento da Coaliz\u00e3o Brasil<\/a>: Clima, Florestas e Agricultura, movimento com a presen\u00e7a de mais de 50 entidades representantes do setor privado e de importantes organiza\u00e7\u00f5es do terceiro setor, nesta semana que, \u201cpretende propor e promover pol\u00edticas p\u00fablicas para o est\u00edmulo \u00e0 agricultura, pecu\u00e1ria e economia florestal que impulsionem o Brasil como protagonista na lideran\u00e7a global da economia sustent\u00e1vel e de baixo carbono, gerando prosperidade, com inclus\u00e3o social, gera\u00e7\u00e3o de emprego e renda\u201d.<\/p>\n<p>A Coaliz\u00e3o vai divulgar um documento que apresenta propostas de pol\u00edticas e a\u00e7\u00f5es efetivas\u00a0 que devem contribuir para a estrutura\u00e7\u00e3o da posi\u00e7\u00e3o do Brasil na COP21.<\/p>\n<p>Nesses seis meses que faltam para o encontro de Paris novas discuss\u00f5es e debates vir\u00e3o e o Brasil deve entrar no clima positivo que come\u00e7a a tomar corpo mundo afora.<\/p>\n<\/div>\n<\/div>\n<div id=\"viewlet-below-content-body\"><\/div>\n","protected":false},"excerpt":{"rendered":"<p>Not\u00edcias das \u00faltimas semanas revelam preocupa\u00e7\u00e3o com as mudan\u00e7as clim\u00e1ticas e seus efeitos, mas ainda falta o Brasil entrar no clima<\/p>\n","protected":false},"author":3,"featured_media":0,"comment_status":"closed","ping_status":"closed","sticky":false,"template":"","format":"standard","meta":{"_jetpack_newsletter_access":"","_jetpack_dont_email_post_to_subs":false,"_jetpack_newsletter_tier_id":0,"_jetpack_memberships_contains_paywalled_content":false,"_jetpack_memberships_contains_paid_content":false,"footnotes":""},"categories":[7],"tags":[7434],"class_list":["post-2337","post","type-post","status-publish","format-standard","hentry","category-comunicacao","tag-reinaldo-canto"],"aioseo_notices":[],"views":0,"jetpack_featured_media_url":"","jetpack_sharing_enabled":true,"jetpack_likes_enabled":true,"jetpack-related-posts":[{"id":4140,"url":"https:\/\/jornalrol.com.br\/?p=4140","url_meta":{"origin":2337,"position":0},"title":"Artigo de Reinaldo Canto &#039;Muito trabalho pela frente&quot;","author":"Helio Rubens","date":"31 de janeiro de 2016","format":false,"excerpt":"Muito trabalho pela frente para cumprir as metas do Brasil no clima Para o cumprimento das metas propostas na COP 21 o Brasil ter\u00e1 de colocar em pr\u00e1tica diversas a\u00e7\u00f5es, entre elas, a recupera\u00e7\u00e3o florestal LUCAS PEREIRA E REINALDO CANTO* 22\/01\/2016 - 15h09 - Atualizado 22\/01\/2016 15h09 \u00a0 Passada certa\u2026","rel":"","context":"Em &quot;Comunica\u00e7\u00e3o&quot;","block_context":{"text":"Comunica\u00e7\u00e3o","link":"https:\/\/jornalrol.com.br\/?cat=7"},"img":{"alt_text":"Pavilh\u00e3o dos Estados Unidos na Confer\u00eancia do Clima em Paris, na Fran\u00e7a (Foto: Christophe Ena\/AP)","src":"https:\/\/i0.wp.com\/s2.glbimg.com\/mak-zvSr9Xk98gGudxTC4jIGo0Y%3D\/560x350\/e.glbimg.com\/og\/ed\/f\/original\/2015\/12\/10\/climate_countdown-tra_r.jpg?resize=350%2C200","width":350,"height":200,"srcset":"https:\/\/i0.wp.com\/s2.glbimg.com\/mak-zvSr9Xk98gGudxTC4jIGo0Y%3D\/560x350\/e.glbimg.com\/og\/ed\/f\/original\/2015\/12\/10\/climate_countdown-tra_r.jpg?resize=350%2C200 1x, https:\/\/i0.wp.com\/s2.glbimg.com\/mak-zvSr9Xk98gGudxTC4jIGo0Y%3D\/560x350\/e.glbimg.com\/og\/ed\/f\/original\/2015\/12\/10\/climate_countdown-tra_r.jpg?resize=525%2C300 1.5x"},"classes":[]},{"id":4264,"url":"https:\/\/jornalrol.com.br\/?p=4264","url_meta":{"origin":2337,"position":1},"title":"Artigo de Reinaldo Canto: &#039;Um planeta mais quente e desigual&#039;","author":"Helio Rubens","date":"17 de fevereiro de 2016","format":false,"excerpt":"Um planeta mais quente e desigual Estudos da Nasa e da Oxfam revelam que 2015 foi o ano mais quente e com a maior desigualdade j\u00e1 registrada por Reinaldo Canto \u2014 publicado 16\/02\/2016 04h34 Tomaz Silva \/ Ag\u00eancia Brasil \/ Fotos P\u00fablicas Marcha Global pelo Clima Manifestantes realizam a Marcha\u2026","rel":"","context":"Em &quot;Comunica\u00e7\u00e3o&quot;","block_context":{"text":"Comunica\u00e7\u00e3o","link":"https:\/\/jornalrol.com.br\/?cat=7"},"img":{"alt_text":"","src":"","width":0,"height":0},"classes":[]},{"id":5855,"url":"https:\/\/jornalrol.com.br\/?p=5855","url_meta":{"origin":2337,"position":2},"title":"Um dia No dia de Ana Luiza vai a Biblioteca do Parque Villa-Lobos","author":"Helio Rubens","date":"11 de agosto de 2016","format":false,"excerpt":"O jornalista Reinaldo Canto apresenta a crian\u00e7ada seu novo livro que mescla dois universos: o infantil e o ambiental e a conta\u00e7\u00e3o ficar\u00e1 por conta de Marie Serafim \u00a0 No pr\u00f3ximo domingo, Dia dos Pais (14\/08), a Biblioteca do Parque Villa Lobos ser\u00e1 palco do lan\u00e7amento do livro \"Um dia\u2026","rel":"","context":"Em &quot;Comunica\u00e7\u00e3o&quot;","block_context":{"text":"Comunica\u00e7\u00e3o","link":"https:\/\/jornalrol.com.br\/?cat=7"},"img":{"alt_text":"","src":"","width":0,"height":0},"classes":[]},{"id":17527,"url":"https:\/\/jornalrol.com.br\/?p=17527","url_meta":{"origin":2337,"position":3},"title":"Reinaldo Canto: &#039;F\u00f3rum Mundial da \u00c1gua: o necess\u00e1rio cuidado global pela \u00e1gua&#039;","author":"Sergio Diniz da Costa","date":"6 de abril de 2018","format":false,"excerpt":"\u00a0Encerramento faz apelos por maior engajamento e revela boas inten\u00e7\u00f5es para o futuro \u00a0 Ap\u00f3s uma semana com mais de 300 mesas de discuss\u00f5es e debates; exposi\u00e7\u00f5es, manifesta\u00e7\u00f5es e a participa\u00e7\u00e3o de quase 100 mil pessoas, o F\u00f3rum Mundial da \u00c1gua se despede do Brasil rumo ao Senegal-2021. O que\u2026","rel":"","context":"Em &quot;Comunica\u00e7\u00e3o&quot;","block_context":{"text":"Comunica\u00e7\u00e3o","link":"https:\/\/jornalrol.com.br\/?cat=7"},"img":{"alt_text":"","src":"https:\/\/i0.wp.com\/www.jornalrol.com.br\/wp-content\/uploads\/2017\/01\/reinaldo-canto.jpg?resize=350%2C200","width":350,"height":200},"classes":[]},{"id":9657,"url":"https:\/\/jornalrol.com.br\/?p=9657","url_meta":{"origin":2337,"position":4},"title":"Reinaldo Canto: &#039;O ROL \u00e9 mais do que a sua sigla delimita (Regi\u00e3o On Line)&#039;","author":"Sergio Diniz da Costa","date":"21 de abril de 2017","format":false,"excerpt":"Reinaldo Canto 'O \u00a0ROL \u00e9 mais do que a sua sigla delimita (Regi\u00e3o On Line)' O ROL \u00e9 mais do que a sua pr\u00f3pria sigla delimita (Regi\u00e3o On Line). O ROL \u00e9 tamb\u00e9m bem mais que um portal da internet. Dif\u00edcil defini-lo se \u00e9 que isso se faz realmente necess\u00e1rio,\u2026","rel":"","context":"Em &quot;Comunica\u00e7\u00e3o&quot;","block_context":{"text":"Comunica\u00e7\u00e3o","link":"https:\/\/jornalrol.com.br\/?cat=7"},"img":{"alt_text":"","src":"https:\/\/i0.wp.com\/www.jornalrol.com.br\/wp-content\/uploads\/2017\/01\/reinaldo-canto.jpg?resize=350%2C200","width":350,"height":200},"classes":[]},{"id":6873,"url":"https:\/\/jornalrol.com.br\/?p=6873","url_meta":{"origin":2337,"position":5},"title":"Reinaldo Canto: &#039;COP 22: Cada vez mais quente, ainda restam d\u00favidas?&#039;","author":"Helio Rubens","date":"17 de novembro de 2016","format":false,"excerpt":"Por Reinaldo Canto para a Envolverde e projeto C\u00e1sper L\u00edbero na COP 22 \u00a0 Ainda n\u00e3o \u00e9 oficial, mas segundo an\u00fancio da Organiza\u00e7\u00e3o Meteorol\u00f3gica Mundial* especialmente para a COP 22, tudo leva a crer que este ano vai superar o recorde anterior que foi de\u2026 2015. Se no ano passado\u2026","rel":"","context":"Em &quot;Comunica\u00e7\u00e3o&quot;","block_context":{"text":"Comunica\u00e7\u00e3o","link":"https:\/\/jornalrol.com.br\/?cat=7"},"img":{"alt_text":"reinaldo-canto","src":"https:\/\/i0.wp.com\/www.envolverde.com.br\/wp-content\/uploads\/Reinaldo-Canto-1-150x150.jpg?resize=350%2C200","width":350,"height":200},"classes":[]}],"_links":{"self":[{"href":"https:\/\/jornalrol.com.br\/index.php?rest_route=\/wp\/v2\/posts\/2337","targetHints":{"allow":["GET"]}}],"collection":[{"href":"https:\/\/jornalrol.com.br\/index.php?rest_route=\/wp\/v2\/posts"}],"about":[{"href":"https:\/\/jornalrol.com.br\/index.php?rest_route=\/wp\/v2\/types\/post"}],"author":[{"embeddable":true,"href":"https:\/\/jornalrol.com.br\/index.php?rest_route=\/wp\/v2\/users\/3"}],"replies":[{"embeddable":true,"href":"https:\/\/jornalrol.com.br\/index.php?rest_route=%2Fwp%2Fv2%2Fcomments&post=2337"}],"version-history":[{"count":0,"href":"https:\/\/jornalrol.com.br\/index.php?rest_route=\/wp\/v2\/posts\/2337\/revisions"}],"wp:attachment":[{"href":"https:\/\/jornalrol.com.br\/index.php?rest_route=%2Fwp%2Fv2%2Fmedia&parent=2337"}],"wp:term":[{"taxonomy":"category","embeddable":true,"href":"https:\/\/jornalrol.com.br\/index.php?rest_route=%2Fwp%2Fv2%2Fcategories&post=2337"},{"taxonomy":"post_tag","embeddable":true,"href":"https:\/\/jornalrol.com.br\/index.php?rest_route=%2Fwp%2Fv2%2Ftags&post=2337"}],"curies":[{"name":"wp","href":"https:\/\/api.w.org\/{rel}","templated":true}]}}