{"id":2533,"date":"2015-07-13T17:28:21","date_gmt":"2015-07-13T20:28:21","guid":{"rendered":"http:\/\/www.jornalrol.com.br\/?p=2533"},"modified":"2015-07-13T17:28:21","modified_gmt":"2015-07-13T20:28:21","slug":"fundo-social-abre-350-vagas-para-cursos-gratuitos-em-itapetininga","status":"publish","type":"post","link":"https:\/\/jornalrol.com.br\/?p=2533","title":{"rendered":"Fundo Social abre 350 vagas para cursos gratuitos em Itapetininga"},"content":{"rendered":"<div class=\"pdfprnt-buttons pdfprnt-buttons-post pdfprnt-top-right\"><a href=\"https:\/\/jornalrol.com.br\/index.php?rest_route=%2Fwp%2Fv2%2Fposts%2F2533&print=pdf\" class=\"pdfprnt-button pdfprnt-button-pdf\" target=\"_blank\" ><\/a><a href=\"https:\/\/jornalrol.com.br\/index.php?rest_route=%2Fwp%2Fv2%2Fposts%2F2533&print=print\" class=\"pdfprnt-button pdfprnt-button-print\" target=\"_blank\" ><img decoding=\"async\" src=\"https:\/\/jornalrol.com.br\/wp-content\/plugins\/pdf-print\/images\/print.png\" alt=\"image_print\" title=\"Conte\u00fado de impress\u00e3o\" \/><\/a><\/div><div class=\"materia-titulo\">\n<h1 class=\"entry-title\">H\u00e1 oportunidades na \u00e1rea de est\u00e9tica, alimenta\u00e7\u00e3o, artesanato e outros.<\/h1>\n<h2>Matr\u00edculas v\u00e3o at\u00e9 24 de julho; aulas come\u00e7ar\u00e3o em agosto.<\/h2>\n<\/div>\n<p><!--more--><\/p>\n<div class=\"materia-assinatura-linha\">\u00a0Do G1 Itapetininga e Regi\u00e3o<\/div>\n<div class=\"compartilhamento-materia\"><\/div>\n<div id=\"materia-letra\" class=\"materia-conteudo entry-content\">\n<div>\n<div class=\"foto componente_materia midia-largura-618\"><img loading=\"lazy\" decoding=\"async\" title=\"Auxiliar de cabelereiro tem 46 oportunidades dispon\u00edveis (Foto: Reprodu\u00e7\u00e3o \/ TV Tem)\" src=\"http:\/\/s2.glbimg.com\/bKa4hM0D0TVYqLj2lahX0wAmi9M=\/s.glbimg.com\/jo\/g1\/f\/original\/2015\/02\/18\/cabelereiro.jpg\" alt=\"Auxiliar de cabelereiro tem 46 oportunidades dispon\u00edveis (Foto: Reprodu\u00e7\u00e3o \/ TV Tem)\" width=\"618\" height=\"463\" \/><strong>Curso de cabelereiro \u00e9 um dos oferecidos pelo FSS de Itapetininga (Foto: Reprodu\u00e7\u00e3o \/ TV TEM)<\/strong><\/div>\n<p>O Fundo Social de Solidariedade (FSS) de <a class=\"premium-tip\" href=\"http:\/\/g1.globo.com\/sp\/itapetininga-regiao\/cidade\/itapetininga.html\">Itapetininga<\/a> (SP) abriu inscri\u00e7\u00f5es para 350 vagas em cursos gratuitos em diversas \u00e1reas, entre est\u00e9tica, alimenta\u00e7\u00e3o, artesanato e moda. O prazo vai at\u00e9 24 de julho e as aulas come\u00e7ar\u00e3o em agosto.<\/p>\n<div class=\"saibamais componente_materia\"><strong>saiba mais<\/strong><\/p>\n<ul>\n<li><a href=\"http:\/\/g1.globo.com\/sao-paulo\/itapetininga-regiao\/noticia\/2015\/07\/abertas-inscricoes-para-curso-de-processamento-de-paes-em-jumirim.html\" target=\"_blank\">Abertas inscri\u00e7\u00f5es para curso de processamento de p\u00e3es em Jumirim<\/a><\/li>\n<li><a href=\"http:\/\/g1.globo.com\/sao-paulo\/itapetininga-regiao\/noticia\/2015\/07\/coral-municipal-de-itapetininga-abrira-inscricoes-para-participantes.html\" target=\"_blank\">Coral Municipal de Itapetininga<br \/>\nabrir\u00e1 inscri\u00e7\u00f5es para participantes<\/a><\/li>\n<\/ul>\n<\/div>\n<p>De acordo com o FSS, as inscri\u00e7\u00f5es s\u00e3o feitas na sede da institui\u00e7\u00e3o, na Pra\u00e7a Gaspar Ricardo, s\/n, Centro. \u00c9 necess\u00e1rio apresentar xerox do RG, CPF, comprovante de resid\u00eancia e comprovante de renda.<\/p>\n<p>Os interessados precisam escolher hor\u00e1rio entre a manh\u00e3 e tarde. As datas e hor\u00e1rios dos cursos ainda n\u00e3o est\u00e3o definidos; eles ser\u00e3o realizados na sede do FSS.<\/p>\n<p><strong>Confira as vagas:<\/strong><br \/>\nPizzaiolo &#8211; 15 vagas<br \/>\nCulin\u00e1ria do chefe &#8211; 15 vagas<br \/>\nPadaria artesanal &#8211; 20 vagas<br \/>\nCulin\u00e1ria caseira-\u00a0 20 vagas<br \/>\nCabelo &#8211; 60 vagas<br \/>\nPenteado e maquiagem &#8211; 30 vagas<br \/>\nManicure\/pedicure &#8211; 40 vagas<br \/>\nDepila\u00e7\u00e3o e design de sobrancelhas &#8211; 15 vagas<br \/>\nEst\u00e9tica &#8211; 40 vagas<br \/>\nPolo de moda &#8211; 30 vagas<br \/>\nCostura industrial &#8211; 30 vagas<br \/>\nArtesanato &#8211; 15 vagas<br \/>\nAromatizador de ambiente e sabonete liquido &#8211; 20 vagas<\/p>\n<\/div>\n<\/div>\n","protected":false},"excerpt":{"rendered":"<p>H\u00e1 oportunidades na \u00e1rea de est\u00e9tica, alimenta\u00e7\u00e3o, artesanato e outros. Matr\u00edculas v\u00e3o at\u00e9 24 de julho; aulas come\u00e7ar\u00e3o em agosto.<\/p>\n","protected":false},"author":3,"featured_media":0,"comment_status":"closed","ping_status":"closed","sticky":false,"template":"","format":"standard","meta":{"_jetpack_newsletter_access":"","_jetpack_dont_email_post_to_subs":false,"_jetpack_newsletter_tier_id":0,"_jetpack_memberships_contains_paywalled_content":false,"_jetpack_memberships_contains_paid_content":false,"footnotes":""},"categories":[7],"tags":[3221],"class_list":["post-2533","post","type-post","status-publish","format-standard","hentry","category-comunicacao","tag-empregos"],"aioseo_notices":[],"views":0,"jetpack_featured_media_url":"","jetpack_sharing_enabled":true,"jetpack_likes_enabled":true,"jetpack-related-posts":[{"id":3917,"url":"https:\/\/jornalrol.com.br\/?p=3917","url_meta":{"origin":2533,"position":0},"title":"Instituto 3M forma a 1\u00aa turma do Projeto Formare em Itapetininga","author":"Helio Rubens","date":"17 de dezembro de 2015","format":false,"excerpt":"Com certificado, os 18 formandos do curso de Assistente em Manufatura Industrial est\u00e3o credenciados para o ingresso no mercado de trabalho Na tarde de ontem (16), alunos da primeira turma do Projeto Formare em Itapetininga, receberam os diplomas de assistente de manufatura industrial. Os jovens com idade entre 17 e\u2026","rel":"","context":"Em &quot;Comunica\u00e7\u00e3o&quot;","block_context":{"text":"Comunica\u00e7\u00e3o","link":"https:\/\/jornalrol.com.br\/?cat=7"},"img":{"alt_text":"","src":"","width":0,"height":0},"classes":[]},{"id":2725,"url":"https:\/\/jornalrol.com.br\/?p=2725","url_meta":{"origin":2533,"position":1},"title":"Congresso T\u00e9cnico dos Jogos Regionais do Idoso ser\u00e1 no dia 27\u00a0","author":"Helio Rubens","date":"25 de julho de 2015","format":false,"excerpt":"No pr\u00f3ximo dia 27, \u00e0s 15h00, na C\u00e2mara Municipal de Itapetininga, ser\u00e1 realizado o Congresso T\u00e9cnico dos 19\u00ba JORI-Jogos Regionais do Idoso de Itapetininga. \u00a0 Estar\u00e3o presentes membros da Comiss\u00e3o Organizadora e os representantes dos munic\u00edpios convidados para apresenta\u00e7\u00e3o, defini\u00e7\u00e3o de disputas e demais itens na programa\u00e7\u00e3o oficial no per\u00edodo\u2026","rel":"","context":"Em &quot;Comunica\u00e7\u00e3o&quot;","block_context":{"text":"Comunica\u00e7\u00e3o","link":"https:\/\/jornalrol.com.br\/?cat=7"},"img":{"alt_text":"","src":"","width":0,"height":0},"classes":[]},{"id":7215,"url":"https:\/\/jornalrol.com.br\/?p=7215","url_meta":{"origin":2533,"position":2},"title":"Solenidade de conclus\u00e3o do curso de Ingl\u00eas para a Comunidade de Itapetininga","author":"Helio Rubens","date":"17 de dezembro de 2016","format":false,"excerpt":"A solenidade aconteceu dia 15 na Fatec de Itapetininga\u00a0 As 20 horas da quinta feira do dia 15 de dezembro de 2016 foi realizada a solenidade de certifica\u00e7\u00e3o da IV Turma de formandos do Curso B\u00e1sico de Ingl\u00eas para a Comunidade do Programa Fatec Idiomas - \u00e1rea de Ingl\u00eas. Fundado\u2026","rel":"","context":"Em &quot;Comunica\u00e7\u00e3o&quot;","block_context":{"text":"Comunica\u00e7\u00e3o","link":"https:\/\/jornalrol.com.br\/?cat=7"},"img":{"alt_text":"e1-2","src":"https:\/\/i0.wp.com\/www.jornalrol.com.br\/wp-content\/uploads\/2016\/12\/e1-2-300x193.jpg?resize=350%2C200","width":350,"height":200},"classes":[]},{"id":20183,"url":"https:\/\/jornalrol.com.br\/?p=20183","url_meta":{"origin":2533,"position":3},"title":"Curso gratuito de teatro em Itapetininga para crian\u00e7as e jovens","author":"Helio Rubens","date":"10 de agosto de 2018","format":false,"excerpt":"SESI ITAPETININGA OFERECE CURSO GRATUITO DE TEATRO \u00a0 Com turmas para crian\u00e7as e jovens adultos, o SESI Itapetininga oferece vagas para o curso semestral voltados a alunos com idade a partir de dez anos que desejam experimentar a linguagem teatral. Este curso tem carga hor\u00e1ria de 32h, com um encontro\u2026","rel":"","context":"Em &quot;Comunica\u00e7\u00e3o&quot;","block_context":{"text":"Comunica\u00e7\u00e3o","link":"https:\/\/jornalrol.com.br\/?cat=7"},"img":{"alt_text":"Resultado de imagem para teatro","src":"https:\/\/i0.wp.com\/www.unilab.edu.br\/wp-content\/uploads\/2017\/08\/Teatro01-345x255.png?resize=350%2C200","width":350,"height":200},"classes":[]},{"id":4081,"url":"https:\/\/jornalrol.com.br\/?p=4081","url_meta":{"origin":2533,"position":4},"title":"Curso de Inicia\u00e7\u00e3o ao Teatro:\u00a0ainda \u00e9 poss\u00edvel participar","author":"Helio Rubens","date":"29 de janeiro de 2016","format":false,"excerpt":"Se voc\u00ea tem pelo menos 15 anos e vontade de fazer teatro, fique atento, pois j\u00e1 come\u00e7aram as aulas Iniciado no \u00faltimo dia 26, o curso acontece \u00e0s ter\u00e7as e quintas, das 20 \u00e0s 22 \u00a0horas, no Clube Recreativo de Itapetininga. Segundo Bene Lu\u00eds, um dos idealizadores do evento, o\u2026","rel":"","context":"Em &quot;Comunica\u00e7\u00e3o&quot;","block_context":{"text":"Comunica\u00e7\u00e3o","link":"https:\/\/jornalrol.com.br\/?cat=7"},"img":{"alt_text":"","src":"","width":0,"height":0},"classes":[]},{"id":6648,"url":"https:\/\/jornalrol.com.br\/?p=6648","url_meta":{"origin":2533,"position":5},"title":"III Semana Acad\u00eamica e Cultural da FSP, Campus Itapetininga.","author":"Helio Rubens","date":"28 de outubro de 2016","format":false,"excerpt":"Dia 27 de outubro teve inicio a III Semana Acad\u00eamica e Cultural da Faculdade Sudoeste Paulista, Campus Itapetininga O evento conta com atividades educacionais dirigidas aos alunos do ensino m\u00e9dio, especialmente aqueles que est\u00e3o cursando o 3\u00ba ano: exposi\u00e7\u00f5es acad\u00eamicas das profiss\u00f5es ofertadas pelos cursos da FSP e exposi\u00e7\u00f5es culturais\u2026","rel":"","context":"Em &quot;Comunica\u00e7\u00e3o&quot;","block_context":{"text":"Comunica\u00e7\u00e3o","link":"https:\/\/jornalrol.com.br\/?cat=7"},"img":{"alt_text":"","src":"","width":0,"height":0},"classes":[]}],"_links":{"self":[{"href":"https:\/\/jornalrol.com.br\/index.php?rest_route=\/wp\/v2\/posts\/2533","targetHints":{"allow":["GET"]}}],"collection":[{"href":"https:\/\/jornalrol.com.br\/index.php?rest_route=\/wp\/v2\/posts"}],"about":[{"href":"https:\/\/jornalrol.com.br\/index.php?rest_route=\/wp\/v2\/types\/post"}],"author":[{"embeddable":true,"href":"https:\/\/jornalrol.com.br\/index.php?rest_route=\/wp\/v2\/users\/3"}],"replies":[{"embeddable":true,"href":"https:\/\/jornalrol.com.br\/index.php?rest_route=%2Fwp%2Fv2%2Fcomments&post=2533"}],"version-history":[{"count":0,"href":"https:\/\/jornalrol.com.br\/index.php?rest_route=\/wp\/v2\/posts\/2533\/revisions"}],"wp:attachment":[{"href":"https:\/\/jornalrol.com.br\/index.php?rest_route=%2Fwp%2Fv2%2Fmedia&parent=2533"}],"wp:term":[{"taxonomy":"category","embeddable":true,"href":"https:\/\/jornalrol.com.br\/index.php?rest_route=%2Fwp%2Fv2%2Fcategories&post=2533"},{"taxonomy":"post_tag","embeddable":true,"href":"https:\/\/jornalrol.com.br\/index.php?rest_route=%2Fwp%2Fv2%2Ftags&post=2533"}],"curies":[{"name":"wp","href":"https:\/\/api.w.org\/{rel}","templated":true}]}}