{"id":25822,"date":"2019-04-01T21:46:08","date_gmt":"2019-04-02T00:46:08","guid":{"rendered":"http:\/\/www.jornalrol.com.br\/?p=25822"},"modified":"2019-04-01T21:46:08","modified_gmt":"2019-04-02T00:46:08","slug":"fabio-avila-brasil-jovens-escritores-e-talentos-aprisionados","status":"publish","type":"post","link":"https:\/\/jornalrol.com.br\/?p=25822","title":{"rendered":"F\u00e1bio \u00c1vila: &#039;Brasil, jovens escritores e talentos aprisionados&#039;"},"content":{"rendered":"<div class=\"pdfprnt-buttons pdfprnt-buttons-post pdfprnt-top-right\"><a href=\"https:\/\/jornalrol.com.br\/index.php?rest_route=%2Fwp%2Fv2%2Fposts%2F25822&print=pdf\" class=\"pdfprnt-button pdfprnt-button-pdf\" target=\"_blank\" ><\/a><a href=\"https:\/\/jornalrol.com.br\/index.php?rest_route=%2Fwp%2Fv2%2Fposts%2F25822&print=print\" class=\"pdfprnt-button pdfprnt-button-print\" target=\"_blank\" ><img decoding=\"async\" src=\"https:\/\/jornalrol.com.br\/wp-content\/plugins\/pdf-print\/images\/print.png\" alt=\"image_print\" title=\"Conte\u00fado de impress\u00e3o\" \/><\/a><\/div><figure id=\"attachment_19341\" aria-describedby=\"caption-attachment-19341\" style=\"width: 225px\" class=\"wp-caption aligncenter\"><a href=\"http:\/\/www.jornalrol.com.br\/fabio-avila-uberaba-capital-brasileira-do-triangulo-mineiro-meca-do-zebu\/fabio-avila\/\" rel=\"attachment wp-att-19341\"><img loading=\"lazy\" decoding=\"async\" class=\"size-medium wp-image-19341\" src=\"http:\/\/www.jornalrol.com.br\/wp-content\/uploads\/2018\/06\/fabio-avila-225x300.jpg\" alt=\"\" width=\"225\" height=\"300\" \/><\/a><figcaption id=\"caption-attachment-19341\" class=\"wp-caption-text\">Fabio \u00c1vila<\/figcaption><\/figure>\n<h2 class=\"mceTemp\" style=\"text-align: center;\"><strong>Brasil, jovens escritores e talentos aprisionados<br \/>\n<\/strong><!--more--><\/h2>\n<p style=\"font-weight: 400;\">Tenho viajado pelo Brasil a fora e tido o privil\u00e9gio de solicitar a leitura do poema\u00a0Fazenda, de autoria de Edelson Rodrigues Nascimento, habitante do Distrito Federal.<\/p>\n<p style=\"font-weight: 400;\">Muitas pessoas ao ler o poema ficam pensativas, interrompem a leitura ou, simplesmente, solu\u00e7am pela emo\u00e7\u00e3o das palavras que provocam sentimentos de nostalgia, de lembran\u00e7as, de pena e, sobretudo, de saudades!!!<\/p>\n<p>&nbsp;<\/p>\n<p style=\"font-weight: 400; text-align: center;\"><strong><em>\u201cO galo trazia a aurora.<\/em><\/strong><\/p>\n<p style=\"font-weight: 400; text-align: center;\"><strong><em>E o cheiro de caf\u00e9 quente<\/em><\/strong><br \/>\n<strong><em>confortava os cora\u00e7\u00f5es.<\/em><\/strong><\/p>\n<p style=\"font-weight: 400; text-align: center;\"><strong><em>No curral, o leite em neve<\/em><\/strong><br \/>\n<strong><em>aquecia nossa espera<\/em><\/strong><br \/>\n<strong><em>&#8211; crian\u00e7as no seio da vida.<\/em><\/strong><\/p>\n<p style=\"font-weight: 400; text-align: center;\"><strong><em>Um pouco al\u00e9m, ainda cedo,<\/em><\/strong><br \/>\n<strong><em>meu pai deflorando a terra,<\/em><\/strong><br \/>\n<strong><em>com seu arado de luz.<\/em><\/strong><\/p>\n<p style=\"font-weight: 400; text-align: center;\"><strong><em>Minha m\u00e3e cerzia o tempo\u00a0<\/em><\/strong><br \/>\n<strong><em>com finos fios de ouro<\/em><\/strong><br \/>\n<strong><em>nascidos de suas m\u00e3os<\/em><\/strong><\/p>\n<p style=\"font-weight: 400; text-align: center;\"><strong><em>Minha irm\u00e3 se balan\u00e7ando,<\/em><\/strong><br \/>\n<strong><em>pendurada nos dentes do dia,<\/em><\/strong><br \/>\n<strong><em>na gangorra do bem-querer.<\/em><\/strong><\/p>\n<p style=\"font-weight: 400; text-align: center;\"><strong><em>Minha av\u00f3, no quarto de cima,<\/em><\/strong><br \/>\n<strong><em>penteava nuvens cinzentas,<\/em><\/strong><br \/>\n<strong><em>com dedos de esquecimento.<\/em><\/strong><\/p>\n<p style=\"font-weight: 400; text-align: center;\"><strong><em>Os irm\u00e3os, tremeluzindo,<\/em><\/strong><br \/>\n<strong><em>nad\u00e1vamos nus no riacho<\/em><\/strong><br \/>\n<strong><em>&#8211; p\u00e1ssaros soltos no mundo.<\/em><\/strong><\/p>\n<p style=\"font-weight: 400; text-align: center;\"><strong><em>E tios, vizinhos, amigos,<\/em><\/strong><br \/>\n<strong><em>ao redor de uma fogueira<\/em><\/strong><br \/>\n<strong><em>&#8211; pirilampos ao lusco-fusco.<\/em><\/strong><\/p>\n<p style=\"font-weight: 400; text-align: center;\"><strong><em>Os primos, vindo em bando:<\/em><\/strong><br \/>\n<strong><em>e uma alcateia de gritos<\/em><\/strong><br \/>\n<strong><em>resgava o ventre da noite.<\/em><\/strong><\/p>\n<p style=\"font-weight: 400; text-align: center;\"><strong><em>Esse quadro ainda existe,<\/em><\/strong><br \/>\n<strong><em>trancado em algum lugar,<\/em><\/strong><br \/>\n<strong><em>na masmorra da mem\u00f3ria.<\/em><\/strong><\/p>\n<p style=\"font-weight: 400; text-align: center;\"><strong><em>S\u00f3 n\u00e3o existe o menino,<\/em><\/strong><br \/>\n<strong><em>que a cidade engoliu,<\/em><\/strong><br \/>\n<strong><em>com seu h\u00e1lito de enxofre.\u201d<\/em><\/strong><\/p>\n<p style=\"font-weight: 400; text-align: center;\"><strong><em>N\u00e3o \u00e9 genial?<\/em><\/strong><\/p>\n<p>&nbsp;<\/p>\n<p><a href=\"http:\/\/www.jornalrol.com.br\/fabio-avila-brasil-jovens-escritores-e-talentos-aprisionados\/whatsapp-image-2019-03-29-at-18-10-17\/\" rel=\"attachment wp-att-25825\"><img loading=\"lazy\" decoding=\"async\" data-attachment-id=\"25825\" data-permalink=\"https:\/\/jornalrol.com.br\/?attachment_id=25825\" data-orig-file=\"https:\/\/jornalrol.com.br\/wp-content\/uploads\/2019\/04\/WhatsApp-Image-2019-03-29-at-18.10.17.jpeg\" data-orig-size=\"774,1032\" data-comments-opened=\"0\" data-image-meta=\"{&quot;aperture&quot;:&quot;0&quot;,&quot;credit&quot;:&quot;&quot;,&quot;camera&quot;:&quot;&quot;,&quot;caption&quot;:&quot;&quot;,&quot;created_timestamp&quot;:&quot;0&quot;,&quot;copyright&quot;:&quot;&quot;,&quot;focal_length&quot;:&quot;0&quot;,&quot;iso&quot;:&quot;0&quot;,&quot;shutter_speed&quot;:&quot;0&quot;,&quot;title&quot;:&quot;&quot;,&quot;orientation&quot;:&quot;0&quot;}\" data-image-title=\"WhatsApp Image 2019-03-29 at 18.10.17\" data-image-description=\"\" data-image-caption=\"\" data-large-file=\"https:\/\/jornalrol.com.br\/wp-content\/uploads\/2019\/04\/WhatsApp-Image-2019-03-29-at-18.10.17.jpeg\" class=\"size-medium wp-image-25825 alignleft\" src=\"http:\/\/www.jornalrol.com.br\/wp-content\/uploads\/2019\/04\/WhatsApp-Image-2019-03-29-at-18.10.17-225x300.jpeg\" alt=\"\" width=\"225\" height=\"300\" \/><\/a> <a href=\"http:\/\/www.jornalrol.com.br\/fabio-avila-brasil-jovens-escritores-e-talentos-aprisionados\/whatsapp-image-2019-03-29-at-18-10-18\/\" rel=\"attachment wp-att-25826\"><img loading=\"lazy\" decoding=\"async\" data-attachment-id=\"25826\" data-permalink=\"https:\/\/jornalrol.com.br\/?attachment_id=25826\" data-orig-file=\"https:\/\/jornalrol.com.br\/wp-content\/uploads\/2019\/04\/WhatsApp-Image-2019-03-29-at-18.10.18.jpeg\" data-orig-size=\"774,1032\" data-comments-opened=\"0\" data-image-meta=\"{&quot;aperture&quot;:&quot;0&quot;,&quot;credit&quot;:&quot;&quot;,&quot;camera&quot;:&quot;&quot;,&quot;caption&quot;:&quot;&quot;,&quot;created_timestamp&quot;:&quot;0&quot;,&quot;copyright&quot;:&quot;&quot;,&quot;focal_length&quot;:&quot;0&quot;,&quot;iso&quot;:&quot;0&quot;,&quot;shutter_speed&quot;:&quot;0&quot;,&quot;title&quot;:&quot;&quot;,&quot;orientation&quot;:&quot;0&quot;}\" data-image-title=\"WhatsApp Image 2019-03-29 at 18.10.18\" data-image-description=\"\" data-image-caption=\"\" data-large-file=\"https:\/\/jornalrol.com.br\/wp-content\/uploads\/2019\/04\/WhatsApp-Image-2019-03-29-at-18.10.18.jpeg\" class=\"size-medium wp-image-25826 alignleft\" src=\"http:\/\/www.jornalrol.com.br\/wp-content\/uploads\/2019\/04\/WhatsApp-Image-2019-03-29-at-18.10.18-225x300.jpeg\" alt=\"\" width=\"225\" height=\"300\" \/><\/a> <a href=\"http:\/\/www.jornalrol.com.br\/fabio-avila-brasil-jovens-escritores-e-talentos-aprisionados\/whatsapp-image-2019-03-29-at-18-10-18-1\/\" rel=\"attachment wp-att-25827\"><img loading=\"lazy\" decoding=\"async\" data-attachment-id=\"25827\" data-permalink=\"https:\/\/jornalrol.com.br\/?attachment_id=25827\" data-orig-file=\"https:\/\/jornalrol.com.br\/wp-content\/uploads\/2019\/04\/WhatsApp-Image-2019-03-29-at-18.10.18-1.jpeg\" data-orig-size=\"774,1032\" data-comments-opened=\"0\" data-image-meta=\"{&quot;aperture&quot;:&quot;0&quot;,&quot;credit&quot;:&quot;&quot;,&quot;camera&quot;:&quot;&quot;,&quot;caption&quot;:&quot;&quot;,&quot;created_timestamp&quot;:&quot;0&quot;,&quot;copyright&quot;:&quot;&quot;,&quot;focal_length&quot;:&quot;0&quot;,&quot;iso&quot;:&quot;0&quot;,&quot;shutter_speed&quot;:&quot;0&quot;,&quot;title&quot;:&quot;&quot;,&quot;orientation&quot;:&quot;0&quot;}\" data-image-title=\"WhatsApp Image 2019-03-29 at 18.10.18 (1)\" data-image-description=\"\" data-image-caption=\"\" data-large-file=\"https:\/\/jornalrol.com.br\/wp-content\/uploads\/2019\/04\/WhatsApp-Image-2019-03-29-at-18.10.18-1.jpeg\" class=\"size-medium wp-image-25827 alignleft\" src=\"http:\/\/www.jornalrol.com.br\/wp-content\/uploads\/2019\/04\/WhatsApp-Image-2019-03-29-at-18.10.18-1-225x300.jpeg\" alt=\"\" width=\"225\" height=\"300\" \/><\/a> <a href=\"http:\/\/www.jornalrol.com.br\/fabio-avila-brasil-jovens-escritores-e-talentos-aprisionados\/whatsapp-image-2019-03-29-at-18-10-18-2\/\" rel=\"attachment wp-att-25828\"><img loading=\"lazy\" decoding=\"async\" data-attachment-id=\"25828\" data-permalink=\"https:\/\/jornalrol.com.br\/?attachment_id=25828\" data-orig-file=\"https:\/\/jornalrol.com.br\/wp-content\/uploads\/2019\/04\/WhatsApp-Image-2019-03-29-at-18.10.18-2.jpeg\" data-orig-size=\"1032,774\" data-comments-opened=\"0\" data-image-meta=\"{&quot;aperture&quot;:&quot;0&quot;,&quot;credit&quot;:&quot;&quot;,&quot;camera&quot;:&quot;&quot;,&quot;caption&quot;:&quot;&quot;,&quot;created_timestamp&quot;:&quot;0&quot;,&quot;copyright&quot;:&quot;&quot;,&quot;focal_length&quot;:&quot;0&quot;,&quot;iso&quot;:&quot;0&quot;,&quot;shutter_speed&quot;:&quot;0&quot;,&quot;title&quot;:&quot;&quot;,&quot;orientation&quot;:&quot;0&quot;}\" data-image-title=\"WhatsApp Image 2019-03-29 at 18.10.18 (2)\" data-image-description=\"\" data-image-caption=\"\" data-large-file=\"https:\/\/jornalrol.com.br\/wp-content\/uploads\/2019\/04\/WhatsApp-Image-2019-03-29-at-18.10.18-2.jpeg\" class=\"size-medium wp-image-25828 alignleft\" src=\"http:\/\/www.jornalrol.com.br\/wp-content\/uploads\/2019\/04\/WhatsApp-Image-2019-03-29-at-18.10.18-2-300x225.jpeg\" alt=\"\" width=\"300\" height=\"225\" \/><\/a><\/p>\n<p>&nbsp;<\/p>\n<p>&nbsp;<\/p>\n<p>&nbsp;<\/p>\n<p>&nbsp;<\/p>\n<p>&nbsp;<\/p>\n<p>&nbsp;<\/p>\n<p>&nbsp;<\/p>\n<p>&nbsp;<\/p>\n<p>&nbsp;<\/p>\n<p><strong>F\u00e1bio \u00c1vila<\/strong><\/p>\n","protected":false},"excerpt":{"rendered":"<p>Brasil, jovens escritores e talentos aprisionados<\/p>\n","protected":false},"author":3,"featured_media":25828,"comment_status":"closed","ping_status":"closed","sticky":false,"template":"","format":"standard","meta":{"_jetpack_newsletter_access":"","_jetpack_dont_email_post_to_subs":false,"_jetpack_newsletter_tier_id":0,"_jetpack_memberships_contains_paywalled_content":false,"_jetpack_memberships_contains_paid_content":false,"footnotes":""},"categories":[7],"tags":[3641,6870],"class_list":["post-25822","post","type-post","status-publish","format-standard","has-post-thumbnail","hentry","category-comunicacao","tag-fabio-avila","tag-poesias"],"aioseo_notices":[],"views":585,"jetpack_featured_media_url":"https:\/\/jornalrol.com.br\/wp-content\/uploads\/2019\/04\/WhatsApp-Image-2019-03-29-at-18.10.18-2.jpeg","jetpack_sharing_enabled":true,"jetpack_likes_enabled":true,"jetpack-related-posts":[{"id":25852,"url":"https:\/\/jornalrol.com.br\/?p=25852","url_meta":{"origin":25822,"position":0},"title":"F\u00e1bio \u00c1vila: &#039;ABCZ\u00a0 100 anos : o Zebu no Brasil&#039;","author":"Helio Rubens","date":"3 de abril de 2019","format":false,"excerpt":"ABCZ\u00a0 100 anos : o Zebu no Brasil \u00a0 A vis\u00e3o, a obstina\u00e7\u00e3o, os sonhos e arroubos destes destemidos pioneiros, viajantes aliados ao surgimento da Sociedade do Herd Book Zebu em 1919,\u00a0 Sociedade Rural do Tri\u00e2ngulo Mineiro (SRTM) em 1934 e, posteriormente, da ABCZ (Associa\u00e7\u00e3o Brasileira dos Criadores de Zebu)\u2026","rel":"","context":"Em &quot;Comunica\u00e7\u00e3o&quot;","block_context":{"text":"Comunica\u00e7\u00e3o","link":"https:\/\/jornalrol.com.br\/?cat=7"},"img":{"alt_text":"","src":"https:\/\/i0.wp.com\/www.jornalrol.com.br\/wp-content\/uploads\/2019\/04\/WhatsApp-Image-2019-04-02-at-14.55.49-300x225.jpeg?resize=350%2C200","width":350,"height":200},"classes":[]},{"id":21204,"url":"https:\/\/jornalrol.com.br\/?p=21204","url_meta":{"origin":25822,"position":1},"title":"F\u00e1bio \u00c1vila: 'Pobre Brasil' Vivo\u2026","author":"Helio Rubens","date":"28 de setembro de 2018","format":false,"excerpt":"F\u00e1bio \u00c1vila: 'Pobre Brasil' Vivo em ebuli\u00e7\u00e3o e constantemente em viagem e descubro diariamente que minha percep\u00e7\u00e3o do Ser Brasileiro muda dia a dia. Sinto a popula\u00e7\u00e3o tensa, arrogante e bastante agressiva. Todos querem aten\u00e7\u00e3o exclusiva para que prevale\u00e7am os seus pontos de vista pois est\u00e3o obtusos ao crer que\u2026","rel":"","context":"Em &quot;Comunica\u00e7\u00e3o&quot;","block_context":{"text":"Comunica\u00e7\u00e3o","link":"https:\/\/jornalrol.com.br\/?cat=7"},"img":{"alt_text":"","src":"https:\/\/i0.wp.com\/www.jornalrol.com.br\/wp-content\/uploads\/2018\/06\/fabio-avila-225x300.jpg?resize=350%2C200","width":350,"height":200},"classes":[]},{"id":26987,"url":"https:\/\/jornalrol.com.br\/?p=26987","url_meta":{"origin":25822,"position":2},"title":"F\u00e1bio \u00c1vila: &#039;Igarapava. Porta de entrada&#039;","author":"Helio Rubens","date":"11 de maio de 2019","format":false,"excerpt":"Convite aos leitores do ROL Encontro-me novamente em Uberaba ap\u00f3s uma viagem noturna, partindo de S\u00e3o Paulo e desembarque em Igarapava Neste munic\u00edpio paulista, cidade quase fronteira com Minas Gerais, desenvolvi o sonho de recupera\u00e7\u00e3o da antiga esta\u00e7\u00e3o rodovi\u00e1ria que foi inaugurada nos anos 70 pelo ent\u00e3o governador Orestes Qu\u00e9rcia.\u2026","rel":"","context":"Em &quot;Comunica\u00e7\u00e3o&quot;","block_context":{"text":"Comunica\u00e7\u00e3o","link":"https:\/\/jornalrol.com.br\/?cat=7"},"img":{"alt_text":"","src":"https:\/\/i0.wp.com\/www.jornalrol.com.br\/wp-content\/uploads\/2018\/06\/fabio-avila-225x300.jpg?resize=350%2C200","width":350,"height":200},"classes":[]},{"id":24204,"url":"https:\/\/jornalrol.com.br\/?p=24204","url_meta":{"origin":25822,"position":3},"title":"F\u00e1bio \u00c1vila: &#039;ABCZ 100 Anos &#8211; Uberaba 200 anos&#039;","author":"Helio Rubens","date":"31 de janeiro de 2019","format":false,"excerpt":"ABCZ 100 Anos - Uberaba 200 anos Em 2008 foram comemorados os 80 anos do Servi\u00e7o Geneal\u00f3gico das Ra\u00e7as Bovinas de Origem Indiana. Os pioneiros das fam\u00edlias Miranda, Borges, Rodrigues da Cunha, entre outros importantes aventureiros cruzaram oceanos, em tempos dif\u00edceis quando do per\u00edodo de guerra e do p\u00f3s guerra,\u2026","rel":"","context":"Em &quot;Comunica\u00e7\u00e3o&quot;","block_context":{"text":"Comunica\u00e7\u00e3o","link":"https:\/\/jornalrol.com.br\/?cat=7"},"img":{"alt_text":"","src":"https:\/\/i0.wp.com\/www.jornalrol.com.br\/wp-content\/uploads\/2018\/06\/fabio-avila-225x300.jpg?resize=350%2C200","width":350,"height":200},"classes":[]},{"id":26294,"url":"https:\/\/jornalrol.com.br\/?p=26294","url_meta":{"origin":25822,"position":4},"title":"Fabio \u00c1vila: &#039;Ouro Preto, minha confidente&#039;","author":"Helio Rubens","date":"18 de abril de 2019","format":false,"excerpt":"Ouro Preto, minha confidente Durante o governo de Afonso Pena, Presidente Constitucional de Minas Gerais, ocorreu o in\u00edcio dos trabalhos e obras para que fosse construida Belo Horizonte, antiga Curral Del-Rei que substitu\u00eda a capital de Minas Gerais, Outro Preto, outrora denominada Vila Rica. Mar\u00e7o de 2019 Adentro Vila Rica.\u2026","rel":"","context":"Em &quot;Comunica\u00e7\u00e3o&quot;","block_context":{"text":"Comunica\u00e7\u00e3o","link":"https:\/\/jornalrol.com.br\/?cat=7"},"img":{"alt_text":"","src":"https:\/\/i0.wp.com\/www.jornalrol.com.br\/wp-content\/uploads\/2018\/06\/fabio-avila-225x300.jpg?resize=350%2C200","width":350,"height":200},"classes":[]},{"id":29196,"url":"https:\/\/jornalrol.com.br\/?p=29196","url_meta":{"origin":25822,"position":5},"title":"F\u00e1bio \u00c1vila: &#039;Brasil,\u00a0 mostre a sua cara!&#039;","author":"Helio Rubens","date":"27 de agosto de 2019","format":false,"excerpt":"Brasil,\u00a0 mostre a sua cara! Macron, Presidente da ador\u00e1vel Fran\u00e7a, foi de uma utilidade suprema pois: 1 - O Brasil descobriu que \u00e9 importante e indispens\u00e1vel preservar a Natureza; e a Floresta Amaz\u00f4nica, de forma adequada. 2 - Bolsonaro ficou ainda mais forte e est\u00e1 sendo provado que as a\u00e7\u00f5es\u2026","rel":"","context":"Em &quot;Comunica\u00e7\u00e3o&quot;","block_context":{"text":"Comunica\u00e7\u00e3o","link":"https:\/\/jornalrol.com.br\/?cat=7"},"img":{"alt_text":"","src":"https:\/\/i0.wp.com\/www.jornalrol.com.br\/wp-content\/uploads\/2018\/06\/fabio-avila-225x300.jpg?resize=350%2C200","width":350,"height":200},"classes":[]}],"_links":{"self":[{"href":"https:\/\/jornalrol.com.br\/index.php?rest_route=\/wp\/v2\/posts\/25822","targetHints":{"allow":["GET"]}}],"collection":[{"href":"https:\/\/jornalrol.com.br\/index.php?rest_route=\/wp\/v2\/posts"}],"about":[{"href":"https:\/\/jornalrol.com.br\/index.php?rest_route=\/wp\/v2\/types\/post"}],"author":[{"embeddable":true,"href":"https:\/\/jornalrol.com.br\/index.php?rest_route=\/wp\/v2\/users\/3"}],"replies":[{"embeddable":true,"href":"https:\/\/jornalrol.com.br\/index.php?rest_route=%2Fwp%2Fv2%2Fcomments&post=25822"}],"version-history":[{"count":0,"href":"https:\/\/jornalrol.com.br\/index.php?rest_route=\/wp\/v2\/posts\/25822\/revisions"}],"wp:featuredmedia":[{"embeddable":true,"href":"https:\/\/jornalrol.com.br\/index.php?rest_route=\/wp\/v2\/media\/25828"}],"wp:attachment":[{"href":"https:\/\/jornalrol.com.br\/index.php?rest_route=%2Fwp%2Fv2%2Fmedia&parent=25822"}],"wp:term":[{"taxonomy":"category","embeddable":true,"href":"https:\/\/jornalrol.com.br\/index.php?rest_route=%2Fwp%2Fv2%2Fcategories&post=25822"},{"taxonomy":"post_tag","embeddable":true,"href":"https:\/\/jornalrol.com.br\/index.php?rest_route=%2Fwp%2Fv2%2Ftags&post=25822"}],"curies":[{"name":"wp","href":"https:\/\/api.w.org\/{rel}","templated":true}]}}