{"id":30088,"date":"2019-12-13T11:04:00","date_gmt":"2019-12-13T13:04:00","guid":{"rendered":"http:\/\/www.jornalrol.com.br\/?p=30088"},"modified":"2019-12-13T11:04:00","modified_gmt":"2019-12-13T13:04:00","slug":"mari-miro-lanca-os-livros-mari-miro-e-o-mane-gostoso-e-mari-miro-e-o-tintureiro-com-a-gaita","status":"publish","type":"post","link":"https:\/\/jornalrol.com.br\/?p=30088","title":{"rendered":"Mari Mir\u00f3 lan\u00e7a os livros &#039;Mari Mir\u00f3 e o Man\u00e9 Gostoso&#039; e &#039;Mari Mir\u00f3 e o Tintureiro com a Gaita"},"content":{"rendered":"<div class=\"pdfprnt-buttons pdfprnt-buttons-post pdfprnt-top-right\"><a href=\"https:\/\/jornalrol.com.br\/index.php?rest_route=%2Fwp%2Fv2%2Fposts%2F30088&print=pdf\" class=\"pdfprnt-button pdfprnt-button-pdf\" target=\"_blank\" ><\/a><a href=\"https:\/\/jornalrol.com.br\/index.php?rest_route=%2Fwp%2Fv2%2Fposts%2F30088&print=print\" class=\"pdfprnt-button pdfprnt-button-print\" target=\"_blank\" ><img decoding=\"async\" src=\"https:\/\/jornalrol.com.br\/wp-content\/plugins\/pdf-print\/images\/print.png\" alt=\"image_print\" title=\"Conte\u00fado de impress\u00e3o\" \/><\/a><\/div><h2 style=\"text-align: center;\"><strong><a href=\"http:\/\/www.jornalrol.com.br\/wp-content\/uploads\/2019\/12\/unnamed-4.jpg\"><img loading=\"lazy\" decoding=\"async\" class=\"size-full wp-image-30089 aligncenter\" src=\"http:\/\/www.jornalrol.com.br\/wp-content\/uploads\/2019\/12\/unnamed-4.jpg\" alt=\"\" width=\"300\" height=\"300\" \/><\/a><\/strong><strong>Mari Mir\u00f3 est\u00e1 de volta, pronta para explorar o mundo da arte, e convida a todos para embarcarem em duas novas hist\u00f3rias<\/strong><\/h2>\n<p><!--more--><\/p>\n<p>Mari Mir\u00f3 est\u00e1 de volta, pronta para explorar o mundo da arte, e convida a todos para embarcarem em duas novas hist\u00f3rias. Nos livros\u00a0<strong><em>Mari Mir\u00f3 e o Man\u00e9 Gostoso<\/em><\/strong>\u00a0e\u00a0<strong><em>Mari Mir\u00f3 e o Tintureiro com a Gaita<\/em><\/strong>, da educadora social Vivian Caroline Lopes, a pequena personagem \u00e9 transportada diretamente para dentro de grandes obras de arte! E adivinha quem s\u00e3o os pintores da vez? Ningu\u00e9m menos que Alfredo Volpi e C\u00e2ndido Portinari.<\/p>\n<p>A garotada vai poder viajar pelas pinturas destes grandes artistas brasileiros e se divertir enquanto conhece um pouco mais sobre eles. Por exemplo, no\u00a0<strong><em>Man\u00e9 Gostoso<\/em><\/strong>, voc\u00ea vai ver de pertinho as cl\u00e1ssicas bandeirinhas de Festa de S\u00e3o Jo\u00e3o e as fachadas dos casarios \u2013 caracter\u00edsticas do artista \u00edtalo-brasileiro Alfredo Volpi. Crian\u00e7as, adultos e professores, al\u00e9m de aprenderem muito com a jovem garotinha, tamb\u00e9m v\u00e3o se emocionar quando Mari encontra um senhor todo simp\u00e1tico que est\u00e1 pintando uma casa. Para a sua alegria, ele \u00e9 o pr\u00f3prio artista!!!<\/p>\n<p>&nbsp;<\/p>\n<p><a href=\"http:\/\/www.jornalrol.com.br\/wp-content\/uploads\/2019\/12\/unnamed-1-2.jpg\"><img loading=\"lazy\" decoding=\"async\" class=\"size-full wp-image-30090 alignright\" src=\"http:\/\/www.jornalrol.com.br\/wp-content\/uploads\/2019\/12\/unnamed-1-2.jpg\" alt=\"\" width=\"300\" height=\"300\" \/><\/a>Outro personagem que recebe o nome da segunda obra,\u00a0<strong><em>Tintureiro com a Gaita<\/em><\/strong>, \u00e9 um menino gentil que sai por a\u00ed fazendo as entregas das roupas que a m\u00e3e dele lava, passa e tinge. Na sua aventura \u2013 como no mundo paralelo de M\u00e1gico de Oz \u2013 Mari e seu amigo \u00cdvilis\u00a0<em>descobrem Brodowski<\/em>, a cidade natal de Portinari, e passeiam por v\u00e1rios temas importantes da obra deste que \u00e9 um dos mais respeitados artistas brasileiros. O livro \u00e9 um verdadeiro convite para revivermos a inf\u00e2ncia no interior por meio de um mundo l\u00edrico sobre as artes de Portinari.<\/p>\n<p>Essas publica\u00e7\u00f5es fazem parte da cole\u00e7\u00e3o Arte \u00e9 Inf\u00e2ncia, que j\u00e1 conta com nove narrativas sobre os artistas: Joan Mir\u00f3, Paul Klee, Wassily Kandinsky, Anita Malfatti e Lasar Segall, Tarsila do Amaral, Emiliano Di Cavalcanti e, agora, tamb\u00e9m, como j\u00e1 citado, Alfredo Volpi e C\u00e2ndido Portinari.<\/p>\n<p>Ilustrados pela pr\u00f3pria autora, que \u00e9 tamb\u00e9m doutora em Literatura Brasileira, o projeto tem auxiliado muito os professores a transformarem o conte\u00fado l\u00fadico dos livros em conhecimento de hist\u00f3ria da arte e pr\u00e1ticas de sala de aula.<\/p>\n<p>Cada livro conta com material de apoio did\u00e1tico e apresenta\u00e7\u00e3o detalhada das refer\u00eancias usadas, obras e um panorama geral da vida dos pintores. Tamb\u00e9m tem sugest\u00f5es de sequ\u00eancias did\u00e1ticas com atividades, al\u00e9m de proporcionar di\u00e1logos com cinema, teatro e dan\u00e7a.<\/p>\n<p><strong>Ficha t\u00e9cnica:<\/strong><\/p>\n<p><strong>T\u00edtulo<\/strong><strong>:<\/strong>\u00a0Mari\u00a0Mir\u00f3 e o Man\u00e9 Gostoso<br \/>\n<strong>Autor:<\/strong>\u00a0Vivian Caroline Lopes<br \/>\n<strong>ISBN:<\/strong>\u00a09788538088424<br \/>\n<strong>Editora<\/strong><strong>:<\/strong>\u00a0Ciranda Cultural<br \/>\n<strong>P\u00e1ginas:<\/strong>\u00a048<br \/>\n<strong>Formato:\u00a0<\/strong><strong>24&#215;24 cm<\/strong><br \/>\n<strong>Pre\u00e7o:\u00a0<\/strong><strong>R$<\/strong>\u00a024,90<\/p>\n<p><strong>T\u00edtulo<\/strong><strong>:<\/strong>\u00a0Mari\u00a0Mir\u00f3 e o Tintureiro com a Gaita<br \/>\n<strong>Autor:<\/strong>\u00a0Vivian Caroline Lopes<br \/>\n<strong>ISBN:<\/strong>\u00a09788538088431<br \/>\n<strong>Editora<\/strong><strong>:<\/strong>\u00a0Ciranda Cultural<br \/>\n<strong>P\u00e1ginas:<\/strong>\u00a048<br \/>\n<strong>Formato:\u00a0<\/strong><strong>24&#215;24 cm<br \/>\n<\/strong><strong>Pre\u00e7o:\u00a0<\/strong><strong>R$<\/strong>\u00a024,90<\/p>\n<p>&nbsp;<\/p>\n<p><strong>Sobre autora:<\/strong><\/p>\n<p><strong><a href=\"http:\/\/www.jornalrol.com.br\/wp-content\/uploads\/2019\/12\/unnamed-2-1.jpg\"><img loading=\"lazy\" decoding=\"async\" class=\"size-medium wp-image-30091 alignright\" src=\"http:\/\/www.jornalrol.com.br\/wp-content\/uploads\/2019\/12\/unnamed-2-1-225x300.jpg\" alt=\"\" width=\"225\" height=\"300\" \/><\/a>Vivian Caroline Lopes<\/strong> \u00e9 educadora social atuante na periferia de S\u00e3o Paulo, com projetos de incentivo \u00e0 leitura e escrita em di\u00e1logo com m\u00fasica, dan\u00e7a e pintura. Doutora em Literatura Brasileira, estuda a rela\u00e7\u00e3o entre palavra e imagem, poesia e pintura, literatura e artes. Foi vencedora do Pr\u00eamio Jabuti 2015 na categoria Paradid\u00e1tico com a cole\u00e7\u00e3o Arte \u00e9 Inf\u00e2ncia.<\/p>\n<p>Acompanhe a autora no Facebook:\u00a0<a href=\"https:\/\/www.facebook.com\/viviancarolopes\/\" target=\"_blank\" rel=\"noopener\" data-saferedirecturl=\"https:\/\/www.google.com\/url?q=https:\/\/www.facebook.com\/viviancarolopes\/&amp;source=gmail&amp;ust=1576327496961000&amp;usg=AFQjCNE1z_hDbEk4ZT6HBbqbO_73-maw3w\">https:\/\/www.<wbr \/>facebook.com\/viviancarolopes\/<\/a><\/p>\n<p>Outros livros da cole\u00e7\u00e3o Arte \u00e9 Inf\u00e2ncia:\u00a0<a href=\"https:\/\/www.cirandacultural.com.br\/busca\/mari\" target=\"_blank\" rel=\"noopener\" data-saferedirecturl=\"https:\/\/www.google.com\/url?q=https:\/\/www.cirandacultural.com.br\/busca\/mari&amp;source=gmail&amp;ust=1576327496961000&amp;usg=AFQjCNHytywKEyzAuy__7jhUTwnp-aPLng\">https:\/\/www.<wbr \/>cirandacultural.com.br\/busca\/<wbr \/>mari<\/a><\/p>\n","protected":false},"excerpt":{"rendered":"<p>Mari Mir\u00f3 est\u00e1 de volta, pronta para explorar o mundo da arte, e convida a todos para embarcarem em duas novas hist\u00f3rias<\/p>\n","protected":false},"author":6,"featured_media":0,"comment_status":"closed","ping_status":"closed","sticky":false,"template":"","format":"standard","meta":{"_jetpack_newsletter_access":"","_jetpack_dont_email_post_to_subs":false,"_jetpack_newsletter_tier_id":0,"_jetpack_memberships_contains_paywalled_content":false,"_jetpack_memberships_contains_paid_content":false,"footnotes":""},"categories":[7],"tags":[4983,5164,5395,8837],"class_list":["post-30088","post","type-post","status-publish","format-standard","hentry","category-comunicacao","tag-lancamento","tag-livros","tag-mari-miro","tag-vivian-caroline-lopes"],"aioseo_notices":[],"views":703,"jetpack_featured_media_url":"","jetpack_sharing_enabled":true,"jetpack_likes_enabled":true,"jetpack-related-posts":[{"id":10879,"url":"https:\/\/jornalrol.com.br\/?p=10879","url_meta":{"origin":30088,"position":0},"title":"No dia 04 de junho (domingo), \u00e0s 16h, no Teatro Municipal &#039;Francisco Beranger&#039;, em Votorantim, a professora de piano M\u00edriam Corr\u00eaa J\u00e1ki apresentar\u00e1 uma Audi\u00e7\u00e3o em homenagem ao Dia das M\u00e3es","author":"Sergio Diniz da Costa","date":"2 de junho de 2017","format":false,"excerpt":"A professora e musicista, que tamb\u00e9m \u00e9 presidenta da Academia Votorantinense de Letras, Artes e Hist\u00f3ria - AVLAH, apresentar\u00e1 uma Audi\u00e7\u00e3o em homenagem ao Dia das M\u00e3es, com a participa\u00e7\u00e3o de seus alunos de piano. \u00a0 Ser\u00e1 neste domingo, dia 04\/06 (domingo), \u00e0s 16h, no Audit\u00f3rio 'Francisco Beranger', a audi\u00e7\u00e3o\u2026","rel":"","context":"Em &quot;Comunica\u00e7\u00e3o&quot;","block_context":{"text":"Comunica\u00e7\u00e3o","link":"https:\/\/jornalrol.com.br\/?cat=7"},"img":{"alt_text":"","src":"https:\/\/i0.wp.com\/www.jornalrol.com.br\/wp-content\/uploads\/2017\/06\/IMG-20170515-WA0002-300x225.jpg?resize=350%2C200","width":350,"height":200},"classes":[]},{"id":10929,"url":"https:\/\/jornalrol.com.br\/?p=10929","url_meta":{"origin":30088,"position":1},"title":"A professora de piano M\u00edriam J\u00e1ki, por meio de seus jovens alunos, presta uma emocionante homenagem \u00e0s m\u00e3es!","author":"Sergio Diniz da Costa","date":"6 de junho de 2017","format":false,"excerpt":"A Audi\u00e7\u00e3o do Dia das M\u00e3es, apresentada no dia 04 de junho no Teatro Municipal 'Francisco Beranger', em Votorantim, pela professora de piano Miriam J\u00e1ki, foi marcada pela sensibilidade de quem, por amar o que faz, esparge esse amor entre seus alunos, coroando a homenagem \u00e0s m\u00e3es com o toque\u2026","rel":"","context":"Em &quot;Comunica\u00e7\u00e3o&quot;","block_context":{"text":"Comunica\u00e7\u00e3o","link":"https:\/\/jornalrol.com.br\/?cat=7"},"img":{"alt_text":"","src":"https:\/\/i0.wp.com\/www.jornalrol.com.br\/wp-content\/uploads\/2017\/06\/18922201_10207842131605124_1947898987397551167_n-225x300.jpg?resize=350%2C200","width":350,"height":200},"classes":[]},{"id":13059,"url":"https:\/\/jornalrol.com.br\/?p=13059","url_meta":{"origin":30088,"position":2},"title":"Tarde de Aut\u00f3grafos do 3.\u00ba Concurso de Contos promovido pela Academia Votorantinense de Letras, Artes e Hist\u00f3ria marca o final da Era Miriam J\u00e1ki na Academia","author":"Sergio Diniz da Costa","date":"21 de setembro de 2017","format":false,"excerpt":"Ap\u00f3s quase 8 anos \u00e0 frente da Academia Votorantinense de Letras, Artes e Hist\u00f3ria, a pianista Miriam J\u00e1ki encerra sua miss\u00e3o acad\u00eamica com a Tarde de Aut\u00f3grafos do 3.\u00ba Concurso de Contos, promovido pela AVLAH, em parceria \u00a0com a SEED de Votorantim \u00a0 O 3.\u00ba C0ncurso de Contos No dia\u2026","rel":"","context":"Em &quot;Comunica\u00e7\u00e3o&quot;","block_context":{"text":"Comunica\u00e7\u00e3o","link":"https:\/\/jornalrol.com.br\/?cat=7"},"img":{"alt_text":"","src":"https:\/\/i0.wp.com\/www.jornalrol.com.br\/wp-content\/uploads\/2017\/09\/21558608_1473167559437326_6603432765804224093_n-225x300.jpg?resize=350%2C200","width":350,"height":200},"classes":[]},{"id":37816,"url":"https:\/\/jornalrol.com.br\/?p=37816","url_meta":{"origin":30088,"position":3},"title":"Companhia Delas comemora 20 anos de hist\u00f3ria","author":"Sergio Diniz da Costa","date":"16 de fevereiro de 2021","format":false,"excerpt":"Companhia Delas comemora 20 anos de hist\u00f3ria com webs\u00e9rie sobre Maria Sibylla Merian: uma das maiores ilustradoras cient\u00edficas de todos os tempos Em 2020, em plena Pandemia do Coronav\u00edrus, a Companhia Delas trabalhou para\u00a0 levar ao meio digital sua pesquisa sobre Mulheres e Ci\u00eancia. O primeiro resultado foi a Trilogia\u2026","rel":"","context":"Em &quot;Comunica\u00e7\u00e3o&quot;","block_context":{"text":"Comunica\u00e7\u00e3o","link":"https:\/\/jornalrol.com.br\/?cat=7"},"img":{"alt_text":"","src":"https:\/\/i0.wp.com\/jornalrol.com.br\/wp-content\/uploads\/2021\/02\/stills-maria-ciadelas22.jpg?resize=350%2C200&ssl=1","width":350,"height":200,"srcset":"https:\/\/i0.wp.com\/jornalrol.com.br\/wp-content\/uploads\/2021\/02\/stills-maria-ciadelas22.jpg?resize=350%2C200&ssl=1 1x, https:\/\/i0.wp.com\/jornalrol.com.br\/wp-content\/uploads\/2021\/02\/stills-maria-ciadelas22.jpg?resize=525%2C300&ssl=1 1.5x"},"classes":[]},{"id":48113,"url":"https:\/\/jornalrol.com.br\/?p=48113","url_meta":{"origin":30088,"position":4},"title":"Humberto Napole\u00f3n Varela Robalino: &#039;Frente al mar&#039;","author":"Sergio Diniz da Costa","date":"25 de janeiro de 2022","format":false,"excerpt":"Frente ao mar Estar frente al mar no es ser partedel paisaje es comprender el tama\u00f1o de las cosas entender la temporalidad de los seres. De pronto una gaviota en vuelo firme no lastima no duele es la suavidad de las alas la alegr\u00eda del vuelo caminas en la arena\u2026","rel":"","context":"Em &quot;Comunica\u00e7\u00e3o&quot;","block_context":{"text":"Comunica\u00e7\u00e3o","link":"https:\/\/jornalrol.com.br\/?cat=7"},"img":{"alt_text":"","src":"https:\/\/i0.wp.com\/jornalrol.com.br\/wp-content\/uploads\/2021\/10\/399046f4-3f8f-41ee-a10d-2b5310df5b03-230x300.jpg?resize=350%2C200","width":350,"height":200},"classes":[]},{"id":74661,"url":"https:\/\/jornalrol.com.br\/?p=74661","url_meta":{"origin":30088,"position":5},"title":"Elizabeth Deschauer","author":"Lee Oliveira","date":"8 de agosto de 2025","format":false,"excerpt":"\u00a0Elizabeth escreve com o cora\u00e7\u00e3o. Suas hist\u00f3rias s\u00e3o janelas para a empatia e o acolhimento, sementes plantadas com amor para florescerem na alma de cada leitor.","rel":"","context":"Em &quot;Literatura&quot;","block_context":{"text":"Literatura","link":"https:\/\/jornalrol.com.br\/?cat=9285"},"img":{"alt_text":"","src":"https:\/\/i0.wp.com\/jornalrol.com.br\/wp-content\/uploads\/2025\/08\/B9B7C097-E8B8-45F7-AB27-33F124EB5901-Maria-Elizabeth-Deschauer.jpeg?resize=350%2C200&ssl=1","width":350,"height":200,"srcset":"https:\/\/i0.wp.com\/jornalrol.com.br\/wp-content\/uploads\/2025\/08\/B9B7C097-E8B8-45F7-AB27-33F124EB5901-Maria-Elizabeth-Deschauer.jpeg?resize=350%2C200&ssl=1 1x, https:\/\/i0.wp.com\/jornalrol.com.br\/wp-content\/uploads\/2025\/08\/B9B7C097-E8B8-45F7-AB27-33F124EB5901-Maria-Elizabeth-Deschauer.jpeg?resize=525%2C300&ssl=1 1.5x, https:\/\/i0.wp.com\/jornalrol.com.br\/wp-content\/uploads\/2025\/08\/B9B7C097-E8B8-45F7-AB27-33F124EB5901-Maria-Elizabeth-Deschauer.jpeg?resize=700%2C400&ssl=1 2x, https:\/\/i0.wp.com\/jornalrol.com.br\/wp-content\/uploads\/2025\/08\/B9B7C097-E8B8-45F7-AB27-33F124EB5901-Maria-Elizabeth-Deschauer.jpeg?resize=1050%2C600&ssl=1 3x"},"classes":[]}],"_links":{"self":[{"href":"https:\/\/jornalrol.com.br\/index.php?rest_route=\/wp\/v2\/posts\/30088","targetHints":{"allow":["GET"]}}],"collection":[{"href":"https:\/\/jornalrol.com.br\/index.php?rest_route=\/wp\/v2\/posts"}],"about":[{"href":"https:\/\/jornalrol.com.br\/index.php?rest_route=\/wp\/v2\/types\/post"}],"author":[{"embeddable":true,"href":"https:\/\/jornalrol.com.br\/index.php?rest_route=\/wp\/v2\/users\/6"}],"replies":[{"embeddable":true,"href":"https:\/\/jornalrol.com.br\/index.php?rest_route=%2Fwp%2Fv2%2Fcomments&post=30088"}],"version-history":[{"count":0,"href":"https:\/\/jornalrol.com.br\/index.php?rest_route=\/wp\/v2\/posts\/30088\/revisions"}],"wp:attachment":[{"href":"https:\/\/jornalrol.com.br\/index.php?rest_route=%2Fwp%2Fv2%2Fmedia&parent=30088"}],"wp:term":[{"taxonomy":"category","embeddable":true,"href":"https:\/\/jornalrol.com.br\/index.php?rest_route=%2Fwp%2Fv2%2Fcategories&post=30088"},{"taxonomy":"post_tag","embeddable":true,"href":"https:\/\/jornalrol.com.br\/index.php?rest_route=%2Fwp%2Fv2%2Ftags&post=30088"}],"curies":[{"name":"wp","href":"https:\/\/api.w.org\/{rel}","templated":true}]}}