{"id":30098,"date":"2019-12-14T09:11:54","date_gmt":"2019-12-14T11:11:54","guid":{"rendered":"http:\/\/www.jornalrol.com.br\/?p=30098"},"modified":"2019-12-14T09:11:54","modified_gmt":"2019-12-14T11:11:54","slug":"cctn-promove-a-7a-festa-das-tradicoes-nordestinas","status":"publish","type":"post","link":"https:\/\/jornalrol.com.br\/?p=30098","title":{"rendered":"CCTN promove a 7\u00aa Festa das Tradi\u00e7\u00f5es Nordestinas"},"content":{"rendered":"<div class=\"pdfprnt-buttons pdfprnt-buttons-post pdfprnt-top-right\"><a href=\"https:\/\/jornalrol.com.br\/index.php?rest_route=%2Fwp%2Fv2%2Fposts%2F30098&print=pdf\" class=\"pdfprnt-button pdfprnt-button-pdf\" target=\"_blank\" ><\/a><a href=\"https:\/\/jornalrol.com.br\/index.php?rest_route=%2Fwp%2Fv2%2Fposts%2F30098&print=print\" class=\"pdfprnt-button pdfprnt-button-print\" target=\"_blank\" ><img decoding=\"async\" src=\"https:\/\/jornalrol.com.br\/wp-content\/plugins\/pdf-print\/images\/print.png\" alt=\"image_print\" title=\"Conte\u00fado de impress\u00e3o\" \/><\/a><\/div><h2 style=\"text-align: center;\"><\/h2>\n<h2 style=\"text-align: center;\"><a href=\"http:\/\/www.jornalrol.com.br\/wp-content\/uploads\/2019\/12\/79269976_2902280456530767_607663981766639616_o.jpg\"><img loading=\"lazy\" decoding=\"async\" data-attachment-id=\"30099\" data-permalink=\"https:\/\/jornalrol.com.br\/?attachment_id=30099\" data-orig-file=\"https:\/\/jornalrol.com.br\/wp-content\/uploads\/2019\/12\/79269976_2902280456530767_607663981766639616_o.jpg\" data-orig-size=\"960,677\" data-comments-opened=\"0\" data-image-meta=\"{&quot;aperture&quot;:&quot;0&quot;,&quot;credit&quot;:&quot;&quot;,&quot;camera&quot;:&quot;&quot;,&quot;caption&quot;:&quot;&quot;,&quot;created_timestamp&quot;:&quot;0&quot;,&quot;copyright&quot;:&quot;&quot;,&quot;focal_length&quot;:&quot;0&quot;,&quot;iso&quot;:&quot;0&quot;,&quot;shutter_speed&quot;:&quot;0&quot;,&quot;title&quot;:&quot;&quot;,&quot;orientation&quot;:&quot;0&quot;}\" data-image-title=\"79269976_2902280456530767_607663981766639616_o\" data-image-description=\"\" data-image-caption=\"\" data-large-file=\"https:\/\/jornalrol.com.br\/wp-content\/uploads\/2019\/12\/79269976_2902280456530767_607663981766639616_o.jpg\" class=\"size-medium wp-image-30099 aligncenter\" src=\"http:\/\/www.jornalrol.com.br\/wp-content\/uploads\/2019\/12\/79269976_2902280456530767_607663981766639616_o-300x212.jpg\" alt=\"\" width=\"300\" height=\"212\" \/>Quem desejar expor artesanato n\u00e3o ser\u00e1 cobrado taxa de participa\u00e7\u00e3o<\/a><\/h2>\n<p><!--more--><\/p>\n<div class=\"_1dwg _1w_m _q7o\">\n<div class=\"_3x-2\" data-ft=\"{&quot;tn&quot;:&quot;H&quot;}\">\n<div class=\"_5r69 _sds _1hvl\">\n<div class=\"mts\">\n<div class=\"mtm _5pcm\">\n<div class=\"mtm _5pco\" data-testid=\"post_message\" data-ft=\"{&quot;tn&quot;:&quot;K&quot;}\">\n<div id=\"id_5df49dbdb389a4115254190\" class=\"text_exposed_root text_exposed\">\n<p><span class=\"text_exposed_show\">O CCTN &#8211; Centro Cultural de Tradi\u00e7\u00f5es Nordestinas de Sorocaba realizar\u00e1 a 7\u00aa Festa das Tradi\u00e7\u00f5es Nordestinas no dia 14 de dezembro de 2019, das 10h \u00e0s 22h.<\/span><\/p>\n<div class=\"text_exposed_show\">\n<p>As atividades contar\u00e3o com uma feira t\u00edpica\u00a0 com barracas que oferecer\u00e3o a culin\u00e1ria tipicamente nordestina, artesanato, apresenta\u00e7\u00f5es de trios de forr\u00f3 p\u00e9 de serra, dan\u00e7as t\u00edpicas, capoeira, poetas, literatura de cordel, contadores de hist\u00f3rias, teatro de mamulengos, ventr\u00edloquo, dan\u00e7as t\u00edpicas como o carimbo, forr\u00f3, ciranda, maracatu, maculel\u00ea, brinquedos infl\u00e1veis para a crian\u00e7ada e a\u00a0 cantora M\u00e1rcia Mah e Lenice Gomes com um repert\u00f3rio\u00a0 de can\u00e7\u00f5es brasileiras.<\/p>\n<p>Entrada Franca.<\/p>\n<p>Quem desejar expor artesanato n\u00e3o ser\u00e1 cobrado taxa de participa\u00e7\u00e3o. Contato\u00a0 pelo e\u2014mail cctsorocaba@hotmail.com ou pelo telefone 15997449796.<\/p>\n<p><strong>Programa\u00e7\u00e3o:<\/strong><\/p>\n<p>10:00h Abertura<br \/>\n11:00h Trio de Forr\u00f3 P\u00e9 de Serra Tropeiros da Serra<br \/>\n12:00h Grupo Folcl\u00f3rico Carimbolando<br \/>\n13:00h Apresenta\u00e7\u00e3o Teatral AMARias Coletivo C\u00eanico Dell\u00e0rt<br \/>\n14:00h Maculel\u00ea<br \/>\n15:00h Capoeira Emboscada com o Mestre Baianinho e Mestre Pulga<br \/>\n16:00h Teatro de Mamulengos Mestre Valdeck de Garunhus<br \/>\n17:00h Lenice Gomes<br \/>\n17:30h Grupo Maracatu Mukumby<br \/>\n20:00h M\u00e1rcia Mah<\/p>\n<p>Local do evento: R. Francisco Bueno de Camargo s\/n Bairro Nova Sorocaba \u2013 Sorocaba\/SP.<br \/>\n(Ponto de refer\u00eancia:vizinho ao Campinho de Futebol da Associa\u00e7\u00e3o dos Moradores do Parque Nova Sorocaba).<\/p>\n<p>Fone: (15) 99744-9796<\/p>\n<p>E-mail: cctnsorocaba@hotmail.com<\/p>\n<\/div>\n<\/div>\n<\/div>\n<\/div>\n<\/div>\n<\/div>\n<\/div>\n<div><\/div>\n<\/div>\n<div><\/div>\n<div class=\"_1dwg _1w_m _q7o\"><\/div>\n<div><\/div>\n","protected":false},"excerpt":{"rendered":"<p>Quem desejar expor artesanato n\u00e3o ser\u00e1 cobrado taxa de participa\u00e7\u00e3o<\/p>\n","protected":false},"author":6,"featured_media":0,"comment_status":"closed","ping_status":"closed","sticky":false,"template":"","format":"standard","meta":{"_jetpack_newsletter_access":"","_jetpack_dont_email_post_to_subs":false,"_jetpack_newsletter_tier_id":0,"_jetpack_memberships_contains_paywalled_content":false,"_jetpack_memberships_contains_paid_content":false,"footnotes":""},"categories":[7],"tags":[1766,3823],"class_list":["post-30098","post","type-post","status-publish","format-standard","hentry","category-comunicacao","tag-cctn","tag-festa-das-tradicoes-nordestinas"],"aioseo_notices":[],"views":517,"jetpack_featured_media_url":"","jetpack_sharing_enabled":true,"jetpack_likes_enabled":true,"jetpack-related-posts":[{"id":28105,"url":"https:\/\/jornalrol.com.br\/?p=28105","url_meta":{"origin":30098,"position":0},"title":"Mestre Jaime Balbino, presidente da Associa\u00e7\u00e3o Cultural de Capoeira Angola Bem Brasil, ser\u00e1 homenageado pela C\u00e2mara Municipal de Sorocaba","author":"Sergio Diniz da Costa","date":"26 de junho de 2019","format":false,"excerpt":"A homenagem, de iniciativa do Centro Cultural de Tradi\u00e7\u00f5es Nordestinas de Sorocaba e Regi\u00e3o, ser\u00e1 amanh\u00e3 (27), \u00e0s 12h, em sess\u00e3o presidida pelo vereador Luis Santos Pereira Filho A C\u00e2mara Municipal de Sorocaba prestar\u00e1 homenagem ao Mestre de Capoeira Jaime Balbino, amanh\u00e3 (27), \u00e0s 12h, em sess\u00e3o presidida pelo vereador\u2026","rel":"","context":"Em &quot;Comunica\u00e7\u00e3o&quot;","block_context":{"text":"Comunica\u00e7\u00e3o","link":"https:\/\/jornalrol.com.br\/?cat=7"},"img":{"alt_text":"","src":"https:\/\/i0.wp.com\/www.jornalrol.com.br\/wp-content\/uploads\/2019\/06\/17362825_393416471031725_7760689622259055963_n-310x303-300x293.jpg?resize=350%2C200","width":350,"height":200},"classes":[]},{"id":21168,"url":"https:\/\/jornalrol.com.br\/?p=21168","url_meta":{"origin":30098,"position":1},"title":"CCTN Promove a entrega do 1\u00ba Trof\u00e9u CCTN Cultura &amp; Arte &#8211; Defensor do Patrim\u00f4nio Hist\u00f3rico e Cultural Brasileiro","author":"Sergio Diniz da Costa","date":"27 de setembro de 2018","format":false,"excerpt":"O CCTN promove, no dia 28 (sexta-feira), \u00e0s 19h00,\u00a0 na Funda\u00e7\u00e3o Ubaldino do Amaral - FUA, a entrega da 1\u00aa edi\u00e7\u00e3o do Trof\u00e9u CCTN Cultura & Arte - Defensor do Patrim\u00f4nio Hist\u00f3rico e Cultural Brasileiro O CCTN - Centro Cultural de Tradi\u00e7\u00f5es do Norte e Nordeste do Brasil em Sorocaba\u2026","rel":"","context":"Em &quot;Comunica\u00e7\u00e3o&quot;","block_context":{"text":"Comunica\u00e7\u00e3o","link":"https:\/\/jornalrol.com.br\/?cat=7"},"img":{"alt_text":"","src":"https:\/\/i0.wp.com\/www.jornalrol.com.br\/wp-content\/uploads\/2018\/09\/Covite-CCTN-Ana-Duarte-300x113.jpg?resize=350%2C200","width":350,"height":200},"classes":[]},{"id":78681,"url":"https:\/\/jornalrol.com.br\/?p=78681","url_meta":{"origin":30098,"position":2},"title":"Grupo Cultural \u00c1guia Nordestina de Bacamarteiros de Moreno","author":"Bruno Alves Feitosa","date":"24 de fevereiro de 2026","format":false,"excerpt":"No dia 08 de fevereiro de 2026, foi realizada a segunda reuni\u00e3o do Grupo Cultural \u00c1guia Nordestina de Bacamarteiros de Moreno. No encontro foram abordados...","rel":"","context":"Em &quot;Sem categoria&quot;","block_context":{"text":"Sem categoria","link":"https:\/\/jornalrol.com.br\/?cat=1"},"img":{"alt_text":"Bruno Alves Feitosa","src":"https:\/\/i0.wp.com\/jornalrol.com.br\/wp-content\/uploads\/2026\/01\/6b0d0a69-3ee0-40f9-bdd0-96a7d56ca4b5-1.jpg?resize=350%2C200&ssl=1","width":350,"height":200,"srcset":"https:\/\/i0.wp.com\/jornalrol.com.br\/wp-content\/uploads\/2026\/01\/6b0d0a69-3ee0-40f9-bdd0-96a7d56ca4b5-1.jpg?resize=350%2C200&ssl=1 1x, https:\/\/i0.wp.com\/jornalrol.com.br\/wp-content\/uploads\/2026\/01\/6b0d0a69-3ee0-40f9-bdd0-96a7d56ca4b5-1.jpg?resize=525%2C300&ssl=1 1.5x, https:\/\/i0.wp.com\/jornalrol.com.br\/wp-content\/uploads\/2026\/01\/6b0d0a69-3ee0-40f9-bdd0-96a7d56ca4b5-1.jpg?resize=700%2C400&ssl=1 2x, https:\/\/i0.wp.com\/jornalrol.com.br\/wp-content\/uploads\/2026\/01\/6b0d0a69-3ee0-40f9-bdd0-96a7d56ca4b5-1.jpg?resize=1050%2C600&ssl=1 3x"},"classes":[]},{"id":70723,"url":"https:\/\/jornalrol.com.br\/?p=70723","url_meta":{"origin":30098,"position":3},"title":"A Lenda do Sert\u00e3o","author":"Pietro Costa","date":"13 de novembro de 2024","format":false,"excerpt":"Nos campos \u00e1ridos, a sanfona dan\u00e7a. Na zabumba, emo\u00e7\u00e3o aos borbot\u00f5es. A lenda que ecoa v\u00edvida nos sert\u00f5es. Rei do Bai\u00e3o, tradi\u00e7\u00f5es em pujan\u00e7a, pelo carisma...","rel":"","context":"Em &quot;Literatura&quot;","block_context":{"text":"Literatura","link":"https:\/\/jornalrol.com.br\/?cat=9285"},"img":{"alt_text":"Imagem gerada por IA do Bing - 12 de novembro de 2024 \u00e0s 7:44 PM","src":"https:\/\/i0.wp.com\/jornalrol.com.br\/wp-content\/uploads\/2024\/11\/OIG4-5.jpeg?resize=350%2C200&ssl=1","width":350,"height":200,"srcset":"https:\/\/i0.wp.com\/jornalrol.com.br\/wp-content\/uploads\/2024\/11\/OIG4-5.jpeg?resize=350%2C200&ssl=1 1x, https:\/\/i0.wp.com\/jornalrol.com.br\/wp-content\/uploads\/2024\/11\/OIG4-5.jpeg?resize=525%2C300&ssl=1 1.5x, https:\/\/i0.wp.com\/jornalrol.com.br\/wp-content\/uploads\/2024\/11\/OIG4-5.jpeg?resize=700%2C400&ssl=1 2x"},"classes":[]},{"id":31376,"url":"https:\/\/jornalrol.com.br\/?p=31376","url_meta":{"origin":30098,"position":4},"title":"Sergio Diniz da Costa: &#039;Dia de gratid\u00e3o&#039;","author":"Sergio Diniz da Costa","date":"10 de maio de 2020","format":false,"excerpt":"Neste Dia das M\u00e3es, h\u00e1 de se homenagear a todas as m\u00e3es; a minha, em especial: Irma Pinhata! Aos 92 anos de idade, uma devoradora de livros! Neste Dia das M\u00e3es, h\u00e1 de se homenagear a todas as m\u00e3es. \u00a0 Por\u00e9m, quero homenagear especialmente aquela que, se n\u00e3o bastasse ter\u2026","rel":"","context":"Em &quot;Comunica\u00e7\u00e3o&quot;","block_context":{"text":"Comunica\u00e7\u00e3o","link":"https:\/\/jornalrol.com.br\/?cat=7"},"img":{"alt_text":"","src":"https:\/\/i0.wp.com\/www.jornalrol.com.br\/wp-content\/uploads\/2020\/05\/28827172_10211226109304849_2997353839572869086_o-1-225x300.jpg?resize=350%2C200","width":350,"height":200},"classes":[]},{"id":75002,"url":"https:\/\/jornalrol.com.br\/?p=75002","url_meta":{"origin":30098,"position":5},"title":"Ode \u00e0 Compet\u00eancia","author":"Sergio Diniz da Costa","date":"22 de agosto de 2025","format":false,"excerpt":"Jornal Cultural ROL inaugura nova se\u00e7\u00e3o: Ode \u00e0 Compet\u00eancia, e apresenta aos leitores um nordestino arretado: Bruno Alves Feitosa, natural de Teresina (PI).","rel":"","context":"Em &quot;Arte&quot;","block_context":{"text":"Arte","link":"https:\/\/jornalrol.com.br\/?cat=9286"},"img":{"alt_text":"Bruno Alves Feitosa","src":"https:\/\/i0.wp.com\/jornalrol.com.br\/wp-content\/uploads\/2025\/08\/fb0c3079-1f1f-4e2f-a401-1fadb12f9935.jpeg?resize=350%2C200&ssl=1","width":350,"height":200,"srcset":"https:\/\/i0.wp.com\/jornalrol.com.br\/wp-content\/uploads\/2025\/08\/fb0c3079-1f1f-4e2f-a401-1fadb12f9935.jpeg?resize=350%2C200&ssl=1 1x, https:\/\/i0.wp.com\/jornalrol.com.br\/wp-content\/uploads\/2025\/08\/fb0c3079-1f1f-4e2f-a401-1fadb12f9935.jpeg?resize=525%2C300&ssl=1 1.5x, https:\/\/i0.wp.com\/jornalrol.com.br\/wp-content\/uploads\/2025\/08\/fb0c3079-1f1f-4e2f-a401-1fadb12f9935.jpeg?resize=700%2C400&ssl=1 2x, https:\/\/i0.wp.com\/jornalrol.com.br\/wp-content\/uploads\/2025\/08\/fb0c3079-1f1f-4e2f-a401-1fadb12f9935.jpeg?resize=1050%2C600&ssl=1 3x"},"classes":[]}],"_links":{"self":[{"href":"https:\/\/jornalrol.com.br\/index.php?rest_route=\/wp\/v2\/posts\/30098","targetHints":{"allow":["GET"]}}],"collection":[{"href":"https:\/\/jornalrol.com.br\/index.php?rest_route=\/wp\/v2\/posts"}],"about":[{"href":"https:\/\/jornalrol.com.br\/index.php?rest_route=\/wp\/v2\/types\/post"}],"author":[{"embeddable":true,"href":"https:\/\/jornalrol.com.br\/index.php?rest_route=\/wp\/v2\/users\/6"}],"replies":[{"embeddable":true,"href":"https:\/\/jornalrol.com.br\/index.php?rest_route=%2Fwp%2Fv2%2Fcomments&post=30098"}],"version-history":[{"count":0,"href":"https:\/\/jornalrol.com.br\/index.php?rest_route=\/wp\/v2\/posts\/30098\/revisions"}],"wp:attachment":[{"href":"https:\/\/jornalrol.com.br\/index.php?rest_route=%2Fwp%2Fv2%2Fmedia&parent=30098"}],"wp:term":[{"taxonomy":"category","embeddable":true,"href":"https:\/\/jornalrol.com.br\/index.php?rest_route=%2Fwp%2Fv2%2Fcategories&post=30098"},{"taxonomy":"post_tag","embeddable":true,"href":"https:\/\/jornalrol.com.br\/index.php?rest_route=%2Fwp%2Fv2%2Ftags&post=30098"}],"curies":[{"name":"wp","href":"https:\/\/api.w.org\/{rel}","templated":true}]}}