{"id":3010,"date":"2015-08-19T17:31:15","date_gmt":"2015-08-19T20:31:15","guid":{"rendered":"http:\/\/www.jornalrol.com.br\/?p=3010"},"modified":"2015-08-19T17:31:15","modified_gmt":"2015-08-19T20:31:15","slug":"artigo-de-pedro-novaes-mais-uma-crise","status":"publish","type":"post","link":"https:\/\/jornalrol.com.br\/?p=3010","title":{"rendered":"Artigo de Pedro Novaes: &#039;Mais uma crise&#039;"},"content":{"rendered":"<div class=\"pdfprnt-buttons pdfprnt-buttons-post pdfprnt-top-right\"><a href=\"https:\/\/jornalrol.com.br\/index.php?rest_route=%2Fwp%2Fv2%2Fposts%2F3010&print=pdf\" class=\"pdfprnt-button pdfprnt-button-pdf\" target=\"_blank\" ><\/a><a href=\"https:\/\/jornalrol.com.br\/index.php?rest_route=%2Fwp%2Fv2%2Fposts%2F3010&print=print\" class=\"pdfprnt-button pdfprnt-button-print\" target=\"_blank\" ><img decoding=\"async\" src=\"https:\/\/jornalrol.com.br\/wp-content\/plugins\/pdf-print\/images\/print.png\" alt=\"image_print\" title=\"Conte\u00fado de impress\u00e3o\" \/><\/a><\/div><h2><strong>MAIS UMA CRISE &#8211;\u00a0 Pedro Israel Novaes de Almeida<\/strong><\/h2>\n<p><!--more--><\/p>\n<figure id=\"attachment_87\" aria-describedby=\"caption-attachment-87\" style=\"width: 195px\" class=\"wp-caption alignleft\"><a href=\"http:\/\/www.jornalrol.com.br\/wp-content\/uploads\/2014\/11\/Foto-close1.jpg\"><img loading=\"lazy\" decoding=\"async\" class=\"size-full wp-image-87\" src=\"http:\/\/www.jornalrol.com.br\/wp-content\/uploads\/2014\/11\/Foto-close1.jpg\" alt=\"colunista do ROL\" width=\"195\" height=\"258\" \/><\/a><figcaption id=\"caption-attachment-87\" class=\"wp-caption-text\">Pedro Novaes<\/figcaption><\/figure>\n<p>A crise de nossa economia j\u00e1 espalha seus efeitos pela sociedade, atingindo com maior rigor pobres e remediados.<\/p>\n<p>O desemprego, pior chaga social, atinge um crescente n\u00famero de brasileiros, levando ao desespero fam\u00edlias inteiras, que vislumbram a falta de recursos para o atendimento at\u00e9 de suas necessidades mais b\u00e1sicas. A antevis\u00e3o dos problemas da falta de emprego leva multid\u00f5es a ocupa\u00e7\u00f5es menos rent\u00e1veis, com a consequente precariza\u00e7\u00e3o dos sal\u00e1rios e das pr\u00f3prias rela\u00e7\u00f5es de trabalho.<\/p>\n<p>Surge, revigorada, a infla\u00e7\u00e3o, agravadora das diferen\u00e7as sociais e matriz da corros\u00e3o do poder aquisitivo dos sal\u00e1rios. Como o trabalho costuma, em regra, ser fiado, seu valor relativo, ap\u00f3s um m\u00eas, j\u00e1 est\u00e1 corro\u00eddo.<\/p>\n<p>A infla\u00e7\u00e3o encarece o cr\u00e9dito e afugenta capitais. A infla\u00e7\u00e3o, necessariamente projetada para o per\u00edodo seguinte, ganha vida pr\u00f3pria, gerando um ciclo vicioso.<\/p>\n<p>Investimentos s\u00e3o postergados, e a demanda de bens dur\u00e1veis acaba deprimida, gerando nefasta rea\u00e7\u00e3o em cadeia. O consumo, de alimentos a rem\u00e9dios, sofre queda, e acabam premiados os produtos de baixa qualidade, em contexto onde a regra \u00e9 buscar o menor pre\u00e7o.<\/p>\n<p>Combust\u00edveis, energia el\u00e9trica, ped\u00e1gios e servi\u00e7os de \u00e1gua e esgoto sofrem generosos acr\u00e9scimos, embalados pela recomposi\u00e7\u00e3o dos pre\u00e7os p\u00fablicos, em todos os n\u00edveis.<\/p>\n<p>N\u00e3o ser\u00e1 desta vez que o mundo ir\u00e1 acabar, e o Brasil, maltratado desde 1.500, continuar\u00e1 vivo, mesmo ap\u00f3s algum sofrimento e atraso. Os governos ser\u00e3o for\u00e7ados (at\u00e9 que enfim !) a gest\u00f5es mais econ\u00f4micas, eficientes, respons\u00e1veis e \u00e9ticas.<\/p>\n<p>At\u00e9 C\u00e2maras de Vereadores, tradicionais, insistentes e por vezes desavergonhadas consumidoras de recursos p\u00fablicos, acenam com diminui\u00e7\u00e3o de subs\u00eddios e outras economias, quando for\u00e7adas pela just\u00edssima indigna\u00e7\u00e3o popular.<\/p>\n<p>Embora a crise que se inicia tenha origem e causa no Governo Federal, ela escancara a ineficiente, perdul\u00e1ria e desrespeitosa gest\u00e3o, que caracteriza nossos estados e munic\u00edpios. Governar gastando \u00e9 f\u00e1cil, gerir com responsabilidade e \u00e9tica \u00e9 dif\u00edcil.<\/p>\n<p>Conv\u00e9m, em contexto de crise, revivermos a fraternidade humana, evitando que o desemprego acarrete tanto sofrimento e pen\u00faria \u00e0queles que s\u00e3o v\u00edtimas inocentes de nosso descalabro. Cada um, a seu modo e \u00e2mbito, pode e deve socorrer o pr\u00f3ximo, qualquer que seja a oscila\u00e7\u00e3o da Bolsa de Valores, valor do d\u00f3lar ou desempenho das exporta\u00e7\u00f5es.<\/p>\n<p><a href=\"mailto:pedroinovaes@uol.com.br\">pedroinovaes@uol.com.br<\/a><\/p>\n<p>O autor \u00e9 engenheiro agr\u00f4nomo e advogado, aposentado.<\/p>\n","protected":false},"excerpt":{"rendered":"<p>MAIS UMA CRISE &#8211;\u00a0 Pedro Israel Novaes de Almeida<\/p>\n","protected":false},"author":3,"featured_media":0,"comment_status":"closed","ping_status":"closed","sticky":false,"template":"","format":"standard","meta":{"_jetpack_newsletter_access":"","_jetpack_dont_email_post_to_subs":false,"_jetpack_newsletter_tier_id":0,"_jetpack_memberships_contains_paywalled_content":false,"_jetpack_memberships_contains_paid_content":false,"footnotes":""},"categories":[7],"tags":[6691],"class_list":["post-3010","post","type-post","status-publish","format-standard","hentry","category-comunicacao","tag-pedro-novaes"],"aioseo_notices":[],"views":0,"jetpack_featured_media_url":"","jetpack_sharing_enabled":true,"jetpack_likes_enabled":true,"jetpack-related-posts":[{"id":6448,"url":"https:\/\/jornalrol.com.br\/?p=6448","url_meta":{"origin":3010,"position":0},"title":"Pedro Novaes: &#039;Fundo do Po\u00e7o&#039;","author":"Helio Rubens","date":"6 de outubro de 2016","format":false,"excerpt":"Pedro Israel Novaes de Almeida - FUNDO DO PO\u00c7O \u00a0 O pa\u00eds passa por uma de suas piores crises. O desemprego e a desconfian\u00e7a constituem as faces mais angustiantes de nossa situa\u00e7\u00e3o. Doze milh\u00f5es de desempregados, considerando apenas os que procuram e n\u00e3o encontram empregos ! O desemprego \u00e9 desesperador,\u2026","rel":"","context":"Em &quot;Comunica\u00e7\u00e3o&quot;","block_context":{"text":"Comunica\u00e7\u00e3o","link":"https:\/\/jornalrol.com.br\/?cat=7"},"img":{"alt_text":"colunista do ROL","src":"https:\/\/i0.wp.com\/www.jornalrol.com.br\/wp-content\/uploads\/2014\/11\/Foto-close1.jpg?resize=350%2C200","width":350,"height":200},"classes":[]},{"id":23183,"url":"https:\/\/jornalrol.com.br\/?p=23183","url_meta":{"origin":3010,"position":1},"title":"Pedro Israel Novaes de Almeida: &#039;Fim de ano&#039;","author":"Sergio Diniz da Costa","date":"12 de dezembro de 2018","format":false,"excerpt":"Pedro Israel Novaes de Almeida: 'Fim de ano' O fim de ano, como sempre, trar\u00e1 consigo os votos e esperan\u00e7as que h\u00e1 anos experimentamos. Emagrecer, acertar a loteria, abandonar o tabagismo e conseguir agendar aquela cirurgia eletiva, pelo SUS, figuram dentre a maioria dos pedidos. \u00a0A crise que experimentamos, contudo,\u2026","rel":"","context":"Em &quot;Comunica\u00e7\u00e3o&quot;","block_context":{"text":"Comunica\u00e7\u00e3o","link":"https:\/\/jornalrol.com.br\/?cat=7"},"img":{"alt_text":"","src":"https:\/\/i0.wp.com\/www.jornalrol.com.br\/wp-content\/uploads\/2018\/06\/pedronovaes.jpg?resize=350%2C200","width":350,"height":200},"classes":[]},{"id":7181,"url":"https:\/\/jornalrol.com.br\/?p=7181","url_meta":{"origin":3010,"position":2},"title":"Pedro Novaes: &#039; Sem s\u00e1ude&#039;","author":"Helio Rubens","date":"14 de dezembro de 2016","format":false,"excerpt":"Pedro Israel Novaes de Almeida - 'SEM\u00a0 SA\u00daDE' \u00a0 \u00a0 Em meio a tanta turbul\u00eancia pol\u00edtica e manifesta\u00e7\u00f5es ruidosas, surge enfim uma unanimidade nacional. Esquerda e direita, enfim, concordam no quesito desrespeito \u00e0 sa\u00fade do cidad\u00e3o. Cento e dez por cento dos governos municipais, estaduais e federal, das mais variadas\u2026","rel":"","context":"Em &quot;Comunica\u00e7\u00e3o&quot;","block_context":{"text":"Comunica\u00e7\u00e3o","link":"https:\/\/jornalrol.com.br\/?cat=7"},"img":{"alt_text":"colunista do ROL","src":"https:\/\/i0.wp.com\/www.jornalrol.com.br\/wp-content\/uploads\/2014\/11\/Foto-close1.jpg?resize=350%2C200","width":350,"height":200},"classes":[]},{"id":4089,"url":"https:\/\/jornalrol.com.br\/?p=4089","url_meta":{"origin":3010,"position":3},"title":"Artigo de Pedro Novaes: &#039;Jogando dinheiro fora&#039;","author":"Helio Rubens","date":"29 de janeiro de 2016","format":false,"excerpt":"Pedro Israel Novaes de Almeida: 'JOGANDO DINHEIRO FORA' Diversos prefeitos, Brasil afora, anunciaram a redu\u00e7\u00e3o ou at\u00e9 mesmo a total retirada dos recursos p\u00fablicos destinados ao carnaval. A atitude, que rendeu aplausos e protestos, surge em meio \u00e0 crise econ\u00f4mica que assola o pa\u00eds, com expectativas de agravamento.\u00a0 Estados e\u2026","rel":"","context":"Em &quot;Comunica\u00e7\u00e3o&quot;","block_context":{"text":"Comunica\u00e7\u00e3o","link":"https:\/\/jornalrol.com.br\/?cat=7"},"img":{"alt_text":"colunista do ROL","src":"https:\/\/i0.wp.com\/www.jornalrol.com.br\/wp-content\/uploads\/2014\/11\/Foto-close1.jpg?resize=350%2C200","width":350,"height":200},"classes":[]},{"id":6318,"url":"https:\/\/jornalrol.com.br\/?p=6318","url_meta":{"origin":3010,"position":4},"title":"Pedro Novaes: &#039;Estressados&#039;","author":"Helio Rubens","date":"22 de setembro de 2016","format":false,"excerpt":"Pedro Israel Novaes de Almeida - 'ESTRESSADOS' Estamos, todos, estressados. Foram anos e anos discutindo partidos, pol\u00edticos, ideologias e gest\u00f5es, embalados por redes sociais e notici\u00e1rios escandalosos. \u00a0Passeatas reuniram milh\u00f5es. Pol\u00edticos presos, esc\u00e2ndalos desvendados, dela\u00e7\u00f5es inesperadas e o palco frequentado, como nunca, por procuradores, delegados, investigadores, ju\u00edzes, ministros e advogados\u2026","rel":"","context":"Em &quot;Comunica\u00e7\u00e3o&quot;","block_context":{"text":"Comunica\u00e7\u00e3o","link":"https:\/\/jornalrol.com.br\/?cat=7"},"img":{"alt_text":"colunista do ROL","src":"https:\/\/i0.wp.com\/www.jornalrol.com.br\/wp-content\/uploads\/2014\/11\/Foto-close1.jpg?resize=350%2C200","width":350,"height":200},"classes":[]},{"id":27435,"url":"https:\/\/jornalrol.com.br\/?p=27435","url_meta":{"origin":3010,"position":5},"title":"Pedro Novaes: &#039;Fundo do po\u00e7o&#039;","author":"Helio Rubens","date":"22 de maio de 2019","format":false,"excerpt":"FUNDO DO PO\u00c7O \u00a0 N\u00e3o conv\u00e9m menosprezar a crise fiscal e \u00e9tica que ronda o pa\u00eds. Em alguns setores, as pen\u00farias e defici\u00eancias j\u00e1 s\u00e3o hist\u00f3ricas, mesmo em tempos de bonan\u00e7a. \u00c9 o caso da sa\u00fade p\u00fablica, que, apesar de algumas ilhas de excel\u00eancia e bom atendimento, sempre foi considerada\u2026","rel":"","context":"Em &quot;Comunica\u00e7\u00e3o&quot;","block_context":{"text":"Comunica\u00e7\u00e3o","link":"https:\/\/jornalrol.com.br\/?cat=7"},"img":{"alt_text":"","src":"https:\/\/i0.wp.com\/www.jornalrol.com.br\/wp-content\/uploads\/2018\/06\/pedronovaes.jpg?resize=350%2C200","width":350,"height":200},"classes":[]}],"_links":{"self":[{"href":"https:\/\/jornalrol.com.br\/index.php?rest_route=\/wp\/v2\/posts\/3010","targetHints":{"allow":["GET"]}}],"collection":[{"href":"https:\/\/jornalrol.com.br\/index.php?rest_route=\/wp\/v2\/posts"}],"about":[{"href":"https:\/\/jornalrol.com.br\/index.php?rest_route=\/wp\/v2\/types\/post"}],"author":[{"embeddable":true,"href":"https:\/\/jornalrol.com.br\/index.php?rest_route=\/wp\/v2\/users\/3"}],"replies":[{"embeddable":true,"href":"https:\/\/jornalrol.com.br\/index.php?rest_route=%2Fwp%2Fv2%2Fcomments&post=3010"}],"version-history":[{"count":0,"href":"https:\/\/jornalrol.com.br\/index.php?rest_route=\/wp\/v2\/posts\/3010\/revisions"}],"wp:attachment":[{"href":"https:\/\/jornalrol.com.br\/index.php?rest_route=%2Fwp%2Fv2%2Fmedia&parent=3010"}],"wp:term":[{"taxonomy":"category","embeddable":true,"href":"https:\/\/jornalrol.com.br\/index.php?rest_route=%2Fwp%2Fv2%2Fcategories&post=3010"},{"taxonomy":"post_tag","embeddable":true,"href":"https:\/\/jornalrol.com.br\/index.php?rest_route=%2Fwp%2Fv2%2Ftags&post=3010"}],"curies":[{"name":"wp","href":"https:\/\/api.w.org\/{rel}","templated":true}]}}