{"id":30108,"date":"2019-12-16T13:06:28","date_gmt":"2019-12-16T15:06:28","guid":{"rendered":"http:\/\/www.jornalrol.com.br\/?p=30108"},"modified":"2019-12-16T13:06:28","modified_gmt":"2019-12-16T15:06:28","slug":"estudantes-da-e-m-matheus-maylasky-lancam-livro-de-cronicas-na-flaus","status":"publish","type":"post","link":"https:\/\/jornalrol.com.br\/?p=30108","title":{"rendered":"Estudantes da E.M. &#039;Matheus Maylasky&#039; lan\u00e7am livro de cr\u00f4nicas na FLAUS"},"content":{"rendered":"<div class=\"pdfprnt-buttons pdfprnt-buttons-post pdfprnt-top-right\"><a href=\"https:\/\/jornalrol.com.br\/index.php?rest_route=%2Fwp%2Fv2%2Fposts%2F30108&print=pdf\" class=\"pdfprnt-button pdfprnt-button-pdf\" target=\"_blank\" ><\/a><a href=\"https:\/\/jornalrol.com.br\/index.php?rest_route=%2Fwp%2Fv2%2Fposts%2F30108&print=print\" class=\"pdfprnt-button pdfprnt-button-print\" target=\"_blank\" ><img decoding=\"async\" src=\"https:\/\/jornalrol.com.br\/wp-content\/plugins\/pdf-print\/images\/print.png\" alt=\"image_print\" title=\"Conte\u00fado de impress\u00e3o\" \/><\/a><\/div><h2 style=\"text-align: center;\"><a href=\"http:\/\/www.jornalrol.com.br\/wp-content\/uploads\/2019\/12\/IMG-20191212-WA0041-1.jpg\"><img loading=\"lazy\" decoding=\"async\" data-attachment-id=\"30111\" data-permalink=\"https:\/\/jornalrol.com.br\/?attachment_id=30111\" data-orig-file=\"https:\/\/jornalrol.com.br\/wp-content\/uploads\/2019\/12\/IMG-20191212-WA0041-1.jpg\" data-orig-size=\"924,1280\" data-comments-opened=\"0\" data-image-meta=\"{&quot;aperture&quot;:&quot;0&quot;,&quot;credit&quot;:&quot;&quot;,&quot;camera&quot;:&quot;&quot;,&quot;caption&quot;:&quot;&quot;,&quot;created_timestamp&quot;:&quot;0&quot;,&quot;copyright&quot;:&quot;&quot;,&quot;focal_length&quot;:&quot;0&quot;,&quot;iso&quot;:&quot;0&quot;,&quot;shutter_speed&quot;:&quot;0&quot;,&quot;title&quot;:&quot;&quot;,&quot;orientation&quot;:&quot;0&quot;}\" data-image-title=\"IMG-20191212-WA0041 (1)\" data-image-description=\"\" data-image-caption=\"\" data-large-file=\"https:\/\/jornalrol.com.br\/wp-content\/uploads\/2019\/12\/IMG-20191212-WA0041-1.jpg\" class=\"size-medium wp-image-30111 aligncenter\" src=\"http:\/\/www.jornalrol.com.br\/wp-content\/uploads\/2019\/12\/IMG-20191212-WA0041-1-217x300.jpg\" alt=\"\" width=\"217\" height=\"300\" \/><\/a>\u00a0<strong>O livro \u00e9 resultado de atividade proposta pela\u00a0professora da E.M. &#8216;Matheus Maylasky&#8217;, V\u00e2nia \u00c9rica Rodrigues do Nascimento, envolvendo alunos do 9\u00ba ano e ser\u00e1 lan\u00e7ado na 3\u00aa edi\u00e7\u00e3o da FLAUS<\/strong><\/h2>\n<p><!--more--><\/p>\n<p align=\"justify\">No dia <strong>21 de dezembro <\/strong>(s\u00e1bado),<strong> \u00e0s 10h<\/strong>, na pra\u00e7a<strong> Cel. Fernando Prestes<\/strong>, com a 3\u00aa edi\u00e7\u00e3o da <strong>FLAUS\u00a0<\/strong>&#8211; Feira de Livros e Autores Sorocabanos,\u00a0ser\u00e1 lan\u00e7ado o livro &#8216;<strong>Nossas Hist\u00f3rias<\/strong>&#8216;, de autoria dos estudantes dos 9\u00ba anos da Escola Municipal &#8216;Matheus Maylasky&#8217;.<\/p>\n<figure id=\"attachment_30118\" aria-describedby=\"caption-attachment-30118\" style=\"width: 300px\" class=\"wp-caption alignleft\"><a href=\"http:\/\/www.jornalrol.com.br\/wp-content\/uploads\/2019\/12\/38542164_1588732411272566_2180989138847662080_n.jpg\"><img loading=\"lazy\" decoding=\"async\" class=\"wp-image-30118 size-medium\" src=\"http:\/\/www.jornalrol.com.br\/wp-content\/uploads\/2019\/12\/38542164_1588732411272566_2180989138847662080_n-300x225.jpg\" alt=\"\" width=\"300\" height=\"225\" \/><\/a><figcaption id=\"caption-attachment-30118\" class=\"wp-caption-text\">V\u00e2nia \u00c9rica Rodrigues do Nascimento<\/figcaption><\/figure>\n<p align=\"justify\">O livro, bem como a\u00a0participa\u00e7\u00e3o de uma oficina de cr\u00f4nicas com escritores locais. \u00e9 resultado de uma atividade proposta pela professora <strong>V\u00e2nia \u00c9rica Rodrigues do Nascimento<\/strong>, que trabalha com os estudantes dos 9\u00ba anos, visando fomentar a leitura e escrita.<strong>*<\/strong><\/p>\n<p align=\"justify\">Segundo a professora V\u00e2nia, o projeto visa trabalhar a autonomia e protagonismo dos estudantes, al\u00e9m de desenvolver a criatividade, boa escrita, exerc\u00edcio de corre\u00e7\u00e3o e conhecer mais detalhes sobre os autores cl\u00e1ssicos e de Sorocaba. \u201cTrabalhamos esse projeto com autores como Stanislaw Ponte Preta, Machado de Assis, Luis Fernando Ver\u00edssimo, C\u00e2mara Cascudo e alguns autores da cidade. A partir da\u00ed, eles escreveram uma hist\u00f3ria de autoria pr\u00f3pria e conheceram mais sobre esses escritores\u201d, explicou. \u201c\u00c9 uma obra feita para que possa ser lida por muitas pessoas, n\u00e3o s\u00f3 pela professora\u201d, salientou a docente.<\/p>\n<p align=\"justify\">Erica explica que a tecnologia faz com que as crian\u00e7as usem cada vez mais abrevia\u00e7\u00f5es, portanto, exercitar a escrita \u00e9 fundamental para obter diversos benef\u00edcios, como o conhecimento da fun\u00e7\u00e3o social da l\u00edngua, por exemplo. \u201cAproveitamos as caracter\u00edsticas de alguns estudantes para a atividade art\u00edstica na ilustra\u00e7\u00e3o do livro, outros para escrever e trabalhar contos e cr\u00f4nicas, al\u00e9m de desenvolver um grande trabalho em equipe\u201d, disse.<\/p>\n<p><b>Oficina de Cr\u00f4nicas<\/b><\/p>\n<figure id=\"attachment_30120\" aria-describedby=\"caption-attachment-30120\" style=\"width: 300px\" class=\"wp-caption alignright\"><a href=\"http:\/\/www.jornalrol.com.br\/wp-content\/uploads\/2019\/12\/foto-2-1.jpg\"><img loading=\"lazy\" decoding=\"async\" class=\"wp-image-30120 size-medium\" src=\"http:\/\/www.jornalrol.com.br\/wp-content\/uploads\/2019\/12\/foto-2-1-300x225.jpg\" alt=\"\" width=\"300\" height=\"225\" \/><\/a><figcaption id=\"caption-attachment-30120\" class=\"wp-caption-text\">Adilene Cavalheiro<\/figcaption><\/figure>\n<p align=\"justify\">A proposta da 1\u00aa edi\u00e7\u00e3o da Oficina de Cr\u00f4nicas que os estudantes participaram tem como a inten\u00e7\u00e3o de \u201ctrabalhar a aprendizagem al\u00e9m dos muros da escola\u201d, conforme explica a orientadora pedag\u00f3gica da unidade <strong>Adilene Cavalheiro<\/strong>. O evento foi realizado na Biblioteca Infantil na \u00faltima segunda-feira, no dia 4 de novembro.<\/p>\n<p align=\"justify\">\u201cEsta oficina aponta para uma educa\u00e7\u00e3o que dialoga com os espa\u00e7os educativos da cidade, no qual a intera\u00e7\u00e3o com o mundo liter\u00e1rio pode ser sentido e compartilhado. Pressup\u00f5e o desenvolvimento do olhar atento, da leitura de mundo, da imagina\u00e7\u00e3o e da cria\u00e7\u00e3o liter\u00e1ria\u201d, salienta Adilene.<\/p>\n<p align=\"justify\">A Orienta\u00e7\u00e3o Pedag\u00f3gica da escola tamb\u00e9m fez parceria com a editora CREARTE para a publica\u00e7\u00e3o do livro a ser lan\u00e7ado na 3\u00aa edi\u00e7\u00e3o da Feira do Livro e Autores Sorocabanos (FLAUS), que acontecer\u00e1 no Sorocaba Clube. Al\u00e9m da parceria com condutores de vans para o transporte dos estudantes at\u00e9 a Biblioteca Infantil.<\/p>\n<p><b>Autores locais<\/b><\/p>\n<figure id=\"attachment_30122\" aria-describedby=\"caption-attachment-30122\" style=\"width: 300px\" class=\"wp-caption alignleft\"><a href=\"http:\/\/www.jornalrol.com.br\/wp-content\/uploads\/2019\/12\/foto-49.jpg\"><img loading=\"lazy\" decoding=\"async\" class=\"wp-image-30122 size-medium\" src=\"http:\/\/www.jornalrol.com.br\/wp-content\/uploads\/2019\/12\/foto-49-300x225.jpg\" alt=\"\" width=\"300\" height=\"225\" \/><\/a><figcaption id=\"caption-attachment-30122\" class=\"wp-caption-text\">Abner Laurindo<\/figcaption><\/figure>\n<p align=\"justify\">O jornalista e escritor sorocabano, <strong>Abner Laurindo<\/strong>, participou da oficina e contou sobre as experi\u00eancias de sua carreira na seara liter\u00e1ria. \u201cEsse projeto \u00e9 muito importante nos dias de hoje. Incentivar a escrita, a leitura e as narrativas, promove essa abertura ao universo liter\u00e1rio a esses estudantes. Para n\u00f3s que estamos na outra ponta da literatura \u00e9 fundamental ouvi-los, entender o que eles pensam e passar nossas t\u00e9cnicas de escrita at\u00e9 para norte\u00e1-los nesse universo da leitura. Al\u00e9m disso, \u00e9 fundamental trabalhar o respeito ao diferente. Trazer este tema \u00e0 luz isso faz com que eles desde j\u00e1 tragam \u00f3timos resultados como cidad\u00e3o no futuro\u201d, salienta.<\/p>\n<figure id=\"attachment_30119\" aria-describedby=\"caption-attachment-30119\" style=\"width: 300px\" class=\"wp-caption alignright\"><a href=\"http:\/\/www.jornalrol.com.br\/wp-content\/uploads\/2019\/12\/foto-13-400x300.jpg\"><img loading=\"lazy\" decoding=\"async\" class=\"wp-image-30119 size-medium\" src=\"http:\/\/www.jornalrol.com.br\/wp-content\/uploads\/2019\/12\/foto-13-400x300-300x225.jpg\" alt=\"\" width=\"300\" height=\"225\" \/><\/a><figcaption id=\"caption-attachment-30119\" class=\"wp-caption-text\">Ana Paula Lib\u00f3rio<\/figcaption><\/figure>\n<p align=\"justify\">J\u00e1 para a professora <strong>Ana Paula Lib\u00f3rio Arruda<\/strong>, tamb\u00e9m participante da oficina, a experi\u00eancia trouxe a oportunidade abordar temas bem detalhados junto \u00e0s crian\u00e7as. \u201c\u00c9 muito importante desmistificar que literatura, leitura e escrita s\u00e3o pr\u00e1ticas elitizadas e distantes da realidade dos alunos. Projetos como o da professora V\u00e2nia trazem a oportunidade de viver a literatura em sua plenitude e com a abordagem que valoriza e reconhece autores da cidade. Foi uma experi\u00eancia incr\u00edvel, junto de um escritor que admiro muito, o Abner Laurindo\u201d, enfatiza.<\/p>\n<p><b>Proveito estudantil<\/b><\/p>\n<p align=\"justify\">Para os estudantes dos 9\u00bas anos, o encontro proporcionou diversos olhares. \u201cFoi uma experi\u00eancia muito bacana por ser fora da sala de aula, poder conhecer os escritores e saber como eles constru\u00edram essa vontade de escrever\u201d, destacou o aluno <strong>Cau\u00ea Henrique Prestes de Oliveira<\/strong>.<\/p>\n<p align=\"justify\">Para <strong>Talita Almeida Souza<\/strong>, a atividade proporcionou novos aprendizados na leitura e escrita. \u201cCorrigimos muitos textos e aprendemos demais sobre a L\u00edngua Portuguesa. Agora tenho um senso cr\u00edtico muito maior para ler e escrever. Ao fazermos a leitura em voz alta, conseguimos aprimorar muitas coisas nessas atividades\u201d, salienta.<\/p>\n<p align=\"justify\">\u201cLer o texto para entender e elaborar a ilustra\u00e7\u00e3o\u201d, foi o que frizou a estudante <strong>Ana Laura de Oliveira Modanhese<\/strong>, que deu sua contribui\u00e7\u00e3o por meio de desenhos no livro. \u201cSempre gostei de desenhar e a chance de ilustrar esse livro \u00e9 uma honra enorme\u201d, constata.<\/p>\n<p align=\"justify\">Por fim, a aluna <strong>Beatriz Liz Carlos do Amaral<\/strong>, conclui a import\u00e2ncia do efeito social neste trabalho. \u201cEsse projeto poder\u00e1 nos promover uma grande inspira\u00e7\u00e3o ao ver um autor frente a frente, isso pode dar um enorme resultado no futuro\u201d, disse. \u201cO relato do escritor Abner, por ser um escritor negro, que tem uma dificuldade muito maior pelas limita\u00e7\u00f5es do preconceito, nos mostrou que se ele conseguiu chegar l\u00e1, isso tamb\u00e9m nos inspira a tentar\u201d.<\/p>\n<p align=\"justify\"><strong>* <\/strong>Mat\u00e9ria extra\u00edda do saite Ag\u00eancia Sorocaba de Not\u00edcias (http:\/\/agencia.sorocaba.sp.gov.br\/estudantes-do-matheus-maylasky-participam-de-oficina-de-cronicas\/&gt;. Acesso em: 16 dez. 2019<\/p>\n","protected":false},"excerpt":{"rendered":"<p>\u00a0O livro \u00e9 resultado de atividade proposta pela\u00a0professora da E.M. &#8216;Matheus Maylasky&#8217;, V\u00e2nia \u00c9rica Rodrigues do Nascimento, envolvendo alunos do 9\u00ba ano e ser\u00e1 lan\u00e7ado na 3\u00aa edi\u00e7\u00e3o da FLAUS<\/p>\n","protected":false},"author":6,"featured_media":30111,"comment_status":"closed","ping_status":"closed","sticky":false,"template":"","format":"standard","meta":{"_jetpack_newsletter_access":"","_jetpack_dont_email_post_to_subs":false,"_jetpack_newsletter_tier_id":0,"_jetpack_memberships_contains_paywalled_content":false,"_jetpack_memberships_contains_paid_content":false,"footnotes":""},"categories":[7],"tags":[],"class_list":["post-30108","post","type-post","status-publish","format-standard","has-post-thumbnail","hentry","category-comunicacao"],"aioseo_notices":[],"views":457,"jetpack_featured_media_url":"https:\/\/jornalrol.com.br\/wp-content\/uploads\/2019\/12\/IMG-20191212-WA0041-1.jpg","jetpack_sharing_enabled":true,"jetpack_likes_enabled":true,"jetpack-related-posts":[{"id":30154,"url":"https:\/\/jornalrol.com.br\/?p=30154","url_meta":{"origin":30108,"position":0},"title":"Sorocaba recebe a terceira edi\u00e7\u00e3o da FLAUS","author":"Carlos Carvalho Cavalheiro","date":"18 de dezembro de 2019","format":false,"excerpt":"A FLAUS (Feira de Livros e Autores Sorocabanos) ter\u00e1 a sua terceira edi\u00e7\u00e3o no dia 21 de dezembro, das 9 h \u00e0s 16 h, na Pra\u00e7a Coronel Fernando Prestes A FLAUS (Feira de Livros e Autores Sorocabanos) ter\u00e1 a sua terceira edi\u00e7\u00e3o no dia 21 de dezembro, das 9 h\u2026","rel":"","context":"Em &quot;Comunica\u00e7\u00e3o&quot;","block_context":{"text":"Comunica\u00e7\u00e3o","link":"https:\/\/jornalrol.com.br\/?cat=7"},"img":{"alt_text":"","src":"https:\/\/i0.wp.com\/jornalrol.com.br\/wp-content\/uploads\/2019\/12\/IMG-20191216-WA0040.jpg?resize=350%2C200&ssl=1","width":350,"height":200,"srcset":"https:\/\/i0.wp.com\/jornalrol.com.br\/wp-content\/uploads\/2019\/12\/IMG-20191216-WA0040.jpg?resize=350%2C200&ssl=1 1x, https:\/\/i0.wp.com\/jornalrol.com.br\/wp-content\/uploads\/2019\/12\/IMG-20191216-WA0040.jpg?resize=525%2C300&ssl=1 1.5x, https:\/\/i0.wp.com\/jornalrol.com.br\/wp-content\/uploads\/2019\/12\/IMG-20191216-WA0040.jpg?resize=700%2C400&ssl=1 2x"},"classes":[]},{"id":3094,"url":"https:\/\/jornalrol.com.br\/?p=3094","url_meta":{"origin":30108,"position":1},"title":"E.M. Matheus Maylasky promove 2\u00aa Caminhada Hist\u00f3rica","author":"Helio Rubens","date":"28 de agosto de 2015","format":false,"excerpt":"Como parte do Projeto 'Sorocaba nos Trilhos da Inova\u00e7\u00e3o', a Escola Municipal Matheus Maylasky promove nesta quarta-feira (26), a partir das 8h30, sua 2\u00aa Caminhada Hist\u00f3rica Matheus Maylasky. O objetivo, segundo a Secretaria da Educa\u00e7\u00e3o (Sedu), \u00e9 estreitar o v\u00ednculo e parceria entre a comunidade e a escola, por meio\u2026","rel":"","context":"Em &quot;Comunica\u00e7\u00e3o&quot;","block_context":{"text":"Comunica\u00e7\u00e3o","link":"https:\/\/jornalrol.com.br\/?cat=7"},"img":{"alt_text":"017","src":"https:\/\/i0.wp.com\/www.jornalrol.com.br\/wp-content\/uploads\/2015\/08\/017-300x225.jpg?resize=350%2C200","width":350,"height":200},"classes":[]},{"id":47384,"url":"https:\/\/jornalrol.com.br\/?p=47384","url_meta":{"origin":30108,"position":2},"title":"Adriana Rocha lan\u00e7a o 11\u00ba livro na Edi\u00e7\u00e3o Virtual da V FLAUS","author":"Sergio Diniz da Costa","date":"18 de dezembro de 2021","format":false,"excerpt":"'Capuna'\u00a0 \u00e9 definido pela autora como \"uma epifania, um momento de revela\u00e7\u00e3o entre dimens\u00f5es n\u00e3o identific\u00e1veis, mas completas de significados\" A escritora Adriana Rocha lan\u00e7ar\u00e1 o seu 11\u00ba livro \u00e0s 15h20, durante a Edi\u00e7\u00e3o Virtual da V FLAUS - Feira do Livro e Autores Sorocabanos. Capuna, publicado pela Crearte Editora\u2026","rel":"","context":"Em &quot;Comunica\u00e7\u00e3o&quot;","block_context":{"text":"Comunica\u00e7\u00e3o","link":"https:\/\/jornalrol.com.br\/?cat=7"},"img":{"alt_text":"","src":"https:\/\/i0.wp.com\/jornalrol.com.br\/wp-content\/uploads\/2021\/12\/ad75c90f-7380-443a-9c3b-3708cae6af63.jpg?resize=350%2C200&ssl=1","width":350,"height":200,"srcset":"https:\/\/i0.wp.com\/jornalrol.com.br\/wp-content\/uploads\/2021\/12\/ad75c90f-7380-443a-9c3b-3708cae6af63.jpg?resize=350%2C200&ssl=1 1x, https:\/\/i0.wp.com\/jornalrol.com.br\/wp-content\/uploads\/2021\/12\/ad75c90f-7380-443a-9c3b-3708cae6af63.jpg?resize=525%2C300&ssl=1 1.5x, https:\/\/i0.wp.com\/jornalrol.com.br\/wp-content\/uploads\/2021\/12\/ad75c90f-7380-443a-9c3b-3708cae6af63.jpg?resize=700%2C400&ssl=1 2x, https:\/\/i0.wp.com\/jornalrol.com.br\/wp-content\/uploads\/2021\/12\/ad75c90f-7380-443a-9c3b-3708cae6af63.jpg?resize=1050%2C600&ssl=1 3x"},"classes":[]},{"id":47257,"url":"https:\/\/jornalrol.com.br\/?p=47257","url_meta":{"origin":30108,"position":3},"title":"FLAUS chega \u00e0 sua 5\u00aa edi\u00e7\u00e3o repleta de novidades","author":"Carlos Carvalho Cavalheiro","date":"13 de dezembro de 2021","format":false,"excerpt":"Em sua 5\u00aa edi\u00e7\u00e3o, a FLAUS -\u00a0 Feira de Livros e Autores Sorocabanos - se consolida como um dos mais importantes eventos culturais da Regi\u00e3o Metropolitana \u00a0 \u00a0 \u00a0 \u00a0 \u00a0 \u00a0 \u00a0 \u00a0A FLAUS (Feira de Livros e Autores Sorocabanos), a\u00e7\u00e3o coletiva e horizontal de escritores de Sorocaba e\u2026","rel":"","context":"Em &quot;Comunica\u00e7\u00e3o&quot;","block_context":{"text":"Comunica\u00e7\u00e3o","link":"https:\/\/jornalrol.com.br\/?cat=7"},"img":{"alt_text":"","src":"https:\/\/i0.wp.com\/jornalrol.com.br\/wp-content\/uploads\/2021\/12\/8fe23088-c5a4-4081-bd0d-1b53e3cb3bd4.jpg?resize=350%2C200&ssl=1","width":350,"height":200,"srcset":"https:\/\/i0.wp.com\/jornalrol.com.br\/wp-content\/uploads\/2021\/12\/8fe23088-c5a4-4081-bd0d-1b53e3cb3bd4.jpg?resize=350%2C200&ssl=1 1x, https:\/\/i0.wp.com\/jornalrol.com.br\/wp-content\/uploads\/2021\/12\/8fe23088-c5a4-4081-bd0d-1b53e3cb3bd4.jpg?resize=525%2C300&ssl=1 1.5x, https:\/\/i0.wp.com\/jornalrol.com.br\/wp-content\/uploads\/2021\/12\/8fe23088-c5a4-4081-bd0d-1b53e3cb3bd4.jpg?resize=700%2C400&ssl=1 2x, https:\/\/i0.wp.com\/jornalrol.com.br\/wp-content\/uploads\/2021\/12\/8fe23088-c5a4-4081-bd0d-1b53e3cb3bd4.jpg?resize=1050%2C600&ssl=1 3x"},"classes":[]},{"id":71103,"url":"https:\/\/jornalrol.com.br\/?p=71103","url_meta":{"origin":30108,"position":4},"title":"FLAUS chega a sua oitava edi\u00e7\u00e3o","author":"Sergio Diniz da Costa","date":"4 de dezembro de 2024","format":false,"excerpt":"A FLAUS \u2013 Feira do Livro e Autores Sorocabanos \u00e9 uma a\u00e7\u00e3o cultural realizada na cidade de Sorocaba por iniciativa de autores independentes, com o intuito de...","rel":"","context":"Em &quot;Eventos liter\u00e1rios&quot;","block_context":{"text":"Eventos liter\u00e1rios","link":"https:\/\/jornalrol.com.br\/?cat=12354"},"img":{"alt_text":"Logo da FLAUS","src":"https:\/\/i0.wp.com\/jornalrol.com.br\/wp-content\/uploads\/2024\/12\/9f902599-b734-48a6-96c5-53fcb4d48961-1536x1154-1.jpeg?resize=350%2C200&ssl=1","width":350,"height":200,"srcset":"https:\/\/i0.wp.com\/jornalrol.com.br\/wp-content\/uploads\/2024\/12\/9f902599-b734-48a6-96c5-53fcb4d48961-1536x1154-1.jpeg?resize=350%2C200&ssl=1 1x, https:\/\/i0.wp.com\/jornalrol.com.br\/wp-content\/uploads\/2024\/12\/9f902599-b734-48a6-96c5-53fcb4d48961-1536x1154-1.jpeg?resize=525%2C300&ssl=1 1.5x, https:\/\/i0.wp.com\/jornalrol.com.br\/wp-content\/uploads\/2024\/12\/9f902599-b734-48a6-96c5-53fcb4d48961-1536x1154-1.jpeg?resize=700%2C400&ssl=1 2x, https:\/\/i0.wp.com\/jornalrol.com.br\/wp-content\/uploads\/2024\/12\/9f902599-b734-48a6-96c5-53fcb4d48961-1536x1154-1.jpeg?resize=1050%2C600&ssl=1 3x, https:\/\/i0.wp.com\/jornalrol.com.br\/wp-content\/uploads\/2024\/12\/9f902599-b734-48a6-96c5-53fcb4d48961-1536x1154-1.jpeg?resize=1400%2C800&ssl=1 4x"},"classes":[]},{"id":63196,"url":"https:\/\/jornalrol.com.br\/?p=63196","url_meta":{"origin":30108,"position":5},"title":"SESC Sorocaba recebe a FLAUS em dezembro","author":"Sergio Diniz da Costa","date":"20 de novembro de 2023","format":false,"excerpt":"A FLAUS \u2013 Feira do Livro e Autores Sorocabanos ter\u00e1 uma edi\u00e7\u00e3o especial este ano de 2023, dentro de uma cess\u00e3o de espa\u00e7o do SESC Sorocaba. Em sua 7\u00aa edi\u00e7\u00e3o...","rel":"","context":"Em &quot;Feira Liter\u00e1ria&quot;","block_context":{"text":"Feira Liter\u00e1ria","link":"https:\/\/jornalrol.com.br\/?cat=10922"},"img":{"alt_text":"FLAUS - Feira do Livro de autores Sorocabanos","src":"https:\/\/i0.wp.com\/jornalrol.com.br\/wp-content\/uploads\/2023\/11\/d2c7f3a5-b076-4e59-bd78-5c6ccca639e8.jpg?resize=350%2C200&ssl=1","width":350,"height":200,"srcset":"https:\/\/i0.wp.com\/jornalrol.com.br\/wp-content\/uploads\/2023\/11\/d2c7f3a5-b076-4e59-bd78-5c6ccca639e8.jpg?resize=350%2C200&ssl=1 1x, https:\/\/i0.wp.com\/jornalrol.com.br\/wp-content\/uploads\/2023\/11\/d2c7f3a5-b076-4e59-bd78-5c6ccca639e8.jpg?resize=525%2C300&ssl=1 1.5x, https:\/\/i0.wp.com\/jornalrol.com.br\/wp-content\/uploads\/2023\/11\/d2c7f3a5-b076-4e59-bd78-5c6ccca639e8.jpg?resize=700%2C400&ssl=1 2x"},"classes":[]}],"_links":{"self":[{"href":"https:\/\/jornalrol.com.br\/index.php?rest_route=\/wp\/v2\/posts\/30108","targetHints":{"allow":["GET"]}}],"collection":[{"href":"https:\/\/jornalrol.com.br\/index.php?rest_route=\/wp\/v2\/posts"}],"about":[{"href":"https:\/\/jornalrol.com.br\/index.php?rest_route=\/wp\/v2\/types\/post"}],"author":[{"embeddable":true,"href":"https:\/\/jornalrol.com.br\/index.php?rest_route=\/wp\/v2\/users\/6"}],"replies":[{"embeddable":true,"href":"https:\/\/jornalrol.com.br\/index.php?rest_route=%2Fwp%2Fv2%2Fcomments&post=30108"}],"version-history":[{"count":0,"href":"https:\/\/jornalrol.com.br\/index.php?rest_route=\/wp\/v2\/posts\/30108\/revisions"}],"wp:featuredmedia":[{"embeddable":true,"href":"https:\/\/jornalrol.com.br\/index.php?rest_route=\/wp\/v2\/media\/30111"}],"wp:attachment":[{"href":"https:\/\/jornalrol.com.br\/index.php?rest_route=%2Fwp%2Fv2%2Fmedia&parent=30108"}],"wp:term":[{"taxonomy":"category","embeddable":true,"href":"https:\/\/jornalrol.com.br\/index.php?rest_route=%2Fwp%2Fv2%2Fcategories&post=30108"},{"taxonomy":"post_tag","embeddable":true,"href":"https:\/\/jornalrol.com.br\/index.php?rest_route=%2Fwp%2Fv2%2Ftags&post=30108"}],"curies":[{"name":"wp","href":"https:\/\/api.w.org\/{rel}","templated":true}]}}