{"id":30126,"date":"2019-12-16T18:54:04","date_gmt":"2019-12-16T20:54:04","guid":{"rendered":"http:\/\/www.jornalrol.com.br\/?p=30126"},"modified":"2019-12-16T18:54:04","modified_gmt":"2019-12-16T20:54:04","slug":"mari-moraes-carta-voce-ao-papai-noel","status":"publish","type":"post","link":"https:\/\/jornalrol.com.br\/?p=30126","title":{"rendered":"Mari Moraes: &#039;Carta: Voc\u00ea  ao Papai Noel&#039;"},"content":{"rendered":"<div class=\"pdfprnt-buttons pdfprnt-buttons-post pdfprnt-top-right\"><a href=\"https:\/\/jornalrol.com.br\/index.php?rest_route=%2Fwp%2Fv2%2Fposts%2F30126&print=pdf\" class=\"pdfprnt-button pdfprnt-button-pdf\" target=\"_blank\" ><\/a><a href=\"https:\/\/jornalrol.com.br\/index.php?rest_route=%2Fwp%2Fv2%2Fposts%2F30126&print=print\" class=\"pdfprnt-button pdfprnt-button-print\" target=\"_blank\" ><img decoding=\"async\" src=\"https:\/\/jornalrol.com.br\/wp-content\/plugins\/pdf-print\/images\/print.png\" alt=\"image_print\" title=\"Conte\u00fado de impress\u00e3o\" \/><\/a><\/div><h2><strong><\/strong><\/h2>\n<figure id=\"attachment_26458\" aria-describedby=\"caption-attachment-26458\" style=\"width: 196px\" class=\"wp-caption aligncenter\"><a href=\"http:\/\/www.jornalrol.com.br\/wp-content\/uploads\/2019\/04\/21314475_1445255918890665_7815644359767059729_n-1.jpg\"><img loading=\"lazy\" decoding=\"async\" data-attachment-id=\"26458\" data-permalink=\"https:\/\/jornalrol.com.br\/?attachment_id=26458\" data-orig-file=\"https:\/\/jornalrol.com.br\/wp-content\/uploads\/2019\/04\/21314475_1445255918890665_7815644359767059729_n-1.jpg\" data-orig-size=\"628,960\" data-comments-opened=\"0\" data-image-meta=\"{&quot;aperture&quot;:&quot;0&quot;,&quot;credit&quot;:&quot;&quot;,&quot;camera&quot;:&quot;&quot;,&quot;caption&quot;:&quot;&quot;,&quot;created_timestamp&quot;:&quot;0&quot;,&quot;copyright&quot;:&quot;&quot;,&quot;focal_length&quot;:&quot;0&quot;,&quot;iso&quot;:&quot;0&quot;,&quot;shutter_speed&quot;:&quot;0&quot;,&quot;title&quot;:&quot;&quot;,&quot;orientation&quot;:&quot;0&quot;}\" data-image-title=\"21314475_1445255918890665_7815644359767059729_n (1)\" data-image-description=\"&lt;p&gt;Mari Moraes&lt;\/p&gt;\n\" data-image-caption=\"&lt;p&gt;Mari Moraes&lt;\/p&gt;\n\" data-large-file=\"https:\/\/jornalrol.com.br\/wp-content\/uploads\/2019\/04\/21314475_1445255918890665_7815644359767059729_n-1.jpg\" class=\"size-medium wp-image-26458\" src=\"http:\/\/www.jornalrol.com.br\/wp-content\/uploads\/2019\/04\/21314475_1445255918890665_7815644359767059729_n-1-196x300.jpg\" alt=\"\" width=\"196\" height=\"300\" \/><\/a><figcaption id=\"caption-attachment-26458\" class=\"wp-caption-text\">Mari Moraes<\/figcaption><\/figure>\n<h2 style=\"text-align: center;\"><strong>Carta: Voc\u00ea ao Papai Noel<\/strong><\/h2>\n<p><!--more--><\/p>\n<p>Ol\u00e1, Papai Noel, hoje n\u00e3o vim lhe pedir presentes, apenas lhe fazer uma pergunta: Voc\u00ea realmente existe?<\/p>\n<p>Esses dias eu te vi numa loja, voc\u00ea estava tirando fotos e distribuindo doces. Ao seu redor havia v\u00e1rias crian\u00e7as&#8230; Pensei seriamente em entrar, mas logo em seguida desisti&#8230; Todas as vezes que entro numa loja o pessoal de l\u00e1 come\u00e7a a me olhar estranho, comentam umas coisas e \u00e0s vezes at\u00e9 me perseguem disfar\u00e7adamente durante o meu percurso&#8230; Sei l\u00e1, ser\u00e1 que \u00e9 pelo meu chinelo furado ou pelo meu jeans rasgado?&#8230; Mam\u00e3e sempre diz que \u00e9 porque eles me acham importante&#8230; Eu prefiro acreditar na mam\u00e3e. Afinal, ela \u00e9 minha m\u00e3e, ela sabe de tudo.<\/p>\n<p>Outro dia na escola a professora nos passou um filme relacionado ao natal e novamente te vi Papai Noel, mas desta vez na TV&#8230; Voc\u00ea estava entregando os presentes de natal e as casas das crian\u00e7as que recebiam os presentes eram t\u00e3o bonitas que pareciam ser m\u00e1gicas. Bem diferente das que vejo em meu bairro&#8230; Na verdade, bem diferente da minha.<\/p>\n<p>Em casa, perguntei \u00e0 mam\u00e3e por que voc\u00ea n\u00e3o vinha em casa; ela ent\u00e3o me respondeu que \u00e9 porque n\u00e3o temos chamin\u00e9 para voc\u00ea descer. Eu concordei com ela, afinal ela \u00e9 minha m\u00e3e; mas pensei assim \u201cSe fosse por esse motivo, por que ent\u00e3o os meus amigos recebem presentes no natal? Que eu saiba, nenhum deles tem casa com chamin\u00e9\u201d.<\/p>\n<p>Quando converso com meus amigos, a maioria diz que receberam presentes do Papai Noel e ainda enfatizam que mereceram ganhar, pois foram bonzinhos o ano todo&#8230; Eu fiquei pensando ent\u00e3o se sou um menino ruim por n\u00e3o ter ganhado presente em nenhum natal&#8230; Mas ent\u00e3o lembro-me de que meu amigo Jo\u00e3ozinho n\u00e3o \u00e9 um menino bom, porque ele vive a atormentar os colegas da classe e a professora e mesmo assim ganhou um carrinho de presente de natal&#8230; Ent\u00e3o ser\u00e1 que o problema \u00e9 comigo, Papai Noel?<\/p>\n<p>Resolvi ent\u00e3o conversar com o meu pai&#8230; Perguntei-lhe o motivo do Papai Noel n\u00e3o vir me visitar e trazer presentes&#8230; Neste momento, percebi meu pai se entristecer e uma l\u00e1grima cair de seus olhos&#8230; Ele estava totalmente calado&#8230; Eu ent\u00e3o o abracei e disse que estava tudo bem, que eu finalmente havia entendido que o Papai Noel n\u00e3o existe e que meus amigos inventavam tudo aquilo, assim como os filmes que passavam na televis\u00e3o&#8230; Meu pai simplesmente levantou a cabe\u00e7a e respondeu que a nossa realidade era diferente, mas que um dia o Papai Noel apareceria para mim&#8230; Eu simplesmente concordei e disse que precisava dormir porque j\u00e1 era tarde e eu estava com sono, mas a verdade \u00e9 que eu percebi que ele estava triste, ent\u00e3o precisava repousar.<\/p>\n<p>Sabe Papai Noel, outro dia vi no jornal da TV que voc\u00ea estava passeando de trenzinho pelos bairros da cidade. Vi crian\u00e7as alvoro\u00e7adas ao seu redor e voc\u00ea todo feliz a cantar e a entregar presentes junto com seus ajudantes. O trenzinho era lindo, cheio de luzinhas coloridas&#8230; Eu queria estar l\u00e1&#8230; Mas, sabe Papai Noel, pela primeira vez terei que discordar da minha pr\u00f3pria palavra falada ao meu pai ontem, porque voc\u00ea realmente existe sim&#8230; Mas voc\u00ea s\u00f3 existe nos bairros que tem os padr\u00f5es de casas parecidas com as que eu vi na TV; voc\u00ea s\u00f3 atende as criancinhas que entram arrumadinhas nas lojas e voc\u00ea s\u00f3 entrega presentes para as crian\u00e7as que os pais podem comprar&#8230; Ent\u00e3o, Papai Noel, voc\u00ea existe sim&#8230; Voc\u00ea s\u00f3 n\u00e3o existe para mim.<\/p>\n<p>Carta de Lucas, escrita pela mam\u00e3e Rose.<\/p>\n<p>&nbsp;<\/p>\n<p style=\"text-align: right;\"><strong>Mari Moraes<\/strong><\/p>\n<p style=\"text-align: right;\"><strong>\u00a0<\/strong>mary_moraes@hotmail.com<\/p>\n","protected":false},"excerpt":{"rendered":"<p>Carta: Voc\u00ea ao Papai Noel<\/p>\n","protected":false},"author":6,"featured_media":0,"comment_status":"closed","ping_status":"closed","sticky":false,"template":"","format":"standard","meta":{"_jetpack_newsletter_access":"","_jetpack_dont_email_post_to_subs":false,"_jetpack_newsletter_tier_id":0,"_jetpack_memberships_contains_paywalled_content":false,"_jetpack_memberships_contains_paid_content":false,"footnotes":""},"categories":[7],"tags":[2456,5469],"class_list":["post-30126","post","type-post","status-publish","format-standard","hentry","category-comunicacao","tag-cronica","tag-mary-moraes"],"aioseo_notices":[],"views":581,"jetpack_featured_media_url":"","jetpack_sharing_enabled":true,"jetpack_likes_enabled":true,"jetpack-related-posts":[{"id":47508,"url":"https:\/\/jornalrol.com.br\/?p=47508","url_meta":{"origin":30126,"position":0},"title":"Mari Moraes: &#039;Carta ao Papai Noel&#039;","author":"Claudia Lundgren","date":"24 de dezembro de 2021","format":false,"excerpt":"Carta ao Papai Noel Ol\u00e1, Papai Noel! Hoje n\u00e3o vim lhe pedir presentes; apenas quero lhe fazer uma pergunta: \u2018Voc\u00ea realmente existe?\u2019. Esses dias eu te vi numa loja; voc\u00ea estava tirando fotos e distribuindo doces. Ao seu redor haviam v\u00e1rias crian\u00e7as\u2026 Pensei seriamente em entrar, mas logo em seguida,\u2026","rel":"","context":"Em &quot;Comunica\u00e7\u00e3o&quot;","block_context":{"text":"Comunica\u00e7\u00e3o","link":"https:\/\/jornalrol.com.br\/?cat=7"},"img":{"alt_text":"","src":"https:\/\/i0.wp.com\/www.jornalrol.com.br\/wp-content\/uploads\/2019\/04\/21314475_1445255918890665_7815644359767059729_n-1-150x150.jpg?resize=350%2C200","width":350,"height":200},"classes":[]},{"id":63903,"url":"https:\/\/jornalrol.com.br\/?p=63903","url_meta":{"origin":30126,"position":1},"title":"Vekinha em &#8230; Feliz Natal!","author":"Veronica Moreira","date":"24 de dezembro de 2023","format":false,"excerpt":"Ol\u00e1 crian\u00e7as\u2026 Eu sou a Vekinha e vim aqui para compartilhar com voc\u00eas um Natal dentre tantos outros que foi muito especial para mim. Natal \u00e9 sempre um...","rel":"","context":"Em &quot;Poesia&quot;","block_context":{"text":"Poesia","link":"https:\/\/jornalrol.com.br\/?cat=58"},"img":{"alt_text":"Vekinha em... Feliz Natal!","src":"https:\/\/i0.wp.com\/jornalrol.com.br\/wp-content\/uploads\/2023\/12\/571b2a3f-b9c1-4c8f-a413-ad7b0e929966.jpg?resize=350%2C200&ssl=1","width":350,"height":200,"srcset":"https:\/\/i0.wp.com\/jornalrol.com.br\/wp-content\/uploads\/2023\/12\/571b2a3f-b9c1-4c8f-a413-ad7b0e929966.jpg?resize=350%2C200&ssl=1 1x, https:\/\/i0.wp.com\/jornalrol.com.br\/wp-content\/uploads\/2023\/12\/571b2a3f-b9c1-4c8f-a413-ad7b0e929966.jpg?resize=525%2C300&ssl=1 1.5x, https:\/\/i0.wp.com\/jornalrol.com.br\/wp-content\/uploads\/2023\/12\/571b2a3f-b9c1-4c8f-a413-ad7b0e929966.jpg?resize=700%2C400&ssl=1 2x, https:\/\/i0.wp.com\/jornalrol.com.br\/wp-content\/uploads\/2023\/12\/571b2a3f-b9c1-4c8f-a413-ad7b0e929966.jpg?resize=1050%2C600&ssl=1 3x"},"classes":[]},{"id":52860,"url":"https:\/\/jornalrol.com.br\/?p=52860","url_meta":{"origin":30126,"position":2},"title":"Ivete Rosa de Souza: &#039;Papai Noel&#039;","author":"Claudia Lundgren","date":"7 de dezembro de 2022","format":false,"excerpt":"Papai Noel Mesmo menina n\u00e3o acreditava Quando meu pai dizia para escrever Uma cartinha pedindo presente, n\u00e3o mandava Porque sabia que o Papai Noel n\u00e3o iria ler E por muitas vezes eu escondia O tal presente que eu queria Papai Noel n\u00e3o existia Para quem nem tinha o que comer,\u2026","rel":"","context":"Em &quot;Comunica\u00e7\u00e3o&quot;","block_context":{"text":"Comunica\u00e7\u00e3o","link":"https:\/\/jornalrol.com.br\/?cat=7"},"img":{"alt_text":"","src":"https:\/\/i0.wp.com\/jornalrol.com.br\/wp-content\/uploads\/2022\/10\/24347a66-6eb5-4415-bdec-ba675151ace6-1-150x150.jpg?resize=350%2C200","width":350,"height":200},"classes":[]},{"id":77017,"url":"https:\/\/jornalrol.com.br\/?p=77017","url_meta":{"origin":30126,"position":3},"title":"O Natal iluminado da Vekinha","author":"Veronica Moreira","date":"1 de dezembro de 2025","format":false,"excerpt":"Era uma vez, na amada Rua do Sapo \u2014 cercada por cafezais, mangueirais e um perfume doce de terra molhada \u2014 que a pequena Vekinha aguardava ansiosa pela...","rel":"","context":"Em &quot;Contos&quot;","block_context":{"text":"Contos","link":"https:\/\/jornalrol.com.br\/?cat=9607"},"img":{"alt_text":"Conto infantil 'O Natal iluminado da Vekinha'","src":"https:\/\/i0.wp.com\/jornalrol.com.br\/wp-content\/uploads\/2025\/12\/c1197913-74b6-4189-a0b9-5bce03717d13.jpg?resize=350%2C200&ssl=1","width":350,"height":200,"srcset":"https:\/\/i0.wp.com\/jornalrol.com.br\/wp-content\/uploads\/2025\/12\/c1197913-74b6-4189-a0b9-5bce03717d13.jpg?resize=350%2C200&ssl=1 1x, https:\/\/i0.wp.com\/jornalrol.com.br\/wp-content\/uploads\/2025\/12\/c1197913-74b6-4189-a0b9-5bce03717d13.jpg?resize=525%2C300&ssl=1 1.5x, https:\/\/i0.wp.com\/jornalrol.com.br\/wp-content\/uploads\/2025\/12\/c1197913-74b6-4189-a0b9-5bce03717d13.jpg?resize=700%2C400&ssl=1 2x"},"classes":[]},{"id":53023,"url":"https:\/\/jornalrol.com.br\/?p=53023","url_meta":{"origin":30126,"position":4},"title":"Magna Asp\u00e1sia Fontenelle: &#039; Natal tempo de renascimento&#039;","author":"Magna Aspasia Fontenelle","date":"18 de dezembro de 2022","format":false,"excerpt":"Natal tempo de renascimento Uma estrela surgiu no firmamento com um brilho sibilante anunciando a boa nova, Jesus menino nasceu\u2026 Era dia 25 de dezembro, numa estrebaria ele veio ao mundo rodeado pelos seus pais, bichos e visitados por reis. Foi o maior fil\u00f3sofo, o maior l\u00edder e sofredor no\u2026","rel":"","context":"Em &quot;Comunica\u00e7\u00e3o&quot;","block_context":{"text":"Comunica\u00e7\u00e3o","link":"https:\/\/jornalrol.com.br\/?cat=7"},"img":{"alt_text":"","src":"https:\/\/i0.wp.com\/jornalrol.com.br\/wp-content\/uploads\/2022\/12\/image-1606305361Fu2.jpg?resize=350%2C200&ssl=1","width":350,"height":200,"srcset":"https:\/\/i0.wp.com\/jornalrol.com.br\/wp-content\/uploads\/2022\/12\/image-1606305361Fu2.jpg?resize=350%2C200&ssl=1 1x, https:\/\/i0.wp.com\/jornalrol.com.br\/wp-content\/uploads\/2022\/12\/image-1606305361Fu2.jpg?resize=525%2C300&ssl=1 1.5x"},"classes":[]},{"id":35862,"url":"https:\/\/jornalrol.com.br\/?p=35862","url_meta":{"origin":30126,"position":5},"title":"Educadora, escritora e poetisa, Sandra Vasconcelos \u00e9 a mais nova colaboradora do Jornal ROL!","author":"Sergio Diniz da Costa","date":"18 de dezembro de 2020","format":false,"excerpt":"Da ALAC para o ROL, Sandra Vasconcelos traz sua Tintas Liter\u00e1rias para o deleite dos leitores ROLianos! Sandra Vasconcelos \u00e9 natural de Cruzeiro (SP).\u00a0Formada em Magist\u00e9rio e Cursos Superiores: Estudos Sociais, Pedagogia, Supervis\u00e3o Escolar e Direito.\u00a0\u00a0P\u00f3s-Graduada\u00a0\u00a0 em Gest\u00e3o Educacional pela UNICAMP.\u00a0Diretor de Escola. Supervisor de Ensino na Diretoria de Ensino\u2026","rel":"","context":"Em &quot;Comunica\u00e7\u00e3o&quot;","block_context":{"text":"Comunica\u00e7\u00e3o","link":"https:\/\/jornalrol.com.br\/?cat=7"},"img":{"alt_text":"","src":"https:\/\/i0.wp.com\/jornalrol.com.br\/wp-content\/uploads\/2020\/12\/44148063_1889490474421931_1512019854754840576_n.jpg?resize=350%2C200&ssl=1","width":350,"height":200,"srcset":"https:\/\/i0.wp.com\/jornalrol.com.br\/wp-content\/uploads\/2020\/12\/44148063_1889490474421931_1512019854754840576_n.jpg?resize=350%2C200&ssl=1 1x, https:\/\/i0.wp.com\/jornalrol.com.br\/wp-content\/uploads\/2020\/12\/44148063_1889490474421931_1512019854754840576_n.jpg?resize=525%2C300&ssl=1 1.5x, https:\/\/i0.wp.com\/jornalrol.com.br\/wp-content\/uploads\/2020\/12\/44148063_1889490474421931_1512019854754840576_n.jpg?resize=700%2C400&ssl=1 2x"},"classes":[]}],"_links":{"self":[{"href":"https:\/\/jornalrol.com.br\/index.php?rest_route=\/wp\/v2\/posts\/30126","targetHints":{"allow":["GET"]}}],"collection":[{"href":"https:\/\/jornalrol.com.br\/index.php?rest_route=\/wp\/v2\/posts"}],"about":[{"href":"https:\/\/jornalrol.com.br\/index.php?rest_route=\/wp\/v2\/types\/post"}],"author":[{"embeddable":true,"href":"https:\/\/jornalrol.com.br\/index.php?rest_route=\/wp\/v2\/users\/6"}],"replies":[{"embeddable":true,"href":"https:\/\/jornalrol.com.br\/index.php?rest_route=%2Fwp%2Fv2%2Fcomments&post=30126"}],"version-history":[{"count":0,"href":"https:\/\/jornalrol.com.br\/index.php?rest_route=\/wp\/v2\/posts\/30126\/revisions"}],"wp:attachment":[{"href":"https:\/\/jornalrol.com.br\/index.php?rest_route=%2Fwp%2Fv2%2Fmedia&parent=30126"}],"wp:term":[{"taxonomy":"category","embeddable":true,"href":"https:\/\/jornalrol.com.br\/index.php?rest_route=%2Fwp%2Fv2%2Fcategories&post=30126"},{"taxonomy":"post_tag","embeddable":true,"href":"https:\/\/jornalrol.com.br\/index.php?rest_route=%2Fwp%2Fv2%2Ftags&post=30126"}],"curies":[{"name":"wp","href":"https:\/\/api.w.org\/{rel}","templated":true}]}}