{"id":30128,"date":"2019-12-16T19:05:07","date_gmt":"2019-12-16T21:05:07","guid":{"rendered":"http:\/\/www.jornalrol.com.br\/?p=30128"},"modified":"2019-12-16T19:05:07","modified_gmt":"2019-12-16T21:05:07","slug":"o-leitor-participa-fausto-luciano-panicacci-o-livro-pelo-mundo-hoje","status":"publish","type":"post","link":"https:\/\/jornalrol.com.br\/?p=30128","title":{"rendered":"O leitor participa: Fausto Luciano Panicacci: &#039;O livro pelo mundo hoje&#039;"},"content":{"rendered":"<div class=\"pdfprnt-buttons pdfprnt-buttons-post pdfprnt-top-right\"><a href=\"https:\/\/jornalrol.com.br\/index.php?rest_route=%2Fwp%2Fv2%2Fposts%2F30128&print=pdf\" class=\"pdfprnt-button pdfprnt-button-pdf\" target=\"_blank\" ><\/a><a href=\"https:\/\/jornalrol.com.br\/index.php?rest_route=%2Fwp%2Fv2%2Fposts%2F30128&print=print\" class=\"pdfprnt-button pdfprnt-button-print\" target=\"_blank\" ><img decoding=\"async\" src=\"https:\/\/jornalrol.com.br\/wp-content\/plugins\/pdf-print\/images\/print.png\" alt=\"image_print\" title=\"Conte\u00fado de impress\u00e3o\" \/><\/a><\/div><figure id=\"attachment_30129\" aria-describedby=\"caption-attachment-30129\" style=\"width: 200px\" class=\"wp-caption aligncenter\"><a href=\"http:\/\/www.jornalrol.com.br\/wp-content\/uploads\/2019\/12\/Fausto-Luciano-Panicacci-.jpg\"><img loading=\"lazy\" decoding=\"async\" class=\"wp-image-30129 size-medium\" src=\"http:\/\/www.jornalrol.com.br\/wp-content\/uploads\/2019\/12\/Fausto-Luciano-Panicacci--200x300.jpg\" alt=\"\" width=\"200\" height=\"300\" \/><\/a><figcaption id=\"caption-attachment-30129\" class=\"wp-caption-text\">Fausto Panicacci<\/figcaption><\/figure>\n<h2 style=\"text-align: center;\">O livro pelo mundo hoje<\/h2>\n<p><!--more--><\/p>\n<p>No inspirador\u00a0<em>A condi\u00e7\u00e3o da Arte\u00a0<\/em>\u2013 texto que serviu de pref\u00e1cio a um de seus livros \u2013 Joseph Conrad (1857-1924) nos fala da\u00a0<em>\u201csutil, mas invenc\u00edvel, convic\u00e7\u00e3o de solidariedade que entrela\u00e7a a solid\u00e3o de incont\u00e1veis cora\u00e7\u00f5es, a solidariedade nos sonhos, na alegria, no sofrimento, nas aspira\u00e7\u00f5es, nas ilus\u00f5es, na esperan\u00e7a, no medo, que une os homens uns aos outros, que une toda a Humanidade\u201d.<\/em><\/p>\n<p>Desconhe\u00e7o defini\u00e7\u00e3o melhor da mais alta aspira\u00e7\u00e3o que possa ter um escritor: tocar, com esse senso de solidariedade universal, \u201co outro\u201d. At\u00e9 n\u00e3o muito tempo atr\u00e1s, no entanto, era dific\u00edlimo um livro transcender barreiras geogr\u00e1ficas e lingu\u00edsticas, e ponho-me a pensar, por vezes, em quantas obras fant\u00e1sticas n\u00e3o se perderam na soleira do tempo por simplesmente n\u00e3o terem alcan\u00e7ado os leitores a cujos temperamentos melhor apelaria.<\/p>\n<p>Hoje, por\u00e9m, a propaga\u00e7\u00e3o de livros em formato digital \u2013 outrora apressada e equivocadamente considerados \u201co come\u00e7o do fim dos livros de papel\u201d \u2013 permite que se atinjam p\u00fablicos nas mais variadas partes da Terra \u2013 o que foi refor\u00e7ado pela recente difus\u00e3o de plataformas de impress\u00e3o sob demanda, que servem para somar \u2013 e n\u00e3o para competir, espero \u2013 com o primoroso e imprescind\u00edvel trabalho das editoras tradicionais (muitas das quais, a prop\u00f3sito, j\u00e1 colocam seus livros em aludidas plataformas).<\/p>\n<p>E, realmente, raros acontecimentos podem dar satisfa\u00e7\u00e3o maior a um escritor que ver seu livro sendo amplamente lido no pr\u00f3prio pa\u00eds e idioma, e tamb\u00e9m em outros.<\/p>\n<p>A literatura aprimora em n\u00f3s a propens\u00e3o \u00e0 empatia. Como diz um dos personagens em meu romance\u00a0<em>O sil\u00eancio dos livros \u2013\u00a0<\/em>obra j\u00e1 traduzida para o ingl\u00eas e o espanhol, e que traz o aterrador cen\u00e1rio (infelizmente, nem sempre distante de n\u00f3s) de um mundo com livros censurados,\u00a0<em>\u201catrav\u00e9s das personagens conseguimos observar o mundo com outros olhos, saboreando vidas que n\u00e3o as nossas e, assim, melhor entender os que nos cercam\u201d.<\/em><\/p>\n<p>Falar ao diferente, com respeito reverencial \u00e0 diversidade cultural, nacional, sexual, ideol\u00f3gica, com sensibilidade voltada \u00e0 ampla variedade do ser humano, torna ainda mais desafiadora \u2013 e importante, penso \u2013 a atividade daquele que se disp\u00f5e a falar (escrever) aos cora\u00e7\u00f5es humanos. Como j\u00e1 escrevia h\u00e1 mais de um s\u00e9culo Robert Louis Stevenson (1850-1894) em\u00a0<em>Essays in the Art of Writing<\/em>,\u00a0<em>\u201caqueles que escrevem t\u00eam o dever de ver que o conhecimento de cada homem \u00e9, o quanto mais pr\u00f3ximo possa ser, resposta aos fatos da vida; que ele n\u00e3o deve supor a si mesmo um anjo ou um monstro; nem tomar este mundo como o inferno; nem imaginar que todos os direitos est\u00e3o concentrados em sua pr\u00f3pria casta ou pa\u00eds, ou que toda a verdade resida em seu credo paroquial.\u201d<\/em><\/p>\n<p>Vida longa \u2013 e por todo o mundo \u2013 aos livros!<\/p>\n<p>&nbsp;<\/p>\n<p><strong>*Fausto Luciano Panicacci\u00a0<\/strong>\u00e9 escritor, best-seller da Amazon. Autor de\u00a0<strong><em>O sil\u00eancio dos livros<\/em><\/strong>\u00a0(romance),\u00a0<em>Naufr\u00e1gios\u00a0<\/em>(contos e poemas) e de obra jur\u00eddica. Doutor em Direito e promotor, foi professor no GV\/Law da FGV\/SP. Estudou fotografia, hist\u00f3ria do cinema e hist\u00f3ria da arte. Recentemente lan\u00e7ou\u00a0<strong><em>O sil\u00eancio dos livros<\/em><\/strong>\u00a0em Portugal, Espanha, Estados Unidos e M\u00e9xico.<\/p>\n","protected":false},"excerpt":{"rendered":"<p>O livro pelo mundo hoje<\/p>\n","protected":false},"author":6,"featured_media":0,"comment_status":"closed","ping_status":"closed","sticky":false,"template":"","format":"standard","meta":{"_jetpack_newsletter_access":"","_jetpack_dont_email_post_to_subs":false,"_jetpack_newsletter_tier_id":0,"_jetpack_memberships_contains_paywalled_content":false,"_jetpack_memberships_contains_paid_content":false,"footnotes":""},"categories":[7],"tags":[],"class_list":["post-30128","post","type-post","status-publish","format-standard","hentry","category-comunicacao"],"aioseo_notices":[],"views":411,"jetpack_featured_media_url":"","jetpack_sharing_enabled":true,"jetpack_likes_enabled":true,"jetpack-related-posts":[{"id":30565,"url":"https:\/\/jornalrol.com.br\/?p=30565","url_meta":{"origin":30128,"position":0},"title":"O leitor participa: Fausto Luciano Panicacci: &#039;Queimando livros&#039;","author":"Sergio Diniz da Costa","date":"18 de fevereiro de 2020","format":false,"excerpt":"Queimando livros Era para ser fic\u00e7\u00e3o. Mas a realidade nos mostra que a sanha de estabelecer \u201co que pode\u201d e \u201co que n\u00e3o pode\u201d ser lido \u00e9 daqueles monstros que nunca est\u00e1 bem morto. Mal se superou o epis\u00f3dio da apreens\u00e3o de livros na Bienal do Livro do Rio de\u2026","rel":"","context":"Em &quot;Comunica\u00e7\u00e3o&quot;","block_context":{"text":"Comunica\u00e7\u00e3o","link":"https:\/\/jornalrol.com.br\/?cat=7"},"img":{"alt_text":"","src":"https:\/\/i0.wp.com\/www.jornalrol.com.br\/wp-content\/uploads\/2020\/02\/O-silencio-dos-livros-fausto-panicacci-209x300.jpg?resize=350%2C200","width":350,"height":200},"classes":[]},{"id":8424,"url":"https:\/\/jornalrol.com.br\/?p=8424","url_meta":{"origin":30128,"position":1},"title":"Jos\u00e9 Coutinho de Oliveira: &#039;Momento mon\u00e1rquico X (ampliado)&#039;","author":"Helio Rubens","date":"27 de fevereiro de 2017","format":false,"excerpt":"Jos\u00e9 Coutinho de Oliveira: 'Momento mon\u00e1rquico X (ampliado)' \u00a0\u00a0\u00a0\u00a0\u00a0\u00a0 \u00c9 nosso objetivo hoje fazer uma paralelo entre Arist\u00f3teles e o nobiliarquismo. Para esse fil\u00f3sofo a aristocracia \u00e9 um tipo de governo virtuoso, pois como se sabe, \u00e9 aquele grupo de pessoas que governa em prol da maioria. Aristocracia vem do\u2026","rel":"","context":"Em &quot;Comunica\u00e7\u00e3o&quot;","block_context":{"text":"Comunica\u00e7\u00e3o","link":"https:\/\/jornalrol.com.br\/?cat=7"},"img":{"alt_text":"","src":"https:\/\/i0.wp.com\/www.jornalrol.com.br\/wp-content\/uploads\/2017\/01\/jose-coutinho-de-oliveira-202x300.jpg?resize=350%2C200","width":350,"height":200},"classes":[]},{"id":40747,"url":"https:\/\/jornalrol.com.br\/?p=40747","url_meta":{"origin":30128,"position":2},"title":"Gabriela Lopes: &#039;Solidariedade&#039;","author":"Gabriela Lopes dos Santos","date":"17 de maio de 2021","format":false,"excerpt":"Solidariedade A cada dia que vivo mais tenho certeza Que o amor cura. Desconcerta o bruto. Joga luz no oculto. Traceja estradas que antes n\u00e3o existiam. Repete-se por meio dos notici\u00e1rios a falta de amor e solidariedade, afinal, o foco da not\u00edcia a maioria das vezes \u00e9 a trag\u00e9dia humana,\u2026","rel":"","context":"Em &quot;Comunica\u00e7\u00e3o&quot;","block_context":{"text":"Comunica\u00e7\u00e3o","link":"https:\/\/jornalrol.com.br\/?cat=7"},"img":{"alt_text":"","src":"https:\/\/i0.wp.com\/www.jornalrol.com.br\/wp-content\/uploads\/2021\/04\/WhatsApp-Image-2021-04-19-at-12.13.01-150x150.jpeg?resize=350%2C200","width":350,"height":200},"classes":[]},{"id":78508,"url":"https:\/\/jornalrol.com.br\/?p=78508","url_meta":{"origin":30128,"position":3},"title":"A solidariedade performativa","author":"Ramos Antonio Amine","date":"16 de fevereiro de 2026","format":false,"excerpt":"Num mundo que tende a expor tudo, torna-se urgente questionar a base moral que orienta a edifica\u00e7\u00e3o dos alicerces da nossa conviv\u00eancia. A publica\u00e7\u00e3o, a...","rel":"","context":"Em &quot;Cr\u00f4nicas&quot;","block_context":{"text":"Cr\u00f4nicas","link":"https:\/\/jornalrol.com.br\/?cat=9392"},"img":{"alt_text":"Imagem criada por IA do ChatGPT - https:\/\/chatgpt.com\/c\/69928f07-03e8-832e-8bbc-e377675d2880","src":"https:\/\/i0.wp.com\/jornalrol.com.br\/wp-content\/uploads\/2026\/02\/afaea6e6-f26b-45db-b11a-61f5230e001c.jpg?resize=350%2C200&ssl=1","width":350,"height":200,"srcset":"https:\/\/i0.wp.com\/jornalrol.com.br\/wp-content\/uploads\/2026\/02\/afaea6e6-f26b-45db-b11a-61f5230e001c.jpg?resize=350%2C200&ssl=1 1x, https:\/\/i0.wp.com\/jornalrol.com.br\/wp-content\/uploads\/2026\/02\/afaea6e6-f26b-45db-b11a-61f5230e001c.jpg?resize=525%2C300&ssl=1 1.5x, https:\/\/i0.wp.com\/jornalrol.com.br\/wp-content\/uploads\/2026\/02\/afaea6e6-f26b-45db-b11a-61f5230e001c.jpg?resize=700%2C400&ssl=1 2x"},"classes":[]},{"id":403,"url":"https:\/\/jornalrol.com.br\/?p=403","url_meta":{"origin":30128,"position":4},"title":"EDITORIAL","author":"Helio Rubens","date":"8 de janeiro de 2015","format":false,"excerpt":"\u00a0 JE SUIS CHARLIE AUSSI \u00c9 inaceit\u00e1vel o ataque contra a liberdade representado pelo ataque terrorista ao jornal franc\u00eas Charlie Hebdo que matou 12 jornalistas em Paris, entre eles \u00a0 \u00a0 os melhores cartunistas do mundo. Mais do que o pesar pela morto abrupta e est\u00fapida dos colegas jornalistas, o\u2026","rel":"","context":"Em &quot;Comunica\u00e7\u00e3o&quot;","block_context":{"text":"Comunica\u00e7\u00e3o","link":"https:\/\/jornalrol.com.br\/?cat=7"},"img":{"alt_text":"Je suis Charlie","src":"https:\/\/i0.wp.com\/www.jornalrol.com.br\/wp-content\/uploads\/2015\/01\/Je-suis-Charlie.jpg?resize=350%2C200","width":350,"height":200},"classes":[]},{"id":72190,"url":"https:\/\/jornalrol.com.br\/?p=72190","url_meta":{"origin":30128,"position":5},"title":"Cybele Meyer","author":"Lee Oliveira","date":"24 de fevereiro de 2025","format":false,"excerpt":"Cybele Meyer, paulistana de cora\u00e7\u00e3o, \u00e9 uma educadora e escritora apaixonada pela transforma\u00e7\u00e3o social por meio do ensino e da literatura. Tem a vida dedicada...","rel":"","context":"Em &quot;Literatura&quot;","block_context":{"text":"Literatura","link":"https:\/\/jornalrol.com.br\/?cat=9285"},"img":{"alt_text":"Cybele Meyer","src":"https:\/\/i0.wp.com\/jornalrol.com.br\/wp-content\/uploads\/2025\/02\/perfil-2-Cybele-Meyer.png?resize=350%2C200&ssl=1","width":350,"height":200,"srcset":"https:\/\/i0.wp.com\/jornalrol.com.br\/wp-content\/uploads\/2025\/02\/perfil-2-Cybele-Meyer.png?resize=350%2C200&ssl=1 1x, https:\/\/i0.wp.com\/jornalrol.com.br\/wp-content\/uploads\/2025\/02\/perfil-2-Cybele-Meyer.png?resize=525%2C300&ssl=1 1.5x, https:\/\/i0.wp.com\/jornalrol.com.br\/wp-content\/uploads\/2025\/02\/perfil-2-Cybele-Meyer.png?resize=700%2C400&ssl=1 2x, https:\/\/i0.wp.com\/jornalrol.com.br\/wp-content\/uploads\/2025\/02\/perfil-2-Cybele-Meyer.png?resize=1050%2C600&ssl=1 3x"},"classes":[]}],"_links":{"self":[{"href":"https:\/\/jornalrol.com.br\/index.php?rest_route=\/wp\/v2\/posts\/30128","targetHints":{"allow":["GET"]}}],"collection":[{"href":"https:\/\/jornalrol.com.br\/index.php?rest_route=\/wp\/v2\/posts"}],"about":[{"href":"https:\/\/jornalrol.com.br\/index.php?rest_route=\/wp\/v2\/types\/post"}],"author":[{"embeddable":true,"href":"https:\/\/jornalrol.com.br\/index.php?rest_route=\/wp\/v2\/users\/6"}],"replies":[{"embeddable":true,"href":"https:\/\/jornalrol.com.br\/index.php?rest_route=%2Fwp%2Fv2%2Fcomments&post=30128"}],"version-history":[{"count":0,"href":"https:\/\/jornalrol.com.br\/index.php?rest_route=\/wp\/v2\/posts\/30128\/revisions"}],"wp:attachment":[{"href":"https:\/\/jornalrol.com.br\/index.php?rest_route=%2Fwp%2Fv2%2Fmedia&parent=30128"}],"wp:term":[{"taxonomy":"category","embeddable":true,"href":"https:\/\/jornalrol.com.br\/index.php?rest_route=%2Fwp%2Fv2%2Fcategories&post=30128"},{"taxonomy":"post_tag","embeddable":true,"href":"https:\/\/jornalrol.com.br\/index.php?rest_route=%2Fwp%2Fv2%2Ftags&post=30128"}],"curies":[{"name":"wp","href":"https:\/\/api.w.org\/{rel}","templated":true}]}}