{"id":3013,"date":"2015-08-20T00:57:12","date_gmt":"2015-08-20T03:57:12","guid":{"rendered":"http:\/\/www.jornalrol.com.br\/?p=3013"},"modified":"2015-08-20T00:57:12","modified_gmt":"2015-08-20T03:57:12","slug":"genalogista-jose-luiz-nogueira-registros-historicos-do-ihggi","status":"publish","type":"post","link":"https:\/\/jornalrol.com.br\/?p=3013","title":{"rendered":"Genealogista Jos\u00e9 Luiz Nogueira: registros hist\u00f3ricos do m\u00eas de Agosto"},"content":{"rendered":"<div class=\"pdfprnt-buttons pdfprnt-buttons-post pdfprnt-top-right\"><a href=\"https:\/\/jornalrol.com.br\/index.php?rest_route=%2Fwp%2Fv2%2Fposts%2F3013&print=pdf\" class=\"pdfprnt-button pdfprnt-button-pdf\" target=\"_blank\" ><\/a><a href=\"https:\/\/jornalrol.com.br\/index.php?rest_route=%2Fwp%2Fv2%2Fposts%2F3013&print=print\" class=\"pdfprnt-button pdfprnt-button-print\" target=\"_blank\" ><img decoding=\"async\" src=\"https:\/\/jornalrol.com.br\/wp-content\/plugins\/pdf-print\/images\/print.png\" alt=\"image_print\" title=\"Conte\u00fado de impress\u00e3o\" \/><\/a><\/div><div id=\":12f\" class=\"ii gt m14f469574b59d06d adP adO\">\n<div id=\":pt\" class=\"a3s\">\n<div>\n<h2><strong>O genealogista Jos\u00e9 Luiz Nogueira mant\u00e9m um brilhante arquivo geneal\u00f3gico e o compartilha com os leitores do ROL<\/strong><\/h2>\n<\/div>\n<\/div>\n<\/div>\n<p><!--more--><\/p>\n<div id=\":j5\" class=\"hq gt a10\">\n<div class=\"a3I\">\n<div id=\":12f\" class=\"ii gt m14f469574b59d06d adP adO\">\n<div id=\":pt\" class=\"a3s\">\n<div>\n<div><a href=\"http:\/\/www.jornalrol.com.br\/wp-content\/uploads\/2015\/08\/recebendo-diploma.jpg\"><img loading=\"lazy\" decoding=\"async\" class=\"alignleft size-medium wp-image-3014\" src=\"http:\/\/www.jornalrol.com.br\/wp-content\/uploads\/2015\/08\/recebendo-diploma-300x225.jpg\" alt=\"recebendo diploma\" width=\"300\" height=\"225\" \/><\/a>Bom dia.<\/div>\n<div>Sa\u00fade e alegria para todos.<\/div>\n<div>Hoje \u00e9 dia 19 de agosto de 2015. Faltam 18 dias para a comemora\u00e7\u00e3o da Independ\u00eancia do Brasil.<\/div>\n<div>O Cel. Domingos Jos\u00e9 Vieira Filho, nascido em Itapetininga, era contra\u00a0esse movimento. Ele era filho do fundador Domingos Jos\u00e9 Vieira,\u00a0que era portugu\u00eas,<\/div>\n<div>A not\u00edcia da Independ\u00eancia somente\u00a0chegou aqui muito tempo depois.<\/div>\n<div>Ontem dia 18 foi anivers\u00e1rio do Miguel Fran\u00e7a de Mattos, nosso confrade residente em S\u00e2o Miguel Arcanjo.<\/div>\n<div>Hoje dia 19 Silas Gehring e Dirceu Campos comemoram nova idade. Vai ter bolo e guaran\u00e1 na Folha de Itapetininga.<\/div>\n<div>Parab\u00e9ns a todos os aniversariantes.<\/div>\n<div>Recebam os nossos cumprimentos e de toda a nossa confraria.<\/div>\n<div><\/div>\n<div>Hoje tamb\u00e9m \u00e9:<\/div>\n<div>Dia do Ator de Teatro<\/div>\n<div>Dia da Motocicleta &#8211; comemorado no Jap\u00e3oDia da Vaca-Preta de Cerveja ou &#8220;Black Cow Root Beer Float&#8221;<\/p>\n<div><\/div>\n<p>Dia Nacional do Orgulho L\u00e9sbico<\/p>\n<\/div>\n<div><\/div>\n<p>Dia do Fot\u00f3grafo e da Fotografia<\/p>\n<\/div>\n<div>Dia Estadual de Preven\u00e7\u00e3o de Acidentes de Tr\u00e2nsito<br \/>\nDia Internacional do Amante Clandestino ou &#8220;D\u00eda Internacional del Amante Clandestino&#8221; -comemorado em pa\u00edses de origem hisp\u00e2nica<\/div>\n<div>Dia Nacional do Ciclista<\/div>\n<div>Dia Nacional do Historiador &#8211; <em>comemorado por brasileiros, conforme Lei N\u00ba 12.130 DE 17 de dezembro de 2009, para marcar a data do nascimento do diplomata, pol\u00edtico, jornalista, historiador e literato brasileiro, Joaquim Aur\u00e9lio Barreto Nabuco de Ara\u00fajo, que veio ao mundo em 19 de agosto de 1849, e que, mesmo tendo sido educado por uma fam\u00edlia escravocrata, optou pela luta em favor dos escravos do Brasil<\/em>.<\/div>\n<div><\/div>\n<div>\n<p>\u00a0 2.8.1929 &#8211;\u00a0Dirceu de Mello<\/p>\n<p>3.8.1895 &#8211; Antonio Gomide nasceu em Itapetininga<\/p>\n<p>3-8-2008 \u2013 Faleceu Luis Alcindo dos Santos Galv\u00e3o depois da romaria de Sarapui a Alambari<\/p>\n<p>4.8.1849 &#8211; Anita Garibaldi faleceu em Mandriole<\/p>\n<p>7.8.1898 \u2013 Jo\u00e3o Tizamba Nogueira \u2013 Autor do Hino de Angatuba<\/p>\n<p>8-8-1913 \u2013 Ostar de Souza Alves (Tat\u00e1) nasceu em Vassouras-RJ<\/p>\n<p>15.8.1873 \u2013 Igreja de Nossa Senhora do\u00a0Ros\u00e1rio dos Homens Pretos<\/p>\n<p>15.8-1935 \u2013 Benedito Peixoto Filho nasceu em Botucatu<\/p>\n<p>16.8.1928 \u2013 Laudelino de Lima Rolim<\/p>\n<p>18-8-1950 \u2013 Miguel Fran\u00e7a de Mattos nasceu em S.Miguel Arcanjo<\/p>\n<p>18-8-1950 \u2013 Silas Gehring nasceu em Itapetininga<\/p>\n<p>19.8.1938 \u2013 Dirceu Campos nasceu em Itarar\u00e9-SP<\/p>\n<p>19.8.1926 \u2013 Olavo de Moraes Hungria nasceu em Itapetininga<\/p>\n<p>20.8.1943 \u2013 Maria M\u00e9rcia Lisboa<\/p>\n<p>21.8.1836 \u2013 Luiz Matheus Maylasky nasceu na Alemanha<\/p>\n<p>24-8-1832 \u2013 Antonio Mariano de Oliveira Fr\u00f3es<\/p>\n<p>24-8-1906 \u2013 Nasceu Vov\u00f3 Lica \u2013 Maria Barreto de Oliveira<\/p>\n<p>26.8.1948 \u2013 Morreu o Prof. Adherbal de Paula Ferreira<\/p>\n<p>30.8.1985 \u2013 Faleceu Jo\u00e3o Tizamba Nogueira \u2013 hino de Angatuba<\/p>\n<p>30.8.1821 \u2013 Anita Garibaldi nasceu em Laguna-SC<\/p>\n<p>&#8230;-8-1990 \u2013 Faleceu Francisco Fabiano Alves<\/p>\n<p>31.8.1899 \u2013 Nasceu Abilio Victor (Nh\u00f4 Bentico<\/p>\n<\/div>\n<div><\/div>\n<div>\n<table width=\"1630\" align=\"center\">\n<tbody>\n<tr>\n<td>N \u00a0 A \u00a0 S \u00a0 C \u00a0 I \u00a0 M \u00a0 E \u00a0 N \u00a0 T \u00a0 O \u00a0 S<\/td>\n<\/tr>\n<\/tbody>\n<\/table>\n<table width=\"1630\" cellspacing=\"10\" align=\"center\">\n<tbody>\n<tr>\n<td width=\"407\">\n<table align=\"left\">\n<tbody>\n<tr>\n<td><img decoding=\"async\" class=\"CToWUd\" src=\"https:\/\/mail.google.com\/mail\/u\/2\/?ui=2&amp;ik=d4016f14b7&amp;view=fimg&amp;th=14f469574b59d06d&amp;attid=0.1&amp;disp=emb&amp;attbid=ANGjdJ8_PTKfwVPkryzUIh5myFQaqWp51mkAvsSsWaM-S7nxG34_gyBVVqvGz_TyZGVGHo4bQcZAMfGbUNP6RpEjJp_N7rFTV_sl3FmGFOKECh9MDqZVthwn06beoOA&amp;sz=s0-l75-ft&amp;ats=1439998465801&amp;rm=14f469574b59d06d&amp;zw&amp;atsh=1\" alt=\"\" \/><\/td>\n<\/tr>\n<tr>\n<td>John Flamsteed<\/td>\n<\/tr>\n<\/tbody>\n<\/table>\n<p align=\"justify\"><img decoding=\"async\" class=\"CToWUd\" src=\"https:\/\/mail.google.com\/mail\/u\/2\/?ui=2&amp;ik=d4016f14b7&amp;view=fimg&amp;th=14f469574b59d06d&amp;attid=0.2&amp;disp=emb&amp;attbid=ANGjdJ9a56ERzicBRzcr9owb-_iuD8NDN0XgZ3-FwRJcS02TrvCzhE9468b6885xEaGQvnwOUkb7pGYuwEQDz3O-m7WkWav-QAikvUFmdHYXhotUzzfznakGVb9Blk4&amp;sz=s0-l75-ft&amp;ats=1439998465802&amp;rm=14f469574b59d06d&amp;zw&amp;atsh=1\" alt=\"\" \/><b>\u00a0JOHN FLAMSTEED<\/b><\/p>\n<p align=\"justify\"><b>Nascimento:<\/b>\u00a019\/08\/1646, Denby, Derbyshire, Inglaterra<\/p>\n<p><b>Filia\u00e7\u00e3o:<\/b>\u00a0Stephen Flamsteed<\/p>\n<p><b>Falecimento:<\/b>\u00a031\/12\/1719, Londres, Inglaterra<\/p>\n<p><img decoding=\"async\" class=\"CToWUd\" src=\"https:\/\/mail.google.com\/mail\/u\/2\/?ui=2&amp;ik=d4016f14b7&amp;view=fimg&amp;th=14f469574b59d06d&amp;attid=0.3&amp;disp=emb&amp;attbid=ANGjdJ-8ah47jCqYHqGUbCgtOfgmDGWzjX2uvyzdGknRpdHnbr1ieV5ZVHf_DQyxgc22Jgx9Q9npsG5uHCCTFWCrq5xaNW2ai5MaKcK7zpkUeinIEhIE1PFiJ_32-1w&amp;sz=s0-l75-ft&amp;ats=1439998465802&amp;rm=14f469574b59d06d&amp;zw&amp;atsh=1\" alt=\"\" align=\"left\" \/>Astr\u00f4nomo e religioso; ordenado di\u00e1cono, muda-se para Londres; calcula os eclipses solares (1966 e 1668) e \u00e9 respons\u00e1vel pelas primeiras observa\u00e7\u00f5es do planeta Urano (apesar de confundi-lo com uma estrela e catalog\u00e1-lo com 34 TAURI); ap\u00f3s observa\u00e7\u00f5es delicadas, determina o valor do paralelo solar (1672): 10\u00ba e \u00e9 nomeado Observador Astron\u00f4mico Real (1675 a 31\/12\/1719, sua morte); membro da Royal Society (1676), \u00e9 Ministro da par\u00f3quia Burstow (Surrey); autor de um cat\u00e1logo de estrelas elaborado por v\u00e1rios anos (publicado em 1707), \u00e9 conhecido por seus conflitos com Isaac Newton (ent\u00e3o presidente da Royal Society) acusando-o de roubar algumas de suas descobertas.<\/p>\n<p><i>(indica\u00e7\u00e3o de Emerson Gomes Ruiz, 2012).<\/i><\/td>\n<td width=\"407\">\n<table align=\"left\">\n<tbody>\n<tr>\n<td><img decoding=\"async\" class=\"CToWUd\" src=\"https:\/\/mail.google.com\/mail\/u\/2\/?ui=2&amp;ik=d4016f14b7&amp;view=fimg&amp;th=14f469574b59d06d&amp;attid=0.4&amp;disp=emb&amp;attbid=ANGjdJ80BeN84Pkud2eCiQdYc6OWvnbetEP9l7ULg2oLiAVKJqQlmhZPM5m_eIJs5uTfKBZLwpw-6NlHa2Y79C88v5e9cL2UoINwVgiIxzy8TiuJEOErgJzn1KK-G7g&amp;sz=s0-l75-ft&amp;ats=1439998465802&amp;rm=14f469574b59d06d&amp;zw&amp;atsh=1\" alt=\"\" \/><\/td>\n<\/tr>\n<tr>\n<td>Teixeira de Freitas<\/td>\n<\/tr>\n<\/tbody>\n<\/table>\n<p align=\"justify\"><img decoding=\"async\" class=\"CToWUd\" src=\"https:\/\/mail.google.com\/mail\/u\/2\/?ui=2&amp;ik=d4016f14b7&amp;view=fimg&amp;th=14f469574b59d06d&amp;attid=0.5&amp;disp=emb&amp;attbid=ANGjdJ9lHIxCi74RtzqIVECvb-YpiKcirlFGn-oKJn3OkZikPmOhYaUAQEmGdPf5kufIFlHW8kxsQnVjQ8lgONySY2flN3oPA3AM9xSOEoRwESXNs0BXwB5YWVBWPko&amp;sz=s0-l75-ft&amp;ats=1439998465802&amp;rm=14f469574b59d06d&amp;zw&amp;atsh=1\" alt=\"\" \/><b>\u00a0AUGUSTO TEIXEIRA DE FREITAS<\/b><\/p>\n<p align=\"justify\"><b>Nascimento:<\/b>\u00a019\/08\/1816, Cachoeira, Bahia, Brasil<\/p>\n<p><b>Falecimento:<\/b>\u00a022\/12\/1883, Rio de Janeiro, Brasil<\/p>\n<p><img decoding=\"async\" class=\"CToWUd\" src=\"https:\/\/mail.google.com\/mail\/u\/2\/?ui=2&amp;ik=d4016f14b7&amp;view=fimg&amp;th=14f469574b59d06d&amp;attid=0.6&amp;disp=emb&amp;attbid=ANGjdJ88Nb5T_RIW6VRIvuy9od20l0O4o73b_yDuxV4nMu-bhtF2psfCVd9ZMyfLttT85EvscmdFredpmu08ddIrMDg-AigHXbFPtyznxctGzsTfSQ5duuFM5M1OtHw&amp;sz=s0-l75-ft&amp;ats=1439998465802&amp;rm=14f469574b59d06d&amp;zw&amp;atsh=1\" alt=\"\" align=\"left\" \/>Jurista; forma-se pela Faculdade de Direito de Olinda e estuda em S\u00e3o Paulo; um dos fundadores do Instituto dos Advogados Brasileiros, torna-se seu presidente; um dos respons\u00e1veis pela &#8220;Consolida\u00e7\u00e3o das Leis Civis Brasileiras&#8221; (1858) e autor da primeira tentativa de codifica\u00e7\u00e3o civil do pa\u00eds: &#8220;Esbo\u00e7o de C\u00f3digo Civil&#8221; (1859, sob encomenda do imperador D. Pedro II), inspirador do C\u00f3digo Civil de 1916 e de processos de pa\u00edses latino-americanos, como a Argentina.<\/p>\n<p><i>(indica\u00e7\u00e3o de Emerson Gomes Ruiz, 2012).<\/i><\/td>\n<td width=\"407\">\n<table align=\"left\">\n<tbody>\n<tr>\n<td><img decoding=\"async\" class=\"CToWUd\" src=\"https:\/\/mail.google.com\/mail\/u\/2\/?ui=2&amp;ik=d4016f14b7&amp;view=fimg&amp;th=14f469574b59d06d&amp;attid=0.7&amp;disp=emb&amp;attbid=ANGjdJ_bXslQdtQjbOQGDSP-pbYkwkB1g1vIObK-61iAhKnKje_SWT54N5Z_xxAKCA_sRzklo0lX8G4iyIaKXBeYkHPlaopDklMv-vluHU7WkHVLyXIBpit9WjxlEXk&amp;sz=s0-l75-ft&amp;ats=1439998465803&amp;rm=14f469574b59d06d&amp;zw&amp;atsh=1\" alt=\"\" \/><\/td>\n<\/tr>\n<tr>\n<td>Joaquim Nabuco<\/td>\n<\/tr>\n<\/tbody>\n<\/table>\n<p align=\"justify\"><img decoding=\"async\" class=\"CToWUd\" src=\"https:\/\/mail.google.com\/mail\/u\/2\/?ui=2&amp;ik=d4016f14b7&amp;view=fimg&amp;th=14f469574b59d06d&amp;attid=0.5&amp;disp=emb&amp;attbid=ANGjdJ_1WUoPJfw5k9Bd2tJzx4xL1b4RhmjW9y_CWESCSUIvGfPI-QphlO6X6LoRAx9nGIYPnbNa3_f8kKA4osCAUa5beTiQ_hh3rQG8CHXXWwFlR_7Eg99sUzsySs8&amp;sz=s0-l75-ft&amp;ats=1439998465803&amp;rm=14f469574b59d06d&amp;zw&amp;atsh=1\" alt=\"\" \/><b>\u00a0JOAQUIM AUR\u00c9LIO BARRETO NABUCO DE ARAUJO<\/b><\/p>\n<p align=\"justify\"><b>Nascimento:<\/b>\u00a019\/08\/1849, Rua Aterro da Boa Vista (atual Rua da Imperatriz Tereza Cristina), Recire, Pernambuco, Brasil<\/p>\n<p><b>Filia\u00e7\u00e3o:<\/b>\u00a0Jos\u00e9 Tom\u00e1s Nabuco de Araujo Filho (Senador) e Ana Benigna de S\u00e1 Barreto<\/p>\n<p><b>Casamento:<\/b>\u00a0Evelina Torres Soares Ribeiro (filhos Maur\u00edcio, Joaquim, Carolina, Mariana e Jos\u00e9<\/p>\n<p><b>Falecimento:<\/b>\u00a017\/01\/1910, Washington, Estados Unidos<\/p>\n<p><b>Causa:<\/b>\u00a0Doen\u00e7a<\/p>\n<p><img decoding=\"async\" class=\"CToWUd\" src=\"https:\/\/mail.google.com\/mail\/u\/2\/?ui=2&amp;ik=d4016f14b7&amp;view=fimg&amp;th=14f469574b59d06d&amp;attid=0.6&amp;disp=emb&amp;attbid=ANGjdJ_852H1V7LrT50E2DVDqq4Ha5cA1DHmt-Kzv22Xm6glHgEgoD-9PRfkVIIB780dfBv8agOG42n0GUQ7c8d0ACGj3RJNo5TN9HbDIMVTs79By88ACL3AJDMtjdE&amp;sz=s0-l75-ft&amp;ats=1439998465803&amp;rm=14f469574b59d06d&amp;zw&amp;atsh=1\" alt=\"\" align=\"left\" \/>Jornalista, escritor e pol\u00edtico; e diplomata monarquista e abolicionista; combate os m\u00e9todos ditatoriais de Floriano Peixoto, as nomea\u00e7\u00f5es p\u00fablicas por crit\u00e9rios pol\u00edticos, a escravid\u00e3o e a centraliza\u00e7\u00e3o de poderes; adido da representa\u00e7\u00e3o brasileira nos Estados Unidos e Londres, \u00e9 Deputado por Pernambuco (1878); funda a Sociedade Antiescravid\u00e3o Brasileira e representa o abolicionismo no Parlamento Imperial; \u00e9 Embaixador na Europa e Estados Unidos (1905 a 1910); com a queda da monarquia, retira-se da vida p\u00fablica por uns tempos; cosmopolita, adora viajar, sendo admirador da cultura anglo-sax\u00f4nica; conhecido como &#8220;Quincas, o Belo&#8221; por sua eleg\u00e2ncia, s\u00e3o famosos seus casos com mulheres casadas; autor de obras como &#8220;Cam\u00f5es e os Lus\u00edadas&#8221; (1872), &#8220;O Abolicionismo&#8221; (1883), &#8220;Pens\u00e9es Det\u00e1chees et Souvenirs&#8221; (1906), etc; \u00e9 um dos fundadores da ABL (Academia Brasileira de Letras).<\/p>\n<p><b><i>&#8220;Depois que os \u00faltimos escravos houverem sido arrancados ao poder sinistro que representa para a ra\u00e7a negra a maldi\u00e7\u00e3o da cor, ser\u00e1 ainda preciso desbastar, por meio de uma educa\u00e7\u00e3o viril e s\u00e9ria, a lenta estratifica\u00e7\u00e3o de 300 anos de cativeiro, isto \u00e9, de despotismo, supersti\u00e7\u00e3o e ignor\u00e2ncia.&#8221;<\/i><\/b><i>\u00a0(O &#8220;Abolicionista&#8221;, 1883).<\/i><\/p>\n<p>(atualiza\u00e7\u00e3o de Ricardo Tosi, 2009; atualiza\u00e7\u00e3o de Reinaldo Ribeiro de Menezes, 2011).<\/td>\n<td width=\"407\">\n<table align=\"left\">\n<tbody>\n<tr>\n<td><img decoding=\"async\" class=\"CToWUd\" src=\"https:\/\/mail.google.com\/mail\/u\/2\/?ui=2&amp;ik=d4016f14b7&amp;view=fimg&amp;th=14f469574b59d06d&amp;attid=0.8&amp;disp=emb&amp;attbid=ANGjdJ-g37DubZw9waNy3INZ7JPB6UrU8K-M5UxQ7MUHdxgdaWZKr2ynv-9iXjoa9Z-fu2M2M7ZhMpFekVuYUMo83D-IzG1Cv4sREKMwhdh1uAaclXoWU3IJp9FQXUk&amp;sz=s0-l75-ft&amp;ats=1439998465804&amp;rm=14f469574b59d06d&amp;zw&amp;atsh=1\" alt=\"\" \/><\/td>\n<\/tr>\n<tr>\n<td>Orville Wright<\/td>\n<\/tr>\n<\/tbody>\n<\/table>\n<p align=\"justify\"><img decoding=\"async\" class=\"CToWUd\" src=\"https:\/\/mail.google.com\/mail\/u\/2\/?ui=2&amp;ik=d4016f14b7&amp;view=fimg&amp;th=14f469574b59d06d&amp;attid=0.9&amp;disp=emb&amp;attbid=ANGjdJ-iE5awGJW6EYAkx4B9gloMEg1Y1DU5Wz4cXdTTxJ4AnILg8ZhfXc9tFon85yTTa4TNW48wFWxZpbs2J0d7bLhOUCPb2xGn6M1wppHdmtlYT1-ZO2Tl6JWPk2U&amp;sz=s0-l75-ft&amp;ats=1439998465804&amp;rm=14f469574b59d06d&amp;zw&amp;atsh=1\" alt=\"\" \/><b>\u00a0ORVILLE WRIGHT<\/b><\/p>\n<p><b>Nascimento:<\/b>\u00a019\/08\/1871, Dayton, Ohio, Estados Unidos<\/p>\n<p><b>Filia\u00e7\u00e3o:<\/b>\u00a0Milton Wright (pastor de ascend\u00eancia inglesa e holandesa) e Susan Catherine Koerner (ascend\u00eancia alem\u00e3 e su\u00ed\u00e7a); tem os irm\u00e3os Reuchlin (1861-1920), Lorin (1862-1939), Wilbur (16\/04\/1867-30\/05\/1912), Katharine (1874-1929) e os g\u00eameos Otis e Ida (1870, ela morre na inf\u00e2ncia)<\/p>\n<p><b>Casamento:<\/b>\u00a0Como Wilbur, jamais se casou<\/p>\n<p><b>Falecimento:<\/b>\u00a002\/11\/1948, Dayton, Ohio, Estados Unidos<\/p>\n<p><img decoding=\"async\" class=\"CToWUd\" src=\"https:\/\/mail.google.com\/mail\/u\/2\/?ui=2&amp;ik=d4016f14b7&amp;view=fimg&amp;th=14f469574b59d06d&amp;attid=0.3&amp;disp=emb&amp;attbid=ANGjdJ9nePmg-nTXNbfHH_gyT-ftUB0LjnrweerATVPQObWcpgh2IKX57_6V98xUAdusLDVs2EX24-6IZw5TPE7_HmIvBZpubel967lj42MrrQgqpcnN8ooW7bRxaH0&amp;sz=s0-l75-ft&amp;ats=1439998465804&amp;rm=14f469574b59d06d&amp;zw&amp;atsh=1\" alt=\"\" align=\"left\" \/>Cientista e aeronauta; deixa a escola para iniciar um neg\u00f3cio de impress\u00e3o (1889), constru\u00edndo sua pr\u00f3pria prensa tipogr\u00e1fica com Wilbur; sempre com o irm\u00e3o, lan\u00e7a o seman\u00e1rio &#8220;West Sude News&#8221; (transformado em &#8220;The Evening Item&#8221;, di\u00e1rio, em 04\/1890, por 4 meses) e abre a &#8220;Wright Cycle Exchange&#8221; (12\/1892, futura &#8220;Wright Cycle Company&#8221;, fabricando bicicletas); voltam-se para os planadores e inventam o controle em 3 eixos (permitindo dirigir e manter o equil\u00edbrio da aeronave); constroem a primeira m\u00e1quina voadora mais pesada que o ar (17\/12\/1903); ganha as medalhas ELLIOT CRESSON (1914), JOHN FRITZ (1920) e FRANKLIN (1933) e entra para &#8220;National Inventors Hall of Fame&#8221; (1975).<\/td>\n<\/tr>\n<tr>\n<td width=\"407\">\n<table align=\"left\">\n<tbody>\n<tr>\n<td><img decoding=\"async\" class=\"CToWUd\" src=\"https:\/\/mail.google.com\/mail\/u\/2\/?ui=2&amp;ik=d4016f14b7&amp;view=fimg&amp;th=14f469574b59d06d&amp;attid=0.10&amp;disp=emb&amp;attbid=ANGjdJ-XqnAXYAI8b02mnXSxSywYrqSRHpKMGGOBwaUqfn1PYOrsRHbyEfyo-RoIpD28z306c8RxwAO9IqnFPk2q5MTOsslixwuvMd4NNVhUGM7bYDTnyQYQvIo3YSg&amp;sz=s0-l75-ft&amp;ats=1439998465804&amp;rm=14f469574b59d06d&amp;zw&amp;atsh=1\" alt=\"\" \/><\/td>\n<\/tr>\n<tr>\n<td>Manuel L. Quez\u00f3n<\/td>\n<\/tr>\n<\/tbody>\n<\/table>\n<p align=\"justify\"><img decoding=\"async\" class=\"CToWUd\" src=\"https:\/\/mail.google.com\/mail\/u\/2\/?ui=2&amp;ik=d4016f14b7&amp;view=fimg&amp;th=14f469574b59d06d&amp;attid=0.11&amp;disp=emb&amp;attbid=ANGjdJ9kqYnsV4wVsfS6gGmTKpz0kWmh7qzOj2yUdyk_g6PHdvQIp9kXeuNgZNN2lPlUh9OkmZqhXI0gqtkHzFQ0_-ZOel44zDTSyPJCBwApMiyTpo2xNrU9cM6YAM8&amp;sz=s0-l75-ft&amp;ats=1439998465804&amp;rm=14f469574b59d06d&amp;zw&amp;atsh=1\" alt=\"\" \/><b>\u00a0MANUEL LU\u00cdS QUEZ\u00d3N Y MOLINA<\/b><\/p>\n<p><b>Nascimento:<\/b>\u00a019\/08\/1878, Baler, Filipinas<\/p>\n<p><b>Filia\u00e7\u00e3o:<\/b>\u00a0L\u00facio Quez\u00f3n e Mar\u00eda Dolores Molina &#8211; ambos de ascend\u00eancia espanhola<\/p>\n<p><b>Casamento:<\/b>\u00a0Aurora Antonia Arag\u00f3n y Molina (filhos Maria Aurora \u201cBaby\u201d, Maria Zeneida \u201cNini\u201d, Lu\u00edsa e Manuel Jr \u201cNonong\u201d)<\/p>\n<p><b>Falecimento:<\/b>\u00a001\/08\/1944, Saranac Lake, New York, Estados Unidos<\/p>\n<p><b>Causa:<\/b>\u00a0Tuberculose<\/p>\n<p><img decoding=\"async\" class=\"CToWUd\" src=\"https:\/\/mail.google.com\/mail\/u\/2\/?ui=2&amp;ik=d4016f14b7&amp;view=fimg&amp;th=14f469574b59d06d&amp;attid=0.12&amp;disp=emb&amp;attbid=ANGjdJ-z9Dl_wuy9Phtbsr4w1tmhcD_L9v3hX9qnVq1d85b--fMdesSx6BEOU_hkfZWpwXBQWn0nyFetel619NDwU35cgC6H9EWFoXc1yPRpt0suDMUguJ56rXu85gw&amp;sz=s0-l75-ft&amp;ats=1439998465805&amp;rm=14f469574b59d06d&amp;zw&amp;atsh=1\" alt=\"\" align=\"left\" \/>Pol\u00edtico; combate no movimento revolucion\u00e1rio de Em\u00edlio Aguinaldo e passa a viver em Washington (1909 a 1916); de volta, torna-se presidente do Senado (1916 a 1935) e presidente do pa\u00eds (1935 a 01\/08\/1944, sua morte) &#8211; primeiro nativo a s\u00ea-lo; empenha-se no problema dos sem-terra no campo, reorganiza a defesa militar, promove a coloniza\u00e7\u00e3o e desenvolvimento da ilha de Mindanao e combate a corrup\u00e7\u00e3o; oficializa o Tagalog como l\u00edngua oficial e estabelece seu governo no ex\u00edlio (Estados Unidos), ap\u00f3s a ocupa\u00e7\u00e3o japonesa durante a II Guerra Mundial.<\/p>\n<p><i>(indica\u00e7\u00e3o de Emerson Gomes Ruiz, 2013).<\/i><\/td>\n<td width=\"407\">\n<table align=\"left\">\n<tbody>\n<tr>\n<td><img decoding=\"async\" class=\"CToWUd\" src=\"https:\/\/mail.google.com\/mail\/u\/2\/?ui=2&amp;ik=d4016f14b7&amp;view=fimg&amp;th=14f469574b59d06d&amp;attid=0.13&amp;disp=emb&amp;attbid=ANGjdJ_N20THYPJEBexGXBuQpMKJkVdsh4U3H4S-zePX2Rb8Q9K4hlnFkiRCS0jQD2wAIxEbdIUwGyeQDVf7awyz1OBlL8cMZhOnVVkoG106SRbb7IifcsfSuDqAeM8&amp;sz=s0-l75-ft&amp;ats=1439998465805&amp;rm=14f469574b59d06d&amp;zw&amp;atsh=1\" alt=\"\" \/><\/td>\n<\/tr>\n<tr>\n<td>Mendes Cabe\u00e7adas<\/td>\n<\/tr>\n<\/tbody>\n<\/table>\n<p align=\"justify\"><img decoding=\"async\" class=\"CToWUd\" src=\"https:\/\/mail.google.com\/mail\/u\/2\/?ui=2&amp;ik=d4016f14b7&amp;view=fimg&amp;th=14f469574b59d06d&amp;attid=0.14&amp;disp=emb&amp;attbid=ANGjdJ8-pV90ab11tbTVbPhGI2MZppWOhyeLeTGN_4HJ42SsTr5VZNmEwXr6d48gOGJXy28dGohy1ZlObyb69BSVHQYng0Xal-DrTUVAk-DL5wPZ3migsG_ViqcK2KM&amp;sz=s0-l75-ft&amp;ats=1439998465805&amp;rm=14f469574b59d06d&amp;zw&amp;atsh=1\" alt=\"\" \/><b>\u00a0JOS\u00c9 MENDES CABE\u00c7ADAS J\u00daNIOR<\/b><\/p>\n<p><b>Nascimento:<\/b>\u00a019\/08\/1883, Loul\u00e9, Algarve, Portugal<\/p>\n<p><b>Casamento:<\/b>\u00a0Maria das Dores Formosinho Vieira<\/p>\n<p><b>Falecimento:<\/b>\u00a011\/06\/1965, Lisboa, Portugal<\/p>\n<p><img decoding=\"async\" class=\"CToWUd\" src=\"https:\/\/mail.google.com\/mail\/u\/2\/?ui=2&amp;ik=d4016f14b7&amp;view=fimg&amp;th=14f469574b59d06d&amp;attid=0.12&amp;disp=emb&amp;attbid=ANGjdJ_MhM4em3fjldyVd8EzZpwKJT3kN3zxQMw9uU3sfkot8Dz4zusDeyks72cy8AjoAyvgu6dx4H1ErOU19l7v3OX6fe_M43NsPPQRhpLYIefmXAoLY4Hq2CLnJiQ&amp;sz=s0-l75-ft&amp;ats=1439998465805&amp;rm=14f469574b59d06d&amp;zw&amp;atsh=1\" alt=\"\" align=\"left\" \/>Militar (Almirante) e pol\u00edtico republicano; tem participa\u00e7\u00e3o decisiva nos movimentos que levam \u00e0 cria\u00e7\u00e3o e extin\u00e7\u00e3o da I Rep\u00fablica: a Revolu\u00e7\u00e3o de 05\/10\/1910 e o Golpe de 28\/05\/1926; Presidente da Rep\u00fablica (31\/05 a 17\/06\/1926); opositor da Ditadura de Salazar, conspira nas 2 tentativas insurrecionais de 1946 e 1947.<\/p>\n<p><i>(indica\u00e7\u00e3o de Henrique Tigo, 2006).<\/i><\/td>\n<td width=\"407\">\n<table align=\"left\">\n<tbody>\n<tr>\n<td><img decoding=\"async\" class=\"CToWUd\" src=\"https:\/\/mail.google.com\/mail\/u\/2\/?ui=2&amp;ik=d4016f14b7&amp;view=fimg&amp;th=14f469574b59d06d&amp;attid=0.15&amp;disp=emb&amp;attbid=ANGjdJ9iERhWK0WlmZtQ59-mF__P-9ZJ5-xeaEF3PYnU4axivGM27PHNp0zm-BHZsHYIPFU9xCnsfra_BY7rceCRZoE6qZq3kKssfTEyWH4aWWp9dqL7o-N6Vgr5hO8&amp;sz=s0-l75-ft&amp;ats=1439998465806&amp;rm=14f469574b59d06d&amp;zw&amp;atsh=1\" alt=\"\" \/><\/td>\n<\/tr>\n<tr>\n<td>Coco Chanel<\/td>\n<\/tr>\n<\/tbody>\n<\/table>\n<p align=\"justify\"><img decoding=\"async\" class=\"CToWUd\" src=\"https:\/\/mail.google.com\/mail\/u\/2\/?ui=2&amp;ik=d4016f14b7&amp;view=fimg&amp;th=14f469574b59d06d&amp;attid=0.16&amp;disp=emb&amp;attbid=ANGjdJ8AXtF1AHRvo-Zw2lPFuOCaRpMK_MYA97HWabh0puIDpfB7wQj6W5M2BrvpPwMroCd6uoPLcqfBiNS0BvfZb2oe4-4dWbyb0L2ECSk8dYIIKaR-DW5GPfWbE50&amp;sz=s0-l75-ft&amp;ats=1439998465806&amp;rm=14f469574b59d06d&amp;zw&amp;atsh=1\" alt=\"\" \/><b>\u00a0JEANNE GABRIELLE BONHEUR CHANEL<\/b><\/p>\n<p><b>Nascimento:<\/b>\u00a019\/08\/1883, Saumur, \u00e0s margens do Loire, Fran\u00e7a<\/p>\n<p><b>Filia\u00e7\u00e3o:<\/b>\u00a0Albert Chanel e Jeanne Devolle &#8211; fam\u00edlia humilde<\/p>\n<p><b>Casamento:<\/b>\u00a0Vive com o comerciante de tecidos Etienne Balsan, mas o grande amor de sua vida \u00e9 o milion\u00e1rio ingl\u00eas Arthur Boyle (que conhece por volta de 1910), al\u00e9m de romances com outras mulheres<\/p>\n<p><b>Falecimento:<\/b>\u00a010\/01\/1971, Hotel Ritz, Paris, Fran\u00e7a<\/p>\n<p><img decoding=\"async\" class=\"CToWUd\" src=\"https:\/\/mail.google.com\/mail\/u\/2\/?ui=2&amp;ik=d4016f14b7&amp;view=fimg&amp;th=14f469574b59d06d&amp;attid=0.17&amp;disp=emb&amp;attbid=ANGjdJ_1fxMhHS1TkoWmQwAyyNn71g1ElzWQtxgybmVHc4hv7u1xwSHCudnRdAg2Yo_KwE3khT6zOL2RVpJBdwLExmc-_Em13p7A--k_gD_c15dZEM3x_rh8htZTP4w&amp;sz=s0-l75-ft&amp;ats=1439998465806&amp;rm=14f469574b59d06d&amp;zw&amp;atsh=1\" alt=\"\" align=\"left\" \/>Figurinista e estilista; criada num orfanato cat\u00f3lico, abre sua primeira loja de chap\u00e9us (cerca de 1910, em Paris); funda uma casa de alta costura (1914), que revoluciona a moda feminina com suas cria\u00e7\u00f5es; c\u00e1ustica, severa e independente, inventa o &#8220;tailleur&#8221; com as 2 pe\u00e7as secas, dando-lhe forma e popularizando-o; libertadora da forma feminina e criadora do mais perene de todos conceitos do &#8220;chic&#8221;; sucesso nos ano 1920, fecha sua &#8220;maison&#8221; na II Guerra Mundial (1939), isolando-se numa suite do Hotel Ritz, onde recebe seu amante o Bar\u00e3o alem\u00e3o Hans G\u00fcnther von Dincklage, durante a ocupa\u00e7\u00e3o de Paris; de tr\u00e2nsito livre na realeza brit\u00e2nica, torna-se colaboradora nazista, chegando a realizar 2 miss\u00f5es na Espanha; reabre a &#8220;maison&#8221; (05\/02\/1954) e \u00e9 amiga de Picasso, Stravinsky, Diaghilev, Jean Cocteau, etc; representa a mulher liberada, bem-sucedida, com personalidade e estilo do s\u00e9culo XX; emprega 2.400 pessoas em suas 26 f\u00e1bricas de perfumes e texteis e \u00e9 viciada em morfina, usa-a como tranquilizante at\u00e9 ao fim da vida.<\/p>\n<p><b><i>&#8220;Eleg\u00e2ncia \u00e9 quando o interior \u00e9 t\u00e3o belo quanto o exterior&#8221;.<\/i><\/b><\/td>\n<td width=\"407\">\n<table align=\"left\">\n<tbody>\n<tr>\n<td><img decoding=\"async\" class=\"CToWUd\" src=\"https:\/\/mail.google.com\/mail\/u\/2\/?ui=2&amp;ik=d4016f14b7&amp;view=fimg&amp;th=14f469574b59d06d&amp;attid=0.18&amp;disp=emb&amp;attbid=ANGjdJ_odUTRr4aEHuSWjt1-iPalYjDJf2UGfvFzVhcgv9jpvd0LfHBirearh8kXQbbFonVMBI1CbvcUEVU9dZ_eWHOt__EjEfLJ8Fxsh8PtX5fH_NPVSG2zM2jq-9c&amp;sz=s0-l75-ft&amp;ats=1439998465806&amp;rm=14f469574b59d06d&amp;zw&amp;atsh=1\" alt=\"\" \/><\/td>\n<\/tr>\n<tr>\n<td>Afonso Stuart<\/td>\n<\/tr>\n<\/tbody>\n<\/table>\n<p align=\"justify\"><img decoding=\"async\" class=\"CToWUd\" src=\"https:\/\/mail.google.com\/mail\/u\/2\/?ui=2&amp;ik=d4016f14b7&amp;view=fimg&amp;th=14f469574b59d06d&amp;attid=0.19&amp;disp=emb&amp;attbid=ANGjdJ_IEQXEhSx6aDS78QXhra9ITjVI6mXBvSIYQNsxHLE0mhXPdu3gR_I3AblGXzU9s6GdJTmWNzvvFaejKOYGIUn2jemCCmjtoqnFPUgA7eBOXMCo_oX83sI6Ch0&amp;sz=s0-l75-ft&amp;ats=1439998465807&amp;rm=14f469574b59d06d&amp;zw&amp;atsh=1\" alt=\"\" \/><b>\u00a0AFONSO TEREZA STUART<\/b><\/p>\n<p align=\"justify\"><b>Nascimento:<\/b>\u00a019\/08\/1895, Oran, Arg\u00e9lia<\/p>\n<p><b>Filia\u00e7\u00e3o:<\/b>\u00a0Pais trapezistas de circo; ca\u00e7ula de 14 irm\u00e3os de nacionalistades diferentes (incluindo o ator Walter Stuart)<\/p>\n<p><b>Falecimento:<\/b>\u00a01983, Rio de Janeiro, Rio de Janeiro, Brasil<\/p>\n<p><img decoding=\"async\" class=\"CToWUd\" src=\"https:\/\/mail.google.com\/mail\/u\/2\/?ui=2&amp;ik=d4016f14b7&amp;view=fimg&amp;th=14f469574b59d06d&amp;attid=0.17&amp;disp=emb&amp;attbid=ANGjdJ_L8CBt2MMie-kPCTJ4g8IB4uPlGVhANzIW2aLlncLpVNhgkE2DsXu7TjnfND5pkFq-Ca0UJqPZj-sh7PH9RM29P5S3FA6OqqbRy15E70hW8ZlBNJ9-G8YWQnc&amp;sz=s0-l75-ft&amp;ats=1439998465807&amp;rm=14f469574b59d06d&amp;zw&amp;atsh=1\" alt=\"\" align=\"left\" \/>Ator; come\u00e7a no circo como comediante e acrobata, no Teatro Carlos Alberto (1905, Porto, Portugal); faz turn\u00eas pela Europa e Am\u00e9rica do Sul, sendo contratados pelo Circo Spinelli, quando ganha o apelido de Periquito (1908, Brasil); depois de uma temporada de 2 anos na Argentina, a fam\u00edlia volta ao Brasil, onde se radica, formando o grupo OS CARDONAS, com o ent\u00e3o desconhecido Oscarito; estr\u00e9ia como ator teatral na pe\u00e7a &#8220;A Verdade ao Meio-Dia&#8221; da Companhia de Teatro C\u00f4mico (1929) e cinematogr\u00e1fico no filme &#8220;Al\u00f4, Al\u00f4, Brasil&#8221; (1935); faz sucesso na companhia de Eva Todor (1940 a 1954) e em filmes como &#8220;Marujo por Acaso&#8221; (1954), &#8220;Col\u00e9gio de Brotos&#8221; (1956), &#8220;Esse Milh\u00e3o \u00e9 Meu&#8221; (1959), etc; destaca-se em pe\u00e7as como &#8220;O Amante de Madame Vidal&#8221;, &#8220;O Dia em que Raptaram o Papa&#8221;, &#8220;Padre \u00e0 Italiana&#8221;, etc.<\/p>\n<p><i>(indica\u00e7\u00e3o de Francisco Caputi Machado, 2012).<\/i><\/td>\n<\/tr>\n<tr>\n<td width=\"407\">\n<table align=\"left\">\n<tbody>\n<tr>\n<td><img decoding=\"async\" class=\"CToWUd\" src=\"https:\/\/mail.google.com\/mail\/u\/2\/?ui=2&amp;ik=d4016f14b7&amp;view=fimg&amp;th=14f469574b59d06d&amp;attid=0.20&amp;disp=emb&amp;attbid=ANGjdJ_xnsnzPHUUaCiu1MGWuGPmE7ICLwGy8AsJ16ZfFLQL1P3_n4aftDd0hspW_5KPuRikaXnwj6K6FQ9M6X9VXWq3MgvhR-lX7XzZ-CvmUoc69uvMS8q6c_IYPWE&amp;sz=s0-l75-ft&amp;ats=1439998465807&amp;rm=14f469574b59d06d&amp;zw&amp;atsh=1\" alt=\"\" \/><\/td>\n<\/tr>\n<tr>\n<td>Francisco Alves<\/td>\n<\/tr>\n<\/tbody>\n<\/table>\n<p align=\"justify\"><img decoding=\"async\" class=\"CToWUd\" src=\"https:\/\/mail.google.com\/mail\/u\/2\/?ui=2&amp;ik=d4016f14b7&amp;view=fimg&amp;th=14f469574b59d06d&amp;attid=0.5&amp;disp=emb&amp;attbid=ANGjdJ8MiYpcWjCJie3kRWaOgchh7jZPOp3rf1op7sKwpZtJr00W6BTGp0tyHP6ui95tE5fFwBWLf8EvM3PDlQ4SH6qZMUBh24j8mocLRqISH4qONHfMjIANRmHakTQ&amp;sz=s0-l75-ft&amp;ats=1439998465807&amp;rm=14f469574b59d06d&amp;zw&amp;atsh=1\" alt=\"\" \/><b>\u00a0FRANCISCO DE MORAES ALVES<\/b><\/p>\n<p align=\"justify\"><b>Nascimento:<\/b>\u00a019\/08\/1898, Rua da Prainha (atual Conselheiro Saraiva), Sa\u00fade, Rio de Janeiro, Brasil<\/p>\n<p><b>Filia\u00e7\u00e3o:<\/b>\u00a0Jos\u00e9 (dono de botequim) e Isabel &#8211; portugueses<\/p>\n<p><b>Casamento:<\/b>\u00a0Perp\u00e9tua Guerra Tutoya, &#8220;Ceci&#8221; (24 de maio de 1920, somente por uma semana); junta-se com C\u00e9lia Zenatti (por 28 anos)<\/p>\n<p><b>Falecimento:<\/b>\u00a027\/09\/1952, 17:30 h, Rodovia Presidente Dutra, Km 275, entre Pindamonhangaba e Taubat\u00e9, S\u00e3o Paulo, Brasil<\/p>\n<p><b>Causa:<\/b>\u00a0Desastre de autom\u00f3vel, quando vinha para o Rio de Janeiro depois de um show em S\u00e3o Paulo e colide seu BUICK a mais de 130 km\/h contra um caminh\u00e3o que vem na contra-m\u00e3o, incendiando-se (com ele estava o amigo Haroldo Alves, que \u00e9 cuspido e levado para a Santa Casa de Taubat\u00e9, em coma)<\/p>\n<p><img decoding=\"async\" class=\"CToWUd\" src=\"https:\/\/mail.google.com\/mail\/u\/2\/?ui=2&amp;ik=d4016f14b7&amp;view=fimg&amp;th=14f469574b59d06d&amp;attid=0.17&amp;disp=emb&amp;attbid=ANGjdJ-DivGMCvbvH58zCkxJNYpTnNy5x1_KlRrOOSqQxgjQ9Ckab31jkTtUKH7ri1nJnhMNcMwEzpf13Kd1gZsSjQjui6wvUPQYO36t7-bwiwG8Gp3O3oMRY3HpglA&amp;sz=s0-l75-ft&amp;ats=1439998465808&amp;rm=14f469574b59d06d&amp;zw&amp;atsh=1\" alt=\"\" align=\"left\" \/>Cantor popular, tido como o &#8220;Rei da Voz&#8221; e conhecido como &#8220;Chico Alves&#8221; e &#8220;Chico Viola&#8221;, estr\u00e9ia artisticamente num circo, no M\u00e9ier (1918); grava o primeiro sucesso em 1919 (&#8220;P\u00e9 de Anjo&#8221;), sendo o primeiro artista brasileiro a usar o processo de grava\u00e7\u00e3o el\u00e9trico; estr\u00e9ia no cinema em &#8220;Coisas Nossas&#8221; (1931); inaugura o g\u00eanero samba-exalta\u00e7\u00e3o (1939) com &#8220;Aquarela do Brasil&#8221; e tem sucessos como &#8220;Ora Vejam S\u00f3&#8221; (de Sinh\u00f4), etc; grava quase 500 discos em 78 rota\u00e7\u00f5es e deixa uma fortuna avaliada na \u00e9poca em Cr$ 10.000.000.<\/p>\n<p><i>(atualiza\u00e7\u00e3o de Rui Fausto de Moura).<\/i><\/td>\n<td width=\"407\">\n<table align=\"left\">\n<tbody>\n<tr>\n<td><img decoding=\"async\" class=\"CToWUd\" src=\"https:\/\/mail.google.com\/mail\/u\/2\/?ui=2&amp;ik=d4016f14b7&amp;view=fimg&amp;th=14f469574b59d06d&amp;attid=0.21&amp;disp=emb&amp;attbid=ANGjdJ-qbX6gWykGIsHZ--27d6E1snx6MeO1fwupZqbRWxV3Cc0E2jobZyk4kKlUJjYKmheLAP0crKdXLyEP37P3L8wWlFkqtkIRRfBxNsQjghC9ba7X7thQhiD9JeI&amp;sz=s0-l75-ft&amp;ats=1439998465808&amp;rm=14f469574b59d06d&amp;zw&amp;atsh=1\" alt=\"\" \/><\/td>\n<\/tr>\n<tr>\n<td>Olga Baclanova<\/td>\n<\/tr>\n<\/tbody>\n<\/table>\n<p align=\"justify\"><img decoding=\"async\" class=\"CToWUd\" src=\"https:\/\/mail.google.com\/mail\/u\/2\/?ui=2&amp;ik=d4016f14b7&amp;view=fimg&amp;th=14f469574b59d06d&amp;attid=0.22&amp;disp=emb&amp;attbid=ANGjdJ_lj-lap9_kvo9_R3vQeyM45sxo6_7TFpxH8vxGbPTfu0C-Qw6H9T6Cyx2Y_L8oeyNgwhYCLje3yletsNbpNJDvjMMNr2pZMygs-thooVDWf9Bu3OaFUqhsCgs&amp;sz=s0-l75-ft&amp;ats=1439998465808&amp;rm=14f469574b59d06d&amp;zw&amp;atsh=1\" alt=\"\" \/><b>\u00a0OLGA VLADIMIROVNA BACLANOVA<\/b><\/p>\n<p><b>Nascimento:<\/b>\u00a019\/08\/1900, Moscou, R\u00fassia<\/p>\n<p><b>Filia\u00e7\u00e3o:<\/b>\u00a0uma dos 5 filhos Vladimir Baklanoff e Alexandra<\/p>\n<p><b>Casamento:<\/b>\u00a0Vlademar Zoppi (1922 a 23\/02\/1929, div\u00f3rcio): um filho; Nicholas Soussanin (05\/03\/1929 a 1939, div\u00f3rcio): um filho; Richard Davis, editor (1939 at\u00e9 div\u00f3rcio)<\/p>\n<p><b>Falecimento:<\/b>\u00a006\/09\/1974, Ap\u00f3s v\u00e1rios anos doente, Vevey, Su\u00ed\u00e7a<\/p>\n<p><img decoding=\"async\" class=\"CToWUd\" src=\"https:\/\/mail.google.com\/mail\/u\/2\/?ui=2&amp;ik=d4016f14b7&amp;view=fimg&amp;th=14f469574b59d06d&amp;attid=0.17&amp;disp=emb&amp;attbid=ANGjdJ8US3Pl6SvY2rlDTBKvbRkeuPir7IVMGOjmV9DLnqsDpAzJJ28T9uT3AJWH0blqTC6Gq_KqcNIQsjdAHEo7s1yMoIUC1tYa7FkcjikZBa6ldchb_yCldrQHK3M&amp;sz=s0-l75-ft&amp;ats=1439998465809&amp;rm=14f469574b59d06d&amp;zw&amp;atsh=1\" alt=\"\" align=\"left\" \/>Atriz de teatro (estr\u00e9ia em 1912, no Teatro de Moscou) e do cinema mudo (estr\u00e9ia em &#8220;Kogda Zvuchat Struny Serdsta&#8221;, 1914); estuda Arte Dram\u00e1tica no Instituto Cherniavsky; ap\u00f3s excursionar por v\u00e1rios pa\u00edses, radica-se em NY (1925); destaca-se em filmes como &#8220;Lyubov pod Maskoy&#8221; (1915), &#8220;The Docks of New York&#8221; (1928), &#8220;Avalanche&#8221; (1928), etc; a carreira com o advento do cinema falado; \u00faltimo filme: &#8220;Claudia&#8221; (1943); atua nos palcos de Londres e NY por quase 10 anos.<\/p>\n<p><i>(indica\u00e7\u00e3o de Julia Andrea Assis Binchini, 2010).<\/i><\/td>\n<td width=\"407\">\n<table align=\"left\">\n<tbody>\n<tr>\n<td><img decoding=\"async\" class=\"CToWUd\" src=\"https:\/\/mail.google.com\/mail\/u\/2\/?ui=2&amp;ik=d4016f14b7&amp;view=fimg&amp;th=14f469574b59d06d&amp;attid=0.23&amp;disp=emb&amp;attbid=ANGjdJ_Ie4RCawsjrLMP2cGPyEiya8nYD36NgFd015tXTLbCFLvImDnNZwgap-dgDOJ0XTdZnjV1LCv7kjg0ndrF_8mej4705Ru3xa11YSVng2AIwxf4Do50ITBqsbA&amp;sz=s0-l75-ft&amp;ats=1439998465809&amp;rm=14f469574b59d06d&amp;zw&amp;atsh=1\" alt=\"\" \/><\/td>\n<\/tr>\n<tr>\n<td>Raul Barbosa<\/td>\n<\/tr>\n<\/tbody>\n<\/table>\n<p align=\"justify\"><img decoding=\"async\" class=\"CToWUd\" src=\"https:\/\/mail.google.com\/mail\/u\/2\/?ui=2&amp;ik=d4016f14b7&amp;view=fimg&amp;th=14f469574b59d06d&amp;attid=0.5&amp;disp=emb&amp;attbid=ANGjdJ8ASCz1KBXDaeAKANCM4jQNvGBJNsphGK2_xx6ywei9yH6lh3DiuWuy7MC0VhUFXnmJnvWYsRF3P1zht0K0mFRziM4DI8khGvzOcoTBskzKE2zBwYImawjsZDs&amp;sz=s0-l75-ft&amp;ats=1439998465809&amp;rm=14f469574b59d06d&amp;zw&amp;atsh=1\" alt=\"\" \/><b>\u00a0RAUL BARBOSA<\/b><\/p>\n<p><b>Nascimento:<\/b>\u00a019\/08\/1911, Fortaleza, Cear\u00e1, Brasil<\/p>\n<p><b>Filia\u00e7\u00e3o:<\/b>\u00a0Martiniano Barbosa e Altina de Sousa<\/p>\n<p><b>Casamento:<\/b>\u00a0Ilnah Araripe<\/p>\n<p><b>Falecimento:<\/b>\u00a016\/08\/1975, Washington, Estados Unidos<\/p>\n<p><img decoding=\"async\" class=\"CToWUd\" src=\"https:\/\/mail.google.com\/mail\/u\/2\/?ui=2&amp;ik=d4016f14b7&amp;view=fimg&amp;th=14f469574b59d06d&amp;attid=0.12&amp;disp=emb&amp;attbid=ANGjdJ8cDTMRrJEZZMMSv444vPAPLLQOYnmNG_tswuW49rkgoUSdoFMRvLrwszLjXvGhLvS4ml3TllPk2OogOndW0VFvLiOAAJQOI4jm3lnCRCUCMCvl0WVkx6vDbFc&amp;sz=s0-l75-ft&amp;ats=1439998465809&amp;rm=14f469574b59d06d&amp;zw&amp;atsh=1\" alt=\"\" align=\"left\" \/>Pol\u00edtico; forma-se em Ci\u00eancias Jur\u00eddicas e Sociais na Faculdade de Direito do Cear\u00e1 (1935) e torna-se Procurador Geral e Judicial do Estado do Cear\u00e1; Deputado Federal pelo PSD (Partido Social Democr\u00e1tico, 1946 a 1951), empenha-se na tramita\u00e7\u00e3o do projeto para a cria\u00e7\u00e3o do Banco do Nordeste; Governador (1951 a 1955), estabelece a sede do banco em Fortaleza, tornando-se seu chefe do Departamento Jur\u00eddico (at\u00e9 03\/1956) e presidente (1956 a 1961 e 1962 a 1967); diretor executivo do BID (Banco Interamericano de Desenvolvimento, at\u00e9 16\/08\/1975, sua morte); funda o jornal &#8220;O Estado&#8221; e preside a Associa\u00e7\u00e3o dos Promotores P\u00fablicos do Cear\u00e1.<\/p>\n<p><i>(indica\u00e7\u00e3o de Emerson Gomes Ruiz, 2013).<\/i><\/td>\n<td width=\"407\">\n<table align=\"left\">\n<tbody>\n<tr>\n<td><img decoding=\"async\" class=\"CToWUd\" src=\"https:\/\/mail.google.com\/mail\/u\/2\/?ui=2&amp;ik=d4016f14b7&amp;view=fimg&amp;th=14f469574b59d06d&amp;attid=0.24&amp;disp=emb&amp;attbid=ANGjdJ9lKqAhH5AkCikgVzNnlABTgdj5hkHln0-S3iecFzgRSknKcOwTtbQ5L4WO8NHANfDMeWpullyvfZosprsNWchKdfba2riMqCxEgUnxC4BaQ7Fad3J8RS6SZ10&amp;sz=s0-l75-ft&amp;ats=1439998465810&amp;rm=14f469574b59d06d&amp;zw&amp;atsh=1\" alt=\"\" \/><\/td>\n<\/tr>\n<tr>\n<td>Aracy de Almeida<\/td>\n<\/tr>\n<\/tbody>\n<\/table>\n<p align=\"justify\"><img decoding=\"async\" class=\"CToWUd\" src=\"https:\/\/mail.google.com\/mail\/u\/2\/?ui=2&amp;ik=d4016f14b7&amp;view=fimg&amp;th=14f469574b59d06d&amp;attid=0.5&amp;disp=emb&amp;attbid=ANGjdJ9Z-wF7Im-M16GA5fXaJxBsv0kNFPOYQa1m3dg8NW5lFixhPuVezOjLRLQAE2mZIHIurrlZlenJej6IBB-MN6Sa4YI-Nb-Dk4idMOdqsxxsEVZ55g7Ac28iiHc&amp;sz=s0-l75-ft&amp;ats=1439998465810&amp;rm=14f469574b59d06d&amp;zw&amp;atsh=1\" alt=\"\" \/><b>\u00a0ARACY TELES DE ALMEIDA<\/b><\/p>\n<p><b>Nascimento:<\/b>\u00a019\/08\/1914, Encatado, Rio de Janeiro, Brasil<\/p>\n<p><b>Filia\u00e7\u00e3o:<\/b>\u00a0Baltazar Teles de Almeida e Herog\u00eanea de Almeida<\/p>\n<p><b>Falecimento:<\/b>\u00a020\/06\/1988, Hospital da SEMEG, Tijuca, Rio de Janeiro, Rio de Janeiro, Brasil<\/p>\n<p><b>Causa:<\/b>\u00a0Edema pulmonar (depois de 2 meses em coma e 2 dias l\u00facida)<\/p>\n<p><img decoding=\"async\" class=\"CToWUd\" src=\"https:\/\/mail.google.com\/mail\/u\/2\/?ui=2&amp;ik=d4016f14b7&amp;view=fimg&amp;th=14f469574b59d06d&amp;attid=0.17&amp;disp=emb&amp;attbid=ANGjdJ9psHW46oRCyUBuUgSj5klF_DXTXCkV7MAxCh8r3IERAqp2RZpKW4yrwyKv5649F0HijxiXLMCqVunsMnboMKlLrxI0O0MhDjdY3F36LWRz0BC2FjQVk1vmXPg&amp;sz=s0-l75-ft&amp;ats=1439998465810&amp;rm=14f469574b59d06d&amp;zw&amp;atsh=1\" alt=\"\" align=\"left\" \/>Cantora popular; tida como uma das maiores int\u00e9rpretes de samba dos anos 1930 (junto com Carmem Miranda) e int\u00e9rprete favorita de Noel Rosa, em 50 anos de carreira grava sucessos como &#8220;Camisa Amarela&#8221;, &#8220;Palpite Infeliz&#8221;, &#8220;Eu n\u00e3o sou Daqui&#8221;, etc.<\/td>\n<\/tr>\n<tr>\n<td width=\"407\">\n<table align=\"left\">\n<tbody>\n<tr>\n<td><img decoding=\"async\" class=\"CToWUd\" src=\"https:\/\/mail.google.com\/mail\/u\/2\/?ui=2&amp;ik=d4016f14b7&amp;view=fimg&amp;th=14f469574b59d06d&amp;attid=0.25&amp;disp=emb&amp;attbid=ANGjdJ_RO0Jd5fqsSFG45876avogqX-pSZkg3iTK2Ow3Psy0K4BN6K-QzUiP3wA7890CmMe3bI2mVl1IGfE1I0vRsW883_vMCi1Ed6W8bwm4Q-h04ynpWHnTHKbRo_s&amp;sz=s0-l75-ft&amp;ats=1439998465810&amp;rm=14f469574b59d06d&amp;zw&amp;atsh=1\" alt=\"\" \/><\/td>\n<\/tr>\n<tr>\n<td>Filpo Nu\u00f1ez<\/td>\n<\/tr>\n<\/tbody>\n<\/table>\n<p align=\"justify\"><img decoding=\"async\" class=\"CToWUd\" src=\"https:\/\/mail.google.com\/mail\/u\/2\/?ui=2&amp;ik=d4016f14b7&amp;view=fimg&amp;th=14f469574b59d06d&amp;attid=0.26&amp;disp=emb&amp;attbid=ANGjdJ8-ghRYweSpovKtYbW8Wc5YBMDgQnGLVQGQIbQsFQjCq4c7s97eRoPDn1M7bE-ArvTOrB8LDHOZ8li9qOBQ6ylnGQF_pWH8nu36qD9NFOGx65WT_KFdFqLxFnY&amp;sz=s0-l75-ft&amp;ats=1439998465810&amp;rm=14f469574b59d06d&amp;zw&amp;atsh=1\" alt=\"\" \/><b>\u00a0N\u00c9LSON ERNESTO FILPO NU\u00d1EZ<\/b><\/p>\n<p><b>Nascimento:<\/b>\u00a019\/08\/1920, Buenos Aires, Argentina<\/p>\n<p><b>Falecimento:<\/b>\u00a006\/03\/1999, S\u00e3o Paulo, S\u00e3o Paulo, Brasil<\/p>\n<p><img decoding=\"async\" class=\"CToWUd\" src=\"https:\/\/mail.google.com\/mail\/u\/2\/?ui=2&amp;ik=d4016f14b7&amp;view=fimg&amp;th=14f469574b59d06d&amp;attid=0.27&amp;disp=emb&amp;attbid=ANGjdJ-DaSOakWSYpvkzDAQewTFKayq0NTUIaCm6AQgCS-GcVQ59V7lFVmPLA56AiEJIF9iBZu_v29uH9sqjtj-H4NWykj6DxtJq4tgs4G3lwuPND4K9KCe1y-cpUD8&amp;sz=s0-l75-ft&amp;ats=1439998465811&amp;rm=14f469574b59d06d&amp;zw&amp;atsh=1\" alt=\"\" align=\"left\" \/>Treinador de futebol; conhecido como &#8220;El Bandone\u00f3n&#8221;, \u00e9 t\u00e9cnico do VASCO\/RJ (1960); criador da &#8220;Academia Palmeirense&#8221; (anos 1960), dirige o PALMEIRAS\/SP na vit\u00f3ria de 3 X 0 sobre a sele\u00e7\u00e3o uruguaia, vestindo a camisa da sele\u00e7\u00e3o brasileira, tornando-se assim o \u00fanico estrangeiro a dirigir a sele\u00e7\u00e3o; dirige o CORINTHIANS\/SP (1966 e 1976).<\/p>\n<p><i>(indica\u00e7\u00e3o de Paulo Roberto Polastro, 2012).<\/i><\/td>\n<td width=\"407\">\n<table align=\"left\">\n<tbody>\n<tr>\n<td><img decoding=\"async\" class=\"CToWUd\" src=\"https:\/\/mail.google.com\/mail\/u\/2\/?ui=2&amp;ik=d4016f14b7&amp;view=fimg&amp;th=14f469574b59d06d&amp;attid=0.28&amp;disp=emb&amp;attbid=ANGjdJ-aNNqCpBdZHP8flyu2mMnEXF_p3x2udxFngL0sUuZQZyotaNYObhPl2HYBZPwBPaRizXYDdijI6y9ZvlmVJOEoc6VDOAKPmz15Pd-cnHKjuW5TvojTatR9-yk&amp;sz=s0-l75-ft&amp;ats=1439998465811&amp;rm=14f469574b59d06d&amp;zw&amp;atsh=1\" alt=\"\" \/><\/td>\n<\/tr>\n<tr>\n<td>Gene Roddenberry<\/td>\n<\/tr>\n<\/tbody>\n<\/table>\n<p align=\"justify\"><img decoding=\"async\" class=\"CToWUd\" src=\"https:\/\/mail.google.com\/mail\/u\/2\/?ui=2&amp;ik=d4016f14b7&amp;view=fimg&amp;th=14f469574b59d06d&amp;attid=0.9&amp;disp=emb&amp;attbid=ANGjdJ-iweNGYlhp4HjlyW3mwWCP6A05c3ew50_vC-K1ygnRGkxJzsg2Mghtd9ZvvHR-j2YoZktfw1jiO1haVomfJ4crxeeVsIwlxeUkdUL5bRRE9STTvtETkVxp8vo&amp;sz=s0-l75-ft&amp;ats=1439998465811&amp;rm=14f469574b59d06d&amp;zw&amp;atsh=1\" alt=\"\" \/><b>\u00a0EUGENE WESLEY RODDENBERRY<\/b><\/p>\n<p><b>Nascimento:<\/b>\u00a019\/08\/1921, El Paso, Texas, Estados Unidos<\/p>\n<p><b>Casamento:<\/b>\u00a0Eileen Anita Rexroat (20\/06\/1942 a 27\/12\/1969, div\u00f3rcio); Majel Barrett (29\/12\/1969 a 24\/10\/1991, sua morte): filhas Dawn e Darleen<\/p>\n<p><b>Falecimento:<\/b>\u00a024\/10\/1991 Santa Monica, California, Estados Unidos<\/p>\n<p><b>Causa:<\/b>\u00a0Ataque card\u00edaco<\/p>\n<p><img decoding=\"async\" class=\"CToWUd\" src=\"https:\/\/mail.google.com\/mail\/u\/2\/?ui=2&amp;ik=d4016f14b7&amp;view=fimg&amp;th=14f469574b59d06d&amp;attid=0.17&amp;disp=emb&amp;attbid=ANGjdJ9L9ln8RveO5wxKTP6ktBBKPj3e9ymDu5wou2yq_SM1ljxlrYQeu-ePbd5paXuhk8MfrhvEZPAyMzqu-yefYZ8M31KdzMaOSqgPPYEVCAUw35D29dSNA8y7DPU&amp;sz=s0-l75-ft&amp;ats=1439998465812&amp;rm=14f469574b59d06d&amp;zw&amp;atsh=1\" alt=\"\" align=\"left\" \/>Produtor de TV (estr\u00e9ia em &#8220;Alcoa Theatre&#8221;, 1960) e roteirista (estr\u00e9ia em &#8220;Mr District Attorney&#8221;, 1964); produtor e roteirista cinematogr\u00e1fico (estr\u00e9ia ambos em &#8220;Pretty Maids All in a Row&#8221;, 1971); destaca-se escrevendo para seriados como &#8220;Highway Patrol&#8221; (1955), &#8220;West Point&#8221; (1956), &#8220;Boots and Saddles&#8221; (1957), etc; sucesson com as teles\u00e9ries (1966 a 1969, 80 epis\u00f3dios) e longas de &#8220;Star Trek&#8221; (1979).<\/p>\n<p><i>(indica\u00e7\u00e3o de Ricardo Tosi, 2009).<\/i><\/td>\n<td width=\"407\">\n<table align=\"left\">\n<tbody>\n<tr>\n<td><img decoding=\"async\" class=\"CToWUd\" src=\"https:\/\/mail.google.com\/mail\/u\/2\/?ui=2&amp;ik=d4016f14b7&amp;view=fimg&amp;th=14f469574b59d06d&amp;attid=0.29&amp;disp=emb&amp;attbid=ANGjdJ_0QhSDplntwefvd1Tf_ISUkV6qEi18HvPLjYc76cQRB5ullaE2A4xnIQYMmZkjrx05FeGxlVVpkBtuSW4kceLy7po0KZZQA-DREIgR7ACKEFTTYEWWmzVlkxA&amp;sz=s0-l75-ft&amp;ats=1439998465812&amp;rm=14f469574b59d06d&amp;zw&amp;atsh=1\" alt=\"\" \/><\/td>\n<\/tr>\n<tr>\n<td>Fernando Vieira<br \/>\nde Mello<\/td>\n<\/tr>\n<\/tbody>\n<\/table>\n<p align=\"justify\"><img decoding=\"async\" class=\"CToWUd\" src=\"https:\/\/mail.google.com\/mail\/u\/2\/?ui=2&amp;ik=d4016f14b7&amp;view=fimg&amp;th=14f469574b59d06d&amp;attid=0.5&amp;disp=emb&amp;attbid=ANGjdJ87fYFNT5feAEYUkYoGGbZ8l1jtWL-P2dJPEB_SUg3Jo3wcLdx_THWd6jHDJv5C2TfqUiKJ6KXHGa39YiAv7TFlW1ZrgLV_M1goS0Om7fNvN5LFCIYcqH_F3Lg&amp;sz=s0-l75-ft&amp;ats=1439998465812&amp;rm=14f469574b59d06d&amp;zw&amp;atsh=1\" alt=\"\" \/><b>\u00a0FERNANDO VIEIRA DE MELLO<\/b><\/p>\n<p><b>Nascimento:<\/b>\u00a019\/08\/1929, Guar\u00e1, S\u00e3o Paulo, Brasil<\/p>\n<p><b>Casamento:<\/b>\u00a0Maria Aparecida Barbosa (filhos Fernando Vieira de Mello Filho, jornalista e Judite)<\/p>\n<p><b>Falecimento:<\/b>\u00a001\/01\/2001, S\u00e3o Paulo, S\u00e3o Paulo, Brasil<\/p>\n<p><img decoding=\"async\" class=\"CToWUd\" src=\"https:\/\/mail.google.com\/mail\/u\/2\/?ui=2&amp;ik=d4016f14b7&amp;view=fimg&amp;th=14f469574b59d06d&amp;attid=0.17&amp;disp=emb&amp;attbid=ANGjdJ8yUGdgoqa3xXTQVGhbpdO-EHUSOhPmBY8YSDhoagTX-asug8LUwE7CHRI6DPAlH5OZtCzhSu0ganUHLjOA-DETdFKhUQH8J7JOkIMnedlyc0wNEOvhsKPAEXA&amp;sz=s0-l75-ft&amp;ats=1439998465812&amp;rm=14f469574b59d06d&amp;zw&amp;atsh=1\" alt=\"\" align=\"left\" \/>Jornalista de r\u00e1dio e TV; trabalha na RECORD (por d\u00e9cadas) e na r\u00e1dio JOVEM PAN (chefe do Departamento de Jornalismo); comanda a R\u00e1dio TRIANON (anos 1990 at\u00e9 sua morte) e \u00e9 homenageado pela Prefeitura (Marta Suplicy) com seu nome batizando o t\u00fanel que liga a Av. Rebou\u00e7as \u00e0 Av. Eus\u00e9bio Matoso.<\/p>\n<p><i>(indica\u00e7\u00e3o de Emerson Gomes Ruiz, 2010).<\/i><\/td>\n<td width=\"407\">\n<table align=\"left\">\n<tbody>\n<tr>\n<td><img decoding=\"async\" class=\"CToWUd\" src=\"https:\/\/mail.google.com\/mail\/u\/2\/?ui=2&amp;ik=d4016f14b7&amp;view=fimg&amp;th=14f469574b59d06d&amp;attid=0.30&amp;disp=emb&amp;attbid=ANGjdJ9Edk-Y_FwDvECmJ7N5v36xW7LK7RMRr0wDcDxI3DF4yy6QV6GvvoNKDr-3a-pwUGKddyhPJuTa-rtmz75OJrPWJBUi6BzSJ1wUKhnh9Y5SELxoY7h_a-5-E8U&amp;sz=s0-l75-ft&amp;ats=1439998465813&amp;rm=14f469574b59d06d&amp;zw&amp;atsh=1\" alt=\"\" \/><\/td>\n<\/tr>\n<tr>\n<td>Haroldo de Campos<\/td>\n<\/tr>\n<\/tbody>\n<\/table>\n<p align=\"justify\"><img decoding=\"async\" class=\"CToWUd\" src=\"https:\/\/mail.google.com\/mail\/u\/2\/?ui=2&amp;ik=d4016f14b7&amp;view=fimg&amp;th=14f469574b59d06d&amp;attid=0.5&amp;disp=emb&amp;attbid=ANGjdJ_EB_NtrLUnWr90uTnGu3yvrMlHaSA9kQw1ha6FRKcruGTkaRL_dbpZHJRHc2c08h0-dKO1dbn1QcheQmUmJkb64t-XD2ZyA2yVl7G0p-62iSNJ4_L0cLKpVFg&amp;sz=s0-l75-ft&amp;ats=1439998465813&amp;rm=14f469574b59d06d&amp;zw&amp;atsh=1\" alt=\"\" \/><b>\u00a0HAROLDO EURICO BROWNE DE CAMPOS<\/b><\/p>\n<p><b>Nascimento:<\/b>\u00a019\/08\/1929, S\u00e3o Paulo, S\u00e3o Paulo, Brasil<\/p>\n<p><b>Filia\u00e7\u00e3o:<\/b>\u00a0Tem um irm\u00e3o: Augusto (poeta)<\/p>\n<p><b>Falecimento:<\/b>\u00a016\/08\/2003, S\u00e3o Paulo, S\u00e3o Paulo, Brasil<\/p>\n<p><b>Causa:<\/b>\u00a0Fal\u00eancia m\u00faltipla dos \u00f3rg\u00e3os<\/p>\n<p><img decoding=\"async\" class=\"CToWUd\" src=\"https:\/\/mail.google.com\/mail\/u\/2\/?ui=2&amp;ik=d4016f14b7&amp;view=fimg&amp;th=14f469574b59d06d&amp;attid=0.6&amp;disp=emb&amp;attbid=ANGjdJ_nJN0WXZnBnR9d6fmXKBDKYznlJFODLLaIdHf6_7GRUXWSSqZ400_d6HerzmiRwZufWxXOO93zTdqBLnOCX_rrQ-EI9Ajr-haB5VyOVkAVjDWJvd8HHyyju1w&amp;sz=s0-l75-ft&amp;ats=1439998465813&amp;rm=14f469574b59d06d&amp;zw&amp;atsh=1\" alt=\"\" align=\"left\" \/>Poeta, tradutor e ensa\u00edsta; estuda no Col\u00e9gio S\u00e3o Bento e entra para a Faculdade de Direito da USP (Universidade de S\u00e3o Paulo, fim dos anos 1940), doutorando-se em Filosofia, Letras e Ci\u00eancias Humanas; primeiro livro: &#8220;O Auto do Possesso&#8221; (1949); \u00e9 professor da PUC-SP (Pontif\u00edcia Universidade Cat\u00f3lica de S\u00e3o Paulo) e da Universidade do Texas (Austin, Estados Unidos); participa do Clube da Poesia (com D\u00e9cio Pignatari), de onde sai por divergir do conservadorismo dominante (1952); funda o Grupo Noigandres e edita uma revista com o mesmo t\u00edtulo; inaugura o movimento Concretista (1956 a 1963, que extingue o &#8220;ciclo hist\u00f3rico do verso&#8221;); dirige a cole\u00e7\u00e3o &#8220;Signos&#8221; da editora PERSPECTIVA (at\u00e9 16\/08\/2003, sua morte) e transcreve poemas de Homero, Dante, Mallarm\u00e9, Goethe, Mayakovski, etc, al\u00e9m de textos b\u00edblicos como &#8220;G\u00eanesis&#8221; e &#8220;Eclesiastes&#8221;; autor de obras como &#8220;Xadrez de Estrelas&#8221; (1976), &#8220;A Educa\u00e7\u00e3o dos 5 Sentidos&#8221; (1985), &#8220;A M\u00e1quina do Mundo Repensada&#8221; (2001), etc; pr\u00eamios JABUTI (1991, 1993, 1994, 1999 e 2002) e OCTAVIO PAZ de Poesia y Ensaio (1999, M\u00e9xico).<\/td>\n<\/tr>\n<tr>\n<td width=\"407\">\n<table align=\"left\">\n<tbody>\n<tr>\n<td><img decoding=\"async\" class=\"CToWUd\" src=\"https:\/\/mail.google.com\/mail\/u\/2\/?ui=2&amp;ik=d4016f14b7&amp;view=fimg&amp;th=14f469574b59d06d&amp;attid=0.31&amp;disp=emb&amp;attbid=ANGjdJ-PXcE5BrgEc0Nan-L3QVsbWEd4vSQr6Osjej5K8kCEsigISt5BMw3EEvtbW32eB09nywVOT4akF5P27IUo56dHlIWrheiZDGWZGZ0qdwJBoO2ENaZ5e5Kw7Uo&amp;sz=s0-l75-ft&amp;ats=1439998465813&amp;rm=14f469574b59d06d&amp;zw&amp;atsh=1\" alt=\"\" \/><\/td>\n<\/tr>\n<tr>\n<td>Debra Paget<\/td>\n<\/tr>\n<\/tbody>\n<\/table>\n<p align=\"justify\"><img decoding=\"async\" class=\"CToWUd\" src=\"https:\/\/mail.google.com\/mail\/u\/2\/?ui=2&amp;ik=d4016f14b7&amp;view=fimg&amp;th=14f469574b59d06d&amp;attid=0.9&amp;disp=emb&amp;attbid=ANGjdJ-S1PUm8m5e6OlmucMTPfv-Qlcj525ean9d88v_KdMa97rtaAjxKWMOls5rL0gpR1ZV9qDxa9A-i9KoeSb1U-Ai2T9o1kP-HlObzknhOlpmBkmO21BeuYtOfZ4&amp;sz=s0-l75-ft&amp;ats=1439998465813&amp;rm=14f469574b59d06d&amp;zw&amp;atsh=1\" alt=\"\" \/><b>\u00a0DEBRALEE GRIFFIN<\/b><\/p>\n<p><b>Nascimento:<\/b>\u00a019\/08\/1933, Denver, Colorado, Estados Unidos<\/p>\n<p><b>Filia\u00e7\u00e3o:<\/b>\u00a0Tem as irm\u00e3s Teala Loring, Lisa Gaye (atriz) e Frank Griffin<\/p>\n<p><b>Casamento:<\/b>\u00a0David Street, ator e cantor (14\/01\/1958 a 10\/04\/1958, div\u00f3rcio), Budd Boetticher (28\/03\/1960 a 24\/08\/1961, div\u00f3rcio) e Louis C. Kung, chin\u00eas do setor petroleiro sobrinho de Chiang Kai-Shek (19\/04\/1962 a 1980, div\u00f3rcio): filho Greg<\/p>\n<p><img decoding=\"async\" class=\"CToWUd\" src=\"https:\/\/mail.google.com\/mail\/u\/2\/?ui=2&amp;ik=d4016f14b7&amp;view=fimg&amp;th=14f469574b59d06d&amp;attid=0.17&amp;disp=emb&amp;attbid=ANGjdJ8HtO00izUj6n4KTuEF0D-5K-KYMRvzvo1qjvDRkrCI4EL_Zirvwld4FdobiZgNAz1FCNc_OQkvi5IPGIG4mE2SRRFjyDdhPbHez6iwD5f_awD6bg-4jO6lS-E&amp;sz=s0-l75-ft&amp;ats=1439998465814&amp;rm=14f469574b59d06d&amp;zw&amp;atsh=1\" alt=\"\" align=\"left\" \/>Atriz cinematogr\u00e1fica (estr\u00e9ia em &#8220;Cry of the City&#8221;, 1948) e TV (estr\u00e9ia em &#8220;The 20th Century-Fox Hour&#8221;, 1956); destaca-se em filmes como &#8220;Les Miserables&#8221; (1952), &#8220;The Ten Commandments&#8221; (1956, &#8220;Os Dez Mandamentos&#8221;), &#8220;Der Tiger von Eschnapur&#8221; (1959, &#8220;O Tigre de Bengala&#8221;), etc. e em seriados de TV como &#8220;Climax!&#8221; (1956), &#8220;Wagon Train&#8221; (1958), &#8220;Rawhide&#8221; (1960), etc.<\/p>\n<p><i>(indica\u00e7\u00e3o de Elson Lima, 2011).<\/i><\/td>\n<td width=\"407\">\n<table align=\"left\">\n<tbody>\n<tr>\n<td><img decoding=\"async\" class=\"CToWUd\" src=\"https:\/\/mail.google.com\/mail\/u\/2\/?ui=2&amp;ik=d4016f14b7&amp;view=fimg&amp;th=14f469574b59d06d&amp;attid=0.32&amp;disp=emb&amp;attbid=ANGjdJ8xu9E9hUFZrk5133Q9S2SCF1TqgyP76FwNFPNtbAD3q3fsrvMH2dASyr3a-2-aJFoirhqJYp6G54-Bn-JTT7UVtMUq1tw5aKTSvzyrWMtm3NmiKjbI72Fp-Bw&amp;sz=s0-l75-ft&amp;ats=1439998465814&amp;rm=14f469574b59d06d&amp;zw&amp;atsh=1\" alt=\"\" \/><\/td>\n<\/tr>\n<tr>\n<td>Ren\u00e9e Richards<\/td>\n<\/tr>\n<\/tbody>\n<\/table>\n<p><img decoding=\"async\" class=\"CToWUd\" src=\"https:\/\/mail.google.com\/mail\/u\/2\/?ui=2&amp;ik=d4016f14b7&amp;view=fimg&amp;th=14f469574b59d06d&amp;attid=0.9&amp;disp=emb&amp;attbid=ANGjdJ8--zpOpHarmj72qoXNYjrwWPr6zUqwE4uap5t2tKcahzXSO2F7QisARkgtdIAcxgaJKYf_vnifqOga2kI2pW1cPDRwWKT0XnjHq_L9eln1I2ZA-qCPy8QB6Tg&amp;sz=s0-l75-ft&amp;ats=1439998465814&amp;rm=14f469574b59d06d&amp;zw&amp;atsh=1\" alt=\"\" \/><b>\u00a0RICHARD RASKIND<\/b><\/p>\n<p><b>Nascimento:<\/b>\u00a019\/08\/1934, Estados Unidos<\/p>\n<p><b>Casamento:<\/b>\u00a0\u00danica transexual conhecida na hist\u00f3ria do t\u00eanis<\/p>\n<p><img decoding=\"async\" class=\"CToWUd\" src=\"https:\/\/mail.google.com\/mail\/u\/2\/?ui=2&amp;ik=d4016f14b7&amp;view=fimg&amp;th=14f469574b59d06d&amp;attid=0.27&amp;disp=emb&amp;attbid=ANGjdJ_fGMU-xCP44hfHlgdP3RdWu-VgYZ905w0krGhA_lvAhSQqlRDI2trqVpFhCbQjUQJcHtxoDjHKgx6z0GPLtMyvMmvysPW9TuQOLfD1bZQRNMQ9_ykcJUJTb7g&amp;sz=s0-l75-ft&amp;ats=1439998465814&amp;rm=14f469574b59d06d&amp;zw&amp;atsh=1\" alt=\"\" align=\"left\" \/>Tenista; capit\u00e3o do time de tenistas do col\u00e9gio (anos 1940) e da Universidade de Yale (1954); serve a USNAVY (Marinha norte-americana), disputa a chave masculina do OS OPEN (1960); assume a feminilidade (1975), partindo para uma cirurgia na Europa, para a troca do sexo; tem o direito de participar do Aberto dos Estados Unidos negado (1976) e vai \u00e0 justi\u00e7a para poder competir entre as mulheres, obtendo permiss\u00e3o da Suprema Corte de New York para participar do Grand Slam norte-americano (1977); 20\u00ba do ranking a ATP (Associa\u00e7\u00e3o dos Tenistas Profissionais, anos 1970), entra para o USTA Eastern Tennis Hall of Fame (2000).<\/td>\n<td width=\"407\">\n<table align=\"left\">\n<tbody>\n<tr>\n<td><img decoding=\"async\" class=\"CToWUd\" src=\"https:\/\/mail.google.com\/mail\/u\/2\/?ui=2&amp;ik=d4016f14b7&amp;view=fimg&amp;th=14f469574b59d06d&amp;attid=0.33&amp;disp=emb&amp;attbid=ANGjdJ-A_A4S8NWerzvOICYxPakC6pywGy36AafNOmcz7mw5tfnil8O4AQiQ4CtX6PxULbmgUINZGO1b4SYSf3Wwj1nJ-pVVxgSTPEh5lygwLAgm6TCqhdZ8ajNUqPM&amp;sz=s0-l75-ft&amp;ats=1439998465815&amp;rm=14f469574b59d06d&amp;zw&amp;atsh=1\" alt=\"\" \/><\/td>\n<\/tr>\n<tr>\n<td>Tereza Raquel<\/td>\n<\/tr>\n<\/tbody>\n<\/table>\n<p><img decoding=\"async\" class=\"CToWUd\" src=\"https:\/\/mail.google.com\/mail\/u\/2\/?ui=2&amp;ik=d4016f14b7&amp;view=fimg&amp;th=14f469574b59d06d&amp;attid=0.5&amp;disp=emb&amp;attbid=ANGjdJ8PPV6uC1BogZgAJ7kiLDcT97dryyrKHBdHa-VVVLPzdOBMuDo9HcIN_fesTaMtJrQp0UVwl331-xP9ONTjrikg_Mg_HqbS6cPBNdANFfEjW1p3LSHZPrN-ozI&amp;sz=s0-l75-ft&amp;ats=1439998465815&amp;rm=14f469574b59d06d&amp;zw&amp;atsh=1\" alt=\"\" \/><b>\u00a0TERESINHA BRANDWAIN DE LA SIERRA<\/b><\/p>\n<p><b>Nascimento:<\/b>\u00a019\/08\/1935, Nil\u00f3polis, Rio de Janeiro, Brasil<\/p>\n<p><b>Casamento:<\/b>\u00a0Ipojuca Pontes<\/p>\n<p><img decoding=\"async\" class=\"CToWUd\" src=\"https:\/\/mail.google.com\/mail\/u\/2\/?ui=2&amp;ik=d4016f14b7&amp;view=fimg&amp;th=14f469574b59d06d&amp;attid=0.17&amp;disp=emb&amp;attbid=ANGjdJ_81LTwdlFB5w2aOA8xrmACKbGmvVqHae1gvFkP14vFFlziB0XE9Xt76T8WFT-pSoOf7vJL36AoHCtDVMY9ug__lmewoy4jsT1rGtpgLLJmjEOstkCk6NP8EeU&amp;sz=s0-l75-ft&amp;ats=1439998465815&amp;rm=14f469574b59d06d&amp;zw&amp;atsh=1\" alt=\"\" align=\"left\" \/>Atriz de teatro (estr\u00e9ia em &#8220;Os Elegantes&#8221;, 1955), cinema (estr\u00e9ia em &#8220;Genival \u00c9 de Morte&#8221;, 1956) e TV; destaca-se em telenovelas como &#8220;Jer\u00f4nimo, o Her\u00f3i do Sert\u00e3o&#8221; (1972, TV TUPI), &#8220;O Astro&#8221; (1977), &#8220;Que Rei Sou Eu?&#8221; (1989), etc; funda o Teatro Tereza Raquel (anos 1970; obrigada a arrend\u00e1-lo nos anos 1990).<\/p>\n<p><i>(atualiza\u00e7\u00e3o de Elson Lima, 2007).<\/i><\/td>\n<td width=\"407\">\n<table align=\"left\">\n<tbody>\n<tr>\n<td><img decoding=\"async\" class=\"CToWUd\" src=\"https:\/\/mail.google.com\/mail\/u\/2\/?ui=2&amp;ik=d4016f14b7&amp;view=fimg&amp;th=14f469574b59d06d&amp;attid=0.34&amp;disp=emb&amp;attbid=ANGjdJ-BvFQdXYPibPOYCBU7IaWlO_8dBuR5V38ksCnezEYLKNheG1wi0v044o8BmE659tzljLPG1cOqVRhC2u9KropVX5DQXrjcNV50Jffhb-M2HvKqyE1D5z-p4VY&amp;sz=s0-l75-ft&amp;ats=1439998465815&amp;rm=14f469574b59d06d&amp;zw&amp;atsh=1\" alt=\"\" \/><\/td>\n<\/tr>\n<tr>\n<td>Jill St. John<\/td>\n<\/tr>\n<\/tbody>\n<\/table>\n<p><img decoding=\"async\" class=\"CToWUd\" src=\"https:\/\/mail.google.com\/mail\/u\/2\/?ui=2&amp;ik=d4016f14b7&amp;view=fimg&amp;th=14f469574b59d06d&amp;attid=0.9&amp;disp=emb&amp;attbid=ANGjdJ-sabas7x5yYKHc0pPq1mj585i2Cp03YAfuBfySTXVl9-5Yfpqtqje3UBDuYEw1ND-9SoItJptVgdrbCwoLiLvpGwC2dpo4BpVaWettMrn8KMlxA2ZrtKUmPn8&amp;sz=s0-l75-ft&amp;ats=1439998465815&amp;rm=14f469574b59d06d&amp;zw&amp;atsh=1\" alt=\"\" \/><b>\u00a0JILL ARLYN OPPENHEIM<\/b><\/p>\n<p><b>Nascimento:<\/b>\u00a019\/08\/1940, Los Angeles, California, Estados Unidos<\/p>\n<p><b>Filia\u00e7\u00e3o:<\/b>\u00a0Edward Oppenheim e Betty<\/p>\n<p><b>Casamento:<\/b>\u00a0Neil Dublin (23\/05\/1957 a 03\/06\/1958, div\u00f3rcio); Lance Reventlow (24\/03\/1960 a 30\/10\/1963, div\u00f3rcio); Jack Jones (14\/10\/1967 a 1969, div\u00f3rcio); Robert Wagner (26\/05\/1990)<\/p>\n<p><img decoding=\"async\" class=\"CToWUd\" src=\"https:\/\/mail.google.com\/mail\/u\/2\/?ui=2&amp;ik=d4016f14b7&amp;view=fimg&amp;th=14f469574b59d06d&amp;attid=0.17&amp;disp=emb&amp;attbid=ANGjdJ-LIdFR43KlCKy_y10VclaEVG6Z_j00D2xTBJ0Vxm8noVwQ3DyAToQTynR7DoNNGgsoXTxYeWmhBVlMufQfNT8ybrafcZmBcH3VFgPLAsiEPPurvqGhhJmaHwA&amp;sz=s0-l75-ft&amp;ats=1439998465815&amp;rm=14f469574b59d06d&amp;zw&amp;atsh=1\" alt=\"\" align=\"left\" \/>Atriz de TV (estr\u00e9ia em &#8220;Sandy Dreams&#8221;, 1949) e cinema (estr\u00e9ia em &#8220;Thunder in the East&#8221; (1952, n\u00e3o creditado); destaca-se em filmes como &#8220;Summer Love&#8221; (1958), &#8220;The Lost World&#8221; (1960), &#8220;The Liquidator&#8221; (1965), etc. e teles\u00e9ries como &#8220;Bob Hope Presents the Chrysler Theatre&#8221; (1963 a 1965), &#8220;The Love Boat&#8221; (1979 a 1982), &#8220;Emerald Point N.A.S.&#8221; (1983 a 1984), etc; indicada ao GOLDEN GLOBE de Atriz de Musicais e Com\u00e9dias por &#8220;Come Blow Your Horn&#8221; (1963).<\/p>\n<p><i>(indica\u00e7\u00e3o de Elson Lima, 2007; atualiza\u00e7\u00e3o de Maria Jos\u00e9 da Costa Peixoto, 2014).<\/i><\/td>\n<\/tr>\n<tr>\n<td width=\"407\">\n<table align=\"left\">\n<tbody>\n<tr>\n<td><img decoding=\"async\" class=\"CToWUd\" src=\"https:\/\/mail.google.com\/mail\/u\/2\/?ui=2&amp;ik=d4016f14b7&amp;view=fimg&amp;th=14f469574b59d06d&amp;attid=0.35&amp;disp=emb&amp;attbid=ANGjdJ_opv9W9A_Gvlgd_vqWiy3-yBZwiCYAKVCzXhsHXFLFS6IAbjX3gIqlua8ZNPIDoWn1wimzRP4VWDtE22C3OCyWKXA46nR7TQb9khF5VhmZGX46ds7eqOnawtc&amp;sz=s0-l75-ft&amp;ats=1439998465816&amp;rm=14f469574b59d06d&amp;zw&amp;atsh=1\" alt=\"\" \/><\/td>\n<\/tr>\n<tr>\n<td>Sandro<\/td>\n<\/tr>\n<\/tbody>\n<\/table>\n<p align=\"justify\"><img decoding=\"async\" class=\"CToWUd\" src=\"https:\/\/mail.google.com\/mail\/u\/2\/?ui=2&amp;ik=d4016f14b7&amp;view=fimg&amp;th=14f469574b59d06d&amp;attid=0.26&amp;disp=emb&amp;attbid=ANGjdJ9DirCw8d_VDe0nmVlf42pwPKCUmwewaumhhgZ-o56l1Z6vfDmpQhgNjVAKieZkvwxpoRID7_arqCR7cWW0SJD8-QQ5yllWiF3a8xRkccp96fXEVykLaLiUwvc&amp;sz=s0-l75-ft&amp;ats=1439998465816&amp;rm=14f469574b59d06d&amp;zw&amp;atsh=1\" alt=\"\" \/><b>\u00a0ROBERTO SANCHEZ<\/b><\/p>\n<p><b>Nascimento:<\/b>\u00a019\/08\/1945, Maternidad S\u00e1rda, Buenos Aires, Argentina<\/p>\n<p><b>Filia\u00e7\u00e3o:<\/b>\u00a0Vicente Sanchez e Nydia Irma Ocampo<\/p>\n<p><b>Casamento:<\/b>\u00a0Olga Garaventa (2007 a 04\/01\/2010, sua morte)<\/p>\n<p><b>Falecimento:<\/b>\u00a004\/01\/2010, Mendoza, Argentina<\/p>\n<p><b>Causa:<\/b>\u00a0Pneumonia causada por enfisema pulmonar cr\u00f4nica<\/p>\n<p><img decoding=\"async\" class=\"CToWUd\" src=\"https:\/\/mail.google.com\/mail\/u\/2\/?ui=2&amp;ik=d4016f14b7&amp;view=fimg&amp;th=14f469574b59d06d&amp;attid=0.17&amp;disp=emb&amp;attbid=ANGjdJ9IloiCQv2_VJkrtwUtx_tlL-3uygz3O_MPCpQzq0RlIAFf4qa4-y4hup40Sl9kYb8_Ks0DotY63BH-H27K5z3Rnb5XXrnvbN8bGG_oUsLkrNI6ZSnhmwlet7E&amp;sz=s0-l75-ft&amp;ats=1439998465816&amp;rm=14f469574b59d06d&amp;zw&amp;atsh=1\" alt=\"\" align=\"left\" \/>Cantor e compositor &#8220;pop&#8221; e ator cinematogr\u00e1fico (estr\u00e9ia em &#8220;Convenci\u00f3n de Vagabundos&#8221;, 1965); um dos precursores do &#8220;pop rock&#8221; espanhol (anos 1960); forma a banda THE POODLES DE OKLAHOMA; primeiro &#8220;single&#8221;: &#8220;Comiendo Rosquitas Calientes en el Puente Alsina&#8221; (tida entre os 100 melhores rocks argentinos pela revista &#8220;Rolling Stone&#8221;); autor de sucessos como &#8220;Give Me Fire&#8221;, &#8220;Rosa, Rosa&#8221;, &#8220;Tengo&#8221; (vers\u00e3o da m\u00fasica &#8220;Tenho&#8221; de Sidney Magal), etc; destaca-se em filmes como &#8220;Siempre te Amar\u00e9&#8221; (1971), &#8220;El Deseo de Vivir&#8221; (1973), &#8220;Sub\u00ed que te Llevo&#8221; (1980), etc; faz 16 filmes e \u00e9 o primeiro latino a cantar no Madison Square Garden; GRAMMY LATINO (2005).<\/p>\n<p><i>(indica\u00e7\u00e3o de Johnny, 2010).<\/i><\/td>\n<td width=\"407\">\n<table align=\"left\">\n<tbody>\n<tr>\n<td><img decoding=\"async\" class=\"CToWUd\" src=\"https:\/\/mail.google.com\/mail\/u\/2\/?ui=2&amp;ik=d4016f14b7&amp;view=fimg&amp;th=14f469574b59d06d&amp;attid=0.36&amp;disp=emb&amp;attbid=ANGjdJ-wHW6pXlQvFqM4SwO0ZoZsdAt4spnYtXto7L7FqZaqvIo384Wl9T39s_coM6aEkHF5UdahEJt7eJHqGuoyo7JvbePDDL0IA11bOiKihUuvlEkUBOtwg8ByaNI&amp;sz=s0-l75-ft&amp;ats=1439998465817&amp;rm=14f469574b59d06d&amp;zw&amp;atsh=1\" alt=\"\" \/><\/td>\n<\/tr>\n<tr>\n<td>Bill Clinton<\/td>\n<\/tr>\n<\/tbody>\n<\/table>\n<p align=\"justify\"><img decoding=\"async\" class=\"CToWUd\" src=\"https:\/\/mail.google.com\/mail\/u\/2\/?ui=2&amp;ik=d4016f14b7&amp;view=fimg&amp;th=14f469574b59d06d&amp;attid=0.9&amp;disp=emb&amp;attbid=ANGjdJ-Ls0fBMijee1TRdNAOMsbdCc4GBesbdVAcmu9GNwBw7LPB7-3gFJPGnjEf7UHA-xbLDzHqgXnEGjr1tMPMbCLW1F3RRm6VOg_meAyQbabu0ATKaMJl1sH22Y0&amp;sz=s0-l75-ft&amp;ats=1439998465817&amp;rm=14f469574b59d06d&amp;zw&amp;atsh=1\" alt=\"\" \/><b>\u00a0WILLIAM JEFFERSON BLYTHE III<\/b><\/p>\n<p align=\"justify\"><b>Nascimento:<\/b>\u00a019\/08\/1946, Hope, Arkansas, Estados Unidos<\/p>\n<p><b>Filia\u00e7\u00e3o:<\/b>\u00a0William Jefferson Blythe Jr (comerciante) e Virginia Dell Cassidy<\/p>\n<p><b>Casamento:<\/b>\u00a0Hillary Rodham (11\/10\/1975): filha Chelsea (27\/02\/1980)<\/p>\n<p><img decoding=\"async\" class=\"CToWUd\" src=\"https:\/\/mail.google.com\/mail\/u\/2\/?ui=2&amp;ik=d4016f14b7&amp;view=fimg&amp;th=14f469574b59d06d&amp;attid=0.12&amp;disp=emb&amp;attbid=ANGjdJ9V1xyBRPpFVl-4tPAFFyCTu792qccA0YdGzvwQsqZIStLLai3sqdcTNbteh-07L2FbnIkDNKINfftzICkks8H37OYGCBug88by0BfbIH-3p8oR8tm_h7ZeS68&amp;sz=s0-l75-ft&amp;ats=1439998465817&amp;rm=14f469574b59d06d&amp;zw&amp;atsh=1\" alt=\"\" align=\"left\" \/>Pol\u00edtico democrata; formado em Direito na Universidade de Yale, \u00e9 batista e torna-se Governador do Arkansas (por 2 mandatos); 42\u00ba Presidente (20\/01\/1993 a 20\/01\/2001 &#8211; terciro presidente mais jovem &#8211; \u00e9 reeleito, sendo o primeiro democrata a consegui-lo desde Roosevelt); toma posse no final da Guerra Fria e, entre suas pol\u00edticas, est\u00e3o o Acordo do Livre Com\u00e9rcio Norte Americano e a reforma do bem estar social; envolve-se em esc\u00e2ndalos sexuais Paula Jones e Monica Lewinsky (estagi\u00e1ria da Casa Branca, 1997) e sofre &#8220;impeachment&#8221;, mas \u00e9 absolvido; deixa o cargo com o maior \u00edndice de aprova\u00e7\u00e3o desde a II Guerra Mundial e passa a dar palestras e a desenvolver trabalhos humanit\u00e1rios; cria a &#8220;William J. Clinton Foundation&#8221; para promover e tratar causas internacionais como preven\u00e7\u00e3o da AIDS e aquecimento global; lan\u00e7a sua autobiografia &#8220;Minha Vida&#8221; (2004) e ap\u00f3ia as candidaturas de sua esposa e de Barack Obama \u00e0 presid\u00eancia (2008); enviado especial da ONU ao Haiti (2009), forma com George W. Bush a &#8220;Clinto-Bush Foundation&#8221; (2010).<\/p>\n<p><b><i>&#8220;Quando algu\u00e9m se acha dono de toda a verdade e transforma isso em programa pol\u00edtico, esse algu\u00e9m acha que pode matar quem discorda dele&#8221;.<\/i><\/b><\/td>\n<td width=\"407\">\n<table align=\"left\">\n<tbody>\n<tr>\n<td><img decoding=\"async\" class=\"CToWUd\" src=\"https:\/\/mail.google.com\/mail\/u\/2\/?ui=2&amp;ik=d4016f14b7&amp;view=fimg&amp;th=14f469574b59d06d&amp;attid=0.37&amp;disp=emb&amp;attbid=ANGjdJ-ptnZhz690h2wX65eAqgXhUlkscaTm3eZFOSP-AC9lDjkYPBGHACuXI0NcvwJ95IyizkFbc4s3z8M-fq_T6vogXodEv7q34IzJiZtdprqJWpInw-paxIrOhM8&amp;sz=s0-l75-ft&amp;ats=1439998465817&amp;rm=14f469574b59d06d&amp;zw&amp;atsh=1\" alt=\"\" \/><\/td>\n<\/tr>\n<tr>\n<td>John Deacon<\/td>\n<\/tr>\n<\/tbody>\n<\/table>\n<p align=\"justify\"><img decoding=\"async\" class=\"CToWUd\" src=\"https:\/\/mail.google.com\/mail\/u\/2\/?ui=2&amp;ik=d4016f14b7&amp;view=fimg&amp;th=14f469574b59d06d&amp;attid=0.2&amp;disp=emb&amp;attbid=ANGjdJ9YcBthWAi35JaCZE34jtZnsOUXthw4O_yQHUnCitJyVgQIex7yUcO7QxDiPXfrKkZ_hqLOsgELL8vi7QFBExU3SVR-c-MNlBcBtV8DtX9mPW1PAGr0PPWOFFc&amp;sz=s0-l75-ft&amp;ats=1439998465818&amp;rm=14f469574b59d06d&amp;zw&amp;atsh=1\" alt=\"\" \/><b>\u00a0JOHN RICHARD DEACON<\/b><\/p>\n<p><b>Nascimento:<\/b>\u00a019\/08\/1951, Oadby, Leicester, Inglaterra<\/p>\n<p><b>Filia\u00e7\u00e3o:<\/b>\u00a0Arthur Henry Deacon e Lilian<\/p>\n<p><b>Casamento:<\/b>\u00a0Veronica Tetzlaff (6 filhos: Robert (18\/071975), Michael (03\/02\/1978), Laura (25\/06\/1979), Joshua (13\/12\/1983), Luke (05\/12\/1992) e Cameron (1993)<\/p>\n<p><img decoding=\"async\" class=\"CToWUd\" src=\"https:\/\/mail.google.com\/mail\/u\/2\/?ui=2&amp;ik=d4016f14b7&amp;view=fimg&amp;th=14f469574b59d06d&amp;attid=0.17&amp;disp=emb&amp;attbid=ANGjdJ_FrAt8szXwqc1qwta7ok0Rr_pSu6I2KqHyTDR-7aY5P6EVAH29a6D68KptNdIeH3cIqPFhovoASL2eS_Hu4KalCdSJErwYzggju6cfYzWOTVGzuJ_q3Tv59Vw&amp;sz=s0-l75-ft&amp;ats=1439998465818&amp;rm=14f469574b59d06d&amp;zw&amp;atsh=1\" alt=\"\" align=\"left\" \/>M\u00fasico (baixista), compositor e cantor da banda QUEEN (1971); autor de sucessos como &#8220;Another One Bites the Dust&#8221;, &#8220;You&#8217;re My Best Friend&#8221;, &#8220;I Want to Break Free&#8221;, etc; ap\u00f3s a morte de Freddie Mercury, deixa a m\u00fasica definitivamente.<\/p>\n<p><i>(indica\u00e7\u00e3o de Fabr\u00edcio Amaral, 2006).<\/i><\/td>\n<td width=\"407\">\n<table align=\"left\">\n<tbody>\n<tr>\n<td><img decoding=\"async\" class=\"CToWUd\" src=\"https:\/\/mail.google.com\/mail\/u\/2\/?ui=2&amp;ik=d4016f14b7&amp;view=fimg&amp;th=14f469574b59d06d&amp;attid=0.38&amp;disp=emb&amp;attbid=ANGjdJ-YMdjqUoEKT02oHAOO7EASoRnmP_SE9xB_TI27oZ8Rkl5XnpmkdVHDD1N-4FKw164CpTr7HvPmo13Qfj__Qsfu5Q-SEqWHCDPTWsK489tvYN_dQzNIkZD0if8&amp;sz=s0-l75-ft&amp;ats=1439998465818&amp;rm=14f469574b59d06d&amp;zw&amp;atsh=1\" alt=\"\" \/><\/td>\n<\/tr>\n<tr>\n<td>Nanni Moretti<\/td>\n<\/tr>\n<\/tbody>\n<\/table>\n<p align=\"justify\"><img decoding=\"async\" class=\"CToWUd\" src=\"https:\/\/mail.google.com\/mail\/u\/2\/?ui=2&amp;ik=d4016f14b7&amp;view=fimg&amp;th=14f469574b59d06d&amp;attid=0.39&amp;disp=emb&amp;attbid=ANGjdJ-c3g50nNTcW-tdoePUoi3cunECBgRTXPMFFq4IbZAXOzGf9x-9uMQqt1jO-9Je_AtBz1KstknEyzPOjOxV6g4toYeVkEFP2jenk2d2FqSv4A4AEUpQSWFM6H4&amp;sz=s0-l75-ft&amp;ats=1439998465818&amp;rm=14f469574b59d06d&amp;zw&amp;atsh=1\" alt=\"\" \/><b>\u00a0GIOVANNI MORETTI<\/b><\/p>\n<p><b>Nascimento:<\/b>\u00a019\/08\/1953, Brunico, Bolzano, Trentino-Alto Adige, It\u00e1lia<\/p>\n<p><b>Filia\u00e7\u00e3o:<\/b>\u00a0Luigi Moretti<\/p>\n<p><b>Casamento:<\/b>\u00a0Silvia Nono (filho Pietro, 1996)<\/p>\n<p><img decoding=\"async\" class=\"CToWUd\" src=\"https:\/\/mail.google.com\/mail\/u\/2\/?ui=2&amp;ik=d4016f14b7&amp;view=fimg&amp;th=14f469574b59d06d&amp;attid=0.17&amp;disp=emb&amp;attbid=ANGjdJ_CuFfZ3R-B1iUmakFwzVfLsapaaiv1nYu1FD-Rj_uUGTnUsTNWPwZCz2wTYoClfFM4g1PPNe4ZRuyqPc29x9OGELHEvn2lL2iG_htJqoLE64pwzMDQEaoVKek&amp;sz=s0-l75-ft&amp;ats=1439998465818&amp;rm=14f469574b59d06d&amp;zw&amp;atsh=1\" alt=\"\" align=\"left\" \/>Ator, diretor, produtor e roteirista cinematogr\u00e1fico (estr\u00e9ia todos em &#8220;Pat\u00e9 de Bourgeois&#8221;, 1973); destaca-se dirigindo filmes como &#8220;Come Parli, Frate?&#8221; (1974), &#8220;La Messa \u00e9 Finita&#8221; (1985), &#8220;Il Caimano&#8221; (2006), etc; atua em sucessos como &#8220;Ecce Bombo&#8221; (1978), &#8220;Sogni d&#8217;Oro&#8221; (1981), &#8220;La Seconda Volta&#8221; (1995), etc; indicado ao CESAR de Filme Estrangeiro por &#8220;Caro Diario&#8221; (1993) e &#8220;La Stanza del Figlio&#8221; (2001); PALMA DE OURO de Dire\u00e7\u00e3o no Festival de Cannes por &#8220;Caro Diario&#8221; (1993) e &#8220;La Stanza del Figlio&#8221; (2001).<\/p>\n<p><i>(indica\u00e7\u00e3o de Johnny, 2009).<\/i><\/td>\n<\/tr>\n<tr>\n<td width=\"407\">\n<table align=\"left\">\n<tbody>\n<tr>\n<td><img decoding=\"async\" class=\"CToWUd\" src=\"https:\/\/mail.google.com\/mail\/u\/2\/?ui=2&amp;ik=d4016f14b7&amp;view=fimg&amp;th=14f469574b59d06d&amp;attid=0.40&amp;disp=emb&amp;attbid=ANGjdJ_yRntsmlJjOd6css6QvvIZM12p6iXuxCnR0qIZi4w0ukaPAPmpfT67uW6DAQpj9E1K_ENEVTv95km5AlxQQsY2Fld3rTr7-2qibyWhh91OxwjtOO9TBpd8J0g&amp;sz=s0-l75-ft&amp;ats=1439998465819&amp;rm=14f469574b59d06d&amp;zw&amp;atsh=1\" alt=\"\" \/><\/td>\n<\/tr>\n<tr>\n<td>Peter Gallagher<\/td>\n<\/tr>\n<\/tbody>\n<\/table>\n<p align=\"justify\"><img decoding=\"async\" class=\"CToWUd\" src=\"https:\/\/mail.google.com\/mail\/u\/2\/?ui=2&amp;ik=d4016f14b7&amp;view=fimg&amp;th=14f469574b59d06d&amp;attid=0.9&amp;disp=emb&amp;attbid=ANGjdJ8dSdwt4o9oHHrHMDF-YrvTwumvQbvCxQtOab3kIt1fQx7y6He_dXKlASKU-g9Hx5dNk1GANX6ZgAlxIVfUVWK87C0TOG7ab2HFTcUIZPOjZsnUPBu-kBaxvf0&amp;sz=s0-l75-ft&amp;ats=1439998465819&amp;rm=14f469574b59d06d&amp;zw&amp;atsh=1\" alt=\"\" \/><b>\u00a0PETER KILLIAN GALLAGHER<\/b><\/p>\n<p><b>Nascimento:<\/b>\u00a019\/08\/1955, New York, Estados Unidos<\/p>\n<p><b>Casamento:<\/b>\u00a0Paula Harwood (1983): filhos Jamey e Kathryn<\/p>\n<p><img decoding=\"async\" class=\"CToWUd\" src=\"https:\/\/mail.google.com\/mail\/u\/2\/?ui=2&amp;ik=d4016f14b7&amp;view=fimg&amp;th=14f469574b59d06d&amp;attid=0.17&amp;disp=emb&amp;attbid=ANGjdJ9Gsly23lYEABs-tRzxwphCscc5jj7RQEZnaeT9kOgHGt5uFdCGxua5_-RxNyPtXS4jnNmK9kmSXYzVvGxxWnil0HqUKj_l0VbcR7ZQH0gGVzHPXqWnNWef638&amp;sz=s0-l75-ft&amp;ats=1439998465819&amp;rm=14f469574b59d06d&amp;zw&amp;atsh=1\" alt=\"\" align=\"left\" \/>Ator de TV (estr\u00e9ia em &#8220;The Guiding Light&#8221;, 1952) e cinema (estr\u00e9ia em &#8220;The Idolmaker&#8221; (1980); destaca-se em filmes como &#8220;Summer Lovers&#8221; (1982), &#8220;My Little Girl&#8221; (1987), &#8220;Last Dance&#8221; (1996), etc. e em seriados de TV como &#8220;Fallen Angels&#8221; (1993), &#8220;Family Guy&#8221; (2001), &#8220;The O.C.&#8221; (2003 a 2007), etc.<\/p>\n<p><i>(indica\u00e7\u00e3o de Marianita Carlotita, 2008).<\/i><\/td>\n<td width=\"407\">\n<table align=\"left\">\n<tbody>\n<tr>\n<td><img decoding=\"async\" class=\"CToWUd\" src=\"https:\/\/mail.google.com\/mail\/u\/2\/?ui=2&amp;ik=d4016f14b7&amp;view=fimg&amp;th=14f469574b59d06d&amp;attid=0.41&amp;disp=emb&amp;attbid=ANGjdJ_caDg9lAOD30dPyKwuVCGyvyI8fNcgc2sDn8Dch7Qes4LdHxW-9S7T48KVZ0Iq4-TSvWq-PRHQ4ZxHl9gDSciFLWpWOSf3ZAR4RewJz7FETqGeb7pUUa5RPDc&amp;sz=s0-l75-ft&amp;ats=1439998465819&amp;rm=14f469574b59d06d&amp;zw&amp;atsh=1\" alt=\"\" \/><\/td>\n<\/tr>\n<tr>\n<td>Marcos Palmeira<\/td>\n<\/tr>\n<\/tbody>\n<\/table>\n<p align=\"justify\"><img decoding=\"async\" class=\"CToWUd\" src=\"https:\/\/mail.google.com\/mail\/u\/2\/?ui=2&amp;ik=d4016f14b7&amp;view=fimg&amp;th=14f469574b59d06d&amp;attid=0.5&amp;disp=emb&amp;attbid=ANGjdJ_CLGdi3Q2vVjVJsYVBN-p1enQomesxaL-NEnjPP3yAZJ0vpTsYwKgyAGfamlMUbAF2TjuYIVTALe0uRUQS755yUlef5Xbca6BMamzzDgWuMani7Wn7EUAKwnI&amp;sz=s0-l75-ft&amp;ats=1439998465820&amp;rm=14f469574b59d06d&amp;zw&amp;atsh=1\" alt=\"\" \/><b>\u00a0MARCOS PALMEIRA DE PAULA<\/b><\/p>\n<p><b>Nascimento:<\/b>\u00a019\/08\/1963, Guanabara (atual Rio de Janeiro), Brasil<\/p>\n<p><b>Filia\u00e7\u00e3o:<\/b>\u00a0Zelito Viana e Vera de Paula<\/p>\n<p><b>Casamento:<\/b>\u00a0Vanessa Barum (div\u00f3rcio); tem uma filha, J\u00falia (18\/09\/2007), com Amora Mautner<\/p>\n<p><img decoding=\"async\" class=\"CToWUd\" src=\"https:\/\/mail.google.com\/mail\/u\/2\/?ui=2&amp;ik=d4016f14b7&amp;view=fimg&amp;th=14f469574b59d06d&amp;attid=0.17&amp;disp=emb&amp;attbid=ANGjdJ8aCo2KUaIbkQpkGwWPhsKvftG_wZLmoxsl8cgmVJIbYxFqRwE1RZ5hbmkn2Fr3G9N62u2kAJR-EU6T2lFA2JqrkQyrs2AjX_m8z4iV2IXf7Fm0KvWSJpcM2Og&amp;sz=s0-l75-ft&amp;ats=1439998465820&amp;rm=14f469574b59d06d&amp;zw&amp;atsh=1\" alt=\"\" align=\"left\" \/>Ator cinematogr\u00e1fico (estr\u00e9ia em &#8220;Copacabana me Engana&#8221;, 1968), teatro e TV (estr\u00e9ia em &#8220;Um Trem para as Estrelas&#8221;, 1987); destaca-se em filmes como &#8216;Mem\u00f3rias do C\u00e1rcere&#8217; (1984), &#8220;Leila Diniz&#8221; (1987), &#8220;O Amor est\u00e1 no Ar&#8221; (1997), etc. e novelas da Rede Globo como &#8216;Vale Tudo&#8217; (1988), &#8220;Salsa e Merengue&#8221; (1996), &#8220;Bel\u00edssima&#8221; (2006), etc; KIKITO de Coadjuvante em Gramado por &#8220;Ded\u00e9 Mamata&#8221; (1988) e Ator por &#8220;Barrela &#8211; Escola de Crimes&#8221; (1990); CANDANGO de Ator no Festival de Bras\u00edlia por &#8220;Anahy de las Missiones&#8221; (1997).<\/p>\n<p><i>(atualiza\u00e7\u00e3o de Marianita Carlotita e Marrod, 2008).<\/i><\/td>\n<td width=\"407\">\n<table align=\"left\">\n<tbody>\n<tr>\n<td><img decoding=\"async\" class=\"CToWUd\" src=\"https:\/\/mail.google.com\/mail\/u\/2\/?ui=2&amp;ik=d4016f14b7&amp;view=fimg&amp;th=14f469574b59d06d&amp;attid=0.42&amp;disp=emb&amp;attbid=ANGjdJ_XB7sT4l3G-sNgnvxn503zeADVsyMmWuLfTRB8zyaUmdloSymwdvcmwOqVRF2xxnR9VRxwd-Fu4v2I_JaV4pB_Cs49jNcKhjOvpmJ_LxpQ-JQbi_PG39dAxWA&amp;sz=s0-l75-ft&amp;ats=1439998465820&amp;rm=14f469574b59d06d&amp;zw&amp;atsh=1\" alt=\"\" \/><\/td>\n<\/tr>\n<tr>\n<td>Joey Tempest<\/td>\n<\/tr>\n<\/tbody>\n<\/table>\n<p align=\"justify\"><img decoding=\"async\" class=\"CToWUd\" src=\"https:\/\/mail.google.com\/mail\/u\/2\/?ui=2&amp;ik=d4016f14b7&amp;view=fimg&amp;th=14f469574b59d06d&amp;attid=0.43&amp;disp=emb&amp;attbid=ANGjdJ9lpL_UaCxxSa3BbzpDO8YofFix-dTR3rfuBjm-affepMRmC_WEz7a_oveed_JFtcS_HgafgE7KpGaWCJroJeant3DlC-ZNrtjM-viRR5dXlRtOpeDay-pgKP4&amp;sz=s0-l75-ft&amp;ats=1439998465820&amp;rm=14f469574b59d06d&amp;zw&amp;atsh=1\" alt=\"\" \/><b>\u00a0ROLF MAGNUS JOAKIM LARSSON<\/b><\/p>\n<p><b>Nascimento:<\/b>\u00a019\/08\/1963, Upplands V\u00e4sby, Stockholms I\u00e4n, Su\u00e9cia<\/p>\n<p><b>Filia\u00e7\u00e3o:<\/b>\u00a0Tem uma irm\u00e3: Lotta<\/p>\n<p><b>Casamento:<\/b>\u00a0Lisa Worthington, inglesa (29\/09\/2000): filho James (12\/10\/2007)<\/p>\n<p><img decoding=\"async\" class=\"CToWUd\" src=\"https:\/\/mail.google.com\/mail\/u\/2\/?ui=2&amp;ik=d4016f14b7&amp;view=fimg&amp;th=14f469574b59d06d&amp;attid=0.17&amp;disp=emb&amp;attbid=ANGjdJ-uRFm542GGZQCmMhJNrYFTFVGfcubLUd1THtYaSEyx4GvMWt63kKvAmjpvch3i_FrzV1fWaLtZN7XuKH49Ryxus1rbHwiFZiPwnc4WFhPARm1-MZziKAR4XDE&amp;sz=s0-l75-ft&amp;ats=1439998465820&amp;rm=14f469574b59d06d&amp;zw&amp;atsh=1\" alt=\"\" align=\"left\" \/>M\u00fasico (pianista e violonista), compositor e vocalista de &#8220;rock&#8221;; funda as bandas MADE IN HONG KONG (depois JET e depois BLAZER) e ROXANNE; atua na banda WC (1979, depois FORCE e depois EUROPE, 1982 a 1992); primeiro \u00e1lbum da banda: &#8220;Europe&#8221; (1983); autor de can\u00e7\u00f5es como &#8220;Hero&#8221;, &#8220;Roll with You&#8221;, &#8220;One of a Kind&#8221;, etc; segue carreira solo com o \u00e1lbum &#8220;A Place to Call Home&#8221; (1995).<\/p>\n<p><i>(indica\u00e7\u00e3o de Luan Daniel Sehn, 2010).<\/i><\/td>\n<td width=\"407\">\n<table align=\"left\">\n<tbody>\n<tr>\n<td><img decoding=\"async\" class=\"CToWUd\" src=\"https:\/\/mail.google.com\/mail\/u\/2\/?ui=2&amp;ik=d4016f14b7&amp;view=fimg&amp;th=14f469574b59d06d&amp;attid=0.44&amp;disp=emb&amp;attbid=ANGjdJ_4-IPeR7zxFcMmVJlVVRLcGD2T26o9TkiuSMxVQrPW1e6QIz3pDxzQ3lZkb7yXmuY8aYq5XOTaZescD5j4d41w_EEJY0SW-32tYhLzsXcE55eVqA59VBAemYg&amp;sz=s0-l75-ft&amp;ats=1439998465821&amp;rm=14f469574b59d06d&amp;zw&amp;atsh=1\" alt=\"\" \/><\/td>\n<\/tr>\n<tr>\n<td>John Stamos<\/td>\n<\/tr>\n<\/tbody>\n<\/table>\n<p align=\"justify\"><img decoding=\"async\" class=\"CToWUd\" src=\"https:\/\/mail.google.com\/mail\/u\/2\/?ui=2&amp;ik=d4016f14b7&amp;view=fimg&amp;th=14f469574b59d06d&amp;attid=0.9&amp;disp=emb&amp;attbid=ANGjdJ-_IqV56RcnzXXDCn6f0jWbpUdwfMRvgk9-r6Jwm-yS6IPWgHFEUb7RqZgpOdngvLFmyxLKgLiRlViD-vpV814tGW5gdnhzdh4rMsYZ0isBwaiZtsWEy4kyTss&amp;sz=s0-l75-ft&amp;ats=1439998465821&amp;rm=14f469574b59d06d&amp;zw&amp;atsh=1\" alt=\"\" \/><b>\u00a0JOHN PHILLIP STAMOS<\/b><\/p>\n<p><b>Nascimento:<\/b>\u00a019\/08\/1963, Cypress, California, Estados Unidos<\/p>\n<p><b>Filia\u00e7\u00e3o:<\/b>\u00a0Bill Stamos e Loretta Phillips<\/p>\n<p><b>Casamento:<\/b>\u00a0Rebecca Romijn (19\/09\/1998 a 01\/03\/2005, div\u00f3rcio)<\/p>\n<p><img decoding=\"async\" class=\"CToWUd\" src=\"https:\/\/mail.google.com\/mail\/u\/2\/?ui=2&amp;ik=d4016f14b7&amp;view=fimg&amp;th=14f469574b59d06d&amp;attid=0.17&amp;disp=emb&amp;attbid=ANGjdJ8f3LawsWiVCeYXq4JrVi976bT4fTp3K7YfldNOGKQEma-VMluKfQSp95Gow5HhcwPeNEBY0NI6AM2OTfVHl9aAMFAOSTIl3xTuljCau6pNynPY73VOZR41994&amp;sz=s0-l75-ft&amp;ats=1439998465821&amp;rm=14f469574b59d06d&amp;zw&amp;atsh=1\" alt=\"\" align=\"left\" \/>Ator de TV (estr\u00e9ia em &#8220;General Hospital&#8221;, 1982 a 1984) e cinema (estr\u00e9ia em &#8220;Never Too Young to Die&#8221;, 1986); destaca-se em filmes como &#8220;Born to Ride&#8221; (1991), &#8220;Dropping Out&#8221; (2000), &#8220;Party Monster&#8221; (2003), etc. e em seriados de TV como &#8220;You Again:&#8221; (1986), &#8220;Full House&#8221; (1987 a 1995), &#8220;ER&#8221; (2005 a 2008), etc.<\/p>\n<p><i>(indica\u00e7\u00e3o de Marianita Carlotita, 2008).<\/i><\/td>\n<\/tr>\n<tr>\n<td width=\"407\">\n<table align=\"left\">\n<tbody>\n<tr>\n<td><img decoding=\"async\" class=\"CToWUd\" src=\"https:\/\/mail.google.com\/mail\/u\/2\/?ui=2&amp;ik=d4016f14b7&amp;view=fimg&amp;th=14f469574b59d06d&amp;attid=0.45&amp;disp=emb&amp;attbid=ANGjdJ9N9uRTMQAh9FUKMbcJ7IiDHfvjBx1Hwi8Ec35-ji8DGXyl7KUu0rKRgxGDVTkAvIzdmALlcFO4L92GYbC6naIf6Qnfeu8zCBvqRzB5uXzNmf-XggnJ8_Qofjg&amp;sz=s0-l75-ft&amp;ats=1439998465822&amp;rm=14f469574b59d06d&amp;zw&amp;atsh=1\" alt=\"\" \/><\/td>\n<\/tr>\n<tr>\n<td>Kevin Dillon<\/td>\n<\/tr>\n<\/tbody>\n<\/table>\n<p align=\"justify\"><img decoding=\"async\" class=\"CToWUd\" src=\"https:\/\/mail.google.com\/mail\/u\/2\/?ui=2&amp;ik=d4016f14b7&amp;view=fimg&amp;th=14f469574b59d06d&amp;attid=0.9&amp;disp=emb&amp;attbid=ANGjdJ8irzTZLkwPbAy9nJguhR0wmepiH_epiaU2dGRaIZxy16GqndpKhn2PhTO49fEeEYa3FVucCVcmO1ItsSs8lBipByCX23xnZg-YaC85K-3OlnRVIMcgbtkf4ww&amp;sz=s0-l75-ft&amp;ats=1439998465822&amp;rm=14f469574b59d06d&amp;zw&amp;atsh=1\" alt=\"\" \/><b>\u00a0KEVIN BRADY DILLON<\/b><\/p>\n<p><b>Nascimento:<\/b>\u00a019\/08\/1965, Mamaroneck, New York, Estados Unidos<\/p>\n<p><b>Filia\u00e7\u00e3o:<\/b>\u00a0Paul Dillon e Mary Ellen<\/p>\n<p><b>Casamento:<\/b>\u00a0Jane Stuart (22\/04\/2006): filha Amy (1991)<\/p>\n<p><img decoding=\"async\" class=\"CToWUd\" src=\"https:\/\/mail.google.com\/mail\/u\/2\/?ui=2&amp;ik=d4016f14b7&amp;view=fimg&amp;th=14f469574b59d06d&amp;attid=0.17&amp;disp=emb&amp;attbid=ANGjdJ9Ufp9jQLYl1MsiTVyAeQmIkGtT00eYL_nihD3Gr-L8MH3Yj2OveRGipwLIdD81SfFyss30Hx5pqEiaGVysZGheKSvOAuSdiXu9QOnYOOwgeIUuqHbTOok9LGo&amp;sz=s0-l75-ft&amp;ats=1439998465822&amp;rm=14f469574b59d06d&amp;zw&amp;atsh=1\" alt=\"\" align=\"left\" \/>Ator cinematogr\u00e1fico (estr\u00e9ia em &#8220;No Big Deal&#8221;, 1983, para TV) e de TV (estr\u00e9ia em &#8220;Tales from the Cripty&#8221;, 1993); destaca-se em filmes como &#8220;Platoon&#8221; (1986), &#8220;The Blob&#8221; (1988), &#8220;Poseidon&#8221; (2006), etc. e em seriados de TV como &#8220;NYPD Blue&#8221; (1998), &#8220;That&#8217;s Life&#8221; (2000), &#8220;Karen Sisco&#8221; (2003), etc; indicado ao GOLDEN GLOBE de Coadjuvante de TV por &#8220;Entourage&#8221; (2004).<\/p>\n<p><i>(indica\u00e7\u00e3o de Marcos Roberto Dessena, 2009; atualiza\u00e7\u00e3o de Maria Jos\u00e9 da Costa Peixoto, 2014).<\/i><\/td>\n<td width=\"407\">\n<table align=\"left\">\n<tbody>\n<tr>\n<td><img decoding=\"async\" class=\"CToWUd\" src=\"https:\/\/mail.google.com\/mail\/u\/2\/?ui=2&amp;ik=d4016f14b7&amp;view=fimg&amp;th=14f469574b59d06d&amp;attid=0.46&amp;disp=emb&amp;attbid=ANGjdJ_hveMpJ3M9xYfUKkf0WwpvXUyBe2eP3qOr3hGiO02jni3AquK4FFMciJcDoq-HW2lPZKL9Rbtqhm5mrY2Xe22gbdMoFjrcvvsWnTTjzoHtCJjAJPPyD2-a_g8&amp;sz=s0-l75-ft&amp;ats=1439998465823&amp;rm=14f469574b59d06d&amp;zw&amp;atsh=1\" alt=\"\" \/><\/td>\n<\/tr>\n<tr>\n<td>Maria de Medeiros<\/td>\n<\/tr>\n<\/tbody>\n<\/table>\n<p align=\"justify\"><img decoding=\"async\" class=\"CToWUd\" src=\"https:\/\/mail.google.com\/mail\/u\/2\/?ui=2&amp;ik=d4016f14b7&amp;view=fimg&amp;th=14f469574b59d06d&amp;attid=0.14&amp;disp=emb&amp;attbid=ANGjdJ8lA-Mp--3m9ZVmo6vvK0TO0fmDkHXp6jmzAyeoo3g9GWIlmvU46XCgqH_Wkx5ejXYIvf1219ul5ftgWaEEs1eg7665EXBlXrUV8TfTJm3lwwTANriNfPPValo&amp;sz=s0-l75-ft&amp;ats=1439998465823&amp;rm=14f469574b59d06d&amp;zw&amp;atsh=1\" alt=\"\" \/><b>\u00a0MARIA DE MEDEIROS ESTEVES VITORINO D&#8217;ALMEIDA<\/b><\/p>\n<p><b>Nascimento:<\/b>\u00a019\/08\/1965, Lisboa, Portugal<\/p>\n<p><b>Filia\u00e7\u00e3o:<\/b>\u00a0Antonio Vitorino D&#8217;Almeida e Maria Armanda Esteves<\/p>\n<p><b>Casamento:<\/b>\u00a0Agust\u00ed Camps: filhas J\u00falia (1997) e Leonor (2003)<\/p>\n<p><img decoding=\"async\" class=\"CToWUd\" src=\"https:\/\/mail.google.com\/mail\/u\/2\/?ui=2&amp;ik=d4016f14b7&amp;view=fimg&amp;th=14f469574b59d06d&amp;attid=0.17&amp;disp=emb&amp;attbid=ANGjdJ-wkxZTun7uaqT8Tp8KRH9g3Jqdmy7oqY6-RK4ftsHXGjxsysm4ja1bcodSar_rAud7kxptDmz063ZY9jp9l7FMtX698nHHQ20cmGCrxbiTav8QcpyZ4IzQjH4&amp;sz=s0-l75-ft&amp;ats=1439998465823&amp;rm=14f469574b59d06d&amp;zw&amp;atsh=1\" alt=\"\" align=\"left\" \/>Atriz cinematogr\u00e1fica (estr\u00e9ia em &#8220;Silvestre&#8221;, 1982), teatro e TV e diretora; VOLPI CUP de Atriz no Festival de Veneza por &#8220;Tr\u00eas Irm\u00e3os&#8221; (1994).<\/p>\n<p><i>(atualiza\u00e7\u00e3o de Marianita Carlotita, 2007).<\/i><\/td>\n<td width=\"407\">\n<table align=\"left\">\n<tbody>\n<tr>\n<td><img decoding=\"async\" class=\"CToWUd\" src=\"https:\/\/mail.google.com\/mail\/u\/2\/?ui=2&amp;ik=d4016f14b7&amp;view=fimg&amp;th=14f469574b59d06d&amp;attid=0.47&amp;disp=emb&amp;attbid=ANGjdJ8d8Aa-zAkjHWl3XIN-B5jPS2JHdoop_Hnce2jKWvDNjY1MjSuLLUqo0VYU7MFI2hcolMqpgvNDqKhZbxJCAO6PJY6yHn-4Nh6soO3cQzN5vR56TZaZTA1PWqY&amp;sz=s0-l75-ft&amp;ats=1439998465823&amp;rm=14f469574b59d06d&amp;zw&amp;atsh=1\" alt=\"\" \/><\/td>\n<\/tr>\n<tr>\n<td>Matthew Perry<\/td>\n<\/tr>\n<\/tbody>\n<\/table>\n<p align=\"justify\"><img decoding=\"async\" class=\"CToWUd\" src=\"https:\/\/mail.google.com\/mail\/u\/2\/?ui=2&amp;ik=d4016f14b7&amp;view=fimg&amp;th=14f469574b59d06d&amp;attid=0.9&amp;disp=emb&amp;attbid=ANGjdJ_3aYZPXKDhL2ngpUoi30WOxqQfsYeDoEoLIns7nqIRP2aaUStGgPe8WWElJFcMmQU39pem0lnjX-KRQZ9An0S-_3DDiYPz7zs4J-p9Kd4cK0UVhtMrOlBIRn0&amp;sz=s0-l75-ft&amp;ats=1439998465823&amp;rm=14f469574b59d06d&amp;zw&amp;atsh=1\" alt=\"\" \/><b>\u00a0MATTHEW LANGFORD PERRY<\/b><\/p>\n<p><b>Nascimento:<\/b>\u00a019\/08\/1969, Williamstown, Massachusetts, Estados Unidos<\/p>\n<p><b>Filia\u00e7\u00e3o:<\/b>\u00a0John Benneth Perry, ator e Suzane Langford, canadense<\/p>\n<p><b>Casamento:<\/b>\u00a0Jogador de t\u00eanis e ator de TV (estr\u00e9ia em &#8220;240-Robert&#8221;, 1979) e cinema (estr\u00e9ia em &#8220;A Night in the Life of Jimmy Reardon&#8221;, 1988); destaca-se em filmes como &#8220;She&#8217;s Out of Control&#8221; (1989), &#8220;Three to Tango&#8221; (1999), &#8220;Numb&#8221; (2007), etc. e seriados de TV como &#8220;Second Chance&#8221; (1987), &#8220;Sydney&#8221; (1990), &#8220;Home Free&#8221; (1993), etc; indicado ao GOLDEN GLOBE e ao EMMY de Ator de TV por &#8220;The Ron Clark Story&#8221;, 2006); indicado ao EMMY de Ator de TV por &#8220;The West Wing&#8221; (1999); envolve-se com drogas e interna-se para largar o v\u00edcio.<\/p>\n<p><i>(indica\u00e7\u00e3o Julia Andrea Assis Binchini, 2010).<\/i><\/td>\n<td width=\"407\">\n<table align=\"left\">\n<tbody>\n<tr>\n<td><img decoding=\"async\" class=\"CToWUd\" src=\"https:\/\/mail.google.com\/mail\/u\/2\/?ui=2&amp;ik=d4016f14b7&amp;view=fimg&amp;th=14f469574b59d06d&amp;attid=0.48&amp;disp=emb&amp;attbid=ANGjdJ-zo07IaGg2I_r_eV80p5aOPpjpotlfAO0WO6A_XzjYgb2pW07I9P7dvdduKMaYiJ99KIYbWPevbO6j5jT0NPC-TcanCSMUI1kTXbL4KFwAIufcvQha5r1WQ_4&amp;sz=s0-l75-ft&amp;ats=1439998465824&amp;rm=14f469574b59d06d&amp;zw&amp;atsh=1\" alt=\"\" \/><\/td>\n<\/tr>\n<tr>\n<td>Ana Paula Tabalipa<\/td>\n<\/tr>\n<\/tbody>\n<\/table>\n<p align=\"justify\"><img decoding=\"async\" class=\"CToWUd\" src=\"https:\/\/mail.google.com\/mail\/u\/2\/?ui=2&amp;ik=d4016f14b7&amp;view=fimg&amp;th=14f469574b59d06d&amp;attid=0.5&amp;disp=emb&amp;attbid=ANGjdJ-mjlnSKajrcOoozoDCkWTV9InDDsliROqIqyqvrEqZsMUS1rNoG6Wtf890oDgZzLSkGQWymvAAot_xVAHI4i8lb0uaJI26TfDX7JSu-b7HjUp_12kpTYSX2KQ&amp;sz=s0-l75-ft&amp;ats=1439998465824&amp;rm=14f469574b59d06d&amp;zw&amp;atsh=1\" alt=\"\" \/><b>\u00a0ANA PAULA TABALIPA FERREIRA<\/b><\/p>\n<p><b>Nascimento:<\/b>\u00a019\/08\/1978, Rio de Janeiro, Rio de Janeiro, Brasil<\/p>\n<p><b>Filia\u00e7\u00e3o:<\/b>\u00a0Eduardo Valle e Maria Isabel Tabalipa<\/p>\n<p><b>Casamento:<\/b>\u00a0Jo\u00e3o Viana (at\u00e9 2002, div\u00f3rcio): filho Lui (02\/2001); Phillipe Gebara Neto (at\u00e9 2006, separado): filhos Pedro (17\/08\/2003) e Tom<\/p>\n<p><img decoding=\"async\" class=\"CToWUd\" src=\"https:\/\/mail.google.com\/mail\/u\/2\/?ui=2&amp;ik=d4016f14b7&amp;view=fimg&amp;th=14f469574b59d06d&amp;attid=0.17&amp;disp=emb&amp;attbid=ANGjdJ_0s46GvW3_Fosp3531kwA4w4yReJj0235oNvt6hu0u7IzatPgBEp3Yf56_RB5gEcuHP-By-Ha6rZcRHe6afjo7azkOuGrr76-jM-4nCaEXb6X0ZdfypQO9J7o&amp;sz=s0-l75-ft&amp;ats=1439998465825&amp;rm=14f469574b59d06d&amp;zw&amp;atsh=1\" alt=\"\" align=\"left\" \/>Apresentadora e atriz de TV (estr\u00e9ia em &#8220;Ca\u00e7a Talentos&#8221;, 1996); destaca-se em seriados como &#8220;O Amor Est\u00e1 no Ar&#8221; (1997), &#8220;Prova de Amor&#8221; (2006), &#8220;Vidas Opostas&#8221; (2006), etc; capa da revista &#8220;Playboy&#8221; (10\/2008).<\/p>\n<p><i>(atualiza\u00e7\u00e3o de Marianita Carlotita, 2007 e Luiz Fernando Puckwieser, 2009).<\/i><\/td>\n<\/tr>\n<tr>\n<td width=\"407\">\n<table align=\"left\">\n<tbody>\n<tr>\n<td><img decoding=\"async\" class=\"CToWUd\" src=\"https:\/\/mail.google.com\/mail\/u\/2\/?ui=2&amp;ik=d4016f14b7&amp;view=fimg&amp;th=14f469574b59d06d&amp;attid=0.49&amp;disp=emb&amp;attbid=ANGjdJ9l3yz0MpGg-Af5uAY4AHKUFVncXRRhlJdne_D4Yvjz7EzBeZUJm10QziKuo9r1p_T39UnArk0-GZrQ1rw86-YH2pW-cI83hdUrDvBceecm2W8isb-gd9zo2t8&amp;sz=s0-l75-ft&amp;ats=1439998465825&amp;rm=14f469574b59d06d&amp;zw&amp;atsh=1\" alt=\"\" \/><\/td>\n<\/tr>\n<tr>\n<td>Vincenza Cacace<\/td>\n<\/tr>\n<\/tbody>\n<\/table>\n<p align=\"justify\"><img decoding=\"async\" class=\"CToWUd\" src=\"https:\/\/mail.google.com\/mail\/u\/2\/?ui=2&amp;ik=d4016f14b7&amp;view=fimg&amp;th=14f469574b59d06d&amp;attid=0.39&amp;disp=emb&amp;attbid=ANGjdJ-b33ubMNTINzZ1EHDHMw7FCX8Ou59E4HuiTw0c2_vC3HPXcRR8jIrLFH7bhVhi0DSj9Stxvrj4CcI6_l8l5DDujgtTUevEelSHBGcpFyUEdG7AHVmtRQPxik0&amp;sz=s0-l75-ft&amp;ats=1439998465825&amp;rm=14f469574b59d06d&amp;zw&amp;atsh=1\" alt=\"\" \/><b>\u00a0VINCENZA CACACE<\/b><\/p>\n<p><b>Nascimento:<\/b>\u00a019\/08\/1979, Sorrento, It\u00e1lia<\/p>\n<p><b>Casamento:<\/b>\u00a0Giuseppe Pancaro (filhos em 2005 e 2009)<\/p>\n<p><img decoding=\"async\" class=\"CToWUd\" src=\"https:\/\/mail.google.com\/mail\/u\/2\/?ui=2&amp;ik=d4016f14b7&amp;view=fimg&amp;th=14f469574b59d06d&amp;attid=0.17&amp;disp=emb&amp;attbid=ANGjdJ9uE2Et091w3uCyP9lIIGmgQmQkU2Qq3GnkDj7lRf2yCwDnSbiVmnuioujC4yIri4VqUZXBOGuXB33HHwFNKeloCP58HHr7-8BX8tGBgv-t4UBXVSJs1qcUoEY&amp;sz=s0-l75-ft&amp;ats=1439998465825&amp;rm=14f469574b59d06d&amp;zw&amp;atsh=1\" alt=\"\" align=\"left\" \/>Apresentadora de TV (estr\u00e9ia em &#8220;Paperissima&#8221;, 1998); Modelo e Miss Televolto (1997); atua em programas como &#8220;Belissima d&#8217;Italia&#8221; (2000), &#8220;La Corrida&#8221; (2002), &#8220;Eureka!&#8221; (2003), etc.<\/p>\n<p><i>(indica\u00e7\u00e3o de Ricardo Tosi, 2010).<\/i><\/td>\n<td width=\"407\">\n<table align=\"left\">\n<tbody>\n<tr>\n<td><img decoding=\"async\" class=\"CToWUd\" src=\"https:\/\/mail.google.com\/mail\/u\/2\/?ui=2&amp;ik=d4016f14b7&amp;view=fimg&amp;th=14f469574b59d06d&amp;attid=0.50&amp;disp=emb&amp;attbid=ANGjdJ88RJN_tBn2J84PNZz8-IYLuSEouioni4blvF3j340X7VZDKm90CciPLMHHpb_4KgyZ0LYs42sfaKI5uRoMTn-yb-4ZhgDZdW7JytB-tubeL_zjwZVtfIpcMj8&amp;sz=s0-l75-ft&amp;ats=1439998465826&amp;rm=14f469574b59d06d&amp;zw&amp;atsh=1\" alt=\"\" \/><\/td>\n<\/tr>\n<tr>\n<td>Pen\u00e9lope Nova<\/td>\n<\/tr>\n<\/tbody>\n<\/table>\n<p align=\"justify\"><img decoding=\"async\" class=\"CToWUd\" src=\"https:\/\/mail.google.com\/mail\/u\/2\/?ui=2&amp;ik=d4016f14b7&amp;view=fimg&amp;th=14f469574b59d06d&amp;attid=0.5&amp;disp=emb&amp;attbid=ANGjdJ8pJRMKTEB5HtiGbk2ZiEZM3OeB3tnmCPVITv3f2ddETD2kssgYZUvuP6J5HEesdhXWEdMQu7c720mAeA1ZjRpbMTPoZREoXWLyoKcIc-pNLQrhXnGQPRFJsG0&amp;sz=s0-l75-ft&amp;ats=1439998465826&amp;rm=14f469574b59d06d&amp;zw&amp;atsh=1\" alt=\"\" \/><b>\u00a0PEN\u00c9LOPE COTRIM NOVA<\/b><\/p>\n<p><b>Nascimento:<\/b>\u00a019\/08\/1973, Salvador, Bahia, Brasil<\/p>\n<p><b>Filia\u00e7\u00e3o:<\/b>\u00a0Marcelo Nova (l\u00edder da banda de rock CAMISA DE V\u00caNUS)<\/p>\n<p><img decoding=\"async\" class=\"CToWUd\" src=\"https:\/\/mail.google.com\/mail\/u\/2\/?ui=2&amp;ik=d4016f14b7&amp;view=fimg&amp;th=14f469574b59d06d&amp;attid=0.17&amp;disp=emb&amp;attbid=ANGjdJ_Sgilg_nysmPH27YUavxMhukwBHt4nO43JzlLLYv8wQzWKIL-d-GdZtlhINShlusMiSm3hqoTO3ijXLtu2dzWzth6-_vtI-psDjNwVLx0_EG_1n0EMDzayuyE&amp;sz=s0-l75-ft&amp;ats=1439998465826&amp;rm=14f469574b59d06d&amp;zw&amp;atsh=1\" alt=\"\" align=\"left\" \/>Apresentadora de TV; criada pela av\u00f3 em sua cidade, ganha o primeiro disco em 1978 (dos BEATLES); torna-se VJ da MTV, apresentando os programas &#8220;Riff&#8221; (2001, rock), &#8220;Ponto P\u00ea&#8221; (sobre sexo), &#8220;MTV na Rua&#8221; (problemas di\u00e1rios) e &#8220;Lavanderia MTV&#8221; (problemas sociais); confessa ter feito 2 abortos (15 e 26 anos &#8211; ambos com rem\u00e9dio abortivo) e destaca-se pela quantidade de &#8220;piercings&#8221; e tatuagens e maquiagem marcantes; faz faculdade de Educa\u00e7\u00e3o F\u00edsica.<\/p>\n<p><i>(indica\u00e7\u00e3o de Henrique Tigo, 2009; atualiza\u00e7\u00e3o de S\u00e9rgio de Lima Gomes, 2013).<\/i><\/td>\n<td width=\"407\">\n<table align=\"left\">\n<tbody>\n<tr>\n<td><img decoding=\"async\" class=\"CToWUd\" src=\"https:\/\/mail.google.com\/mail\/u\/2\/?ui=2&amp;ik=d4016f14b7&amp;view=fimg&amp;th=14f469574b59d06d&amp;attid=0.51&amp;disp=emb&amp;attbid=ANGjdJ_PBkvoxnmAJojCJ1lH6iWs5nTIpfNaix-43B3jd9X6TH6T_x-aNkcr3A-VwBXdNl4lCOf8dn3Yo8FsuhVr6JYu65mnd09Bx5jeB5nJsGbeXOeJVL_Zm984fmg&amp;sz=s0-l75-ft&amp;ats=1439998465827&amp;rm=14f469574b59d06d&amp;zw&amp;atsh=1\" alt=\"\" \/><\/td>\n<\/tr>\n<tr>\n<td>Erika Christensen<\/td>\n<\/tr>\n<\/tbody>\n<\/table>\n<p align=\"justify\"><img decoding=\"async\" class=\"CToWUd\" src=\"https:\/\/mail.google.com\/mail\/u\/2\/?ui=2&amp;ik=d4016f14b7&amp;view=fimg&amp;th=14f469574b59d06d&amp;attid=0.9&amp;disp=emb&amp;attbid=ANGjdJ_tBCZl03l3a0IN7Sb0iBYdb-nS5aPRcw7N503Rfq9c3mdNO76spmIwMVqlKL_06BK_kcOv1apiNAYL-AVXMDpPfI87DMgGAujeNG_nix15nFfLStOhy5vGUTI&amp;sz=s0-l75-ft&amp;ats=1439998465827&amp;rm=14f469574b59d06d&amp;zw&amp;atsh=1\" alt=\"\" \/><b>\u00a0ERIKA JANE CHRISTENSEN<\/b><\/p>\n<p><b>Nascimento:<\/b>\u00a019\/08\/1982, Seattle, Washington, Estados Unidos<\/p>\n<p><b>Filia\u00e7\u00e3o:<\/b>\u00a0Steve Christensen e Kathy<\/p>\n<p><img decoding=\"async\" class=\"CToWUd\" src=\"https:\/\/mail.google.com\/mail\/u\/2\/?ui=2&amp;ik=d4016f14b7&amp;view=fimg&amp;th=14f469574b59d06d&amp;attid=0.17&amp;disp=emb&amp;attbid=ANGjdJ-R5FoKG6-pn6HFMfWB4o9nLG6gzYWMY9USUR6tvuCiCuV-rirPZBEQa_GwEWetB3AQimtsoGGaurP0Fx9H38SaDLp3qzvsbt_0pT3nonOxhT6G1xPkltn5hrk&amp;sz=s0-l75-ft&amp;ats=1439998465827&amp;rm=14f469574b59d06d&amp;zw&amp;atsh=1\" alt=\"\" align=\"left\" \/>Atriz cinematogr\u00e1fica (estr\u00e9ia em &#8220;Leave it to Beaver&#8221;, 1997) e TV (estr\u00e9ia em &#8220;Nothing Sacred&#8221;, 1997); destaca-se em filmes como &#8220;Traffic&#8221; (2000), &#8220;The Sisters&#8221; (2005, &#8220;Desejos e Trai\u00e7\u00f5es&#8221;), &#8220;Mercy&#8221; (2009), etc. e em seriados de TV como &#8220;3rd Rock from the Sun&#8221; (1998), &#8220;Robot Chicken&#8221; (2005), &#8220;Six Degrees&#8221; (2006), etc.<\/p>\n<p><i>(indica\u00e7\u00e3o de Marcos Roberto Dessena, 2009; atualiza\u00e7\u00e3o de Maria Jos\u00e9 da Costa Peixoto, 2015).<\/i><\/td>\n<td width=\"407\">\n<table align=\"left\">\n<tbody>\n<tr>\n<td><img decoding=\"async\" class=\"CToWUd\" src=\"https:\/\/mail.google.com\/mail\/u\/2\/?ui=2&amp;ik=d4016f14b7&amp;view=fimg&amp;th=14f469574b59d06d&amp;attid=0.52&amp;disp=emb&amp;attbid=ANGjdJ95yoZt0sE8UxI10RuniLS8gsZ9EspGO43K5ndLDnwf7ddzCBQ8YWNCPyCC49IRPVKFyDT1ZFKQCtt6kVTLVoWCHUBMewtTPHs8aV3FVsskiynsVNdFrmRV7VE&amp;sz=s0-l75-ft&amp;ats=1439998465827&amp;rm=14f469574b59d06d&amp;zw&amp;atsh=1\" alt=\"\" \/><\/td>\n<\/tr>\n<tr>\n<td>Marta<\/td>\n<\/tr>\n<\/tbody>\n<\/table>\n<p align=\"justify\"><img decoding=\"async\" class=\"CToWUd\" src=\"https:\/\/mail.google.com\/mail\/u\/2\/?ui=2&amp;ik=d4016f14b7&amp;view=fimg&amp;th=14f469574b59d06d&amp;attid=0.5&amp;disp=emb&amp;attbid=ANGjdJ8yOyE-M-2LUvI2WOovQGQyqnoDXmfmnUm2H_11ypjwHVslk9bGFvNx-YgPY5GAaxtpdszV0NNz459Jt8Hu9IgfrDuR4dnF4NZHkQ-qRSi_1ueZo8ZWPvS3lBE&amp;sz=s0-l75-ft&amp;ats=1439998465827&amp;rm=14f469574b59d06d&amp;zw&amp;atsh=1\" alt=\"\" \/><b>\u00a0MARTA VIEIRA DA SILVA<\/b><\/p>\n<p><b>Nascimento:<\/b>\u00a019\/08\/1986, Dois Riachos, Alagoas, Brasil<\/p>\n<p><b>Filia\u00e7\u00e3o:<\/b>\u00a0Teresa Vieira S\u00e1<\/p>\n<p><img decoding=\"async\" class=\"CToWUd\" src=\"https:\/\/mail.google.com\/mail\/u\/2\/?ui=2&amp;ik=d4016f14b7&amp;view=fimg&amp;th=14f469574b59d06d&amp;attid=0.27&amp;disp=emb&amp;attbid=ANGjdJ9hYJJYK5oROOQutOeq9r9A-HRocd_ARhkbyLY8raw5R-4D18xHnPyrOu8Csks5ZX1mGZ8_kIb-CjBoFiz1ThHPuzxoXb4VfFtEfJGrjm5bqInlNOYjwG_xxtg&amp;sz=s0-l75-ft&amp;ats=1439998465827&amp;rm=14f469574b59d06d&amp;zw&amp;atsh=1\" alt=\"\" align=\"left\" \/>Jogadora de Futebol (atacante), inicia a carreira no CSA\/AL; joga no VASCO\/RJ (2000 a 2002) e \u00dcMEA IK\/SUE (2002 a 2008); prata ol\u00edmpica em Atenas (2004) e ouro pan de Santo Domingo (2003) e Rio (2007); campe\u00e3 da UEFA (2004); Melhor jogadora do Brasil pelo COB (Comit\u00ea Ol\u00edmpico Brasileiro) em 2003; 3 vezes Melhor Jogadora do Mundo pela FIFA (2006, 2007 e 2008); 191 gols em 189 jogos pela Sele\u00e7\u00e3o (dados 2008), \u00e9 a \u00fanica atleta a marcar 5 gols num \u00fanico jogo.<\/p>\n<p><i>(indica\u00e7\u00e3o de Ciro Barchak, 2007).<\/i><\/td>\n<\/tr>\n<tr>\n<td width=\"407\">\n<table align=\"left\">\n<tbody>\n<tr>\n<td><img decoding=\"async\" class=\"CToWUd\" src=\"https:\/\/mail.google.com\/mail\/u\/2\/?ui=2&amp;ik=d4016f14b7&amp;view=fimg&amp;th=14f469574b59d06d&amp;attid=0.53&amp;disp=emb&amp;attbid=ANGjdJ8Lj_UtJxPm3N9OnDBw3ENBaJRhBV4jO_UDCDUbFfblrULyeTHtbIMbSvZzrW1W_ubq93sRKiYZCrHy0RUHZqum6XPTjZDcNSKy4nAssB13KExxLD2JacCE0Xg&amp;sz=s0-l75-ft&amp;ats=1439998465828&amp;rm=14f469574b59d06d&amp;zw&amp;atsh=1\" alt=\"\" \/><\/td>\n<\/tr>\n<tr>\n<td>Thiago Martins<\/td>\n<\/tr>\n<\/tbody>\n<\/table>\n<p align=\"justify\"><img decoding=\"async\" class=\"CToWUd\" src=\"https:\/\/mail.google.com\/mail\/u\/2\/?ui=2&amp;ik=d4016f14b7&amp;view=fimg&amp;th=14f469574b59d06d&amp;attid=0.5&amp;disp=emb&amp;attbid=ANGjdJ_fVZJYwWvALXcv56m5wkSn55QNoZwvHcgV48GaQ71xhdiKMD-pS97tDxsStsroxo7V96uxEyhlHTuNwVUIphoLkKKONYHYGyqanADmj_DSZE-8NhSl8ztChpE&amp;sz=s0-l75-ft&amp;ats=1439998465828&amp;rm=14f469574b59d06d&amp;zw&amp;atsh=1\" alt=\"\" \/><b>\u00a0THIAGO MARTINS<\/b><\/p>\n<p><b>Nascimento:<\/b>\u00a019\/08\/1988, Rio de Janeiro, Rio de Janeiro, Brasil<\/p>\n<p><img decoding=\"async\" class=\"CToWUd\" src=\"https:\/\/mail.google.com\/mail\/u\/2\/?ui=2&amp;ik=d4016f14b7&amp;view=fimg&amp;th=14f469574b59d06d&amp;attid=0.17&amp;disp=emb&amp;attbid=ANGjdJ-qAcgLk54lzz7zDALTsFr_aoGfUE2cNM0odcq2VDLQyuIcJV8n80EWVnEWsOGd2KCtl2fwZA06mP_rISAb2c33Xyko48xJd2TZS9ibi_x-xwHjoJXO0DDs-1s&amp;sz=s0-l75-ft&amp;ats=1439998465828&amp;rm=14f469574b59d06d&amp;zw&amp;atsh=1\" alt=\"\" align=\"left\" \/>Ator de TV (estr\u00e9ia no programa &#8220;Kinderraub in Rio&#8221;, 2002, da TV alem\u00e3) e de cinema (estr\u00e9ia em &#8220;Cidade de Deus&#8221;, 2002); destaca-se em telenovelas da Rede Globo (estr\u00e9ia em &#8220;Da Cor do Pecado&#8221;, 2004).<\/td>\n<td width=\"407\">\n<table align=\"left\">\n<tbody>\n<tr>\n<td><img decoding=\"async\" class=\"CToWUd\" src=\"https:\/\/mail.google.com\/mail\/u\/2\/?ui=2&amp;ik=d4016f14b7&amp;view=fimg&amp;th=14f469574b59d06d&amp;attid=0.54&amp;disp=emb&amp;attbid=ANGjdJ-VZvyNTAwLXG1yXC0eSrTmrqfZDjHhjq2-Jwt7Rbz0YfbqcP4E3hzIFTPQJxuTJYqDUdRQDgTU1evDxwtkEo1oxC-UM57EaLw2VsmH-HbgO71Y2x5LEOshipo&amp;sz=s0-l75-ft&amp;ats=1439998465829&amp;rm=14f469574b59d06d&amp;zw&amp;atsh=1\" alt=\"\" \/><\/td>\n<\/tr>\n<tr>\n<td>Veronica Roth<\/td>\n<\/tr>\n<\/tbody>\n<\/table>\n<p align=\"justify\"><img decoding=\"async\" class=\"CToWUd\" title=\"Estados Unidos\" src=\"https:\/\/mail.google.com\/mail\/u\/2\/?ui=2&amp;ik=d4016f14b7&amp;view=fimg&amp;th=14f469574b59d06d&amp;attid=0.9&amp;disp=emb&amp;attbid=ANGjdJ-wuL8LReNq8OD-VRUcKaFvLSGVRNyEwR2hj6b5BVL7_jB750vmVINYF6rucpjWJpGk6H-LXHxlcYPmLuxyHkH78bRBPqqpUzjU8PuzV1ivPZ-FisqrstqG_cQ&amp;sz=s0-l75-ft&amp;ats=1439998465829&amp;rm=14f469574b59d06d&amp;zw&amp;atsh=1\" alt=\"\" \/><b>\u00a0VERONICA ROTH<\/b><\/p>\n<p><b>Nascimento:<\/b>\u00a019\/08\/1988, New York, New York, Estados Unidos<\/p>\n<p><b>Filia\u00e7\u00e3o:<\/b>\u00a0Edgar Gustave Roth (alem\u00e3o) e Barbara Rydz (pintora polonesa); tem 2 irm\u00e3os<\/p>\n<p><b>Casamento:<\/b>\u00a0Nelson Fitch, fot\u00f3grafo (2011)<\/p>\n<p><img decoding=\"async\" class=\"CToWUd\" src=\"https:\/\/mail.google.com\/mail\/u\/2\/?ui=2&amp;ik=d4016f14b7&amp;view=fimg&amp;th=14f469574b59d06d&amp;attid=0.6&amp;disp=emb&amp;attbid=ANGjdJ8ukyBI1xelVgoBG_G53mcaoXk8c1VEhhskUEmLqxhsm4hsaQT0ASXUADhCM__LgaQI4DkRxrqedhTcF6aBG9vgRbikK_coIU-MSuRYFrnLu7ObKHsDkhZunLQ&amp;sz=s0-l75-ft&amp;ats=1439998465829&amp;rm=14f469574b59d06d&amp;zw&amp;atsh=1\" alt=\"\" align=\"left\" \/>Romancista; criada em Barrington, faz a Universidade Northwestern e destaca-se com a saga &#8220;Divergent&#8221; (2011, &#8220;Divergente&#8221;), com a qual se torna uma das autoras mais lucrativas do mundo (revista &#8220;Forbes&#8221; &#8211; a mais jovem do\u00a0<i>ranking<\/i>\u00a0at\u00e9 hoje).<\/td>\n<td width=\"407\"><\/td>\n<td width=\"407\"><\/td>\n<\/tr>\n<\/tbody>\n<\/table>\n<table width=\"1630\" align=\"center\">\n<tbody>\n<tr>\n<td>O \u00a0 B \u00a0 I \u00a0 T \u00a0 U \u00a0 \u00c1 \u00a0 R \u00a0 I \u00a0 O<\/td>\n<\/tr>\n<\/tbody>\n<\/table>\n<table width=\"1630\" cellspacing=\"10\" align=\"center\">\n<tbody>\n<tr>\n<td align=\"middle\" width=\"300\">\n<table width=\"200\">\n<tbody>\n<tr>\n<td><img decoding=\"async\" class=\"CToWUd\" src=\"https:\/\/mail.google.com\/mail\/u\/2\/?ui=2&amp;ik=d4016f14b7&amp;view=fimg&amp;th=14f469574b59d06d&amp;attid=0.39&amp;disp=emb&amp;attbid=ANGjdJ-vYfKcWVY_SPhwMicca62dltUcQetJByFtFNlWHjAvkJwMmURvNO0EoTkVSMpEaPkpQmFDgLDqhH8UlG4Db4XjbLNg63q5pFdDK9fGIqv8SMEubVeaWdeSq_k&amp;sz=s0-l75-ft&amp;ats=1439998465831&amp;rm=14f469574b59d06d&amp;zw&amp;atsh=1\" alt=\"\" \/>\u00a0Augusto<br \/>\n<a href=\"http:\/\/www.projetovip.net\/0923.htm\" target=\"_blank\">* 23\/09\/63 a.C.<\/a><br \/>\n+ 19\/08\/14<\/td>\n<\/tr>\n<\/tbody>\n<\/table>\n<\/td>\n<td width=\"407\">\n<table align=\"left\">\n<tbody>\n<tr>\n<td><img decoding=\"async\" class=\"CToWUd\" src=\"https:\/\/mail.google.com\/mail\/u\/2\/?ui=2&amp;ik=d4016f14b7&amp;view=fimg&amp;th=14f469574b59d06d&amp;attid=0.55&amp;disp=emb&amp;attbid=ANGjdJ8hx7laBuTBPfyVg1jVSesMOBzbH5hPDlTRvuDo6taouAl-cLP0MVJco72sSrfjXHF44MA-KlrPkE92Wp8Lspzqvbr3ndzgKUdA0ekiMuE97k5wA5TDC8oj7Aw&amp;sz=s0-l75-ft&amp;ats=1439998465831&amp;rm=14f469574b59d06d&amp;zw&amp;atsh=1\" alt=\"\" \/><\/td>\n<\/tr>\n<tr>\n<td>Andrea del Castagno<\/td>\n<\/tr>\n<\/tbody>\n<\/table>\n<p align=\"justify\"><img decoding=\"async\" class=\"CToWUd\" src=\"https:\/\/mail.google.com\/mail\/u\/2\/?ui=2&amp;ik=d4016f14b7&amp;view=fimg&amp;th=14f469574b59d06d&amp;attid=0.39&amp;disp=emb&amp;attbid=ANGjdJ_Qa1jZNGcyQrJEkqTc1U1rUp4ZvwgYnHlW92c_K_DqHsuNucqnExSQuGQj2c50kaxCzirR-f_rCwiwnJCf5KfH2qjT_VlxzldD_M4GMWu3_pQBAnZ7qIRqStg&amp;sz=s0-l75-ft&amp;ats=1439998465831&amp;rm=14f469574b59d06d&amp;zw&amp;atsh=1\" alt=\"\" \/><b>\u00a0ANDREA DI BARTOLO DE BARGILLA<\/b><\/p>\n<p><b>Nascimento:<\/b>\u00a0Cerca de 1421, San Martino a Corella, perto de Floren\u00e7a, It\u00e1lia<\/p>\n<p><b>Falecimento:<\/b>19\/08\/1457, Floren\u00e7a, It\u00e1lia<\/p>\n<p><img decoding=\"async\" class=\"CToWUd\" src=\"https:\/\/mail.google.com\/mail\/u\/2\/?ui=2&amp;ik=d4016f14b7&amp;view=fimg&amp;th=14f469574b59d06d&amp;attid=0.17&amp;disp=emb&amp;attbid=ANGjdJ9NRy_b3eKipmOgTnzhVMrQukRcRt2qij-PPCsvb1Hum89SM7V9WdocL3FP9Tl9OgPsol14Q4YmxHjF7qgo2APo3wVaMbbHqZE8dOj2V1dDOj5N6O6AwactBuM&amp;sz=s0-l75-ft&amp;ats=1439998465831&amp;rm=14f469574b59d06d&amp;zw&amp;atsh=1\" alt=\"\" align=\"left\" \/>Pintor; ainda jovem realiza a primeira obra conhecida: um mural de inten\u00e7\u00e3o edificante na fachada do Palazzo del Podest\u00e0; \u00e9 autor de trabalhos como &#8220;A \u00daltima Ceia&#8221; (afrescos), &#8220;A Paix\u00e3o de Cristo&#8221; (afrescos) &#8211; ambos em cerca de 1445, para o refeit\u00f3rio do convento de Sant&#8217;Apollonia (futuro Museu Castagno) &#8211; &#8220;Homens e Mulheres Famosos&#8221; (conjunto para a Villa Carducci Pandolfini de Legnaia), etc; o apelido &#8220;del Castagno&#8221; vem do nome de uma aldeia pr\u00f3xima e seu temperamento irasc\u00edvel lhe granjeia v\u00e1rios inimigos; \u00faltimo trabalho: um retrato equestre de Niccol\u00d3 da Tolentino (Catedral de Floren\u00e7a).<\/td>\n<td align=\"middle\" width=\"300\">\n<table width=\"200\">\n<tbody>\n<tr>\n<td><img decoding=\"async\" class=\"CToWUd\" src=\"https:\/\/mail.google.com\/mail\/u\/2\/?ui=2&amp;ik=d4016f14b7&amp;view=fimg&amp;th=14f469574b59d06d&amp;attid=0.56&amp;disp=emb&amp;attbid=ANGjdJ98f8SaIM5vzfewIjSdVL76Exguo2OREb3RymJKsMEKCr5mAYMH7fStbJSHzLEBvS7BRPTRY3slEhsAooLwS3x1EumwXj0-6bN_VbIKZyYFGDowfeqImAW0kd4&amp;sz=s0-l75-ft&amp;ats=1439998465832&amp;rm=14f469574b59d06d&amp;zw&amp;atsh=1\" alt=\"\" \/>\u00a0Balthasar Neumann<br \/>\n<a href=\"http:\/\/www.projetovip.net\/0127.htm\" target=\"_blank\">* 27\/01\/1687<\/a><br \/>\n+ 19\/08\/1753<\/td>\n<\/tr>\n<\/tbody>\n<\/table>\n<\/td>\n<td align=\"middle\" width=\"300\">\n<table width=\"200\">\n<tbody>\n<tr>\n<td><img decoding=\"async\" class=\"CToWUd\" src=\"https:\/\/mail.google.com\/mail\/u\/2\/?ui=2&amp;ik=d4016f14b7&amp;view=fimg&amp;th=14f469574b59d06d&amp;attid=0.5&amp;disp=emb&amp;attbid=ANGjdJ8ia6cw8s1PLhIX3nSa_yfqksPlZBvOs-cLA15OzesImKQTe-LQuDrBVpoliNZM6fsUso5PktvsULHpkZw-3gD5dWq8DCSKXHv0LYAjMG-NbD07uxp0xKtj7zs&amp;sz=s0-l75-ft&amp;ats=1439998465832&amp;rm=14f469574b59d06d&amp;zw&amp;atsh=1\" alt=\"\" \/>\u00a0D. Lino Deodato<br \/>\n<a href=\"http:\/\/www.projetovip.net\/0923.htm\" target=\"_blank\">* 23\/09\/1826<\/a><br \/>\n+ 19\/08\/1894<\/td>\n<\/tr>\n<\/tbody>\n<\/table>\n<\/td>\n<td align=\"middle\" width=\"300\">\n<table width=\"200\">\n<tbody>\n<tr>\n<td><img decoding=\"async\" class=\"CToWUd\" src=\"https:\/\/mail.google.com\/mail\/u\/2\/?ui=2&amp;ik=d4016f14b7&amp;view=fimg&amp;th=14f469574b59d06d&amp;attid=0.5&amp;disp=emb&amp;attbid=ANGjdJ_PlvRBn3owkDoXH6zcDxLG7fv_VxKY1Re6Zcc-MQAYp0mrRBZAcfGyIxQtKTxy5ijRYd8_k53r4SFMDIsGzMpWcP8IY13Nx9AqYAwd_usct8MQMeR3WK3Ns0Y&amp;sz=s0-l75-ft&amp;ats=1439998465833&amp;rm=14f469574b59d06d&amp;zw&amp;atsh=1\" alt=\"\" \/>\u00a0II Bar\u00e3o de Abadia<br \/>\n<a href=\"http:\/\/www.projetovip.net\/1009.htm\" target=\"_blank\">* 09\/10\/1835<\/a><br \/>\n+ 19\/08\/1908<\/td>\n<\/tr>\n<\/tbody>\n<\/table>\n<\/td>\n<td align=\"middle\" width=\"300\">\n<table width=\"200\">\n<tbody>\n<tr>\n<td><img decoding=\"async\" class=\"CToWUd\" src=\"https:\/\/mail.google.com\/mail\/u\/2\/?ui=2&amp;ik=d4016f14b7&amp;view=fimg&amp;th=14f469574b59d06d&amp;attid=0.5&amp;disp=emb&amp;attbid=ANGjdJ-oYi9B-pH4Nj_EeZKWwOlAX4eMF_In_04GzPRVHFcq01JEKv9c_BmcaJXJUxxE3h18PzEIf39vCmtKyOZ1WTSI0HsaPDBaUMGG5mW4HrG6cGQV31gi3vp4eIA&amp;sz=s0-l75-ft&amp;ats=1439998465833&amp;rm=14f469574b59d06d&amp;zw&amp;atsh=1\" alt=\"\" \/>\u00a0S\u00e1tiro Dias<br \/>\n<a href=\"http:\/\/www.projetovip.net\/0112.htm\" target=\"_blank\">* 12\/01\/1844<\/a><br \/>\n+ 19\/08\/1913<\/td>\n<\/tr>\n<\/tbody>\n<\/table>\n<\/td>\n<\/tr>\n<tr>\n<td align=\"middle\" width=\"300\">\n<table width=\"200\">\n<tbody>\n<tr>\n<td><img decoding=\"async\" class=\"CToWUd\" src=\"https:\/\/mail.google.com\/mail\/u\/2\/?ui=2&amp;ik=d4016f14b7&amp;view=fimg&amp;th=14f469574b59d06d&amp;attid=0.9&amp;disp=emb&amp;attbid=ANGjdJ-aIR2vzVE8E6OOLEqM2EuOULSi2sm5BXHP8hBR1IBzpf0ulU8iplyZweFnzbyF1xwueUPy_ltNXYKtVsLCjuWrpyIbOH9qRENZrY-1zmI4dE5FVKBl8DbAgvc&amp;sz=s0-l75-ft&amp;ats=1439998465833&amp;rm=14f469574b59d06d&amp;zw&amp;atsh=1\" alt=\"\" \/>\u00a0John Wesley Hardin<br \/>\n<a href=\"http:\/\/www.projetovip.net\/0526.htm\" target=\"_blank\">* 26\/05\/1853<\/a><br \/>\n+ 19\/08\/1895<\/td>\n<\/tr>\n<\/tbody>\n<\/table>\n<\/td>\n<td align=\"middle\" width=\"300\">\n<table width=\"200\">\n<tbody>\n<tr>\n<td><img decoding=\"async\" class=\"CToWUd\" src=\"https:\/\/mail.google.com\/mail\/u\/2\/?ui=2&amp;ik=d4016f14b7&amp;view=fimg&amp;th=14f469574b59d06d&amp;attid=0.5&amp;disp=emb&amp;attbid=ANGjdJ9ECSN9UP8hbPFXSnGMUrgA1zyImK8kdoERGdgmPXiw8IOOtlRxGjlhsa8QCCqJj553iiq8sX2whgSFG6OTLoIOln64fqCgtGMYfMn4bUl2ye8oEWXH0gepxko&amp;sz=s0-l75-ft&amp;ats=1439998465833&amp;rm=14f469574b59d06d&amp;zw&amp;atsh=1\" alt=\"\" \/>\u00a0Bento Ribeiro<br \/>\n<a href=\"http:\/\/www.projetovip.net\/0920.htm\" target=\"_blank\">* 20\/09\/1856<\/a><br \/>\n+ 19\/08\/1921<\/td>\n<\/tr>\n<\/tbody>\n<\/table>\n<\/td>\n<td align=\"middle\" width=\"300\">\n<table width=\"200\">\n<tbody>\n<tr>\n<td><img decoding=\"async\" class=\"CToWUd\" src=\"https:\/\/mail.google.com\/mail\/u\/2\/?ui=2&amp;ik=d4016f14b7&amp;view=fimg&amp;th=14f469574b59d06d&amp;attid=0.5&amp;disp=emb&amp;attbid=ANGjdJ--7egJts0O-JhQh97g4p9HMB9ullEqo4-DleHijPZfX03z2cPL4PeUMW8BkPlTBWj1N8PEeM-PgARwbkMQPC-B5YndqEZPgUA4Etrix6ktWI7wXfOdWMOlNLY&amp;sz=s0-l75-ft&amp;ats=1439998465834&amp;rm=14f469574b59d06d&amp;zw&amp;atsh=1\" alt=\"\" \/>\u00a0D. Aureliano Matos<br \/>\n<a href=\"http:\/\/www.projetovip.net\/0617.htm\" target=\"_blank\">* 17\/06\/1889<\/a><br \/>\n+ 19\/08\/1967<\/td>\n<\/tr>\n<\/tbody>\n<\/table>\n<\/td>\n<td align=\"middle\" width=\"300\">\n<table width=\"200\">\n<tbody>\n<tr>\n<td><img decoding=\"async\" class=\"CToWUd\" src=\"https:\/\/mail.google.com\/mail\/u\/2\/?ui=2&amp;ik=d4016f14b7&amp;view=fimg&amp;th=14f469574b59d06d&amp;attid=0.9&amp;disp=emb&amp;attbid=ANGjdJ_Z1YwF3W_vMh8_C82GNmhTBRG9gRLQbQBF6fdA7Xvh-cuCLZS1tnylc4tuyaIcZzdeqdiSKNq1Uqk62rP1Nt4qfkkp_lSUrzE3fkK1j1hVKdO0S3MxD-7Zs18&amp;sz=s0-l75-ft&amp;ats=1439998465834&amp;rm=14f469574b59d06d&amp;zw&amp;atsh=1\" alt=\"\" \/>\u00a0Groucho Marx<br \/>\n<a href=\"http:\/\/www.projetovip.net\/1002.htm\" target=\"_blank\">* 02\/10\/1890<\/a><br \/>\n+ 19\/08\/1977<\/td>\n<\/tr>\n<\/tbody>\n<\/table>\n<\/td>\n<td align=\"middle\" width=\"300\">\n<table width=\"200\">\n<tbody>\n<tr>\n<td><img decoding=\"async\" class=\"CToWUd\" src=\"https:\/\/mail.google.com\/mail\/u\/2\/?ui=2&amp;ik=d4016f14b7&amp;view=fimg&amp;th=14f469574b59d06d&amp;attid=0.5&amp;disp=emb&amp;attbid=ANGjdJ8KHJ9Q4zN-rILuIaNYkr6qP1Oa14cmCakmqu1G_WezMoC3jdWbVgHiReRtFWcMqpAhYI4mZSTviilBvqEpcZzIioADnIqX64tXzRg9Lli9TXpnMfFPKYfsIXY&amp;sz=s0-l75-ft&amp;ats=1439998465834&amp;rm=14f469574b59d06d&amp;zw&amp;atsh=1\" alt=\"\" \/>\u00a0Lincoln Feliciano<br \/>\n<a href=\"http:\/\/www.projetovip.net\/0620.htm\" target=\"_blank\">* 20\/06\/1893<\/a><br \/>\n+ 19\/08\/1971<\/td>\n<\/tr>\n<\/tbody>\n<\/table>\n<\/td>\n<td align=\"middle\" width=\"300\">\n<table width=\"200\">\n<tbody>\n<tr>\n<td><img decoding=\"async\" class=\"CToWUd\" src=\"https:\/\/mail.google.com\/mail\/u\/2\/?ui=2&amp;ik=d4016f14b7&amp;view=fimg&amp;th=14f469574b59d06d&amp;attid=0.57&amp;disp=emb&amp;attbid=ANGjdJ-hYtMJBMKd4TR4Qhl2sf-ijkhcf5GeRK6FWFCjctBO6JQ5LQJYkiamjawYGLQTVKple5tzX8La2qsKS9z1cE-haP5SQJPmssxTbmHE6GIrs54glRmzjyDZDfo&amp;sz=s0-l75-ft&amp;ats=1439998465835&amp;rm=14f469574b59d06d&amp;zw&amp;atsh=1\" alt=\"\" \/>\u00a0Wifredo Ricart<br \/>\n<a href=\"http:\/\/www.projetovip.net\/0315.htm\" target=\"_blank\">* 15\/03\/1897<\/a><br \/>\n+ 19\/08\/1974<\/td>\n<\/tr>\n<\/tbody>\n<\/table>\n<\/td>\n<\/tr>\n<\/tbody>\n<\/table>\n<\/div>\n<p>&#8230;<\/p>\n<\/div>\n<div class=\"yj6qo\"><\/div>\n<\/div>\n<p><!--more--><\/p>\n<div id=\":j5\" class=\"hq gt a10\"><\/div>\n<\/div>\n<\/div>\n","protected":false},"excerpt":{"rendered":"<p>O genealogista Jos\u00e9 Luiz Nogueira mant\u00e9m um brilhante arquivo geneal\u00f3gico e o compartilha com os leitores do ROL<\/p>\n","protected":false},"author":3,"featured_media":0,"comment_status":"closed","ping_status":"closed","sticky":false,"template":"","format":"standard","meta":{"_jetpack_newsletter_access":"","_jetpack_dont_email_post_to_subs":false,"_jetpack_newsletter_tier_id":0,"_jetpack_memberships_contains_paywalled_content":false,"_jetpack_memberships_contains_paid_content":false,"footnotes":""},"categories":[7],"tags":[4875],"class_list":["post-3013","post","type-post","status-publish","format-standard","hentry","category-comunicacao","tag-jose-luiiz-nogueira"],"aioseo_notices":[],"views":0,"jetpack_featured_media_url":"","jetpack_sharing_enabled":true,"jetpack_likes_enabled":true,"jetpack-related-posts":[{"id":5811,"url":"https:\/\/jornalrol.com.br\/?p=5811","url_meta":{"origin":3013,"position":0},"title":"Artigo do genealogista Jos\u00e9 Luiz Nogueira: &#039;M\u00eas de Agosto&#039;","author":"Helio Rubens","date":"6 de agosto de 2016","format":false,"excerpt":"Agosto, do latim\u00a0augustus, \u00e9 o oitavo\u00a0m\u00eas\u00a0do\u00a0calend\u00e1rio gregoriano. Boa tarde. Sa\u00fade e alegria para todos. J\u00e1 estamos no m\u00eas de Agosto. Assim \u00e9 chamado por decreto em honra ao\u00a0imperador\u00a0C\u00e9sar Augusto. Antes dessa mudan\u00e7a, agosto era denominado\u00a0Sextilis\u00a0ou Sextil, visto que era o sexto m\u00eas no\u00a0calend\u00e1rio\u00a0de\u00a0R\u00f4mulo. Dentro do nosso calend\u00e1rio, nota-se que os\u2026","rel":"","context":"Em &quot;Comunica\u00e7\u00e3o&quot;","block_context":{"text":"Comunica\u00e7\u00e3o","link":"https:\/\/jornalrol.com.br\/?cat=7"},"img":{"alt_text":"Genealogista Jos\u00e9 Luiz Nogueira","src":"https:\/\/i0.wp.com\/www.jornalrol.com.br\/wp-content\/uploads\/2015\/10\/foto-Face.jpg?resize=350%2C200","width":350,"height":200},"classes":[]},{"id":4948,"url":"https:\/\/jornalrol.com.br\/?p=4948","url_meta":{"origin":3013,"position":1},"title":"Saite de genealogia atinge numero recorde de acessos","author":"Helio Rubens","date":"15 de maio de 2016","format":false,"excerpt":"O saite 'Genealogia', de Jos\u00e9 Luiz Nogueira - atinge 400 mil acessos! O saite 'Genealogia' criado pelo genealogista itapetiningano Jos\u00e9 Luiz Nogueira (www.jlnogueira.no.comunidades.net), aborda quest\u00f5es relacionadas \u00e0s fam\u00edlias de Itapetininga e de diversas cidades da regi\u00e3o e de todo o nosso pa\u00eds. \u00c9 mantido e aprimorado constantes pelo seu criador,\u2026","rel":"","context":"Em &quot;Comunica\u00e7\u00e3o&quot;","block_context":{"text":"Comunica\u00e7\u00e3o","link":"https:\/\/jornalrol.com.br\/?cat=7"},"img":{"alt_text":"Genealogista Jos\u00e9 Luiz Nogueira","src":"https:\/\/i0.wp.com\/www.jornalrol.com.br\/wp-content\/uploads\/2015\/10\/foto-Face.jpg?resize=350%2C200","width":350,"height":200},"classes":[]},{"id":7753,"url":"https:\/\/jornalrol.com.br\/?p=7753","url_meta":{"origin":3013,"position":2},"title":"Recomenda\u00e7\u00e3o de livro:  Genealogia de uma Cidade &#8211; Itapetininga &#8211; Volume V","author":"Helio Rubens","date":"22 de janeiro de 2017","format":false,"excerpt":"\u00c9 a quinta edi\u00e7\u00e3o da s\u00e9rie Genealogia de uma Cidade, de Jos\u00e9 Luiz Nogueira \u00a0 O volume V da s\u00e9rie Genealogia de uma Cidade \u00e9 sobre Itapetininga e foi publicado em dezembro de 2016. O autor, Jos\u00e9 Luiz Nogueira, foi um dos fundadores do IHGGI - Instituto Hist\u00f3rico, Geogr\u00e1fico e\u2026","rel":"","context":"Em &quot;Comunica\u00e7\u00e3o&quot;","block_context":{"text":"Comunica\u00e7\u00e3o","link":"https:\/\/jornalrol.com.br\/?cat=7"},"img":{"alt_text":"","src":"https:\/\/i0.wp.com\/www.jornalrol.com.br\/wp-content\/uploads\/2017\/01\/LIvro-Genealogia-de-uma-cidade-Itapetininga-de-Jos%C3%A9-Luiz-Nogueira-tamnho-30-reduzido-209x300.jpg?resize=350%2C200","width":350,"height":200},"classes":[]},{"id":3521,"url":"https:\/\/jornalrol.com.br\/?p=3521","url_meta":{"origin":3013,"position":3},"title":"Informa\u00e7\u00f5es do genealogista Jos\u00e9 Luiz Nogueira sobre Itapetininga &#8211; PARTE 1","author":"Helio Rubens","date":"20 de outubro de 2015","format":false,"excerpt":"JOS\u00c9 LUIZ NOGUEIRA - NOT\u00cdCIAS QUE ANTECEDEM A FUNDA\u00c7\u00c3O DE ITAPETININGA - parte 1 Boa noite. Sa\u00fade e alegria para todos. Estamos a menos de um do anivers\u00e1rio de Itapetininga. S\u00e3o 245 anos de emancipa\u00e7\u00e3o pol\u00edtica. Itapetininga pertencia a Villa de Nossa Senhora da Ponte de Sorocaba e foi elevada\u2026","rel":"","context":"Em &quot;Comunica\u00e7\u00e3o&quot;","block_context":{"text":"Comunica\u00e7\u00e3o","link":"https:\/\/jornalrol.com.br\/?cat=7"},"img":{"alt_text":"","src":"","width":0,"height":0},"classes":[]},{"id":3824,"url":"https:\/\/jornalrol.com.br\/?p=3824","url_meta":{"origin":3013,"position":4},"title":"Artigo do m\u00eas do genealogista Jos\u00e9 Luis Nogueira: &#039;Registros de Dezembro&#039;","author":"Helio Rubens","date":"2 de dezembro de 2015","format":false,"excerpt":"Bom dia. Sa\u00fade e alegria. Espero que estejam todos bem.\u00a0Hoje \u00e9 dia 1\u00ba de dezembro de 2015.\u00a0\u00c9 o 335.\u00ba dia do ano no\u00a0calend\u00e1rio gregoriano\u00a0(336.\u00ba em anos bissextos).\u00a0 1822\u00a0-\u00a0Pedro I\u00a0\u00e9 coroado Imperador do\u00a0Brasil. 1878\u00a0- \u00c9 instalado na Casa Branca, resid\u00eancia do presidente norte-americano, o primeiro telefone. 1887\u00a0- \u00c9 publicado o primeiro\u2026","rel":"","context":"Em &quot;Comunica\u00e7\u00e3o&quot;","block_context":{"text":"Comunica\u00e7\u00e3o","link":"https:\/\/jornalrol.com.br\/?cat=7"},"img":{"alt_text":"Genealogista Jos\u00e9 Luiz Nogueira","src":"https:\/\/i0.wp.com\/www.jornalrol.com.br\/wp-content\/uploads\/2015\/10\/foto-Face.jpg?resize=350%2C200","width":350,"height":200},"classes":[]},{"id":28341,"url":"https:\/\/jornalrol.com.br\/?p=28341","url_meta":{"origin":3013,"position":5},"title":"Afr\u00e2nio Mello fornece informa\u00e7\u00f5es sobre as fam\u00edlias NOGUEIRA e MARCONDES","author":"Helio Rubens","date":"5 de julho de 2019","format":false,"excerpt":"ATENDIMENTO NUMERO 1.134,1.135 Cara Nat\u00e1lia, bom dia. Estou encaminhando o que tenho sobre a Fam\u00edlia NOGUEIRA, seu sobrenome\u00a0 e ,no final ,o arquivo de sua solicita\u00e7\u00e3o do sobrenome\u00a0MARCONDES. Nogueira..................18 p\u00e1ginas e 1 bras\u00e3o. Marcondes.............. 11 p\u00e1ginas e 2 bras\u00f5es em 2 arquivos , sendo um do site do Genealogista Jos\u00e9\u2026","rel":"","context":"Em &quot;Comunica\u00e7\u00e3o&quot;","block_context":{"text":"Comunica\u00e7\u00e3o","link":"https:\/\/jornalrol.com.br\/?cat=7"},"img":{"alt_text":"","src":"https:\/\/i0.wp.com\/www.jornalrol.com.br\/wp-content\/uploads\/2018\/03\/afranio-150x150.jpg?resize=350%2C200","width":350,"height":200},"classes":[]}],"_links":{"self":[{"href":"https:\/\/jornalrol.com.br\/index.php?rest_route=\/wp\/v2\/posts\/3013","targetHints":{"allow":["GET"]}}],"collection":[{"href":"https:\/\/jornalrol.com.br\/index.php?rest_route=\/wp\/v2\/posts"}],"about":[{"href":"https:\/\/jornalrol.com.br\/index.php?rest_route=\/wp\/v2\/types\/post"}],"author":[{"embeddable":true,"href":"https:\/\/jornalrol.com.br\/index.php?rest_route=\/wp\/v2\/users\/3"}],"replies":[{"embeddable":true,"href":"https:\/\/jornalrol.com.br\/index.php?rest_route=%2Fwp%2Fv2%2Fcomments&post=3013"}],"version-history":[{"count":0,"href":"https:\/\/jornalrol.com.br\/index.php?rest_route=\/wp\/v2\/posts\/3013\/revisions"}],"wp:attachment":[{"href":"https:\/\/jornalrol.com.br\/index.php?rest_route=%2Fwp%2Fv2%2Fmedia&parent=3013"}],"wp:term":[{"taxonomy":"category","embeddable":true,"href":"https:\/\/jornalrol.com.br\/index.php?rest_route=%2Fwp%2Fv2%2Fcategories&post=3013"},{"taxonomy":"post_tag","embeddable":true,"href":"https:\/\/jornalrol.com.br\/index.php?rest_route=%2Fwp%2Fv2%2Ftags&post=3013"}],"curies":[{"name":"wp","href":"https:\/\/api.w.org\/{rel}","templated":true}]}}