{"id":30131,"date":"2019-12-16T19:16:16","date_gmt":"2019-12-16T21:16:16","guid":{"rendered":"http:\/\/www.jornalrol.com.br\/?p=30131"},"modified":"2019-12-16T19:16:16","modified_gmt":"2019-12-16T21:16:16","slug":"livro-trata-da-imaginacao-como-aliada-da-medicina","status":"publish","type":"post","link":"https:\/\/jornalrol.com.br\/?p=30131","title":{"rendered":"Livro trata da imagina\u00e7\u00e3o como aliada da medicina"},"content":{"rendered":"<div class=\"pdfprnt-buttons pdfprnt-buttons-post pdfprnt-top-right\"><a href=\"https:\/\/jornalrol.com.br\/index.php?rest_route=%2Fwp%2Fv2%2Fposts%2F30131&print=pdf\" class=\"pdfprnt-button pdfprnt-button-pdf\" target=\"_blank\" ><\/a><a href=\"https:\/\/jornalrol.com.br\/index.php?rest_route=%2Fwp%2Fv2%2Fposts%2F30131&print=print\" class=\"pdfprnt-button pdfprnt-button-print\" target=\"_blank\" ><img decoding=\"async\" src=\"https:\/\/jornalrol.com.br\/wp-content\/plugins\/pdf-print\/images\/print.png\" alt=\"image_print\" title=\"Conte\u00fado de impress\u00e3o\" \/><\/a><\/div><h2 style=\"text-align: center;\"><a href=\"http:\/\/www.jornalrol.com.br\/wp-content\/uploads\/2019\/12\/unnamed-2-2.jpg\"><img loading=\"lazy\" decoding=\"async\" class=\"size-medium wp-image-30132 aligncenter\" src=\"http:\/\/www.jornalrol.com.br\/wp-content\/uploads\/2019\/12\/unnamed-2-2-191x300.jpg\" alt=\"\" width=\"191\" height=\"300\" \/><\/a><strong><i>Publicit\u00e1rio e escritor Andr\u00e9 Castilho mostra como o terreno f\u00e9rtil da imagina\u00e7\u00e3o pode ajudar as crian\u00e7as a se relacionarem melhor com a dor e a morte<\/i><\/strong><\/h2>\n<p><!--more--><\/p>\n<p>Tudo come\u00e7a na mente. N\u00e3o s\u00f3 a doen\u00e7a. A intelig\u00eancia nos d\u00e1 vida e a cren\u00e7a em si altera a biologia. A mente tem um poder infinito de cura. Essa \u00e9 a grande mensagem de Heal \u2013 O Poder da Mente, document\u00e1rio dispon\u00edvel na\u00a0<a href=\"https:\/\/www.youtube.com\/user\/NetflixBRA\" target=\"_blank\" rel=\"noopener\" data-saferedirecturl=\"https:\/\/www.google.com\/url?q=https:\/\/www.youtube.com\/user\/NetflixBRA&amp;source=gmail&amp;ust=1576615608897000&amp;usg=AFQjCNEKTkdl0h5VvFXgVQM8to3j1qPrjg\">Netflix<\/a>, que evidencia a forte liga\u00e7\u00e3o entre a psique e a sa\u00fade f\u00edsica.<\/p>\n<p>Baseado nessa premissa, o escritor e publicit\u00e1rio\u00a0<strong>Andr\u00e9 Castilho<\/strong>, por meio do livro\u00a0<a href=\"https:\/\/janeladeisabela.com.br\/\" target=\"_blank\" rel=\"noopener\" data-saferedirecturl=\"https:\/\/www.google.com\/url?q=https:\/\/janeladeisabela.com.br\/&amp;source=gmail&amp;ust=1576615608897000&amp;usg=AFQjCNGoV5aCQ8hlsfYtpn7EeIbza5nSTA\"><strong><em>Janela de Isabela<\/em><\/strong><\/a>, criou o termo \u201cMedicina da Imagina\u00e7\u00e3o\u201d. Trata-se de uma forma de curar ou aliviar a dor de pacientes \u2013 e n\u00e3o s\u00f3 deles, mas dos que est\u00e3o \u00e0 sua volta. E melhor, o uso deste recurso \u00e9 inesgot\u00e1vel e dispon\u00edvel em todas as pessoas: a mente.<\/p>\n<p>O pensamento positivo \u00e9 realmente transformador. As curas espirituais e o efeito placebo s\u00e3o exemplos cl\u00e1ssicos de como o c\u00e9rebro funciona e pode ser condicionado a favor da reabilita\u00e7\u00e3o e da sa\u00fade. Basta querer, se permitir, imaginar. E isso \u00e9 da natureza das crian\u00e7as. Por isso se aplica como uma luva no universo dos pequenos.<\/p>\n<p>\u00c9 este olhar l\u00fadico delas sobre a vida e o mundo que pode ajuda-las a enfrentar as doen\u00e7as e a possibilidade da morte. Um tema t\u00e3o sens\u00edvel quanto relevante que o publicit\u00e1rio e escritor\u00a0<a href=\"https:\/\/andrecastilho.com\/\" target=\"_blank\" rel=\"noopener\" data-saferedirecturl=\"https:\/\/www.google.com\/url?q=https:\/\/andrecastilho.com\/&amp;source=gmail&amp;ust=1576615608897000&amp;usg=AFQjCNHzbUF8SH-mnLKqZsH74O__iN4jgg\">Andr\u00e9 Castilho<\/a>\u00a0evidencia no livro.\u00a0 A obra conta a hist\u00f3ria da personagem Isabela, internada para tratamento de c\u00e2ncer que tem na imagina\u00e7\u00e3o sua grande aliada.<\/p>\n<p><a href=\"https:\/\/janeladeisabela.com.br\/\" target=\"_blank\" rel=\"noopener\" data-saferedirecturl=\"https:\/\/www.google.com\/url?q=https:\/\/janeladeisabela.com.br\/&amp;source=gmail&amp;ust=1576615608897000&amp;usg=AFQjCNGoV5aCQ8hlsfYtpn7EeIbza5nSTA\"><strong><em>Janela de Isabela<\/em><\/strong><\/a>\u00a0ensina a usar a Medicina da Imagina\u00e7\u00e3o para resgatar a capacidade de sonhar. \u00c9 uma obra para ajudar fam\u00edlias e profissionais a enfrentarem situa\u00e7\u00f5es de dor extrema. Mais que um livro, trata-se de um prop\u00f3sito de vida para o autor, que com esta publica\u00e7\u00e3o estreia sua editora, a ALMA Books, cujo lema resume perfeitamente o significado do projeto: \u201chist\u00f3rias que importam\u201d.<\/p>\n<p>&nbsp;<\/p>\n<p><strong>Ficha t\u00e9cnica:<\/strong><\/p>\n<p><strong>T\u00edtulo<\/strong>: Janela de Isabela<br \/>\n<strong>Autor:<\/strong>\u00a0Andr\u00e9 Castilho<br \/>\n<strong>Ilustrador:<\/strong>\u00a0Fabiano de Queiroz Tatu<br \/>\n<strong>ISBN: 658045704X<\/strong><br \/>\n<strong>Editora<\/strong>: ALMA Books<\/p>\n<p><strong>P\u00e1ginas:<\/strong>\u00a076<br \/>\n<strong>Formato:\u00a0<\/strong>14&#215;21 cm<br \/>\n<strong>Pre\u00e7o:\u00a0<\/strong>R$ 33,29<br \/>\n<strong>Link para venda:\u00a0<\/strong><a href=\"http:\/\/bit.ly\/janeladeisabela\" target=\"_blank\" rel=\"noopener\" data-saferedirecturl=\"https:\/\/www.google.com\/url?q=http:\/\/bit.ly\/janeladeisabela&amp;source=gmail&amp;ust=1576615608897000&amp;usg=AFQjCNFn3cwvQQDHcD5I1NPaLdA0lWr0YQ\">http:\/\/bit.ly\/janeladeisabela<\/a><\/p>\n<p><strong>Sinopse:\u00a0<\/strong>Isabela, uma menina de 10 anos de idade, st\u00e1 rec\u00e9m-hospedada em um quarto cujo \u00fanico atrativo \u00e9 uma janela que d\u00e1 para uma paisagem em que nada de extraordin\u00e1rio acontece. Na realidade, trata-se de um apartamento de hospital, onde Isabela est\u00e1 passando pelo tratamento de um c\u00e2ncer em est\u00e1gio avan\u00e7ado. Sua av\u00f3, Dona Clotilde, lhe ajuda a vencer o t\u00e9dio e superar a dor, ensinando-a a observar atrav\u00e9s da janela com os olhos da imagina\u00e7\u00e3o, o que lhe d\u00e1 acesso a um universo l\u00fadico onde tudo \u00e9 poss\u00edvel. As experi\u00eancias vividas \u2013 ou imaginadas \u2013 por Isabela lhe proporcionam aprendizados profundos e compreens\u00e3o para enfrentar a vida \u2013 e a morte.<\/p>\n<p>&nbsp;<\/p>\n<div>\n<div>\n<p><strong>Sobre o autor<\/strong><\/p>\n<figure id=\"attachment_30133\" aria-describedby=\"caption-attachment-30133\" style=\"width: 207px\" class=\"wp-caption alignright\"><a href=\"http:\/\/www.jornalrol.com.br\/wp-content\/uploads\/2019\/12\/unnamed-3-1.jpg\"><img loading=\"lazy\" decoding=\"async\" class=\"wp-image-30133 size-medium\" src=\"http:\/\/www.jornalrol.com.br\/wp-content\/uploads\/2019\/12\/unnamed-3-1-207x300.jpg\" alt=\"\" width=\"207\" height=\"300\" \/><\/a><figcaption id=\"caption-attachment-30133\" class=\"wp-caption-text\">Andr\u00e9 Castilho<\/figcaption><\/figure>\n<p>Escritor, cineasta, publicit\u00e1rio e cofundador da produtora de filmes La Casa de la Madre,\u00a0<a href=\"https:\/\/andrecastilho.com\/\" target=\"_blank\" rel=\"noopener\" data-saferedirecturl=\"https:\/\/www.google.com\/url?q=https:\/\/andrecastilho.com\/&amp;source=gmail&amp;ust=1576615608897000&amp;usg=AFQjCNHzbUF8SH-mnLKqZsH74O__iN4jgg\">Andr\u00e9 Castilho<\/a>\u00a0formou-se em publicidade e propaganda pela C\u00e1sper L\u00edbero e atuou por 12 anos como criativo em ag\u00eancias como Y&amp;R, W\/ Mccann, Ag\u00eanciaClick, Euro RSCG e Havas, tendo sido premiado em festivais internacionais como Cannes Lions, Clio Awards, El Ojo e FIAP. Em 2012, ao lado de Jorge Brivilati, fundou a produtora de filmes La Casa de la Madre, a primeira do Brasil especializada em storytelling para marcas. Em 2015, seu filme \u201cMeeting Murilo\u201d foi destaque na imprensa internacional, recebendo aten\u00e7\u00e3o de ve\u00edculos como CBS, People, Time Magazine e Huffington Post, al\u00e9m de ter sido premiado em Cannes com 3 le\u00f5es e 4 shortlists, incluindo a categoria branded content.<\/p>\n<p>Em 2016, escreveu o filme \u201cReencontro\u201d, premiado com ouro na categoria \u201cShorts\u201d do festival Ciclope. Em 2017, o filme foi selecionado para um dos mais respeitados festivais de cinema do mundo, o LA Shorts, sendo este o \u00fanico dos finalistas concebido para uma marca. No mesmo ano, teve o filme \u201cMovido a Respeito\u201d produzido para a TV Globo, consagrado com o Grand Clio Entertainment, sendo a primeira obra da Am\u00e9rica Latina a conquistar tal premia\u00e7\u00e3o. Como documentarista, conquistou o \u201cImpact Docs Awards\u201d com o minidoc \u201cHuni Kuin \u2013 Os \u00daltimos Guardi\u00f5es\u201d.<\/p>\n<p>Em 2019, lan\u00e7ou o projeto \u201cEmpreendedor Criativo\u201d, canal digital onde dedica-se a ensinar criatividade para empreendedores. No mesmo ano, deu in\u00edcio \u00e0s opera\u00e7\u00f5es da ALMA, empresa voltada \u00e0 cria\u00e7\u00e3o de hist\u00f3rias de impacto, cujo selo editorial \u2013 ALMA Books \u2013 abriga o livro \u201cJanela de Isabela\u201d, primeira obra liter\u00e1ria lan\u00e7ada pelo autor.<\/p>\n<p>Para mais informa\u00e7\u00f5es do autor, acesse:\u00a0<a href=\"http:\/\/bit.ly\/wiki-andrecastilho\" target=\"_blank\" rel=\"noopener\" data-saferedirecturl=\"https:\/\/www.google.com\/url?q=http:\/\/bit.ly\/wiki-andrecastilho&amp;source=gmail&amp;ust=1576615608897000&amp;usg=AFQjCNHMaEIZvIOOndUzvjqEUk3I2_q8wg\">http:\/\/bit.ly\/wiki-<wbr \/>andrecastilho<\/a><\/p>\n<p><strong>Site:<br \/>\n<\/strong><a href=\"http:\/\/www.janeladeisabela.com.br\/\" target=\"_blank\" rel=\"noopener\" data-saferedirecturl=\"https:\/\/www.google.com\/url?q=http:\/\/www.janeladeisabela.com.br&amp;source=gmail&amp;ust=1576615608897000&amp;usg=AFQjCNH_3pBJYGroJEBrou6g91b47vVW_w\">www.janeladeisabela.com.br<\/a><\/p>\n<p><strong>Redes sociais:<br \/>\n<\/strong><a href=\"http:\/\/www.instagram.com\/janeladeisabela\" target=\"_blank\" rel=\"noopener\" data-saferedirecturl=\"https:\/\/www.google.com\/url?q=http:\/\/www.instagram.com\/janeladeisabela&amp;source=gmail&amp;ust=1576615608897000&amp;usg=AFQjCNHmAmL1CX9cW_Cxa01rxjLC-U-AcQ\">www.instagram.com\/<wbr \/>janeladeisabela<\/a><\/p>\n<\/div>\n<\/div>\n","protected":false},"excerpt":{"rendered":"<p>Publicit\u00e1rio e escritor Andr\u00e9 Castilho mostra como o terreno f\u00e9rtil da imagina\u00e7\u00e3o pode ajudar as crian\u00e7as a se relacionarem melhor com a dor e a morte<\/p>\n","protected":false},"author":6,"featured_media":0,"comment_status":"closed","ping_status":"closed","sticky":false,"template":"","format":"standard","meta":{"_jetpack_newsletter_access":"","_jetpack_dont_email_post_to_subs":false,"_jetpack_newsletter_tier_id":0,"_jetpack_memberships_contains_paywalled_content":false,"_jetpack_memberships_contains_paid_content":false,"footnotes":""},"categories":[7],"tags":[870,4756,5145],"class_list":["post-30131","post","type-post","status-publish","format-standard","hentry","category-comunicacao","tag-andre-castilho","tag-janela-de-isabela","tag-livro"],"aioseo_notices":[],"views":397,"jetpack_featured_media_url":"","jetpack_sharing_enabled":true,"jetpack_likes_enabled":true,"jetpack-related-posts":[{"id":69775,"url":"https:\/\/jornalrol.com.br\/?p=69775","url_meta":{"origin":30131,"position":0},"title":"M\u00e1rcio Castilho lan\u00e7a De Todos os Tons","author":"Sergio Diniz da Costa","date":"3 de outubro de 2024","format":false,"excerpt":"No dia 18 de outubro, das 19 h \u00e0s 21h30, o poeta e escritor M\u00e1rcio Castilho, lan\u00e7ar\u00e1 o livro 'De Todos os Tons', obra que fecha a trilogia po\u00e9tica 'De Todos'.","rel":"","context":"Em &quot;lan\u00e7amentos&quot;","block_context":{"text":"lan\u00e7amentos","link":"https:\/\/jornalrol.com.br\/?cat=9462"},"img":{"alt_text":"Capa do livro 'De Todos os Tons', de M\u00e1rcio Castilho","src":"https:\/\/i0.wp.com\/jornalrol.com.br\/wp-content\/uploads\/2024\/09\/d60f6460-4306-4795-95f9-66a5bc741a87-1.jpeg?resize=350%2C200&ssl=1","width":350,"height":200},"classes":[]},{"id":73862,"url":"https:\/\/jornalrol.com.br\/?p=73862","url_meta":{"origin":30131,"position":1},"title":"O Poder da Mente","author":"Sergio Diniz da Costa","date":"23 de junho de 2025","format":false,"excerpt":"P\u00e2mela Beatriz Guimar\u00e3es \u00e9 uma jovem e promissora escritora brasileira. Com apenas 26 anos lan\u00e7ou 12 livros, todos recebidos positivamente pelos leitores...","rel":"","context":"Em &quot;Bienal do Livro&quot;","block_context":{"text":"Bienal do Livro","link":"https:\/\/jornalrol.com.br\/?cat=14430"},"img":{"alt_text":"Capa do livro 'O Poder da Mente', de P\u00e2mela Beatriz Guimar\u00e3es","src":"https:\/\/i0.wp.com\/jornalrol.com.br\/wp-content\/uploads\/2025\/06\/5f627d30-2456-4319-afb9-7196a1fa6976.jpeg?resize=350%2C200&ssl=1","width":350,"height":200,"srcset":"https:\/\/i0.wp.com\/jornalrol.com.br\/wp-content\/uploads\/2025\/06\/5f627d30-2456-4319-afb9-7196a1fa6976.jpeg?resize=350%2C200&ssl=1 1x, https:\/\/i0.wp.com\/jornalrol.com.br\/wp-content\/uploads\/2025\/06\/5f627d30-2456-4319-afb9-7196a1fa6976.jpeg?resize=525%2C300&ssl=1 1.5x, https:\/\/i0.wp.com\/jornalrol.com.br\/wp-content\/uploads\/2025\/06\/5f627d30-2456-4319-afb9-7196a1fa6976.jpeg?resize=700%2C400&ssl=1 2x, https:\/\/i0.wp.com\/jornalrol.com.br\/wp-content\/uploads\/2025\/06\/5f627d30-2456-4319-afb9-7196a1fa6976.jpeg?resize=1050%2C600&ssl=1 3x"},"classes":[]},{"id":36026,"url":"https:\/\/jornalrol.com.br\/?p=36026","url_meta":{"origin":30131,"position":2},"title":"M\u00e1rcio Castilho: &#039;Milenares&#039;","author":"Sergio Diniz da Costa","date":"26 de dezembro de 2020","format":false,"excerpt":"Milenares Viva, seja feliz a seu modo; N\u00e3o simule, sorria, seja profundo; Vislumbre vit\u00f3rias e chuvas de fogos, Cante por um segundo. \u00a0 Vir\u00e1 o que h\u00e1 de vir Entre trocas de olhares, palavras num sil\u00eancio; N\u00e3o deixe de sentir A esperan\u00e7a quase intang\u00edvel do novo mil\u00eanio. \u00a0 Atue no\u2026","rel":"","context":"Em &quot;Comunica\u00e7\u00e3o&quot;","block_context":{"text":"Comunica\u00e7\u00e3o","link":"https:\/\/jornalrol.com.br\/?cat=7"},"img":{"alt_text":"","src":"https:\/\/i0.wp.com\/www.jornalrol.com.br\/wp-content\/uploads\/2020\/12\/53E8BED5BBB94FFD85D1B1F442CAD66B-265x300.jpg?resize=350%2C200","width":350,"height":200},"classes":[]},{"id":35762,"url":"https:\/\/jornalrol.com.br\/?p=35762","url_meta":{"origin":30131,"position":3},"title":"M\u00e1rcio Castilho lan\u00e7a o segundo volume da trilogia &#039;De Todos&#039;","author":"Sergio Diniz da Costa","date":"14 de dezembro de 2020","format":false,"excerpt":"O poeta voltarredondense foi premiado na categoria de melhor livro de 2019 pelo jornal Olho Vivo 2019 O poeta voltarredondense, premiado na categoria de melhor livro de 2019 pelo jornal Olho Vivo 2019 lan\u00e7a no dia 18 de dezembro de 2020 o segundo volume da trilogia 'De Todos'. Em De\u2026","rel":"","context":"Em &quot;Comunica\u00e7\u00e3o&quot;","block_context":{"text":"Comunica\u00e7\u00e3o","link":"https:\/\/jornalrol.com.br\/?cat=7"},"img":{"alt_text":"","src":"https:\/\/i0.wp.com\/jornalrol.com.br\/wp-content\/uploads\/2020\/12\/47cb0bee-54bb-421b-bdc5-94f86c2a9857.jpg?resize=350%2C200&ssl=1","width":350,"height":200,"srcset":"https:\/\/i0.wp.com\/jornalrol.com.br\/wp-content\/uploads\/2020\/12\/47cb0bee-54bb-421b-bdc5-94f86c2a9857.jpg?resize=350%2C200&ssl=1 1x, https:\/\/i0.wp.com\/jornalrol.com.br\/wp-content\/uploads\/2020\/12\/47cb0bee-54bb-421b-bdc5-94f86c2a9857.jpg?resize=525%2C300&ssl=1 1.5x, https:\/\/i0.wp.com\/jornalrol.com.br\/wp-content\/uploads\/2020\/12\/47cb0bee-54bb-421b-bdc5-94f86c2a9857.jpg?resize=700%2C400&ssl=1 2x, https:\/\/i0.wp.com\/jornalrol.com.br\/wp-content\/uploads\/2020\/12\/47cb0bee-54bb-421b-bdc5-94f86c2a9857.jpg?resize=1050%2C600&ssl=1 3x"},"classes":[]},{"id":51348,"url":"https:\/\/jornalrol.com.br\/?p=51348","url_meta":{"origin":30131,"position":4},"title":"Escritor e poeta, M\u00e1rcio Castilho \u00e9 o entrevistado do programa Panorama, da R\u00e1dio Mundial Lite FM","author":"Sergio Diniz da Costa","date":"28 de julho de 2022","format":false,"excerpt":"O programa Panorama vai ao ar toda sexta-feira, das 10h \u00e0s 12h. htpp:\/\/radiomundialitefm.com O escritor e poeta\u00a0M\u00e1rcio Castilho ser\u00e1 o entrevistado do quadro Papel Timbrado, do\u00a0programa\u00a0Panorama, da R\u00e1dio\u00a0Mundial Lite FM, amanh\u00e3 (29), \u00e0s 11h30. Dirigida por Eraldo Pinheiro, a R\u00e1dio Mundial Lite FM \u00e9 uma r\u00e1dio web do Rio de\u2026","rel":"","context":"Em &quot;Comunica\u00e7\u00e3o&quot;","block_context":{"text":"Comunica\u00e7\u00e3o","link":"https:\/\/jornalrol.com.br\/?cat=7"},"img":{"alt_text":"","src":"https:\/\/i0.wp.com\/jornalrol.com.br\/wp-content\/uploads\/2022\/07\/2d7230cf-f5ee-4e5f-919c-e1281a555c9e-297x300.jpg?resize=350%2C200","width":350,"height":200},"classes":[]},{"id":73614,"url":"https:\/\/jornalrol.com.br\/?p=73614","url_meta":{"origin":30131,"position":5},"title":"2\u00aa Bienal do Livro de Tabo\u00e3o da Serra","author":"Sergio Diniz da Costa","date":"12 de junho de 2025","format":false,"excerpt":"P\u00e2mela Beatriz Guimar\u00e3es, tamb\u00e9m conhecida pelo pseud\u00f4nimo Christine West, est\u00e1 entre os escritores confirmados para abrilhantar esta edi\u00e7\u00e3o especial da Bienal Card da 2\u00aa Bienal do Livro de Tabo\u00e3o da Serra A Bienal do Livro de Tabo\u00e3o da Serra (SP) \u00e9 um evento cultural que valoriza a leitura, a educa\u00e7\u00e3o\u2026","rel":"","context":"Em &quot;Bienal do Livro&quot;","block_context":{"text":"Bienal do Livro","link":"https:\/\/jornalrol.com.br\/?cat=14430"},"img":{"alt_text":"Card da 2\u00aa Bienal do Livro de Tabo\u00e3o da Serra","src":"https:\/\/i0.wp.com\/jornalrol.com.br\/wp-content\/uploads\/2025\/06\/7a5f848b-658f-463a-b32d-0ba2524bff6d.jpg?resize=350%2C200&ssl=1","width":350,"height":200,"srcset":"https:\/\/i0.wp.com\/jornalrol.com.br\/wp-content\/uploads\/2025\/06\/7a5f848b-658f-463a-b32d-0ba2524bff6d.jpg?resize=350%2C200&ssl=1 1x, https:\/\/i0.wp.com\/jornalrol.com.br\/wp-content\/uploads\/2025\/06\/7a5f848b-658f-463a-b32d-0ba2524bff6d.jpg?resize=525%2C300&ssl=1 1.5x, https:\/\/i0.wp.com\/jornalrol.com.br\/wp-content\/uploads\/2025\/06\/7a5f848b-658f-463a-b32d-0ba2524bff6d.jpg?resize=700%2C400&ssl=1 2x"},"classes":[]}],"_links":{"self":[{"href":"https:\/\/jornalrol.com.br\/index.php?rest_route=\/wp\/v2\/posts\/30131","targetHints":{"allow":["GET"]}}],"collection":[{"href":"https:\/\/jornalrol.com.br\/index.php?rest_route=\/wp\/v2\/posts"}],"about":[{"href":"https:\/\/jornalrol.com.br\/index.php?rest_route=\/wp\/v2\/types\/post"}],"author":[{"embeddable":true,"href":"https:\/\/jornalrol.com.br\/index.php?rest_route=\/wp\/v2\/users\/6"}],"replies":[{"embeddable":true,"href":"https:\/\/jornalrol.com.br\/index.php?rest_route=%2Fwp%2Fv2%2Fcomments&post=30131"}],"version-history":[{"count":0,"href":"https:\/\/jornalrol.com.br\/index.php?rest_route=\/wp\/v2\/posts\/30131\/revisions"}],"wp:attachment":[{"href":"https:\/\/jornalrol.com.br\/index.php?rest_route=%2Fwp%2Fv2%2Fmedia&parent=30131"}],"wp:term":[{"taxonomy":"category","embeddable":true,"href":"https:\/\/jornalrol.com.br\/index.php?rest_route=%2Fwp%2Fv2%2Fcategories&post=30131"},{"taxonomy":"post_tag","embeddable":true,"href":"https:\/\/jornalrol.com.br\/index.php?rest_route=%2Fwp%2Fv2%2Ftags&post=30131"}],"curies":[{"name":"wp","href":"https:\/\/api.w.org\/{rel}","templated":true}]}}