{"id":30137,"date":"2019-12-16T19:29:44","date_gmt":"2019-12-16T21:29:44","guid":{"rendered":"http:\/\/www.jornalrol.com.br\/?p=30137"},"modified":"2019-12-16T19:29:44","modified_gmt":"2019-12-16T21:29:44","slug":"a-chapada-diamantina-de-um-jeito-que-voce-jamais-viu","status":"publish","type":"post","link":"https:\/\/jornalrol.com.br\/?p=30137","title":{"rendered":"A Chapada Diamantina de um jeito que voc\u00ea jamais viu"},"content":{"rendered":"<div class=\"pdfprnt-buttons pdfprnt-buttons-post pdfprnt-top-right\"><a href=\"https:\/\/jornalrol.com.br\/index.php?rest_route=%2Fwp%2Fv2%2Fposts%2F30137&print=pdf\" class=\"pdfprnt-button pdfprnt-button-pdf\" target=\"_blank\" ><\/a><a href=\"https:\/\/jornalrol.com.br\/index.php?rest_route=%2Fwp%2Fv2%2Fposts%2F30137&print=print\" class=\"pdfprnt-button pdfprnt-button-print\" target=\"_blank\" ><img decoding=\"async\" src=\"https:\/\/jornalrol.com.br\/wp-content\/plugins\/pdf-print\/images\/print.png\" alt=\"image_print\" title=\"Conte\u00fado de impress\u00e3o\" \/><\/a><\/div><h2 style=\"text-align: center;\"><a href=\"http:\/\/www.jornalrol.com.br\/wp-content\/uploads\/2019\/12\/unnamed-4-1.jpg\"><img loading=\"lazy\" decoding=\"async\" class=\"size-medium wp-image-30138 aligncenter\" src=\"http:\/\/www.jornalrol.com.br\/wp-content\/uploads\/2019\/12\/unnamed-4-1-185x300.jpg\" alt=\"\" width=\"185\" height=\"300\" \/><\/a><strong><i>Fic\u00e7\u00e3o, aventura e uma boa dose de hist\u00f3ria se entrela\u00e7am na trilogia &#8220;A Caverna Cristalina&#8221;, da doutora em Psicologia Christiane Couve de Murville<\/i><\/strong><\/h2>\n<p><!--more--><\/p>\n<p>A \u00fanica trilogia de fic\u00e7\u00e3o contempor\u00e2nea sobre a Chapada Diamantina. A saga\u00a0<a href=\"http:\/\/www.cmurville.com.br\/\" target=\"_blank\" rel=\"noopener\" data-saferedirecturl=\"https:\/\/www.google.com\/url?q=http:\/\/www.cmurville.com.br&amp;source=gmail&amp;ust=1576615631273000&amp;usg=AFQjCNGPg-x-P12hkbkWkSPdaP6ERLOvzg\"><strong><em>A Caverna Cristalina<\/em><\/strong><\/a>, publicada pela\u00a0<strong>Chiado<\/strong>\u00a0<strong>Books<\/strong>, explora uma das regi\u00f5es mais belas do pa\u00eds em uma viagem fascinante que re\u00fane suspense, emo\u00e7\u00e3o, mist\u00e9rio, intrigas e pitadas de reflex\u00f5es sobre a espiritualidade.<\/p>\n<p>Escrita pela doutora em Psicologia\u00a0<strong>Christiane Couve de Murville<\/strong>, a hist\u00f3ria se passa na Vila de Igatu, em Andara\u00ed, um dos 24 munic\u00edpios que comp\u00f5em a Chapada Diamantina. No enredo, pesquisadores viajam em portais para outras dimens\u00f5es e exploram a energia dos cristais encontrados nas grutas da regi\u00e3o.<\/p>\n<p>No primeiro livro da trilogia,\u00a0<a href=\"http:\/\/www.cmurville.com.br\/\" target=\"_blank\" rel=\"noopener\" data-saferedirecturl=\"https:\/\/www.google.com\/url?q=http:\/\/www.cmurville.com.br&amp;source=gmail&amp;ust=1576615631273000&amp;usg=AFQjCNGPg-x-P12hkbkWkSPdaP6ERLOvzg\"><strong><em>Uma aventura no tempo<\/em><\/strong><\/a>, o exc\u00eantrico professor e pesquisador Samuel e sua turma do grupo interdisciplinar da universidade buscam confirma\u00e7\u00f5es para a tese de realidades e mundos paralelos. Na expedi\u00e7\u00e3o a Igatu, coisas inusitadas come\u00e7am a acontecer e alguns integrantes do grupo desaparecem misteriosamente na caverna cristalina.<\/p>\n<p>Numa viagem pelo passado, presente e futuro, a narrativa ganha outros contornos no segundo volume. Em\u00a0<a href=\"http:\/\/www.cmurville.com.br\/\" target=\"_blank\" rel=\"noopener\" data-saferedirecturl=\"https:\/\/www.google.com\/url?q=http:\/\/www.cmurville.com.br&amp;source=gmail&amp;ust=1576615631273000&amp;usg=AFQjCNGPg-x-P12hkbkWkSPdaP6ERLOvzg\"><strong><em>O desafio do labirinto<\/em><\/strong><\/a>, inveja, incompreens\u00e3o, medo e curiosidade se espalham entre os habitantes do vilarejo de Igatu. A\u00a0situa\u00e7\u00e3o se tumultua com o surgimento de movimentos contr\u00e1rios \u00e0 realiza\u00e7\u00e3o dos experimentos na caverna cristalina, o que torna a aventura ainda mais desafiadora e instigante.<\/p>\n<p>A fic\u00e7\u00e3o deixa de lado o passado e futuro de Igatu em\u00a0<a href=\"http:\/\/www.cmurville.com.br\/\" target=\"_blank\" rel=\"noopener\" data-saferedirecturl=\"https:\/\/www.google.com\/url?q=http:\/\/www.cmurville.com.br&amp;source=gmail&amp;ust=1576615631273000&amp;usg=AFQjCNGPg-x-P12hkbkWkSPdaP6ERLOvzg\"><strong><em>Capturados no tempo<\/em><\/strong><\/a>, o terceiro e \u00faltimo volume da trilogia. Agora, os personagens passam a coexistir com realidades alternativas. A sensa\u00e7\u00e3o de passagem de tempo varia conforme a realidade visitada, que fica ganha vida em fun\u00e7\u00e3o das inten\u00e7\u00f5es, sentimentos e pensamentos emitidos.<\/p>\n<p><em>Os portais e as viagens dimensionais haviam sido um marco em suas vidas e todos guardavam uma lembran\u00e7a viva dos n\u00edveis de realidade visitados. Desde ent\u00e3o, o mundo nunca mais fora o mesmo para nenhum deles. Seus horizontes de percep\u00e7\u00e3o haviam se alargado, conferindo-lhes um novo olhar, atento ao bal\u00e9 de energias que comp\u00f5e a vida. (P\u00e1g. 14)<\/em><\/p>\n<p><strong><em>A Caverna Cristalina<\/em><\/strong>\u00a0\u00e9 uma completa e instigante obra de fic\u00e7\u00e3o, \u00e0 altura das trilogias norte-americanas, que conquistam cada vez mais os leitores, mas com um toque bem brasileiro. Uma trama bem amarrada, que tamb\u00e9m revela curiosidades, lendas e costumes reais da Chapada Diamantina, fruto das pesquisas feitas pela autora. \u00c9 ela tamb\u00e9m que ilustra as tr\u00eas edi\u00e7\u00f5es da saga, com a mesma beleza e desenvoltura de seus textos.<\/p>\n<p><strong><em>Christiane Couve de Murville<\/em><\/strong>\u00a0tem ao todo seis livros publicados e, em suas obras, compartilha ideias e reflex\u00f5es da pr\u00f3pria Psicologia e de sua larga experi\u00eancia profissional para ampliar horizontes e tornar a vida dos leitores mais leve.<\/p>\n<p>T\u00edtulo: <strong>A Caverna Cristalina Vol 1 &#8211; Uma aventura no tempo: Volume 1<\/strong><br \/>\n<strong>Autora: Christiane Couve de Murville<\/strong><br \/>\nIlustra\u00e7\u00f5es: Christiane Couve de Murville<br \/>\nISBN: 9789895132898<br \/>\nEditora: Chiado Books<br \/>\nP\u00e1ginas: 416<br \/>\nFormato: 14 x 22 cm<br \/>\nPre\u00e7o: R$ 33,00<br \/>\nLink para compra:\u00a0<a href=\"https:\/\/amzn.to\/2Yw5nL5\" target=\"_blank\" rel=\"noopener\" data-saferedirecturl=\"https:\/\/www.google.com\/url?q=https:\/\/amzn.to\/2Yw5nL5&amp;source=gmail&amp;ust=1576615631274000&amp;usg=AFQjCNG31grgJ7moswox1nWcXsmaKiGasg\">https:\/\/amzn.to\/2Yw5nL5<\/a><br \/>\nBooktrailer:\u00a0<a href=\"http:\/\/bit.ly\/2YB2GIu\" target=\"_blank\" rel=\"noopener\" data-saferedirecturl=\"https:\/\/www.google.com\/url?q=http:\/\/bit.ly\/2YB2GIu&amp;source=gmail&amp;ust=1576615631274000&amp;usg=AFQjCNHvhT-M_m_4_gkWkcQvOrFR8nitoQ\">http:\/\/bit.ly\/2YB2GIu<\/a><\/p>\n<p>&nbsp;<\/p>\n<p>T\u00edtulo: <strong>A Caverna Cristalina Vol 2 \u2013 O desafio do labirinto<\/strong>: Volume 2<br \/>\nAutora: Christiane Couve de Murville<br \/>\nIlustra\u00e7\u00f5es: Christiane Couve de Murville<br \/>\nISBN: 9789895132935<br \/>\nEditora: Chiado Books<br \/>\nP\u00e1ginas: 428<br \/>\nFormato: 14 x 22 cm<br \/>\nPre\u00e7o: R$ 33,00<br \/>\nLink para compra:\u00a0<a href=\"https:\/\/amzn.to\/2PrdSD7\" target=\"_blank\" rel=\"noopener\" data-saferedirecturl=\"https:\/\/www.google.com\/url?q=https:\/\/amzn.to\/2PrdSD7&amp;source=gmail&amp;ust=1576615631274000&amp;usg=AFQjCNFD5MzaVJe_iZYyGykbDAGOsbjSbA\">https:\/\/amzn.to\/2PrdSD7<\/a><br \/>\nBooktrailer:\u00a0<a href=\"http:\/\/bit.ly\/2Yv4wdT\" target=\"_blank\" rel=\"noopener\" data-saferedirecturl=\"https:\/\/www.google.com\/url?q=http:\/\/bit.ly\/2Yv4wdT&amp;source=gmail&amp;ust=1576615631274000&amp;usg=AFQjCNGBm8vi1fOmOIEVukgxe76QiOSPZA\">http:\/\/bit.ly\/2Yv4wdT<\/a><\/p>\n<p>&nbsp;<\/p>\n<p>T\u00edtulo: <strong>A Caverna Cristalina Vol 3 \u2013 Capturados no tempo<\/strong>: Volume 3<br \/>\nAutora: Christiane Couve de Murville<br \/>\nIlustra\u00e7\u00f5es: Christiane Couve de Murville<br \/>\nISBN: 978895132782<br \/>\nEditora: Chiado Books<br \/>\nP\u00e1ginas: 448<br \/>\nFormato: 14 x 22 cm<br \/>\nPre\u00e7o: R$ 35,00<br \/>\nLink para compra:\u00a0<a href=\"https:\/\/amzn.to\/38kKqrd\" target=\"_blank\" rel=\"noopener\" data-saferedirecturl=\"https:\/\/www.google.com\/url?q=https:\/\/amzn.to\/38kKqrd&amp;source=gmail&amp;ust=1576615631274000&amp;usg=AFQjCNE0rSduHncMmochmdfmizFtyUugsg\">https:\/\/amzn.to\/38kKqrd<\/a><br \/>\nBooktrailer:\u00a0<a href=\"http:\/\/bit.ly\/2Ry6sk7\" target=\"_blank\" rel=\"noopener\" data-saferedirecturl=\"https:\/\/www.google.com\/url?q=http:\/\/bit.ly\/2Ry6sk7&amp;source=gmail&amp;ust=1576615631274000&amp;usg=AFQjCNHcaL6xQfk-9yD9B4pEiFLV-EWhRQ\">http:\/\/bit.ly\/2Ry6sk7<\/a><\/p>\n<p>&nbsp;<\/p>\n<div>\n<div>\n<p><strong>Sobre a autora<\/strong><\/p>\n<p><strong><a href=\"http:\/\/www.jornalrol.com.br\/wp-content\/uploads\/2019\/12\/unnamed-6.jpg\"><img loading=\"lazy\" decoding=\"async\" class=\"size-medium wp-image-30139 alignright\" src=\"http:\/\/www.jornalrol.com.br\/wp-content\/uploads\/2019\/12\/unnamed-6-200x300.jpg\" alt=\"\" width=\"200\" height=\"300\" \/><\/a><\/strong>Graduada, mestre e doutora em Psicologia Cl\u00ednica pela Universidade de S\u00e3o Paulo, com especializa\u00e7\u00e3o em psicodrama e orienta\u00e7\u00e3o profissional, Christiane Isabelle Couve de Murville tamb\u00e9m \u00e9 bacharel em Ci\u00eancia da Computa\u00e7\u00e3o pela USP. Publicou a trilogia \u201cA Caverna Cristalina\u201d e o \u201cA vida como ela \u00e9\u201d, no Brasil e na Fran\u00e7a, o \u201cAt\u00e9 quando? O vai e vem\u201d e o &#8220;At\u00e9 quando? A pris\u00e3o&#8221;, al\u00e9m de livros e artigos acad\u00eamicos. Dedicou a sua carreira ao atendimento psicol\u00f3gico individual e grupal de crian\u00e7as, jovens e adultos, oferecendo oficinas de teatro espont\u00e2neo em contextos variados. Morou sempre no Brasil, apesar da dupla nacionalidade, brasileira e francesa. Tem experi\u00eancia art\u00edstica em escultura, desenho, pintura e cer\u00e2mica e faz as ilustra\u00e7\u00f5es de seus livros.<\/p>\n<p><strong>Site e redes sociais da autora:<\/strong><br \/>\n<a href=\"http:\/\/www.cmurville.com.br\/\" target=\"_blank\" rel=\"noopener\" data-saferedirecturl=\"https:\/\/www.google.com\/url?q=http:\/\/www.cmurville.com.br&amp;source=gmail&amp;ust=1576615631274000&amp;usg=AFQjCNEI1LyGH6CcBzxf9f8_HDvMsJpikA\">www.cmurville.com.br<\/a><br \/>\n<a href=\"http:\/\/www.facebook.com\/christiane.couvemurville\" target=\"_blank\" rel=\"noopener\" data-saferedirecturl=\"https:\/\/www.google.com\/url?q=http:\/\/www.facebook.com\/christiane.couvemurville&amp;source=gmail&amp;ust=1576615631274000&amp;usg=AFQjCNFLNU_tLumBXE4m8T-ulmKaLoi7VA\">www.facebook.com\/christiane.<wbr \/>couvemurville<\/a><br \/>\n<a href=\"http:\/\/www.facebook.com\/ChristianedeMurville\" target=\"_blank\" rel=\"noopener\" data-saferedirecturl=\"https:\/\/www.google.com\/url?q=http:\/\/www.facebook.com\/ChristianedeMurville&amp;source=gmail&amp;ust=1576615631274000&amp;usg=AFQjCNG9KUgJ0C6MYoqH4ivqNMvPGwAVkw\">www.facebook.com\/<wbr \/>ChristianedeMurville<\/a><br \/>\n<a href=\"http:\/\/www.facebook.com\/livroseesculturasdachris\" target=\"_blank\" rel=\"noopener\" data-saferedirecturl=\"https:\/\/www.google.com\/url?q=http:\/\/www.facebook.com\/livroseesculturasdachris&amp;source=gmail&amp;ust=1576615631274000&amp;usg=AFQjCNELagy4_NkZo4HnvVmnVBwayYTCrw\">www.facebook.com\/<wbr \/>livroseesculturasdachris<\/a><br \/>\n<a href=\"https:\/\/br.pinterest.com\/ccmurville\/\" target=\"_blank\" rel=\"noopener\" data-saferedirecturl=\"https:\/\/www.google.com\/url?q=https:\/\/br.pinterest.com\/ccmurville\/&amp;source=gmail&amp;ust=1576615631274000&amp;usg=AFQjCNFnVuvBfL5bPWq8YKZyEL3THvclkw\">https:\/\/br.pinterest.com\/<wbr \/>ccmurville\/<\/a><br \/>\n<a href=\"http:\/\/www.linkedin.com\/in\/christiane-couve-de-murville-a230b83b\" target=\"_blank\" rel=\"noopener\" data-saferedirecturl=\"https:\/\/www.google.com\/url?q=http:\/\/www.linkedin.com\/in\/christiane-couve-de-murville-a230b83b&amp;source=gmail&amp;ust=1576615631274000&amp;usg=AFQjCNG4Z8NHncDFESypxkQdE4eNuBpm9w\">www.linkedin.com\/in\/<wbr \/>christiane-couve-de-murville-<wbr \/>a230b83b<\/a>\u00a0<a href=\"http:\/\/www.instagram.com\/christianedemurville\" target=\"_blank\" rel=\"noopener\" data-saferedirecturl=\"https:\/\/www.google.com\/url?q=http:\/\/www.instagram.com\/christianedemurville&amp;source=gmail&amp;ust=1576615631274000&amp;usg=AFQjCNGFGAosWQRk3dCRq3tpPD0Xg_0IBQ\">www.instagram.com\/<wbr \/>christianedemurville<\/a><br \/>\n<a href=\"https:\/\/twitter.com\/CMurville\" target=\"_blank\" rel=\"noopener\" data-saferedirecturl=\"https:\/\/www.google.com\/url?q=https:\/\/twitter.com\/CMurville&amp;source=gmail&amp;ust=1576615631274000&amp;usg=AFQjCNE6OTLwlnm4a0Psc-4ZJ7ZlnKq71w\">https:\/\/twitter.com\/CMurville<\/a><\/p>\n<\/div>\n<\/div>\n","protected":false},"excerpt":{"rendered":"<p>Fic\u00e7\u00e3o, aventura e uma boa dose de hist\u00f3ria se entrela\u00e7am na trilogia &#8220;A Caverna Cristalina&#8221;, da doutora em Psicologia Christiane Couve de Murville<\/p>\n","protected":false},"author":6,"featured_media":0,"comment_status":"closed","ping_status":"closed","sticky":false,"template":"","format":"standard","meta":{"_jetpack_newsletter_access":"","_jetpack_dont_email_post_to_subs":false,"_jetpack_newsletter_tier_id":0,"_jetpack_memberships_contains_paywalled_content":false,"_jetpack_memberships_contains_paid_content":false,"footnotes":""},"categories":[7],"tags":[391,1883,5145],"class_list":["post-30137","post","type-post","status-publish","format-standard","hentry","category-comunicacao","tag-a-caverna-cristalina","tag-christiane-couve-de-murville","tag-livro"],"aioseo_notices":[],"views":531,"jetpack_featured_media_url":"","jetpack_sharing_enabled":true,"jetpack_likes_enabled":true,"jetpack-related-posts":[{"id":30263,"url":"https:\/\/jornalrol.com.br\/?p=30263","url_meta":{"origin":30137,"position":0},"title":"Escritora e psic\u00f3loga, Christiane Couve de Murville participa de antologia da poesia brasileira","author":"Sergio Diniz da Costa","date":"7 de janeiro de 2020","format":false,"excerpt":"A colet\u00e2nea ser\u00e1 lan\u00e7ada no dia 11 de janeiro, s\u00e1bado, \u00e0s 15 horas, na Livraria Cultura do Conjunto Nacional, em S\u00e3o Paulo A escritora e psic\u00f3loga Christiane Couve de Murville assina uma das poesias da Antologia de Poesia Brasileira Contempor\u00e2nea - Volume IV:\u00a0Al\u00e9m da Terra Al\u00e9m do C\u00e9u, publicada pela\u2026","rel":"","context":"Em &quot;Comunica\u00e7\u00e3o&quot;","block_context":{"text":"Comunica\u00e7\u00e3o","link":"https:\/\/jornalrol.com.br\/?cat=7"},"img":{"alt_text":"","src":"https:\/\/i0.wp.com\/www.jornalrol.com.br\/wp-content\/uploads\/2020\/01\/unnamed-12-200x300.jpg?resize=350%2C200","width":350,"height":200},"classes":[]},{"id":70854,"url":"https:\/\/jornalrol.com.br\/?p=70854","url_meta":{"origin":30137,"position":1},"title":"Nas profundezas da dor","author":"Jos\u00e9 Louro","date":"19 de novembro de 2024","format":false,"excerpt":"Mergulhaste nas profundezas da dor esperando encontrar nas l\u00e1grimas a \u00e1gua l\u00edmpida e cristalina para nela purificares a tua alma. Mergulhaste nas profundezas...","rel":"","context":"Em &quot;Literatura&quot;","block_context":{"text":"Literatura","link":"https:\/\/jornalrol.com.br\/?cat=9285"},"img":{"alt_text":"Nas profundezas da dor By Ricardo Dias dos Santos - featuring Jos\u00e9 Manuel Monteiro Louro","src":"https:\/\/i0.wp.com\/jornalrol.com.br\/wp-content\/uploads\/2024\/11\/unnamed.jpg?resize=350%2C200&ssl=1","width":350,"height":200,"srcset":"https:\/\/i0.wp.com\/jornalrol.com.br\/wp-content\/uploads\/2024\/11\/unnamed.jpg?resize=350%2C200&ssl=1 1x, https:\/\/i0.wp.com\/jornalrol.com.br\/wp-content\/uploads\/2024\/11\/unnamed.jpg?resize=525%2C300&ssl=1 1.5x, https:\/\/i0.wp.com\/jornalrol.com.br\/wp-content\/uploads\/2024\/11\/unnamed.jpg?resize=700%2C400&ssl=1 2x, https:\/\/i0.wp.com\/jornalrol.com.br\/wp-content\/uploads\/2024\/11\/unnamed.jpg?resize=1050%2C600&ssl=1 3x"},"classes":[]},{"id":54002,"url":"https:\/\/jornalrol.com.br\/?p=54002","url_meta":{"origin":30137,"position":2},"title":"Diamantino Louren\u00e7o Rodrigues de B\u00e1rtolo: &#039;Mulher. Irradia\u00e7\u00e3o de amor e paz&#039;","author":"Diamantino Bartolo","date":"8 de mar\u00e7o de 2023","format":false,"excerpt":"Mulher. Irradia\u00e7\u00e3o de amor e paz Injustamente, \u00e9 nos tempos dif\u00edceis, que valorizamos a Mulher O Homem de hoje, deve abandonar todo o tipo de extremismos O tempo das cavernas, da escravid\u00e3o e de uma sujei\u00e7\u00e3o qualquer \u00c9 incompat\u00edvel com a dignidade humana revelando despotismo \u00a0 Mulher e Homem, quando\u2026","rel":"","context":"Em &quot;Comunica\u00e7\u00e3o&quot;","block_context":{"text":"Comunica\u00e7\u00e3o","link":"https:\/\/jornalrol.com.br\/?cat=7"},"img":{"alt_text":"","src":"https:\/\/i0.wp.com\/www.jornalrol.com.br\/wp-content\/uploads\/2022\/11\/113545633_1612205885611817_276299013388565688_o-1-217x300.jpg?resize=350%2C200","width":350,"height":200},"classes":[]},{"id":70805,"url":"https:\/\/jornalrol.com.br\/?p=70805","url_meta":{"origin":30137,"position":3},"title":"Membrana, de Maur\u00edcio Limeira","author":"Lee Oliveira","date":"20 de novembro de 2024","format":false,"excerpt":"Um livro que vai muito al\u00e9m de uma hist\u00f3ria de fam\u00edlia, seriamente atingida pela morte da m\u00e3e e a clausura espont\u00e2nea do pai. Fala de sensibilidade e sentimento","rel":"","context":"Em &quot;Drama&quot;","block_context":{"text":"Drama","link":"https:\/\/jornalrol.com.br\/?cat=10956"},"img":{"alt_text":"Capa do livro Membrana de Maur\u00edcio Limeira","src":"https:\/\/i0.wp.com\/jornalrol.com.br\/wp-content\/uploads\/2024\/11\/Capa-Filmantes-1.jpg?resize=350%2C200&ssl=1","width":350,"height":200},"classes":[]},{"id":7802,"url":"https:\/\/jornalrol.com.br\/?p=7802","url_meta":{"origin":30137,"position":4},"title":"Dicas e sugest\u00f5es das melhores trilogias,sagas e s\u00e9ries de livros","author":"Helio Rubens","date":"25 de janeiro de 2017","format":false,"excerpt":"Nem sempre um \u00fanico livro \u00e9 o suficiente para os leitores. \u00c9 por isso que trilogias e sagas de livros tem conquistado tantos leitores ao redor do mundo, veja algumas dicas e sugest\u00f5es Livros s\u00e3o os \u00fanicos filmes onde o leitor \u00e9 capaz de mergulhar na hist\u00f3ria e consegue ser\u2026","rel":"","context":"Em &quot;Comunica\u00e7\u00e3o&quot;","block_context":{"text":"Comunica\u00e7\u00e3o","link":"https:\/\/jornalrol.com.br\/?cat=7"},"img":{"alt_text":"","src":"","width":0,"height":0},"classes":[]},{"id":53485,"url":"https:\/\/jornalrol.com.br\/?p=53485","url_meta":{"origin":30137,"position":5},"title":"Claudia Lundgren: &#039;\u00c1rvores e cavernas&#039;","author":"Claudia Lundgren","date":"23 de janeiro de 2023","format":false,"excerpt":"\u00c1rvores e cavernas N\u00e3o s\u00e3o poucas as vezes que eu, assim como Elias, desejo sentar embaixo de uma \u00e1rvore e ali adormecer. Existe momentos em que os p\u00e9s se cansam, em que o mundo se levanta e somos tomados pelo medo; queremos permanecer ali, embaixo dela, se poss\u00edvel para sempre.\u2026","rel":"","context":"Em &quot;Cr\u00f4nicas&quot;","block_context":{"text":"Cr\u00f4nicas","link":"https:\/\/jornalrol.com.br\/?cat=9392"},"img":{"alt_text":"","src":"https:\/\/i0.wp.com\/jornalrol.com.br\/wp-content\/uploads\/2023\/01\/20210821_114044.jpg?resize=350%2C200&ssl=1","width":350,"height":200,"srcset":"https:\/\/i0.wp.com\/jornalrol.com.br\/wp-content\/uploads\/2023\/01\/20210821_114044.jpg?resize=350%2C200&ssl=1 1x, https:\/\/i0.wp.com\/jornalrol.com.br\/wp-content\/uploads\/2023\/01\/20210821_114044.jpg?resize=525%2C300&ssl=1 1.5x, https:\/\/i0.wp.com\/jornalrol.com.br\/wp-content\/uploads\/2023\/01\/20210821_114044.jpg?resize=700%2C400&ssl=1 2x, https:\/\/i0.wp.com\/jornalrol.com.br\/wp-content\/uploads\/2023\/01\/20210821_114044.jpg?resize=1050%2C600&ssl=1 3x, https:\/\/i0.wp.com\/jornalrol.com.br\/wp-content\/uploads\/2023\/01\/20210821_114044.jpg?resize=1400%2C800&ssl=1 4x"},"classes":[]}],"_links":{"self":[{"href":"https:\/\/jornalrol.com.br\/index.php?rest_route=\/wp\/v2\/posts\/30137","targetHints":{"allow":["GET"]}}],"collection":[{"href":"https:\/\/jornalrol.com.br\/index.php?rest_route=\/wp\/v2\/posts"}],"about":[{"href":"https:\/\/jornalrol.com.br\/index.php?rest_route=\/wp\/v2\/types\/post"}],"author":[{"embeddable":true,"href":"https:\/\/jornalrol.com.br\/index.php?rest_route=\/wp\/v2\/users\/6"}],"replies":[{"embeddable":true,"href":"https:\/\/jornalrol.com.br\/index.php?rest_route=%2Fwp%2Fv2%2Fcomments&post=30137"}],"version-history":[{"count":0,"href":"https:\/\/jornalrol.com.br\/index.php?rest_route=\/wp\/v2\/posts\/30137\/revisions"}],"wp:attachment":[{"href":"https:\/\/jornalrol.com.br\/index.php?rest_route=%2Fwp%2Fv2%2Fmedia&parent=30137"}],"wp:term":[{"taxonomy":"category","embeddable":true,"href":"https:\/\/jornalrol.com.br\/index.php?rest_route=%2Fwp%2Fv2%2Fcategories&post=30137"},{"taxonomy":"post_tag","embeddable":true,"href":"https:\/\/jornalrol.com.br\/index.php?rest_route=%2Fwp%2Fv2%2Ftags&post=30137"}],"curies":[{"name":"wp","href":"https:\/\/api.w.org\/{rel}","templated":true}]}}