{"id":30141,"date":"2019-12-17T13:14:24","date_gmt":"2019-12-17T15:14:24","guid":{"rendered":"http:\/\/www.jornalrol.com.br\/?p=30141"},"modified":"2019-12-17T13:14:24","modified_gmt":"2019-12-17T15:14:24","slug":"auto-de-natal-moncoeiro-no-roteiro-dos-bandeirantes","status":"publish","type":"post","link":"https:\/\/jornalrol.com.br\/?p=30141","title":{"rendered":"Auto de Natal Mon\u00e7oeiro no Roteiro dos Bandeirantes"},"content":{"rendered":"<div class=\"pdfprnt-buttons pdfprnt-buttons-post pdfprnt-top-right\"><a href=\"https:\/\/jornalrol.com.br\/index.php?rest_route=%2Fwp%2Fv2%2Fposts%2F30141&print=pdf\" class=\"pdfprnt-button pdfprnt-button-pdf\" target=\"_blank\" ><\/a><a href=\"https:\/\/jornalrol.com.br\/index.php?rest_route=%2Fwp%2Fv2%2Fposts%2F30141&print=print\" class=\"pdfprnt-button pdfprnt-button-print\" target=\"_blank\" ><img decoding=\"async\" src=\"https:\/\/jornalrol.com.br\/wp-content\/plugins\/pdf-print\/images\/print.png\" alt=\"image_print\" title=\"Conte\u00fado de impress\u00e3o\" \/><\/a><\/div><h2 style=\"text-align: center;\"><a href=\"http:\/\/www.jornalrol.com.br\/wp-content\/uploads\/2019\/12\/IMG_6801edit1.jpg\"><img loading=\"lazy\" decoding=\"async\" class=\"size-medium wp-image-30142 aligncenter\" src=\"http:\/\/www.jornalrol.com.br\/wp-content\/uploads\/2019\/12\/IMG_6801edit1-300x200.jpg\" alt=\"\" width=\"300\" height=\"200\" \/><\/a><strong>O grupo Viva Hist\u00f3ria Viva &#8211; Narra\u00e7\u00e3o Oral Tradicional de\u00a0 Porto Feliz, apresentou o tradicional Auto de Natal &#8216;Mon\u00e7oeiro&#8217; em Bom Jesus de Pirapora no \u00faltimo domingo (15)\u00a0<\/strong><\/h2>\n<p><!--more--><\/p>\n<div>\n<div><a href=\"http:\/\/www.jornalrol.com.br\/wp-content\/uploads\/2019\/12\/IMG_6811.jpg\"><img loading=\"lazy\" decoding=\"async\" class=\"size-medium wp-image-30143 alignright\" src=\"http:\/\/www.jornalrol.com.br\/wp-content\/uploads\/2019\/12\/IMG_6811-300x200.jpg\" alt=\"\" width=\"300\" height=\"200\" \/><\/a>O grupo Viva Hist\u00f3ria Viva &#8211; Narra\u00e7\u00e3o Oral Tradicional de\u00a0 Porto Feliz, apresentou o tradicional Auto de Natal &#8220;Mon\u00e7oeiro&#8221; em Bom Jesus de Pirapora no \u00faltimo domingo. Os narradores foram recebidos com muita alegria pelo secret\u00e1rio da Cultura sr\u00ba\u00a0 Vitor Martins o qual acolheu o grupo apresentando os pontos tur\u00edsticos da cidade como a matriz e o bel\u00edssimo\u00a0Museu S\u00e3o Norberto, que \u00e9 o Semin\u00e1rio da cidade, l\u00e1 se encontra v\u00e1rios objetos religiosos, obras de arte e fotografias antigas da hist\u00f3ria da cidade, animais empalhados, que foram doados por ca\u00e7adores da cidade, por volta de 1853..<\/div>\n<div><\/div>\n<div>Bom Jesus de Pirapora e sua hist\u00f3ria :<\/div>\n<div><\/div>\n<div>&#8220;\u00c9 uma cidade tur\u00edstica, famosa pelas romarias que recebe, onde ciclistas, pedestres, charreteiros, cavaleiros e ve\u00edculos motorizados chegam para reverenciar a imagem de Bom Jesus.<\/div>\n<div><\/div>\n<\/div>\n<div>\n<div><a href=\"http:\/\/www.jornalrol.com.br\/wp-content\/uploads\/2019\/12\/P1150155.jpg\"><img loading=\"lazy\" decoding=\"async\" class=\"size-medium wp-image-30145 alignleft\" src=\"http:\/\/www.jornalrol.com.br\/wp-content\/uploads\/2019\/12\/P1150155-300x225.jpg\" alt=\"\" width=\"300\" height=\"225\" \/><\/a>Morro da Cruz.Na cidade, o visitante encontra o primeiro Santu\u00e1rio Cristoc\u00eantrico do Brasil, cuja origem teve in\u00edcio em 1725, quando foi descoberta, em uma corredeira, a imagem do Bom Jesus. A capela inicialmente constru\u00edda no local deu lugar a outra feita de madeira. Em 1845 iniciou-se a constru\u00e7\u00e3o da atual igreja (conclu\u00edda em 1887), que abriga famosa escultura de Cristo, com cabelos naturais. A escultura est\u00e1 localizada no altar-mor, protegida por uma redoma de vidro a prova de balas e \u00e9 acessada pela lateral da igreja.<\/div>\n<div><\/div>\n<\/div>\n<div>\n<div>At\u00e9 hoje, a cidade continua recebendo um n\u00famero bastante significativo de romeiros tanto em datas religiosas quanto em fins de semanas normais. A Secretaria da Cultura e Turismo da cidade estima que cerca de 600 000 pessoas v\u00e3o anualmente a Pirapora, perdendo em n\u00famero de romeiros apenas para Aparecida (popularmente conhecida como Aparecida do Norte). Pirapora tem seu nome\u00a0 de\u00a0 origem tupi e significa &#8220;pulo do peixe&#8221;, atrav\u00e9s da jun\u00e7\u00e3o dos termos pir\u00e1 (&#8220;peixe&#8221;) e pora (&#8220;pulo&#8221;).<\/div>\n<div><\/div>\n<\/div>\n<div>\n<div><a href=\"http:\/\/www.jornalrol.com.br\/wp-content\/uploads\/2019\/12\/79249596_455395178717551_3645144443536801792_n-1.jpg\"><img loading=\"lazy\" decoding=\"async\" class=\"size-medium wp-image-30146 alignright\" src=\"http:\/\/www.jornalrol.com.br\/wp-content\/uploads\/2019\/12\/79249596_455395178717551_3645144443536801792_n-1-300x225.jpg\" alt=\"\" width=\"300\" height=\"225\" \/><\/a>Continuando o passeio o grupo passou tamb\u00e9m\u00a0 pela famosa\u00a0&#8220;Terra da Pinga&#8221; a cidade de\u00a0Cabre\u00fava,\u00a0 que faz parte do Roteiro dos Bandeirantes, caminho feito h\u00e1 s\u00e9culos pelos homens que desbravaram o interior do Estado de S\u00e3o Paulo. Cabre\u00fava foi fundada no in\u00edcio do s\u00e9culo XIX por um membro da fam\u00edlia Martins e Ramos, do Munic\u00edpio de Itu, que subiu o rio Tiet\u00ea \u00e0 procura de um lugar para instalar-se at\u00e9 encontrar um vale situado entre tr\u00eas serras &#8211; que viriam a ter os nomes de &#8220;Japi&#8221;, &#8220;Guaxatuba&#8221; e &#8220;Tagu\u00e1&#8221;.Inicialmente, dedicou-se ao cultivo de cana-de-a\u00e7\u00facar para a fabrica\u00e7\u00e3o de aguardente, com a instala\u00e7\u00e3o de um engenho e a utiliza\u00e7\u00e3o de m\u00e3o de obra escrava. A produ\u00e7\u00e3o de aguardente daria origem \u00e0 base da economia local durante v\u00e1rias d\u00e9cadas, justificando o apelido do munic\u00edpio: &#8220;Terra da Pinga&#8221;.<\/div>\n<div><\/div>\n<\/div>\n<div>\n<div><a href=\"http:\/\/www.jornalrol.com.br\/wp-content\/uploads\/2019\/12\/79909265_2524453627880217_4367326126159167488_o.jpg\"><img loading=\"lazy\" decoding=\"async\" class=\"size-medium wp-image-30147 alignleft\" src=\"http:\/\/www.jornalrol.com.br\/wp-content\/uploads\/2019\/12\/79909265_2524453627880217_4367326126159167488_o-300x225.jpg\" alt=\"\" width=\"300\" height=\"225\" \/><\/a>No in\u00edcio do s\u00e9culo XIX, foi erguida uma capela em homenagem a S\u00e3o Benedito. Em 1856, foi erguida a igreja matriz atual, em homenagem a Nossa Senhora da Piedade.&#8221;<\/div>\n<div><\/div>\n<div>Segundo a contadora de hist\u00f3rias Sonia Jaqueline Oliveira : &#8221; O grupo vem realizando visita as cidades que fazem parte do Roteiro dos Bandeirantes em busca de aprendizado,\u00a0gerando um conhecimento aos narradores sobre a origem das manifesta\u00e7\u00f5es culturais,\u00a0 \u00a0este estudo vem\u00a0cooperando no interesse sobre\u00a0 \u00a0a cultura popular, costumes, folclores,tradi\u00e7\u00f5es da regi\u00e3o. Este \u00e9 o objetivo do grupo: conhecer, estudar, narrar , preservar &#8220;nossas ra\u00edzes&#8221;, finalizou.<\/div>\n<div><\/div>\n<div>Em tempo, o grupo se apresentou este ano em nosso munic\u00edpio\u00a0 com o Auto de Natal na Casa da Cultura, Chap\u00e9u da Madre, Pa\u00e7o Municipal e Pra\u00e7a Matriz.<\/div>\n<\/div>\n","protected":false},"excerpt":{"rendered":"<p>O grupo Viva Hist\u00f3ria Viva &#8211; Narra\u00e7\u00e3o Oral Tradicional de\u00a0 Porto Feliz, apresentou o tradicional Auto de Natal &#8216;Mon\u00e7oeiro&#8217; em Bom Jesus de Pirapora no \u00faltimo domingo (15)\u00a0<\/p>\n","protected":false},"author":6,"featured_media":0,"comment_status":"closed","ping_status":"closed","sticky":false,"template":"","format":"standard","meta":{"_jetpack_newsletter_access":"","_jetpack_dont_email_post_to_subs":false,"_jetpack_newsletter_tier_id":0,"_jetpack_memberships_contains_paywalled_content":false,"_jetpack_memberships_contains_paid_content":false,"footnotes":""},"categories":[7],"tags":[1238,4293,5754,5967,6931],"class_list":["post-30141","post","type-post","status-publish","format-standard","hentry","category-comunicacao","tag-auto-de-natal","tag-grupo-viva-historia-viva","tag-moncao","tag-narracao-oral","tag-porto-feliz"],"aioseo_notices":[],"views":547,"jetpack_featured_media_url":"","jetpack_sharing_enabled":true,"jetpack_likes_enabled":true,"jetpack-related-posts":[{"id":22817,"url":"https:\/\/jornalrol.com.br\/?p=22817","url_meta":{"origin":30141,"position":0},"title":"O grupo &#039;Viva a Hist\u00f3ria Viva&#039;, de Porto Feliz, participa de narra\u00e7\u00e3o de hist\u00f3rias mon\u00e7oeiras na &#039;Esta\u00e7\u00e3o Casa Velha&#039;, de Indaiatuba","author":"Sergio Diniz da Costa","date":"26 de novembro de 2018","format":false,"excerpt":"Os narradores foram convidados pelos propriet\u00e1rios, que possuem ancestralidade de\u00a0 bandeirantes como\u00a0 'Anhanguera' , a narrar hist\u00f3rias mon\u00e7oeiras no local hist\u00f3rico No dia 17 de novembro, a propriedade que, no final do s\u00e9culo XIX,\u00a0era conhecida\u00a0 como S\u00edtio Pau D\u2019alho e do\u00a0\u00a0poder dos\u00a0 Jesu\u00edtas , hoje \"Esta\u00e7\u00e3o Casa Velha\" da cidade\u2026","rel":"","context":"Em &quot;Comunica\u00e7\u00e3o&quot;","block_context":{"text":"Comunica\u00e7\u00e3o","link":"https:\/\/jornalrol.com.br\/?cat=7"},"img":{"alt_text":"","src":"https:\/\/i0.wp.com\/www.jornalrol.com.br\/wp-content\/uploads\/2018\/11\/46491907_924836497705931_2285347713039990784_o-4-300x211.jpg?resize=350%2C200","width":350,"height":200},"classes":[]},{"id":19703,"url":"https:\/\/jornalrol.com.br\/?p=19703","url_meta":{"origin":30141,"position":1},"title":"O grupo Narra\u00e7\u00e3o Oral Tradicional-Viva Hist\u00f3ria Viva de Porto Feliz faz apresenta\u00e7\u00e3o no Parque das Mon\u00e7\u00f5es","author":"Sergio Diniz da Costa","date":"14 de julho de 2018","format":false,"excerpt":"O grupo envolveu os adolescentes, idosos e mulheres do Servi\u00e7o de Conviv\u00eancia e Fortalecimento de V\u00ednculos em uma apresenta\u00e7\u00e3o volunt\u00e1ria sobre as hist\u00f3rias dos ancestrais mon\u00e7oeiros \u00a0 No dia 11\u00a0 de julho,\u00a0 o grupo Narra\u00e7\u00e3o Oral Tradicional-Viva Hist\u00f3ria Viva de Porto Feliz recebeu cerca de 50 pessoas no Parque das\u2026","rel":"","context":"Em &quot;Comunica\u00e7\u00e3o&quot;","block_context":{"text":"Comunica\u00e7\u00e3o","link":"https:\/\/jornalrol.com.br\/?cat=7"},"img":{"alt_text":"","src":"https:\/\/i0.wp.com\/www.jornalrol.com.br\/wp-content\/uploads\/2018\/07\/37002206_856669967860470_3731292493833043968_o-279x300.jpg?resize=350%2C200","width":350,"height":200},"classes":[]},{"id":26333,"url":"https:\/\/jornalrol.com.br\/?p=26333","url_meta":{"origin":30141,"position":2},"title":"Grupo Cultural de Porto Feliz  visitou e realizou uma performance na cidade de Santana do Parna\u00edba","author":"Helio Rubens","date":"21 de abril de 2019","format":false,"excerpt":"A visita aconteceu no \u00faltimo dia 13\u00a0 \u00a0 Em busca de conhecimento e para estudar mais sobre o assunto, o grupo cultural da cidade de Porto Feliz 'Narra\u00e7\u00e3o Oral Tradicional - Viva Hist\u00f3ria Viva',\u00a0 realizou uma visita e\u00a0 uma performance na\u00a0 cidade de Santana do Parna\u00edba, uma das cidades de\u2026","rel":"","context":"Em &quot;Comunica\u00e7\u00e3o&quot;","block_context":{"text":"Comunica\u00e7\u00e3o","link":"https:\/\/jornalrol.com.br\/?cat=7"},"img":{"alt_text":"","src":"https:\/\/i0.wp.com\/www.jornalrol.com.br\/wp-content\/uploads\/2019\/04\/Foto-Grupo-Narra%C3%A7%C3%A3o-Oral-Tradiconal-Viva-Hist%C3%B3ria-Viva-300x195.jpg?resize=350%2C200","width":350,"height":200},"classes":[]},{"id":19982,"url":"https:\/\/jornalrol.com.br\/?p=19982","url_meta":{"origin":30141,"position":3},"title":"Sonia Jaqueline de Oliveira, de Porto Feliz, recebe o Pr\u00eamio Mestre Cultura Popular &#039;Edi\u00e7\u00e3o Leandro Gomes de Barros&#039;- 2017, concedido pelo Minist\u00e9rio da Cultura","author":"Sergio Diniz da Costa","date":"29 de julho de 2018","format":false,"excerpt":"Sonia Jaqueline recebeu o pr\u00eamio pela realiza\u00e7\u00e3o do seu trabalho volunt\u00e1rio\u00a0como narradora oral tradicional atrav\u00e9s do projeto de incentivo a oralidade e\u00a0 literatura\u00a0\u201cAlinhavando Hist\u00f3rias em Canto Prosa e Verso\u201d \u00a0 A cidad\u00e3 porto-felicense Sonia Jaqueline Anast\u00e1cio da Silva Oliveira recebeu o Pr\u00eamio Mestre Cultura Popular 'Edi\u00e7\u00e3o Leandro Gomes de Barros\u2026","rel":"","context":"Em &quot;Comunica\u00e7\u00e3o&quot;","block_context":{"text":"Comunica\u00e7\u00e3o","link":"https:\/\/jornalrol.com.br\/?cat=7"},"img":{"alt_text":"","src":"https:\/\/i0.wp.com\/www.jornalrol.com.br\/wp-content\/uploads\/2018\/07\/DSC01839-300x199.jpg?resize=350%2C200","width":350,"height":200},"classes":[]},{"id":25552,"url":"https:\/\/jornalrol.com.br\/?p=25552","url_meta":{"origin":30141,"position":4},"title":"Encontro Regional de Contadores de Hist\u00f3rias em Porto Feliz","author":"Sergio Diniz da Costa","date":"24 de mar\u00e7o de 2019","format":false,"excerpt":"Porto Feliz foi um dos P\u00f3los do 14\u00ba ENCONTRA CONTO - 2019 com parceria do grupo Narra\u00e7\u00e3o Oral Tradicional - Viva Hist\u00f3ria Viva Porto Feliz foi um dos P\u00f3los do 14\u00ba ENCONTRA CONTO - 2019 com parceria do grupo Narra\u00e7\u00e3o Oral Tradicional - Viva Hist\u00f3ria Viva. O 14\u00ba Encontro Regional\u2026","rel":"","context":"Em &quot;Comunica\u00e7\u00e3o&quot;","block_context":{"text":"Comunica\u00e7\u00e3o","link":"https:\/\/jornalrol.com.br\/?cat=7"},"img":{"alt_text":"","src":"https:\/\/i0.wp.com\/www.jornalrol.com.br\/wp-content\/uploads\/2019\/03\/53926382_2181061591982483_7053991176700952576_o-300x200.jpg?resize=350%2C200","width":350,"height":200},"classes":[]},{"id":30896,"url":"https:\/\/jornalrol.com.br\/?p=30896","url_meta":{"origin":30141,"position":5},"title":"Grupo Viva Historia Viva \/ Narra\u00e7\u00e3o Oral Tradicional de Porto Feliz lan\u00e7a a a\u00e7\u00e3o cultural &#039;Fique em casa , Salve vidas&#039;","author":"Sergio Diniz da Costa","date":"8 de abril de 2020","format":false,"excerpt":"A diretora Lourdes Kerche e a produtora cultural\u00a0 prof\u00aa Sonia Jaqueline Oliveira\u00a0iniciaram\u00a0 uma campanha pelas redes sociais via facebook, no final de mar\u00e7o A diretora Lourdes Kerche e a produtora cultural\u00a0 prof\u00aa Sonia Jaqueline Oliveira do grupo Viva Historia Viva \/ Narra\u00e7\u00e3o Oral Tradicional de Porto Feliz, iniciaram\u00a0 uma campanha\u2026","rel":"","context":"Em &quot;Comunica\u00e7\u00e3o&quot;","block_context":{"text":"Comunica\u00e7\u00e3o","link":"https:\/\/jornalrol.com.br\/?cat=7"},"img":{"alt_text":"","src":"https:\/\/i0.wp.com\/www.jornalrol.com.br\/wp-content\/uploads\/2020\/04\/92367503_2762334593821254_1017855430371573760_o-300x300.jpg?resize=350%2C200","width":350,"height":200},"classes":[]}],"_links":{"self":[{"href":"https:\/\/jornalrol.com.br\/index.php?rest_route=\/wp\/v2\/posts\/30141","targetHints":{"allow":["GET"]}}],"collection":[{"href":"https:\/\/jornalrol.com.br\/index.php?rest_route=\/wp\/v2\/posts"}],"about":[{"href":"https:\/\/jornalrol.com.br\/index.php?rest_route=\/wp\/v2\/types\/post"}],"author":[{"embeddable":true,"href":"https:\/\/jornalrol.com.br\/index.php?rest_route=\/wp\/v2\/users\/6"}],"replies":[{"embeddable":true,"href":"https:\/\/jornalrol.com.br\/index.php?rest_route=%2Fwp%2Fv2%2Fcomments&post=30141"}],"version-history":[{"count":0,"href":"https:\/\/jornalrol.com.br\/index.php?rest_route=\/wp\/v2\/posts\/30141\/revisions"}],"wp:attachment":[{"href":"https:\/\/jornalrol.com.br\/index.php?rest_route=%2Fwp%2Fv2%2Fmedia&parent=30141"}],"wp:term":[{"taxonomy":"category","embeddable":true,"href":"https:\/\/jornalrol.com.br\/index.php?rest_route=%2Fwp%2Fv2%2Fcategories&post=30141"},{"taxonomy":"post_tag","embeddable":true,"href":"https:\/\/jornalrol.com.br\/index.php?rest_route=%2Fwp%2Fv2%2Ftags&post=30141"}],"curies":[{"name":"wp","href":"https:\/\/api.w.org\/{rel}","templated":true}]}}