{"id":30154,"date":"2019-12-18T07:24:24","date_gmt":"2019-12-18T09:24:24","guid":{"rendered":"http:\/\/www.jornalrol.com.br\/?p=30154"},"modified":"2019-12-18T07:24:24","modified_gmt":"2019-12-18T09:24:24","slug":"sorocaba-recebe-a-terceira-edicao-da-flaus","status":"publish","type":"post","link":"https:\/\/jornalrol.com.br\/?p=30154","title":{"rendered":"Sorocaba recebe a terceira edi\u00e7\u00e3o da FLAUS"},"content":{"rendered":"<div class=\"pdfprnt-buttons pdfprnt-buttons-post pdfprnt-top-right\"><a href=\"https:\/\/jornalrol.com.br\/index.php?rest_route=%2Fwp%2Fv2%2Fposts%2F30154&print=pdf\" class=\"pdfprnt-button pdfprnt-button-pdf\" target=\"_blank\" ><\/a><a href=\"https:\/\/jornalrol.com.br\/index.php?rest_route=%2Fwp%2Fv2%2Fposts%2F30154&print=print\" class=\"pdfprnt-button pdfprnt-button-print\" target=\"_blank\" ><img decoding=\"async\" src=\"https:\/\/jornalrol.com.br\/wp-content\/plugins\/pdf-print\/images\/print.png\" alt=\"image_print\" title=\"Conte\u00fado de impress\u00e3o\" \/><\/a><\/div><h2 style=\"text-align: center;\"><strong><b><a href=\"http:\/\/www.jornalrol.com.br\/wp-content\/uploads\/2019\/12\/IMG-20191216-WA0040.jpg\"><img loading=\"lazy\" decoding=\"async\" data-attachment-id=\"30156\" data-permalink=\"https:\/\/jornalrol.com.br\/?attachment_id=30156\" data-orig-file=\"https:\/\/jornalrol.com.br\/wp-content\/uploads\/2019\/12\/IMG-20191216-WA0040.jpg\" data-orig-size=\"960,720\" data-comments-opened=\"0\" data-image-meta=\"{&quot;aperture&quot;:&quot;0&quot;,&quot;credit&quot;:&quot;&quot;,&quot;camera&quot;:&quot;&quot;,&quot;caption&quot;:&quot;&quot;,&quot;created_timestamp&quot;:&quot;0&quot;,&quot;copyright&quot;:&quot;&quot;,&quot;focal_length&quot;:&quot;0&quot;,&quot;iso&quot;:&quot;0&quot;,&quot;shutter_speed&quot;:&quot;0&quot;,&quot;title&quot;:&quot;&quot;,&quot;orientation&quot;:&quot;0&quot;}\" data-image-title=\"IMG-20191216-WA0040\" data-image-description=\"\" data-image-caption=\"\" data-large-file=\"https:\/\/jornalrol.com.br\/wp-content\/uploads\/2019\/12\/IMG-20191216-WA0040.jpg\" class=\"size-medium wp-image-30156 aligncenter\" src=\"http:\/\/www.jornalrol.com.br\/wp-content\/uploads\/2019\/12\/IMG-20191216-WA0040-300x225.jpg\" alt=\"\" width=\"300\" height=\"225\" \/><\/a>A FLAUS (Feira de Livros e Autores Sorocabanos) ter\u00e1 a sua terceira edi\u00e7\u00e3o no dia 21 de dezembro, das 9 h \u00e0s 16 h, na Pra\u00e7a Coronel Fernando Prestes<\/b><\/strong><\/h2>\n<p><!--more--><\/p>\n<figure id=\"attachment_26459\" aria-describedby=\"caption-attachment-26459\" style=\"width: 194px\" class=\"wp-caption alignright\"><a href=\"https:\/\/www.jornalrol.com.br\/wp-content\/uploads\/2019\/04\/Carlos-Foto-Andre-Pinto-2018-1-2.jpg\"><img loading=\"lazy\" decoding=\"async\" data-attachment-id=\"26459\" data-permalink=\"https:\/\/jornalrol.com.br\/?attachment_id=26459\" data-orig-file=\"https:\/\/jornalrol.com.br\/wp-content\/uploads\/2019\/04\/Carlos-Foto-Andr\u00e9-Pinto-2018-1-2.jpg\" data-orig-size=\"219,338\" data-comments-opened=\"0\" data-image-meta=\"{&quot;aperture&quot;:&quot;0&quot;,&quot;credit&quot;:&quot;Andr\\u00e9 Pinto Fotografia&quot;,&quot;camera&quot;:&quot;&quot;,&quot;caption&quot;:&quot;&quot;,&quot;created_timestamp&quot;:&quot;1532262722&quot;,&quot;copyright&quot;:&quot;\\u00a9 2018 Andr\\u00e9 Pinto Fotografia&quot;,&quot;focal_length&quot;:&quot;0&quot;,&quot;iso&quot;:&quot;0&quot;,&quot;shutter_speed&quot;:&quot;0&quot;,&quot;title&quot;:&quot;&quot;,&quot;orientation&quot;:&quot;1&quot;}\" data-image-title=\"Carlos Carvalho Cavalheiro\" data-image-description=\"&lt;p&gt;Carlos Carvalho Cavalheiro&lt;\/p&gt;\n\" data-image-caption=\"&lt;p&gt;Carlos Carvalho Cavalheiro&lt;\/p&gt;\n\" data-large-file=\"https:\/\/jornalrol.com.br\/wp-content\/uploads\/2019\/04\/Carlos-Foto-Andr\u00e9-Pinto-2018-1-2.jpg\" class=\"wp-image-26459 size-medium\" src=\"https:\/\/www.jornalrol.com.br\/wp-content\/uploads\/2019\/04\/Carlos-Foto-Andre-Pinto-2018-1-2-194x300.jpg\" alt=\"\" width=\"194\" height=\"300\" \/><\/a><figcaption id=\"caption-attachment-26459\" class=\"wp-caption-text\">O idealizador da FLAUS, Carlos Carvalho Cavalheiro<\/figcaption><\/figure>\n<p style=\"font-weight: 400;\">A<strong> FLAUS <\/strong>(Feira de Livros e Autores Sorocabanos) ter\u00e1 a sua terceira edi\u00e7\u00e3o no dia <strong>21 de dezembro, das 9 h \u00e0s 16 h<\/strong>, na Pra\u00e7a Coronel Fernando Prestes.<\/p>\n<p style=\"font-weight: 400;\">Idealizada pelo historiador e escritor <strong>Carlos Carvalho Cavalheiro,<\/strong> a Feira \u00e9 uma a\u00e7\u00e3o coletiva e horizontalizada, proposta de a\u00e7\u00e3o direta dos autores e interessados em literatura e livros de Sorocaba e regi\u00e3o.<\/p>\n<p style=\"font-weight: 400;\">A primeira edi\u00e7\u00e3o ocorreu em 2017 e o sucesso fez com que se repetisse o evento em 2018. Neste ano de 2019 a FLAUS apresenta algumas novidades.<\/p>\n<p style=\"font-weight: 400;\">Em parceria com o Sindicato dos Metal\u00fargicos de Sorocaba e Regi\u00e3o os autores conseguiram tr\u00eas tendas, o que permitir\u00e1 que durante a Feira ocorram outros eventos como bate-papos com autores, debates com editoras, saraus, apresenta\u00e7\u00f5es art\u00edsticas e culturais (programa\u00e7\u00e3o abaixo).<\/p>\n<p style=\"font-weight: 400;\">Al\u00e9m dessas atividades paralelas, a FLAUS contar\u00e1 com escritores de outras cidades como S\u00e3o Miguel Arcanjo, Itapetininga, Votorantim, Alum\u00ednio, Porto Feliz.<\/p>\n<p style=\"font-weight: 400;\">&#8220;A FLAUS vem se consolidando enquanto a\u00e7\u00e3o voltada para dar a visibilidade \u00e0 produ\u00e7\u00e3o da arte das letras&#8221;, considera o idealizador Carlos Cavalheiro.<\/p>\n<p style=\"font-weight: 400;\">Outra novidade na FLAUS deste ano s\u00e3o os lan\u00e7amentos de livros, como &#8220;Capim&#8221;, livro infantil de Angeles Paredes Toral e &#8220;Nossas Hist\u00f3rias&#8221; dos estudantes de E.M. Matheus Maylasky sob a coordena\u00e7\u00e3o da professora Vania \u00c9rica Rodrigues do Nascimento.<\/p>\n<p style=\"font-weight: 400;\">Dentre as apresenta\u00e7\u00f5es art\u00edsticas ocorrer\u00e1 a conta\u00e7\u00e3o de hist\u00f3rias com a professora Daniela Andrade que remete \u00e0 afrocentralidade, trazendo aspectos da cultura e da cosmovis\u00e3o africana para o p\u00fablico infantil.<\/p>\n<p style=\"font-weight: 400;\">Dentre os autores que confirmaram presen\u00e7a na FLAUS deste ano est\u00e3o Manoel Francisco Filho, Mari Moraes, Dado Carvalho, Carlos Carvalho Cavalheiro, Luciano Leite, \u00c9lcio M\u00e1rio Pinto, Adriana Rocha Leite, Ca\u00edque Ferraz, Luiz Antonio Pontes, Salvador Mor de Lima, Adilene Ferreira Carvalho Cavalheiro, Daniela Andrade, Carina Cardoso, Maria Eduarda Paschoal, Angeles Paredes Toral, Abner Laurindo, Jo\u00e3o Alvarenga, Onildo de Deus Aguiar, Nat\u00e1lia Galli, Elton Ferreira, Celso Ribeiro Marvad\u00e3o, Miguel Fran\u00e7a de Mattos, Ana Cristina Rodrigues Henrique, Andrea Rodrigues, Jo\u00e3o Paulo Hergesel, Tito Corr\u00eaa, Suzi Corr\u00eaa, al\u00e9m dos alunos da E.M. Matheus Maylasky.<\/p>\n<p style=\"font-weight: 400;\">A artista pl\u00e1stica Fl\u00e1via Antunes Aguilera estar\u00e1 presente representando o Centro de Mem\u00f3ria Oper\u00e1ria de Sorocaba (CMOS), disponibilizando para aquisi\u00e7\u00e3o zines sobre a hist\u00f3ria do operariado.<\/p>\n<p style=\"font-weight: 400;\"><strong>Homenagem<\/strong><\/p>\n<p style=\"font-weight: 400;\">Como tradi\u00e7\u00e3o da FLAUS, um autor de Sorocaba \u00e9 homenageado em cada edi\u00e7\u00e3o. Na primeira edi\u00e7\u00e3o o homenageado foi Armando Oliveira Lima. Em 2018, a homenagem foi feita para Jo\u00e3o Alvarenga. Este ano o nome escolhido foi o do gestor da Biblioteca Infantil, Jos\u00e9 Rubens Incao.<\/p>\n<p style=\"font-weight: 400;\"><strong>Programa\u00e7\u00e3o<\/strong><\/p>\n<p><strong>Dia 21\/12<\/strong><\/p>\n<p>9h \u2013\u00a0Abertura do evento<\/p>\n<p>9h15 &#8211;\u00a0Lan\u00e7amento do livro Capim da autora Angeles Paredes com conta\u00e7\u00e3o de hist\u00f3ria de Ana Duarte<\/p>\n<p>9h30 \u2013\u00a0Apresenta\u00e7\u00e3o da conta\u00e7\u00e3o\u00a0 Elsa (Frozen) com Mari Moraes<\/p>\n<p>10h \u2013\u00a0Lan\u00e7amento do livro da Escola Municipal Matheus Maylasky<\/p>\n<p>10h \u00e0s 11h\u00a0\u2013 Roda de conversa sobre a diferen\u00e7a entre os olhares adultos e infantis na literatura infantil com a Profa.\u00a0 Vanessa Negr\u00e3o<\/p>\n<p>11h \u00e0s 12h &#8211;\u00a0Sarau<\/p>\n<p>14h \u00e0s 14h30 \u2013\u00a0Homenagem a Rubens Incao diretor da Biblioteca Infantil Municipal de Sorocaba Renato S\u00eaneca de S\u00e1 Fleury<\/p>\n<p>14h30 \u00e0s 15h30 \u2013\u00a0Bate papo com autores\u00a0\u2013\u00a0Processo criativo com Roberto Flores<\/p>\n<p>15h30 \u00e0s 16h30 \u2013\u00a0Bate papo com as Editoras \u2013 coordena\u00e7\u00e3o de Jo\u00e3o Paulo Hergesel \u2013 Publica\u00e7\u00f5es liter\u00e1rias e mercado editorial contempor\u00e2neo.<\/p>\n<p>15h \u00e0s 16h\u2013\u00a0Conta\u00e7\u00e3o de hist\u00f3rias com Manoel Francisco Filho e Daniela Andrade Lopes Sena<\/p>\n<p>Participa\u00e7\u00e3o Livre:<\/p>\n<p>Qualquer autor interessado em participar da FLAUS poder\u00e1 entrar em contato com a organiza\u00e7\u00e3o do evento. O e-mail de contato \u00e9\u00a0<a href=\"mailto:carlosccavalheiro@gmail.com\">carlosccavalheiro@gmail.com<\/a><\/p>\n","protected":false},"excerpt":{"rendered":"<p>A FLAUS (Feira de Livros e Autores Sorocabanos) ter\u00e1 a sua terceira edi\u00e7\u00e3o no dia 21 de dezembro, das 9 h \u00e0s 16 h, na Pra\u00e7a Coronel Fernando Prestes<\/p>\n","protected":false},"author":4,"featured_media":30156,"comment_status":"closed","ping_status":"closed","sticky":false,"template":"","format":"standard","meta":{"_jetpack_newsletter_access":"","_jetpack_dont_email_post_to_subs":false,"_jetpack_newsletter_tier_id":0,"_jetpack_memberships_contains_paywalled_content":false,"_jetpack_memberships_contains_paid_content":false,"footnotes":""},"categories":[7],"tags":[3978,4412,5164],"class_list":["post-30154","post","type-post","status-publish","format-standard","has-post-thumbnail","hentry","category-comunicacao","tag-flaus","tag-homenagem","tag-livros"],"aioseo_notices":[],"views":582,"jetpack_featured_media_url":"https:\/\/jornalrol.com.br\/wp-content\/uploads\/2019\/12\/IMG-20191216-WA0040.jpg","jetpack_sharing_enabled":true,"jetpack_likes_enabled":true,"jetpack-related-posts":[{"id":71103,"url":"https:\/\/jornalrol.com.br\/?p=71103","url_meta":{"origin":30154,"position":0},"title":"FLAUS chega a sua oitava edi\u00e7\u00e3o","author":"Sergio Diniz da Costa","date":"4 de dezembro de 2024","format":false,"excerpt":"A FLAUS \u2013 Feira do Livro e Autores Sorocabanos \u00e9 uma a\u00e7\u00e3o cultural realizada na cidade de Sorocaba por iniciativa de autores independentes, com o intuito de...","rel":"","context":"Em &quot;Eventos liter\u00e1rios&quot;","block_context":{"text":"Eventos liter\u00e1rios","link":"https:\/\/jornalrol.com.br\/?cat=12354"},"img":{"alt_text":"Logo da FLAUS","src":"https:\/\/i0.wp.com\/jornalrol.com.br\/wp-content\/uploads\/2024\/12\/9f902599-b734-48a6-96c5-53fcb4d48961-1536x1154-1.jpeg?resize=350%2C200&ssl=1","width":350,"height":200,"srcset":"https:\/\/i0.wp.com\/jornalrol.com.br\/wp-content\/uploads\/2024\/12\/9f902599-b734-48a6-96c5-53fcb4d48961-1536x1154-1.jpeg?resize=350%2C200&ssl=1 1x, https:\/\/i0.wp.com\/jornalrol.com.br\/wp-content\/uploads\/2024\/12\/9f902599-b734-48a6-96c5-53fcb4d48961-1536x1154-1.jpeg?resize=525%2C300&ssl=1 1.5x, https:\/\/i0.wp.com\/jornalrol.com.br\/wp-content\/uploads\/2024\/12\/9f902599-b734-48a6-96c5-53fcb4d48961-1536x1154-1.jpeg?resize=700%2C400&ssl=1 2x, https:\/\/i0.wp.com\/jornalrol.com.br\/wp-content\/uploads\/2024\/12\/9f902599-b734-48a6-96c5-53fcb4d48961-1536x1154-1.jpeg?resize=1050%2C600&ssl=1 3x, https:\/\/i0.wp.com\/jornalrol.com.br\/wp-content\/uploads\/2024\/12\/9f902599-b734-48a6-96c5-53fcb4d48961-1536x1154-1.jpeg?resize=1400%2C800&ssl=1 4x"},"classes":[]},{"id":63196,"url":"https:\/\/jornalrol.com.br\/?p=63196","url_meta":{"origin":30154,"position":1},"title":"SESC Sorocaba recebe a FLAUS em dezembro","author":"Sergio Diniz da Costa","date":"20 de novembro de 2023","format":false,"excerpt":"A FLAUS \u2013 Feira do Livro e Autores Sorocabanos ter\u00e1 uma edi\u00e7\u00e3o especial este ano de 2023, dentro de uma cess\u00e3o de espa\u00e7o do SESC Sorocaba. Em sua 7\u00aa edi\u00e7\u00e3o...","rel":"","context":"Em &quot;Feira Liter\u00e1ria&quot;","block_context":{"text":"Feira Liter\u00e1ria","link":"https:\/\/jornalrol.com.br\/?cat=10922"},"img":{"alt_text":"FLAUS - Feira do Livro de autores Sorocabanos","src":"https:\/\/i0.wp.com\/jornalrol.com.br\/wp-content\/uploads\/2023\/11\/d2c7f3a5-b076-4e59-bd78-5c6ccca639e8.jpg?resize=350%2C200&ssl=1","width":350,"height":200,"srcset":"https:\/\/i0.wp.com\/jornalrol.com.br\/wp-content\/uploads\/2023\/11\/d2c7f3a5-b076-4e59-bd78-5c6ccca639e8.jpg?resize=350%2C200&ssl=1 1x, https:\/\/i0.wp.com\/jornalrol.com.br\/wp-content\/uploads\/2023\/11\/d2c7f3a5-b076-4e59-bd78-5c6ccca639e8.jpg?resize=525%2C300&ssl=1 1.5x, https:\/\/i0.wp.com\/jornalrol.com.br\/wp-content\/uploads\/2023\/11\/d2c7f3a5-b076-4e59-bd78-5c6ccca639e8.jpg?resize=700%2C400&ssl=1 2x"},"classes":[]},{"id":15305,"url":"https:\/\/jornalrol.com.br\/?p=15305","url_meta":{"origin":30154,"position":2},"title":"Feira evidencia produ\u00e7\u00e3o liter\u00e1ria em Sorocaba","author":"Sergio Diniz da Costa","date":"11 de dezembro de 2017","format":false,"excerpt":"A idealiza\u00e7\u00e3o da Feira partiu do escritor e historiador Carlos Carvalho Cavalheiro, que percebeu a pouca visibilidade dada \u00e0s obras dos autores sorocabanos \u00a0 No pr\u00f3ximo dia 16 de dezembro, na Pra\u00e7a Coronel Fernando Prestes, no centro de Sorocaba,, ocorrer\u00e1 a 1\u00aa FLAUS - Feira do Livro e Autores de\u2026","rel":"","context":"Em &quot;Comunica\u00e7\u00e3o&quot;","block_context":{"text":"Comunica\u00e7\u00e3o","link":"https:\/\/jornalrol.com.br\/?cat=7"},"img":{"alt_text":"","src":"https:\/\/i0.wp.com\/www.jornalrol.com.br\/wp-content\/uploads\/2017\/12\/25035553_1648386898558784_1898135349_o-300x169.jpg?resize=350%2C200","width":350,"height":200},"classes":[]},{"id":69970,"url":"https:\/\/jornalrol.com.br\/?p=69970","url_meta":{"origin":30154,"position":3},"title":"Vem a\u00ed a 8\u00aa edi\u00e7\u00e3o da FLAUS!","author":"Sergio Diniz da Costa","date":"7 de outubro de 2024","format":false,"excerpt":"A 8\u00aa edi\u00e7\u00e3o da FLAUS (Feira do Livro e Autores Sorocabanos) j\u00e1 tem data marcada e as inscri\u00e7\u00f5es para participa\u00e7\u00e3o est\u00e3o abertas!","rel":"","context":"Em &quot;Arte&quot;","block_context":{"text":"Arte","link":"https:\/\/jornalrol.com.br\/?cat=9286"},"img":{"alt_text":"A 8\u00aa edi\u00e7\u00e3o da FLAUS (Feira do Livro e Autores Sorocabanos) j\u00e1 tem data marcada e as inscri\u00e7\u00f5es para participa\u00e7\u00e3o est\u00e3o abertas!","src":"https:\/\/i0.wp.com\/jornalrol.com.br\/wp-content\/uploads\/2024\/10\/9f902599-b734-48a6-96c5-53fcb4d48961.jpeg?resize=350%2C200&ssl=1","width":350,"height":200,"srcset":"https:\/\/i0.wp.com\/jornalrol.com.br\/wp-content\/uploads\/2024\/10\/9f902599-b734-48a6-96c5-53fcb4d48961.jpeg?resize=350%2C200&ssl=1 1x, https:\/\/i0.wp.com\/jornalrol.com.br\/wp-content\/uploads\/2024\/10\/9f902599-b734-48a6-96c5-53fcb4d48961.jpeg?resize=525%2C300&ssl=1 1.5x, https:\/\/i0.wp.com\/jornalrol.com.br\/wp-content\/uploads\/2024\/10\/9f902599-b734-48a6-96c5-53fcb4d48961.jpeg?resize=700%2C400&ssl=1 2x, https:\/\/i0.wp.com\/jornalrol.com.br\/wp-content\/uploads\/2024\/10\/9f902599-b734-48a6-96c5-53fcb4d48961.jpeg?resize=1050%2C600&ssl=1 3x, https:\/\/i0.wp.com\/jornalrol.com.br\/wp-content\/uploads\/2024\/10\/9f902599-b734-48a6-96c5-53fcb4d48961.jpeg?resize=1400%2C800&ssl=1 4x"},"classes":[]},{"id":75867,"url":"https:\/\/jornalrol.com.br\/?p=75867","url_meta":{"origin":30154,"position":4},"title":"9\u00aa edi\u00e7\u00e3o da FLAUS","author":"Sergio Diniz da Costa","date":"26 de setembro de 2025","format":false,"excerpt":"\u00c9 escritor independente? Inscreva-se na FLAUS! Al\u00e9m de vender seus livros, voc\u00ea pode participar de: lan\u00e7amentos, sess\u00e3o de aut\u00f3grafos, rodas de conversa...","rel":"","context":"Em &quot;Feira Liter\u00e1ria&quot;","block_context":{"text":"Feira Liter\u00e1ria","link":"https:\/\/jornalrol.com.br\/?cat=10922"},"img":{"alt_text":"Logo da FLAUS","src":"https:\/\/i0.wp.com\/jornalrol.com.br\/wp-content\/uploads\/2024\/07\/IV-Concurso-Literario-FLAUS-Sorocaba-1.jpg?resize=350%2C200&ssl=1","width":350,"height":200,"srcset":"https:\/\/i0.wp.com\/jornalrol.com.br\/wp-content\/uploads\/2024\/07\/IV-Concurso-Literario-FLAUS-Sorocaba-1.jpg?resize=350%2C200&ssl=1 1x, https:\/\/i0.wp.com\/jornalrol.com.br\/wp-content\/uploads\/2024\/07\/IV-Concurso-Literario-FLAUS-Sorocaba-1.jpg?resize=525%2C300&ssl=1 1.5x, https:\/\/i0.wp.com\/jornalrol.com.br\/wp-content\/uploads\/2024\/07\/IV-Concurso-Literario-FLAUS-Sorocaba-1.jpg?resize=700%2C400&ssl=1 2x"},"classes":[]},{"id":46519,"url":"https:\/\/jornalrol.com.br\/?p=46519","url_meta":{"origin":30154,"position":5},"title":"5\u00aa Edi\u00e7\u00e3o da FLAUS est\u00e1 com as inscri\u00e7\u00f5es abertas para participa\u00e7\u00e3o","author":"Sergio Diniz da Costa","date":"18 de novembro de 2021","format":false,"excerpt":"A\u00a0 5\u00aa edi\u00e7\u00e3o da FLAUS - Feira do Livro e Autores Sorocabanos j\u00e1 tem data marcada e as\u00a0inscri\u00e7\u00f5es para a participa\u00e7\u00e3o\u00a0v\u00e3o at\u00e9 o dia 23 de novembro A 5\u00aa edi\u00e7\u00e3o da FLAUS - Feira do Livro e Autores Sorocabanos, realizada pelo Grupo de Autores Sorocabanos,\u00a0 j\u00e1 tem data marcada e\u2026","rel":"","context":"Em &quot;Comunica\u00e7\u00e3o&quot;","block_context":{"text":"Comunica\u00e7\u00e3o","link":"https:\/\/jornalrol.com.br\/?cat=7"},"img":{"alt_text":"","src":"https:\/\/i0.wp.com\/jornalrol.com.br\/wp-content\/uploads\/2021\/11\/6c3b582d-fac0-4d0a-b693-0ef9f7c57e7f.jpg?resize=350%2C200&ssl=1","width":350,"height":200,"srcset":"https:\/\/i0.wp.com\/jornalrol.com.br\/wp-content\/uploads\/2021\/11\/6c3b582d-fac0-4d0a-b693-0ef9f7c57e7f.jpg?resize=350%2C200&ssl=1 1x, https:\/\/i0.wp.com\/jornalrol.com.br\/wp-content\/uploads\/2021\/11\/6c3b582d-fac0-4d0a-b693-0ef9f7c57e7f.jpg?resize=525%2C300&ssl=1 1.5x, https:\/\/i0.wp.com\/jornalrol.com.br\/wp-content\/uploads\/2021\/11\/6c3b582d-fac0-4d0a-b693-0ef9f7c57e7f.jpg?resize=700%2C400&ssl=1 2x, https:\/\/i0.wp.com\/jornalrol.com.br\/wp-content\/uploads\/2021\/11\/6c3b582d-fac0-4d0a-b693-0ef9f7c57e7f.jpg?resize=1050%2C600&ssl=1 3x"},"classes":[]}],"_links":{"self":[{"href":"https:\/\/jornalrol.com.br\/index.php?rest_route=\/wp\/v2\/posts\/30154","targetHints":{"allow":["GET"]}}],"collection":[{"href":"https:\/\/jornalrol.com.br\/index.php?rest_route=\/wp\/v2\/posts"}],"about":[{"href":"https:\/\/jornalrol.com.br\/index.php?rest_route=\/wp\/v2\/types\/post"}],"author":[{"embeddable":true,"href":"https:\/\/jornalrol.com.br\/index.php?rest_route=\/wp\/v2\/users\/4"}],"replies":[{"embeddable":true,"href":"https:\/\/jornalrol.com.br\/index.php?rest_route=%2Fwp%2Fv2%2Fcomments&post=30154"}],"version-history":[{"count":0,"href":"https:\/\/jornalrol.com.br\/index.php?rest_route=\/wp\/v2\/posts\/30154\/revisions"}],"wp:featuredmedia":[{"embeddable":true,"href":"https:\/\/jornalrol.com.br\/index.php?rest_route=\/wp\/v2\/media\/30156"}],"wp:attachment":[{"href":"https:\/\/jornalrol.com.br\/index.php?rest_route=%2Fwp%2Fv2%2Fmedia&parent=30154"}],"wp:term":[{"taxonomy":"category","embeddable":true,"href":"https:\/\/jornalrol.com.br\/index.php?rest_route=%2Fwp%2Fv2%2Fcategories&post=30154"},{"taxonomy":"post_tag","embeddable":true,"href":"https:\/\/jornalrol.com.br\/index.php?rest_route=%2Fwp%2Fv2%2Ftags&post=30154"}],"curies":[{"name":"wp","href":"https:\/\/api.w.org\/{rel}","templated":true}]}}