{"id":3019,"date":"2015-08-20T15:23:14","date_gmt":"2015-08-20T18:23:14","guid":{"rendered":"http:\/\/www.jornalrol.com.br\/?p=3019"},"modified":"2015-08-20T15:23:14","modified_gmt":"2015-08-20T18:23:14","slug":"genealogia-afranio-mello-fornece-informacoes-sobre-a-familia-galligani","status":"publish","type":"post","link":"https:\/\/jornalrol.com.br\/?p=3019","title":{"rendered":"Genealogia: Afr\u00e2nio Mello fornece informa\u00e7\u00f5es sobre a FAMILIA GALLIGANI"},"content":{"rendered":"<div class=\"pdfprnt-buttons pdfprnt-buttons-post pdfprnt-top-right\"><a href=\"https:\/\/jornalrol.com.br\/index.php?rest_route=%2Fwp%2Fv2%2Fposts%2F3019&print=pdf\" class=\"pdfprnt-button pdfprnt-button-pdf\" target=\"_blank\" ><\/a><a href=\"https:\/\/jornalrol.com.br\/index.php?rest_route=%2Fwp%2Fv2%2Fposts%2F3019&print=print\" class=\"pdfprnt-button pdfprnt-button-print\" target=\"_blank\" ><img decoding=\"async\" src=\"https:\/\/jornalrol.com.br\/wp-content\/plugins\/pdf-print\/images\/print.png\" alt=\"image_print\" title=\"Conte\u00fado de impress\u00e3o\" \/><\/a><\/div><h2><u>Afr\u00e2nio Mello &#8211; ATENDIMENTO N\u00daMERO 513<\/u><\/h2>\n<p><!--more--><\/p>\n<p>&nbsp;<\/p>\n<p>Newton,<\/p>\n<p>J\u00e1 atendi voc\u00ea em rela\u00e7\u00e3o ao Lapolla e sua descend\u00eancia do Bar\u00e3o.<\/p>\n<p>Em rela\u00e7\u00e3o ao Galligano encontrei o que segue abaixo.<\/p>\n<p>Em rela\u00e7\u00e3o a busca da origem da sua av\u00f3 , torna-se f\u00e1cil: veja a certid\u00e3o de<\/p>\n<p>\u00f3bito dela, sendo j\u00e1 falecida.<\/p>\n<p>Era o que podia fazer no momento.<\/p>\n<p>Afr\u00e2nio Franco de Oliveira Mello<br \/>\nIHGGI \/ ROL &#8211; Regi\u00e3o On Line<\/p>\n<p>&nbsp;<\/p>\n<h1>Sobrenome Galligani em Ponte Buggianese, It\u00e1lia<\/h1>\n<p>Ir ao buscador de sobrenomes<\/p>\n<p>Em \u00e1rvores geneal\u00f3gicas em Genoom <strong>Ir a Genoom<\/strong><\/p>\n<h2>3 Galligani em Ponte Buggianese (It\u00e1lia)<\/h2>\n<h3>3 Galligani nascidos em Ponte Buggianese (It\u00e1lia)<\/h3>\n<h3>0 Galligani morando em Ponte Buggianese (It\u00e1lia)<\/h3>\n<p>====================================================================================<\/p>\n<h1>Origem do sobrenome Galligani, pa\u00eds de origem: Italia<\/h1>\n<p>Nobreza: <strong>Nobili<\/strong><\/p>\n<h2>Escudo e Bras\u00e3o de Armas da fam\u00edlia Galligani:<br \/>\nDi rosso a due spade d&#8217;argento decussate e sormontate da un giglio coronato d&#8217;oro.<\/h2>\n<p>For informations call now our Heraldic Expertphone. +39 335 6359382, Sms and Whatsapp 24h\/24<\/p>\n<h2><img decoding=\"async\" src=\"https:\/\/ci3.googleusercontent.com\/proxy\/EJWE466H86Pa-2PCUZ24rwzCTJgrFXVlNE5MxMcRqvzewcFRJZQaAv5mBOgaHyKskZMwoPb00NqFuKYiG5Pwiwk0MBdDT3KMujEwdHNoejL_=s0-d-e1-ft#http:\/\/www.heraldrysinstitute.com\/images\/stemma.php?id=8238\" alt=\"Escudo e Bras\u00e3o de Armas da fam\u00edlia Galligani\" \/><strong>Antica e nobile famiglia originaria di Chieri. <\/strong><\/h2>\n<p>Il commendator G.B. di Crollalanza riporta la blasonatura di questa famiglia<\/p>\n<p>nei volumi del suo Dizionario storico blasonico delle famiglie nobili e notabili italiane. La presenza del motto nella bibliografia<\/p>\n<p>documentata della famiglia ci conferma l&#8217;avita nobilt\u00e0 raggiunta della casata. Infatti l&#8217;origine del motto risale a circa il XIV secolo<\/p>\n<p>e deve essere ricercata in quei detti arguti che venivano scritti sui vessilli &#8230;continua<\/p>\n<p>o bandiere dei cavalieri, esposti alle finestre delle locande in cui questi alloggiavano, in occasione dei tornei, e durante i tornei stessi.<\/p>\n<p>Il motto era un pensiero espresso in poche parole facente allusione a un sentimento palese o nascosto, a una qualit\u00e0, a un ricordo<\/p>\n<p>storico, per stimolo al coraggio o onore. Era scelta dal capo della famiglia, dal cavaliere entrante in lizza o data dal sovrano al proprio<\/p>\n<p>uomo ligio. Motto della famiglia: Contre fortune bataille.<\/p>\n<p>TRADUZINDO:<\/p>\n<p>Antiga e nobre fam\u00edlia de Chieri. O Comendador G.B. di Crollalanza traz o bras\u00e3o da fam\u00edlia\u00a0dos volumes de sua Dizionario storico blasonico delle famiglie nobili e notabili italiane. A presen\u00e7a do lema na bibliografia\u00a0documentou a vida de fam\u00edlia de nobreza confirmados chegada a casa. Na verdade a origem do lema data de cerca do s\u00e9culo XIV\u00a0e deve ser procurada nesses ditos espirituosos que foram escritos sobre banners&#8230; detalhes de Hotel\u00a0ou bandeiras dos cavaleiros, expostos nas janelas das pousadas onde eles estavam hospedados durante o torneio e durante os torneios mesmos.\u00a0O lema era que um pensamento expresso em poucas palavras, fazendo alus\u00e3o a um sentimentos aparentes ou escondidos em uma qualidade, uma mem\u00f3ria\u00a0para o desejo hist\u00f3rico de coragem e honra. Foi escolhido pelo chefe da fam\u00edlia, pelo cavaleiro em conten\u00e7\u00e3o ou inserir dados do seu rei\u00a0homem leal. O lema da fam\u00edlia: fortuna bataille Contre.<\/p>\n<p>=====================================================================================================<\/p>\n<p>&nbsp;<\/p>\n<p><strong>From:<\/strong> <a href=\"mailto:jornalrol@gmail.com\">ROL &#8211; REGIAO ON LINE<\/a><\/p>\n<p><strong>Sent:<\/strong> Saturday, August 08, 2015 6:15 PM<\/p>\n<p><strong>To:<\/strong> <a href=\"mailto:newtonlapolla@bol.com.br\">newtonlapolla<\/a> ; <a href=\"mailto:afraniomello@itapetininga.com.br\">Afranio Franco de Oliveira Mello<\/a><\/p>\n<p><strong>Subject:<\/strong> Re: Como posso saber.<\/p>\n<p>Prezado leitor,<\/p>\n<p>estamos redirecionando sua mensagem ao genealogista Afr\u00e2nio Mello,<\/p>\n<p>que certamente entrar\u00e1 em contrato com voce.<\/p>\n<p>ROL &#8211; REGIAO ON LINE<\/p>\n<p>Helio Rubens &#8211; editor<\/p>\n<p>&nbsp;<\/p>\n<p>&nbsp;<\/p>\n<p>Em 8 de agosto de 2015 08:16, newtonlapolla &lt;<a href=\"mailto:newtonlapolla@bol.com.br\">newtonlapolla@bol.com.br<\/a>&gt; escreveu:<\/p>\n<p>Bom dia senhores,<\/p>\n<p>N\u00e3o sei a fonte , mais fico &#8211; lhe grato.<\/p>\n<p>Materno<\/p>\n<p>Nome da av\u00f3 &#8211; Pierina Salom\u00e3o Galligani.&#8212;&#8212;&#8212;&#8212;&#8212;&#8212;&#8212;&#8212;&#8212;&#8212;&#8212;&#8212;&#8212;&#8212;&#8212;&#8212;&#8212;&#8212;&#8212;&#8212;-&gt; Suposta regi\u00e3o &#8230;&#8230;&#8230;.<\/p>\n<p>Nome do avo &#8211; Mauricio Galligani.&#8212;&#8212;&#8212;&#8212;&#8212;&#8212;&#8212;&#8212;&#8212;&#8212;&#8212;&#8212;&#8212;&#8212;&#8212;&#8212;&#8212;&#8212;&#8212;&#8212;&#8212;&#8212;&#8212;-&gt; Suposta regi\u00e3o : Roma.<\/p>\n<p>Paterno.<\/p>\n<p>Mome da av\u00f3 &#8211; Ophelia Justo da Silva. &#8211; Neta do Bar\u00e3o de Itapetininga.&#8212;&#8212;&#8212;&#8212;&#8212;&#8212;&#8212;&#8212;&#8212;&#8211;&gt; SP<\/p>\n<p>Nelson Lapolla de Paula.&#8212;&#8212;&#8212;&#8212;&#8212;&#8212;&#8212;&#8212;&#8212;&#8212;&#8212;&#8212;&#8212;&#8212;&#8212;&#8212;&#8212;&#8212;&#8212;&#8212;&#8212;&#8212;&#8212;&#8212;&#8212;&#8212;&#8212;-&gt; Baulicata &#8211; Italia.<\/p>\n<p>&nbsp;<\/p>\n<p>Fico grato desde ja.<\/p>\n<p>Newton Lapolla<\/p>\n","protected":false},"excerpt":{"rendered":"<p>Afr\u00e2nio Mello &#8211; ATENDIMENTO N\u00daMERO 513<\/p>\n","protected":false},"author":3,"featured_media":0,"comment_status":"closed","ping_status":"closed","sticky":false,"template":"","format":"standard","meta":{"_jetpack_newsletter_access":"","_jetpack_dont_email_post_to_subs":false,"_jetpack_newsletter_tier_id":0,"_jetpack_memberships_contains_paywalled_content":false,"_jetpack_memberships_contains_paid_content":false,"footnotes":""},"categories":[7],"tags":[656],"class_list":["post-3019","post","type-post","status-publish","format-standard","hentry","category-comunicacao","tag-afranio"],"aioseo_notices":[],"views":0,"jetpack_featured_media_url":"","jetpack_sharing_enabled":true,"jetpack_likes_enabled":true,"jetpack-related-posts":[{"id":4045,"url":"https:\/\/jornalrol.com.br\/?p=4045","url_meta":{"origin":3019,"position":0},"title":"Genealogia: Afr\u00e2nio Mello fornece informa\u00e7\u00f5es sobre a fam\u00edlia Breda","author":"Helio Rubens","date":"10 de janeiro de 2016","format":false,"excerpt":"Afr\u00e2nio Franco de Oliveira Mello: ATENDIMENTO N\u00daMERO 601 Deivid, O arquivo Bredariol eu n\u00e3o tenho. Tenho o Breda que tem a mesma significa\u00e7\u00e3o e que vem de Braida, terreno plano. Envio o Arquivo e o Bras\u00e3o dessa fam\u00edlia. Breda................ 5 p\u00e1ginas e 1 bras\u00e3o no arquivo e mais um em\u2026","rel":"","context":"Em &quot;Comunica\u00e7\u00e3o&quot;","block_context":{"text":"Comunica\u00e7\u00e3o","link":"https:\/\/jornalrol.com.br\/?cat=7"},"img":{"alt_text":"","src":"","width":0,"height":0},"classes":[]},{"id":14862,"url":"https:\/\/jornalrol.com.br\/?p=14862","url_meta":{"origin":3019,"position":1},"title":"Genealogia: Afr\u00e2nio Mello atende gratuitamente pedidos de leitores sobre origens de familias. Neste edi\u00e7\u00e3o, familia MELLI.","author":"Helio Rubens","date":"24 de novembro de 2017","format":false,"excerpt":"Afr\u00e2nio Franco de Oliveira Mello - ATENDIMENTO N\u00daMERO 929 Prezado Johny, boa tarde. Nunca havia escutado antes a men\u00e7\u00e3o do Sobrenome MELLI. N\u00e3o tenho esse sobrenome no meu arquivo. Nos Sites que costume pesquisar, nada encontrei. O que achei, sem custo, para manter o meu atendimento \u00e9 o que segue\u2026","rel":"","context":"Em &quot;Comunica\u00e7\u00e3o&quot;","block_context":{"text":"Comunica\u00e7\u00e3o","link":"https:\/\/jornalrol.com.br\/?cat=7"},"img":{"alt_text":"","src":"https:\/\/i0.wp.com\/www.jornalrol.com.br\/wp-content\/uploads\/2017\/01\/afranio.jpg?resize=350%2C200","width":350,"height":200},"classes":[]},{"id":1169,"url":"https:\/\/jornalrol.com.br\/?p=1169","url_meta":{"origin":3019,"position":2},"title":"Afr\u00e2nio Mello responde a leitora e d\u00e1INFORMA\u00c7\u00d5ES SOBRE A FAMILIA ORLANDI","author":"ADM","date":"6 de mar\u00e7o de 2015","format":false,"excerpt":"ATENDIMENTO N\u00daMERO 444 - Afr\u00e2nio Mello Caro Afranio, Boa tarde! Poderia me enviar a genealogia da Fam\u00edlia Orlandi que veio de Lucca, It\u00e1lia? Qual \u00e9 a fonte da informa\u00e7\u00e3o? Desde j\u00e1 agrade\u00e7o sua aten\u00e7\u00e3o, Margareth Orlandi Prezada Margareth, \u00c9 com satisfa\u00e7\u00e3o que envio os arquivos do sobrenome ORLANDI que voc\u00ea\u2026","rel":"","context":"Em &quot;Comunica\u00e7\u00e3o&quot;","block_context":{"text":"Comunica\u00e7\u00e3o","link":"https:\/\/jornalrol.com.br\/?cat=7"},"img":{"alt_text":"Orlandi","src":"https:\/\/i0.wp.com\/www.jornalrol.com.br\/wp-content\/uploads\/2015\/03\/Orlandi-229x300.jpg?resize=350%2C200","width":350,"height":200},"classes":[]},{"id":10691,"url":"https:\/\/jornalrol.com.br\/?p=10691","url_meta":{"origin":3019,"position":3},"title":"Genealogia: Afr\u00e2nio Mello fornece informa\u00e7\u00f5es sobre a fam\u00edlia Ferrato","author":"Helio Rubens","date":"25 de maio de 2017","format":false,"excerpt":"Afr\u00e2nio Franco de Oliveira Mello - ATENDIMENTO N\u00daMERO 859 \u00a0 Prezado Matheus Ferratto, boa tarde. O seu sobrenome tem uma varia\u00e7\u00e3o muito grande na grafia e todos tem a origem no FERRO, FERRADOR. Veja o que extrai do meu Dizionario Ragianato dei Cognomi Italiani e que segue anexo. Segue outras\u2026","rel":"","context":"Em &quot;Comunica\u00e7\u00e3o&quot;","block_context":{"text":"Comunica\u00e7\u00e3o","link":"https:\/\/jornalrol.com.br\/?cat=7"},"img":{"alt_text":"","src":"https:\/\/i0.wp.com\/www.jornalrol.com.br\/wp-content\/uploads\/2015\/07\/Afr%C3%A2nio-para-o-ROL-2.jpg?resize=350%2C200","width":350,"height":200},"classes":[]},{"id":30337,"url":"https:\/\/jornalrol.com.br\/?p=30337","url_meta":{"origin":3019,"position":4},"title":"Genealogia: Afr\u00e2nio Mello fornece informa\u00e7\u00f5es sobre a familia Breda","author":"Helio Rubens","date":"14 de janeiro de 2020","format":false,"excerpt":"ATENDIMENTO N\u00daMERO 1.198 \u00a0 Prezado Francisco, bom dia. Atendendo sua solicita\u00e7\u00e3o , fui verificar o que tenho sobre esses sobrenomes. De fato, no arquivo do sobrenome BREDA\u00a0\u00a0 no seu final, vem os sobrenomes BRAIDA\u00a0 e BRAIDO, confirmando sua leitura no arquivo que remeti para um outro solicitante. No Dizionario Ragianato\u2026","rel":"","context":"Em &quot;Comunica\u00e7\u00e3o&quot;","block_context":{"text":"Comunica\u00e7\u00e3o","link":"https:\/\/jornalrol.com.br\/?cat=7"},"img":{"alt_text":"","src":"https:\/\/i0.wp.com\/jornalrol.com.br\/wp-content\/uploads\/2020\/01\/Afranio2-1.png?resize=350%2C200&ssl=1","width":350,"height":200,"srcset":"https:\/\/i0.wp.com\/jornalrol.com.br\/wp-content\/uploads\/2020\/01\/Afranio2-1.png?resize=350%2C200&ssl=1 1x, https:\/\/i0.wp.com\/jornalrol.com.br\/wp-content\/uploads\/2020\/01\/Afranio2-1.png?resize=525%2C300&ssl=1 1.5x"},"classes":[]},{"id":5159,"url":"https:\/\/jornalrol.com.br\/?p=5159","url_meta":{"origin":3019,"position":5},"title":"Genealogia: Afr\u00e2nio Mello fornece gratuitamente informa\u00e7\u00f5es sobre a familia ORSI","author":"Helio Rubens","date":"3 de junho de 2016","format":false,"excerpt":"Afr\u00e2nio Franco de Oliveira Mello - ATENDIMENTO N\u00daMERO 740 \u00a0 Prezada Bianca,boa tarde. Em 13.05.2016, recebi pedido semelhante da leitora M\u00e1rcia. Procura cidadania e confec\u00e7\u00e3o da \u00e1rvore Geneal\u00f3gica. Estou enviando para o mesmo que enviei \u00e0 ela. O Bernardo Orsi, que consta da minha rela\u00e7\u00e3o, eu n\u00e3o tenho informa\u00e7\u00f5es sobre\u2026","rel":"","context":"Em &quot;Comunica\u00e7\u00e3o&quot;","block_context":{"text":"Comunica\u00e7\u00e3o","link":"https:\/\/jornalrol.com.br\/?cat=7"},"img":{"alt_text":"","src":"","width":0,"height":0},"classes":[]}],"_links":{"self":[{"href":"https:\/\/jornalrol.com.br\/index.php?rest_route=\/wp\/v2\/posts\/3019","targetHints":{"allow":["GET"]}}],"collection":[{"href":"https:\/\/jornalrol.com.br\/index.php?rest_route=\/wp\/v2\/posts"}],"about":[{"href":"https:\/\/jornalrol.com.br\/index.php?rest_route=\/wp\/v2\/types\/post"}],"author":[{"embeddable":true,"href":"https:\/\/jornalrol.com.br\/index.php?rest_route=\/wp\/v2\/users\/3"}],"replies":[{"embeddable":true,"href":"https:\/\/jornalrol.com.br\/index.php?rest_route=%2Fwp%2Fv2%2Fcomments&post=3019"}],"version-history":[{"count":0,"href":"https:\/\/jornalrol.com.br\/index.php?rest_route=\/wp\/v2\/posts\/3019\/revisions"}],"wp:attachment":[{"href":"https:\/\/jornalrol.com.br\/index.php?rest_route=%2Fwp%2Fv2%2Fmedia&parent=3019"}],"wp:term":[{"taxonomy":"category","embeddable":true,"href":"https:\/\/jornalrol.com.br\/index.php?rest_route=%2Fwp%2Fv2%2Fcategories&post=3019"},{"taxonomy":"post_tag","embeddable":true,"href":"https:\/\/jornalrol.com.br\/index.php?rest_route=%2Fwp%2Fv2%2Ftags&post=3019"}],"curies":[{"name":"wp","href":"https:\/\/api.w.org\/{rel}","templated":true}]}}