{"id":3029,"date":"2015-08-20T23:14:11","date_gmt":"2015-08-21T02:14:11","guid":{"rendered":"http:\/\/www.jornalrol.com.br\/?p=3029"},"modified":"2015-08-20T23:14:11","modified_gmt":"2015-08-21T02:14:11","slug":"itapetininga-comemora-a-semana-do-folclore","status":"publish","type":"post","link":"https:\/\/jornalrol.com.br\/?p=3029","title":{"rendered":"Itapetininga comemora a Semana do Folclore"},"content":{"rendered":"<div class=\"pdfprnt-buttons pdfprnt-buttons-post pdfprnt-top-right\"><a href=\"https:\/\/jornalrol.com.br\/index.php?rest_route=%2Fwp%2Fv2%2Fposts%2F3029&print=pdf\" class=\"pdfprnt-button pdfprnt-button-pdf\" target=\"_blank\" ><\/a><a href=\"https:\/\/jornalrol.com.br\/index.php?rest_route=%2Fwp%2Fv2%2Fposts%2F3029&print=print\" class=\"pdfprnt-button pdfprnt-button-print\" target=\"_blank\" ><img decoding=\"async\" src=\"https:\/\/jornalrol.com.br\/wp-content\/plugins\/pdf-print\/images\/print.png\" alt=\"image_print\" title=\"Conte\u00fado de impress\u00e3o\" \/><\/a><\/div><h3><strong>Evento ter\u00e1 apresenta\u00e7\u00f5es culturais, hist\u00f3rias e concurso de desenho e fantasia<\/strong><\/h3>\n<p><!--more--><\/p>\n<p>A 1\u00aa Semana do Folclore \u2018Rossini Tavares de Lima&#8217; ter\u00e1 seu encerramento com um dia todo de programa\u00e7\u00e3o para toda a fam\u00edlia.<\/p>\n<p>Os eventos acontecer\u00e3o dia 22, s\u00e1bado, a partir das 10h no Largo dos Amores e seguir\u00e3o at\u00e9 \u00e0s 17h.<\/p>\n<p>Entre as atividades, estar\u00e3o apresenta\u00e7\u00e3o musical, conta\u00e7\u00e3o de lendas, apresenta\u00e7\u00f5es culturais e concurso de melhor desenho e melhor fantasia.<\/p>\n<p>Todas as atra\u00e7\u00f5es s\u00e3o gratuitas e abertas ao p\u00fablico.<\/p>\n<p><strong>Homenagem<\/strong><\/p>\n<p>A Secretaria de Cultura e Turismo homenageou Rossini Tavares de Lima na 1\u00aa Semana do Folclore. Voc\u00ea sabe quem foi este importante itapetiningano?<\/p>\n<p>M\u00fasico, formado pelo Conservat\u00f3rio Dram\u00e1tico e Musical de S\u00e3o Paulo, nascido em 25 de abril de 1915, coordenou diversos projetos educacionais ligados \u00e0 m\u00fasica e fundou a Academia Paulista de M\u00fasica. Trabalhou como jornalista em diversos ve\u00edculos de comunica\u00e7\u00e3o, publicando artigos e livros, entre eles ABC do Folclore, considerado um dos melhores livros sobre o assunto e refer\u00eancia para estudantes.<\/p>\n<p>Atuando tamb\u00e9m como professor de Hist\u00f3ria, destacou-se em diversos estudos sobre o folclore brasileiro, sendo uma das maiores autoridades do pa\u00eds no tema. Incentivou e divulgou as artes populares regionais e organizou diversos festivais de folclore em Itapetininga. Rossini Tavares de Lima faleceu em em 5 de agosto de 1987, em S\u00e3o Paulo.<\/p>\n","protected":false},"excerpt":{"rendered":"<p>Evento ter\u00e1 apresenta\u00e7\u00f5es culturais, hist\u00f3rias e concurso de desenho e fantasia<\/p>\n","protected":false},"author":3,"featured_media":0,"comment_status":"closed","ping_status":"closed","sticky":false,"template":"","format":"standard","meta":{"_jetpack_newsletter_access":"","_jetpack_dont_email_post_to_subs":false,"_jetpack_newsletter_tier_id":0,"_jetpack_memberships_contains_paywalled_content":false,"_jetpack_memberships_contains_paid_content":false,"footnotes":""},"categories":[7],"tags":[2510],"class_list":["post-3029","post","type-post","status-publish","format-standard","hentry","category-comunicacao","tag-cultura"],"aioseo_notices":[],"views":0,"jetpack_featured_media_url":"","jetpack_sharing_enabled":true,"jetpack_likes_enabled":true,"jetpack-related-posts":[{"id":2949,"url":"https:\/\/jornalrol.com.br\/?p=2949","url_meta":{"origin":3029,"position":0},"title":"Semana do Folclore ser\u00e1 celebrada em Itapetininga","author":"Helio Rubens","date":"11 de agosto de 2015","format":false,"excerpt":"\u00a0 A programa\u00e7\u00e3o da Semana do Folclore prev\u00ea dan\u00e7a, m\u00fasica, conta\u00e7\u00e3o de lendas, teatro e muitas atra\u00e7\u00f5es para a fam\u00edlia Em comemora\u00e7\u00e3o \u00e0 Semana do Folclore, a Secretaria de Cultura e Turismo preparou uma programa\u00e7\u00e3o especial. Ser\u00e3o seis dias de muita cultura e divers\u00e3o para toda a fam\u00edlia. Todos os\u2026","rel":"","context":"Em &quot;Comunica\u00e7\u00e3o&quot;","block_context":{"text":"Comunica\u00e7\u00e3o","link":"https:\/\/jornalrol.com.br\/?cat=7"},"img":{"alt_text":"","src":"","width":0,"height":0},"classes":[]},{"id":47776,"url":"https:\/\/jornalrol.com.br\/?p=47776","url_meta":{"origin":3029,"position":1},"title":"Espet\u00e1culo infantojuvenil Sonho de Her\u00f3i estreia dia 15 de janeiro no Teatro Viradalata em S\u00e3o Paulo","author":"Veronica Moreira","date":"7 de janeiro de 2022","format":false,"excerpt":"\u00a0O espet\u00e1culo infantojuvenil estreia em S\u00e3o Paulo no Teatro Viradalata dia 15 de janeiro de 2022 Com texto de Leonardo C\u00e1ssio, dire\u00e7\u00e3o de D\u00e9bora Dubois, m\u00fasicas e dire\u00e7\u00e3o musical de Gustavo Kurlat e os atores \u00c9rika Altimeyer, Fl\u00e1via Strongolli, M\u00e1rcia de Oliveira, Thomas Huszar e Vanessa Campanari no elenco, o\u2026","rel":"","context":"Em &quot;Comunica\u00e7\u00e3o&quot;","block_context":{"text":"Comunica\u00e7\u00e3o","link":"https:\/\/jornalrol.com.br\/?cat=7"},"img":{"alt_text":"","src":"https:\/\/i0.wp.com\/www.jornalrol.com.br\/wp-content\/uploads\/2022\/01\/Untitled.jpg?resize=350%2C200","width":350,"height":200,"srcset":"https:\/\/i0.wp.com\/www.jornalrol.com.br\/wp-content\/uploads\/2022\/01\/Untitled.jpg?resize=350%2C200 1x, https:\/\/i0.wp.com\/www.jornalrol.com.br\/wp-content\/uploads\/2022\/01\/Untitled.jpg?resize=525%2C300 1.5x, https:\/\/i0.wp.com\/www.jornalrol.com.br\/wp-content\/uploads\/2022\/01\/Untitled.jpg?resize=700%2C400 2x, https:\/\/i0.wp.com\/www.jornalrol.com.br\/wp-content\/uploads\/2022\/01\/Untitled.jpg?resize=1050%2C600 3x, https:\/\/i0.wp.com\/www.jornalrol.com.br\/wp-content\/uploads\/2022\/01\/Untitled.jpg?resize=1400%2C800 4x"},"classes":[]},{"id":78612,"url":"https:\/\/jornalrol.com.br\/?p=78612","url_meta":{"origin":3029,"position":2},"title":"Portugal e seu maravilhoso acervo folcl\u00f3rico","author":"Laura Moura Nunes","date":"19 de fevereiro de 2026","format":false,"excerpt":"\u00c9 preciso uma cidade para formar cidad\u00e3os e sensibiliz\u00e1-los que a cultura \u00e9 uma filosofia pedag\u00f3gica que busca colocar seres humanos ao exerc\u00edcio da cultura...","rel":"","context":"Em &quot;artigos&quot;","block_context":{"text":"artigos","link":"https:\/\/jornalrol.com.br\/?cat=9398"},"img":{"alt_text":"Rancho Folcl\u00f3rico - Licen\u00e7as Criative Commons - Criador:\u00a0Michael Wendl\u00a0- Direitos autorais:\u00a0Michael Wendl 19 de fevereiro de 2026, \u00e0s 11h32","src":"https:\/\/i0.wp.com\/jornalrol.com.br\/wp-content\/uploads\/2026\/02\/Gala_Internacional_de_Folclore_da_Batalha.jpg?resize=350%2C200&ssl=1","width":350,"height":200,"srcset":"https:\/\/i0.wp.com\/jornalrol.com.br\/wp-content\/uploads\/2026\/02\/Gala_Internacional_de_Folclore_da_Batalha.jpg?resize=350%2C200&ssl=1 1x, https:\/\/i0.wp.com\/jornalrol.com.br\/wp-content\/uploads\/2026\/02\/Gala_Internacional_de_Folclore_da_Batalha.jpg?resize=525%2C300&ssl=1 1.5x"},"classes":[]},{"id":20477,"url":"https:\/\/jornalrol.com.br\/?p=20477","url_meta":{"origin":3029,"position":3},"title":"Prefeitura de Porto Feliz promove, de 28 a 31 de agosto, a Semana do Folclore","author":"Sergio Diniz da Costa","date":"25 de agosto de 2018","format":false,"excerpt":"Entre os dias 28 e 31\/08, a Prefeitura, por meio da Diretoria de Cultura, Esportes e Turismo, ir\u00e1 promover a Semana do Folclore, em celebra\u00e7\u00e3o \u00e0 cultura popular, tradi\u00e7\u00f5es, cren\u00e7as, costumes, dan\u00e7as, can\u00e7\u00f5es e lendas da regi\u00e3o \u00a0 Entre os dias 28 e 31\/08, a Prefeitura, por meio da Diretoria\u2026","rel":"","context":"Em &quot;Comunica\u00e7\u00e3o&quot;","block_context":{"text":"Comunica\u00e7\u00e3o","link":"https:\/\/jornalrol.com.br\/?cat=7"},"img":{"alt_text":"","src":"https:\/\/i0.wp.com\/www.jornalrol.com.br\/wp-content\/uploads\/2018\/08\/40059061_2304485569782748_7574282930822840320_n-300x300.jpg?resize=350%2C200","width":350,"height":200},"classes":[]},{"id":3052,"url":"https:\/\/jornalrol.com.br\/?p=3052","url_meta":{"origin":3029,"position":4},"title":"Come\u00e7a &#039;55\u00aa Semana Corn\u00e9lio Pires&#039; com m\u00fasica, cinema e teatro em Tiet\u00ea","author":"Helio Rubens","date":"22 de agosto de 2015","format":false,"excerpt":"Todas as atra\u00e7\u00f5es s\u00e3o gratuitas e a indica\u00e7\u00e3o \u00e9 livre \u00a0Evento inicia nesta sexta-feira (21) e termina no dia 28. Do G1 Itapetininga e Regi\u00e3o Saiu na TV Tem: A 55\u00aa Semana Corn\u00e9lio Pires ter\u00e1 in\u00edcio a partir desta sexta-feira (21), em Tiet\u00ea (SP). A comemora\u00e7\u00e3o ocorrer\u00e1 at\u00e9 o dia\u2026","rel":"","context":"Em &quot;Comunica\u00e7\u00e3o&quot;","block_context":{"text":"Comunica\u00e7\u00e3o","link":"https:\/\/jornalrol.com.br\/?cat=7"},"img":{"alt_text":"","src":"","width":0,"height":0},"classes":[]},{"id":18746,"url":"https:\/\/jornalrol.com.br\/?p=18746","url_meta":{"origin":3029,"position":5},"title":"Festival da Can\u00e7\u00e3o Brasileira recebe inscri\u00e7\u00f5es at\u00e9 o dia 04 de junho (segunda-feira)","author":"Sergio Diniz da Costa","date":"30 de maio de 2018","format":false,"excerpt":"Tr\u00eas compositores, classificados em 1\u00ba, 2 \u00ba e 3\u00ba lugares, e o melhor int\u00e9rprete ser\u00e3o eleitos no concurso musical que conta com o apoio da EPTV (Emissoras Pioneiras de Televis\u00e3o) \u00a0 Realizado pelo Servi\u00e7o Social da Ind\u00fastria (Sesi-SP) por interm\u00e9dio da Divis\u00e3o de Qualidade de Vida, a primeira edi\u00e7\u00e3o do\u2026","rel":"","context":"Em &quot;Comunica\u00e7\u00e3o&quot;","block_context":{"text":"Comunica\u00e7\u00e3o","link":"https:\/\/jornalrol.com.br\/?cat=7"},"img":{"alt_text":"","src":"https:\/\/i0.wp.com\/www.jornalrol.com.br\/wp-content\/uploads\/2018\/05\/violao-905665-300x207.jpg?resize=350%2C200","width":350,"height":200},"classes":[]}],"_links":{"self":[{"href":"https:\/\/jornalrol.com.br\/index.php?rest_route=\/wp\/v2\/posts\/3029","targetHints":{"allow":["GET"]}}],"collection":[{"href":"https:\/\/jornalrol.com.br\/index.php?rest_route=\/wp\/v2\/posts"}],"about":[{"href":"https:\/\/jornalrol.com.br\/index.php?rest_route=\/wp\/v2\/types\/post"}],"author":[{"embeddable":true,"href":"https:\/\/jornalrol.com.br\/index.php?rest_route=\/wp\/v2\/users\/3"}],"replies":[{"embeddable":true,"href":"https:\/\/jornalrol.com.br\/index.php?rest_route=%2Fwp%2Fv2%2Fcomments&post=3029"}],"version-history":[{"count":0,"href":"https:\/\/jornalrol.com.br\/index.php?rest_route=\/wp\/v2\/posts\/3029\/revisions"}],"wp:attachment":[{"href":"https:\/\/jornalrol.com.br\/index.php?rest_route=%2Fwp%2Fv2%2Fmedia&parent=3029"}],"wp:term":[{"taxonomy":"category","embeddable":true,"href":"https:\/\/jornalrol.com.br\/index.php?rest_route=%2Fwp%2Fv2%2Fcategories&post=3029"},{"taxonomy":"post_tag","embeddable":true,"href":"https:\/\/jornalrol.com.br\/index.php?rest_route=%2Fwp%2Fv2%2Ftags&post=3029"}],"curies":[{"name":"wp","href":"https:\/\/api.w.org\/{rel}","templated":true}]}}