{"id":3031,"date":"2015-08-20T23:20:58","date_gmt":"2015-08-21T02:20:58","guid":{"rendered":"http:\/\/www.jornalrol.com.br\/?p=3031"},"modified":"2015-08-20T23:20:58","modified_gmt":"2015-08-21T02:20:58","slug":"genealogia-afranio-mello-fornece-informacoes-sobre-a-familia-cestari","status":"publish","type":"post","link":"https:\/\/jornalrol.com.br\/?p=3031","title":{"rendered":"Genealogia: Afr\u00e2nio Mello fornece informa\u00e7\u00f5es sobre a FAMILIA CESTARI"},"content":{"rendered":"<div class=\"pdfprnt-buttons pdfprnt-buttons-post pdfprnt-top-right\"><a href=\"https:\/\/jornalrol.com.br\/index.php?rest_route=%2Fwp%2Fv2%2Fposts%2F3031&print=pdf\" class=\"pdfprnt-button pdfprnt-button-pdf\" target=\"_blank\" ><\/a><a href=\"https:\/\/jornalrol.com.br\/index.php?rest_route=%2Fwp%2Fv2%2Fposts%2F3031&print=print\" class=\"pdfprnt-button pdfprnt-button-print\" target=\"_blank\" ><img decoding=\"async\" src=\"https:\/\/jornalrol.com.br\/wp-content\/plugins\/pdf-print\/images\/print.png\" alt=\"image_print\" title=\"Conte\u00fado de impress\u00e3o\" \/><\/a><\/div><h3><u><strong>Afr\u00e2nio Mello &#8211; ATENDIMENTO N\u00daMERO 514<\/strong><\/u><!--more--><\/h3>\n<p>&nbsp;<\/p>\n<p>Caro Diego.<\/p>\n<p>Estou aproveitando um atendimento sobre o mesmo sobrenome, datado de 16.06.2014.<\/p>\n<p>Foi enviado ao Bruno Portelli.\u00a0 <a href=\"mailto:brunoportelli@hotmail.com\">brunoportelli@hotmail.com<\/a><\/p>\n<p>Veja o arquivo anexado.<\/p>\n<p>Tem um belo bras\u00e3o.<\/p>\n<p>A origem n\u00e3op \u00e9 s\u00f3 Trentina e de diversou outros lugares da It\u00e1lia.<\/p>\n<p>A busca da cidadania italiana n\u00e3o \u00e9 dif\u00edcil , por\u00e9m demorada e , as vezes, um pouco cara.<\/p>\n<p>Voc\u00ea tem que encontrar os documentos de nascimento,casamento, (se casou na It\u00e1lia).<\/p>\n<p>Se casou no brasil a certid\u00e3o de casamento do casal e de nascimento dela.<\/p>\n<p>Em seguida de todos os filhos ,e ou , s\u00f3 do pai ou m\u00e3e que originou voc\u00ea.<\/p>\n<p>Os documentos italianos \u00e9 de f\u00e1cil conquista. Entra na \u201ccomune\u201d onde eles nasceram.<\/p>\n<p>De posse dos nomes e das datas de nascimento, batistmo e ou casamento, as igrejas e<\/p>\n<p>ou as prefeituras, onde est\u00e3o os arquivos, s\u00e3o localizado e c\u00f3pias s\u00e3o tiradas e enviadas<\/p>\n<p>para voc\u00ea.<\/p>\n<p>Tem que tirar documento no Minist\u00e9rio da Justi\u00e7a para ver se o italiano n\u00e3o se naturalizou.<\/p>\n<p>Se ele fez isso &#8230; para tudo&#8230;. n\u00e3o d\u00e1.<\/p>\n<p>Com a certid\u00e3o acima e as demais, voc\u00ea tem que verter os mesmos para o italiano atrav\u00e9s<\/p>\n<p>de um tradutor juramentado.<\/p>\n<p>O custo mais ou menos por p\u00e1gina \u00e9 de R$ 50,00( pelo menos era).<\/p>\n<p>Estando com todo o processo pronto \u00e9 s\u00f3 encaminhar ao Consulado Italiano mais perto de<\/p>\n<p>voc\u00ea.<\/p>\n<p>Eles enviam \u00e0 It\u00e1lia e uma vez por ano os processos s\u00e3o aprovados.As vezes demora alguns<\/p>\n<p>anos, mas sempre vem.<\/p>\n<p>Minha prima e suas filhas, ficaram alguns meses residindo na It\u00e1lia em casa de parentes e<\/p>\n<p>em menos de um ano conseguiram a cidadania italiana.<\/p>\n<p>Tem que ser persistente.<\/p>\n<p>No Museu do Imigrante em S\u00e3o Paulo, voc\u00ea tendo as informa\u00e7\u00f5es, eles fornecem atestado de<\/p>\n<p>entrada no Brasil.<\/p>\n<p>Era o que posso fazer por voc\u00ea neste momento.<\/p>\n<p>Se precisar de mais alguma coisa v\u00e1 escrevendo.<\/p>\n<p>Entre em contato com o Bruno para ver se ele n\u00e3o tem alguns documentos. Pode ser da mesma<\/p>\n<p>origem e vai ajudar em muito voc\u00c7e.<\/p>\n<p>Afr\u00e2nio Franco de Oliveira Mello<br \/>\nIHGGI \/ ROL &#8211; Jornal On Line<\/p>\n<p>&nbsp;<\/p>\n<p>&nbsp;<\/p>\n<p><strong>From:<\/strong> Diego Cestari<\/p>\n<p><strong>Sent:<\/strong> Friday, August 14, 2015 2:30 PM<\/p>\n<p><strong>To:<\/strong> afranio@tintaspig.com.br ; jlnogueira@bol.com.br<\/p>\n<p><strong>Subject:<\/strong> Fam\u00edlia Cestari<\/p>\n<p>Boa tarde,<\/p>\n<p>Me chamo Diego Soares Cestari, estava lendo a pouco um artigo publicado no site a respeito<\/p>\n<p>das origens do meu sobrenome.<\/p>\n<p>estou iniciando a pesquisa para fins de cidadania Italiana, no entanto ja me foi falado que a fam\u00edlia \u00e9 do origem trentina.<\/p>\n<p>sabes me passar mais informa\u00e7\u00f5es ou me dar uma dica por onde iniciar.<\/p>\n<p>obrigado<\/p>\n<p>Diego Cestari<\/p>\n<p>&nbsp;<\/p>\n<p><strong>From:<\/strong> <a href=\"mailto:afranio@tintaspig.com.br\">Afr\u00e2nio Tintaspig<\/a><\/p>\n<p><strong>Sent:<\/strong> Monday, June 16, 2014 4:47 PM<\/p>\n<p><strong>To:<\/strong> <a href=\"mailto:brunoportelli@hotmail.com\">Bruno Portelli<\/a><\/p>\n<p><strong>Cc:<\/strong> <a href=\"mailto:rolregiaoonline@gmail.com\">ROL REGIAO ON LINE<\/a> ; <a href=\"mailto:heliorubens3@gmail.com\">H\u00e9lio Rubens<\/a> ; <a href=\"mailto:afranio@tintaspig.com.br\">afranio@tintaspig.com.br<\/a><\/p>\n<p><strong>Subject:<\/strong> Cestaro,Cestari<\/p>\n<p>&nbsp;<\/p>\n<p>Caro Bruno ,<\/p>\n<p>Demorei 20 dias para encontrar o arquivo da Fam\u00edlia Cestaro.<\/p>\n<p>Sobrenome de dif\u00edcil pesquisa , mas foi encontrado, inclusive com BRAS\u00c3O e muito bonito.<\/p>\n<p>Tem cinco grafias , e todos vem do CESTEIRO , Cistarius do latim.<\/p>\n<p>No arquivo principal tem outro Bras\u00e3o\u00a0 e a saga de alguns Cestari no Brasil e ao final deste texto tem a popula\u00e7\u00e3o e localiza\u00e7\u00e3o<\/p>\n<p>dos Cestari, na It\u00e1lia.<\/p>\n<p>Grande abra\u00e7o<\/p>\n<p>Afr\u00e2nio Franco de Oliveira Mello<\/p>\n<p>IHGGI<\/p>\n<p><u>ATENDIMENTO N\u00daMERO : 2 3 5<\/u><\/p>\n<p>&nbsp;<\/p>\n<h3><strong><img decoding=\"async\" class=\" alignleft\" src=\"https:\/\/mail.google.com\/mail\/u\/2\/?ui=2&amp;ik=d4016f14b7&amp;view=fimg&amp;th=14f2dd43ca6b0e2a&amp;attid=0.0.1&amp;disp=emb&amp;attbid=ANGjdJ8eHpDuLWKirYXNJXDyrX2HGN8teVxjDlbEn_9eHwu1AhNhVJtA6Es5yAzMkag_VVFJXJUiiEbwvokx4eqvLnsKRkTWmu6XpFeW4fxsx3E1euKedT_WwfOogpM&amp;sz=w362-h400&amp;ats=1440091700785&amp;rm=14f2dd43ca6b0e2a&amp;zw&amp;atsh=1\" alt=\"\" \/>C<\/strong><strong>estare, Cestari, Cestaro, Cester, Cestone,<\/strong> \u00a0sobrenomes de origem italiana. Do latim<strong><em>cistarius,<\/em><\/strong> cesteiro, fabricante e mercador de cestas [Ciro Mioranza, Dic. de Sobrenomes Italianos, vol. I].<\/h3>\n<p><strong>Cestare<\/strong> : sobrenome de uma fam\u00edlia de origem italiana, estabelecida no Brasil, onde chegou, em 24.03.1884, a bordo dovapor Scrivia, Giovanni Cestare, natural da It\u00e1lia, procedente de Genova, 22 anos de idade, com destino a Boetuva, estado de S\u00e3o Paulo[Hospedaria dos Imigrantes &#8211; S\u00e3o Paulo, Livro 002, p\u00e1g. 025 &#8211; 24.03.1884]. Veio em companhia de Dionizio Cestare, natural da It\u00e1lia, procedente de Genova, 16 anos de idade [Hospedaria dos Imigrantes &#8211; S\u00e3o Paulo, Livro 002, p\u00e1g. 025 &#8211; 24.03.1884].<\/p>\n<p><strong>Cestari<\/strong> : sobrenome de origem italiana, forma pl. de Cestaro [Ciro Mioranza, Dic. de Sobrenomes Italianos, vol. I]. Sobrenome de uma fam\u00edlia de origem italiana, estabelecida em S\u00e3o Paulo, por onde passou Antonio Cestari, nasc. a 04.07.1925,em Montesano Sulla Marcellana, Prov\u00edncia de Salerno, It\u00e1lia [Arquivo Cunha Bueno &#8211; spmt]. Sobrenome de uma fam\u00edlia de origem italiana, estabelecida em S\u00e3o Paulo, por onde passou Antonio Cestari, nasc. a 23.01.1934, em Montesano Sulla Marcellana, Prov\u00edncia de Salerno, It\u00e1lia. Sobrenome de uma fam\u00edlia de origem italiana, estabelecida em S\u00e3o Paulo, por onde passou Antonio Michele Cestari, nasc. a 23.07.1936, em Montesano Sulla Marcellana, Prov\u00edncia de Salerno, It\u00e1lia. Sobrenome de uma fam\u00edlia de origem italiana, estabelecida em S\u00e3o Paulo, por onde passou Felice Cestari, nasc. a 19.08.1911, em Montesano Sulla Marcellana, Prov\u00edncia de Salerno, It\u00e1lia. Sobrenome de uma fam\u00edlia de origem italiana, estabelecida em S\u00e3o Paulo, por onde passou Giovanni Antonio Cestari, nasc. a 23.12.1898, em Montesano Sulla Marcellana, Prov\u00edncia de Salerno, It\u00e1lia. Sobrenome de uma fam\u00edlia de origem italiana, estabelecida em S\u00e3o Paulo, por onde passou Giuseppe Cestari, nasc. a 07.02.1886, em Boara Pisani, Prov\u00edncia de Padova, It\u00e1lia. Sobrenome de uma fam\u00edlia de origem italiana, estabelecida em S\u00e3o Paulo, por onde passou Giuseppina Cestari, nasc. a 03.11.1922, em Montesano Sulla Marcellana, Prov\u00edncia de Salerno, It\u00e1lia. Sobrenome de uma fam\u00edlia de origem italiana, estabelecida em S\u00e3o Paulo, por onde passou Luigi Cestari, nasc. a 05.01.1869, em Padova, Prov\u00edncia de Padova, It\u00e1lia. Sobrenome de uma fam\u00edlia de origem italiana, estabelecida em S\u00e3o Paulo, por onde passou Luigi Cestari, nasc. a 08.01.1925, em Montesano Sulla Marcellana, Prov\u00edncia de Salerno, It\u00e1lia. Sobrenome de uma fam\u00edlia de origem italiana, estabelecida em S\u00e3o Paulo, por onde passou Mario Cestari, nasc. a 08.05.1904, em Tramutola, Prov\u00edncia de Potenza, It\u00e1lia. Sobrenome de uma fam\u00edlia de origem italiana, estabelecida em S\u00e3o Paulo, por onde passou Mario Cestari, nasc. a 21.12.1932, em Trento, Prov\u00edncia de Trento, It\u00e1lia. Sobrenome de uma fam\u00edlia de origem italiana, estabelecida em S\u00e3o Paulo, por onde passou Michelangelo Cestari, nasc. a 12.10.1898, em Montesano Sulla Marcellana, Prov\u00edncia de Salerno, It\u00e1lia. Sobrenome de uma fam\u00edlia de origem italiana, estabelecida em S\u00e3o Paulo, para onde assou Michele Pasquale Cestari, nasc. a 04.04.1923, em Montesano Sulla Marcellana, Prov\u00edncia de Salerno, It\u00e1lia. Sobrenome de uma fam\u00edlia de origem italiana, estabelecida em S\u00e3o Paulo, por onde passou Vincenzantonio Cestari, nasc. a 02.05.1901, em Montesano Sulla Marcellana, Prov\u00edncia de Salerno, It\u00e1lia. Sobrenome de uma fam\u00edlia de origem italiana, estabelecidaem S\u00e3o Paulo, por onde passou Vincenzo Cestari, nasc. a 09.01.1913, em Montesano Sulla Marcellana, Prov\u00edncia de Salerno, It\u00e1lia [ Arquivo Cunha Bueno &#8211; spmt].<\/p>\n<p>&nbsp;<\/p>\n<p><strong>Cestaro <\/strong>: Sobrenome de uma fam\u00edlia de origem italiana, estabelecida em S\u00e3o Paulo, por onde passou Bruno Cestaro, nasc. a 08.10.1926, em Favaro Veneto, Prov\u00edncia de Venezia, It\u00e1lia [Arquivo Cunha Bueno &#8211; spmt]. Sobrenome de uma fam\u00edlia de origem italiana, estabelecida em S\u00e3o Paulo, por onde passou Celso Erminio Cestaro, nasc. a 18.10.1883, em Quinto Vincentino, Prov\u00edncia de Vicenza, It\u00e1lia.<\/p>\n<p><strong>Cester <\/strong>: sobrenome de origem italiana, var. dialetal set. de Cestaro [Ciro Mioranza, Dic. de Sobrenomes Italianos, vol. I]. Sobrenome de uma fam\u00edlia de origem italiana, estabelecida em S\u00e3o Paulo, por onde passou Francesco Cester, nasc. a 11.04.1878, em Chiarano, Prov\u00edncia de Treviso, It\u00e1lia [Arquivo Cunha Bueno &#8211; spmt].\u00a0Ao lado o bras\u00e3o dos Cester.<\/p>\n<p><strong>Cestone<\/strong>: sobrenome de origem italiana, derivado de Cesta com o suf. sing. -one; fabricante de cestas de grandes dimens\u00f5es, cest\u00f5es [Ciro Mioranza, Dic. de Sobrenomes Italianos, vol. I]. Sobrenome de uma fam\u00edlia de origem italiana, estabelecida em S\u00e3o Paulo, por onde passou Maria Antonia Cestone, nasc. a 21.01.1928, em Calitri, Prov\u00edncia de Avellino, It\u00e1lia [Arquivo Cunha Bueno &#8211; spmt]. Sobrenome de uma fam\u00edlia de origem italiana, estabelecida em S\u00e3o Paulo, por onde passou Michele Cestone, nasc. a 08.04.1930, em Calitri, Prov\u00edncia de Avellino, It\u00e1lia. Sobrenome de uma fam\u00edlia de origem italiana, estabelecida em S\u00e3o Paulo, por onde passou Rosa Cestone, nasc. a 28.10.1928, em Calitri, Prov\u00edncia de Avellino, It\u00e1lia.\u00a0 Ao o bras\u00e3o dos Cestone<\/p>\n<p><img decoding=\"async\" class=\"aligncenter\" src=\"https:\/\/mail.google.com\/mail\/u\/2\/?ui=2&amp;ik=d4016f14b7&amp;view=fimg&amp;th=14f2dd43ca6b0e2a&amp;attid=0.0.2&amp;disp=emb&amp;attbid=ANGjdJ_kTko2NqPFGOgfa2yDwbAEIDk54jsu1_8KqdD5OnJRFDy-Hur33mIh2pWTLYSGLhxMqSpF92GDXuvdFMQhfzqEGMnm1L2Zxcah3nnNK4A8JuBwqXDnRiqSF8s&amp;sz=w1168-h1364&amp;ats=1440091700790&amp;rm=14f2dd43ca6b0e2a&amp;zw&amp;atsh=1\" alt=\"\" \/><\/p>\n<p>&nbsp;<\/p>\n","protected":false},"excerpt":{"rendered":"<p>Afr\u00e2nio Mello &#8211; ATENDIMENTO N\u00daMERO 514<\/p>\n","protected":false},"author":3,"featured_media":0,"comment_status":"closed","ping_status":"closed","sticky":false,"template":"","format":"standard","meta":{"_jetpack_newsletter_access":"","_jetpack_dont_email_post_to_subs":false,"_jetpack_newsletter_tier_id":0,"_jetpack_memberships_contains_paywalled_content":false,"_jetpack_memberships_contains_paid_content":false,"footnotes":""},"categories":[7],"tags":[657],"class_list":["post-3031","post","type-post","status-publish","format-standard","hentry","category-comunicacao","tag-afranio-mello"],"aioseo_notices":[],"views":0,"jetpack_featured_media_url":"","jetpack_sharing_enabled":true,"jetpack_likes_enabled":true,"jetpack-related-posts":[{"id":9914,"url":"https:\/\/jornalrol.com.br\/?p=9914","url_meta":{"origin":3031,"position":0},"title":"Genealogia: Afr\u00e2nio Mello fornece informa\u00e7\u00f5es sobre a fam\u00edlia ORSI","author":"Helio Rubens","date":"30 de abril de 2017","format":false,"excerpt":"Afr\u00e2nio Franco de Oliveira Mello - ATENDIMENTO N\u00daMERO 857 \u00a0 Caro Vitor, bom dia. Incr\u00edvel coincid\u00eancia..... Respondi hoje uma consulta de um da FAM\u00cdLIA ORSI e que procura informa\u00e7\u00f5es sobre o SANTI ORSI. Estou copiando ele para que possam se corresponder e, quem sabe, voc\u00eas tem a mesma origem. No\u2026","rel":"","context":"Em &quot;Comunica\u00e7\u00e3o&quot;","block_context":{"text":"Comunica\u00e7\u00e3o","link":"https:\/\/jornalrol.com.br\/?cat=7"},"img":{"alt_text":"","src":"https:\/\/i0.wp.com\/www.jornalrol.com.br\/wp-content\/uploads\/2015\/07\/Afr%C3%A2nio-para-o-ROL-2.jpg?resize=350%2C200","width":350,"height":200},"classes":[]},{"id":12615,"url":"https:\/\/jornalrol.com.br\/?p=12615","url_meta":{"origin":3031,"position":1},"title":"Genealogia: Afr\u00e2nio Mello fornece informa\u00e7\u00f5es sobre a familia CAPUANO","author":"Helio Rubens","date":"29 de agosto de 2017","format":false,"excerpt":"Afr\u00e2nio Franco de Oliveira Mello: ATENDIMENTO N\u00daMERO 874 Prezada Nilc\u00e9ia, boa barde. No arquivo da Fam\u00edlia Capuano, com os documentos de alguns que aqui chegaram e, de outros, que aqui nasceram n\u00e3o encontrei os seus nomes. Sinto muito. O que existe est\u00e1 em anexo e a origem do nome ,\u2026","rel":"","context":"Em &quot;Comunica\u00e7\u00e3o&quot;","block_context":{"text":"Comunica\u00e7\u00e3o","link":"https:\/\/jornalrol.com.br\/?cat=7"},"img":{"alt_text":"","src":"https:\/\/i0.wp.com\/www.jornalrol.com.br\/wp-content\/uploads\/2017\/01\/afranio.jpg?resize=350%2C200","width":350,"height":200},"classes":[]},{"id":5294,"url":"https:\/\/jornalrol.com.br\/?p=5294","url_meta":{"origin":3031,"position":2},"title":"Genealogia: Afr\u00e2nio Mello fornece informa\u00e7\u00f5es sobre a familia Mazzuco","author":"Helio Rubens","date":"15 de junho de 2016","format":false,"excerpt":"Afr\u00e2nio Franco de Oliveira Mello - ATENDIMENTO N\u00daMERO 747 Caro Anderson, boa noite. Fiz diversas tentativas na It\u00e1lia. Em todas elas exigem p\u00e1gina no FACEBOOK para resposta. N\u00e3o trabalho com o essa ferramenta. Um amigo meu, residente na It\u00e1lia, me indicou o caminho que repasso para voc\u00e7e fazer, caso tenha\u2026","rel":"","context":"Em &quot;Comunica\u00e7\u00e3o&quot;","block_context":{"text":"Comunica\u00e7\u00e3o","link":"https:\/\/jornalrol.com.br\/?cat=7"},"img":{"alt_text":"image","src":"https:\/\/mail.google.com\/mail\/u\/2\/?ui=2&ik=d4016f14b7&view=fimg&th=1554bc0524ef1a61&attid=0.1&disp=emb&attbid=ANGjdJ8g4CZbp-6YxKH2ML9jD9rwK3mIfDQ8nJH6e4X9A0sokMdy-Dqajvt7jpOAzEdL4cl0sRZOjCoFnjhSzL2H2_JzlX46fPdmXIWEsm3xlY111qz_Eo9QmYS1fHA&sz=w1416-h1384&ats=1465999925458&rm=1554bc0524ef1a61&zw&atsh=1","width":350,"height":200,"srcset":"https:\/\/mail.google.com\/mail\/u\/2\/?ui=2&ik=d4016f14b7&view=fimg&th=1554bc0524ef1a61&attid=0.1&disp=emb&attbid=ANGjdJ8g4CZbp-6YxKH2ML9jD9rwK3mIfDQ8nJH6e4X9A0sokMdy-Dqajvt7jpOAzEdL4cl0sRZOjCoFnjhSzL2H2_JzlX46fPdmXIWEsm3xlY111qz_Eo9QmYS1fHA&sz=w1416-h1384&ats=1465999925458&rm=1554bc0524ef1a61&zw&atsh=1 1x, https:\/\/mail.google.com\/mail\/u\/2\/?ui=2&ik=d4016f14b7&view=fimg&th=1554bc0524ef1a61&attid=0.1&disp=emb&attbid=ANGjdJ8g4CZbp-6YxKH2ML9jD9rwK3mIfDQ8nJH6e4X9A0sokMdy-Dqajvt7jpOAzEdL4cl0sRZOjCoFnjhSzL2H2_JzlX46fPdmXIWEsm3xlY111qz_Eo9QmYS1fHA&sz=w1416-h1384&ats=1465999925458&rm=1554bc0524ef1a61&zw&atsh=1 1.5x, https:\/\/mail.google.com\/mail\/u\/2\/?ui=2&ik=d4016f14b7&view=fimg&th=1554bc0524ef1a61&attid=0.1&disp=emb&attbid=ANGjdJ8g4CZbp-6YxKH2ML9jD9rwK3mIfDQ8nJH6e4X9A0sokMdy-Dqajvt7jpOAzEdL4cl0sRZOjCoFnjhSzL2H2_JzlX46fPdmXIWEsm3xlY111qz_Eo9QmYS1fHA&sz=w1416-h1384&ats=1465999925458&rm=1554bc0524ef1a61&zw&atsh=1 2x"},"classes":[]},{"id":4247,"url":"https:\/\/jornalrol.com.br\/?p=4247","url_meta":{"origin":3031,"position":3},"title":"Genealogia: Afr\u00e2nio Mello d\u00e1 informa\u00e7\u00f5es sobre a fam\u00edlia RICCI","author":"Helio Rubens","date":"16 de fevereiro de 2016","format":false,"excerpt":"Afr\u00e2nio Franco de Oliveira Mello: ATENDIMENTO N\u00daMERO 664 \u00a0 Jana\u00edna Ricci, bom dia. Conforme registro de entrada dos RICCI no Brasil, constata-se uma grande variedade de cidades de onde foram nascidos. Prevalece a regi\u00e3o de Benevento. Fica mais f\u00e1cil para voc\u00ea encontrar a sua origem. Em todas essas \u201ccomunas\u201d ou\u2026","rel":"","context":"Em &quot;Comunica\u00e7\u00e3o&quot;","block_context":{"text":"Comunica\u00e7\u00e3o","link":"https:\/\/jornalrol.com.br\/?cat=7"},"img":{"alt_text":"","src":"","width":0,"height":0},"classes":[]},{"id":5668,"url":"https:\/\/jornalrol.com.br\/?p=5668","url_meta":{"origin":3031,"position":4},"title":"Genealogia: Afr\u00e2nio Mello fornece informa\u00e7\u00f5es sobre as familias ORLANDI e VALDI","author":"Helio Rubens","date":"25 de julho de 2016","format":false,"excerpt":"Afr\u00e2nio Franco de Oliveira Mello - ATENDIMENTOS N\u00daMEROS 779 E 780 \u00a0 Prezado Sr. Jos\u00e9 Augusto. O Museu do Imigrante de S\u00e3o Paulo e sua Hospedaria dos Imigrantes j\u00e1 tem todo o seu acervo\u00a0de entrada de Imigrantes Italianos no Brasil DIGITALIZADO e aberto para consultas. O que precisa : Nome\u2026","rel":"","context":"Em &quot;Comunica\u00e7\u00e3o&quot;","block_context":{"text":"Comunica\u00e7\u00e3o","link":"https:\/\/jornalrol.com.br\/?cat=7"},"img":{"alt_text":"","src":"","width":0,"height":0},"classes":[]},{"id":11988,"url":"https:\/\/jornalrol.com.br\/?p=11988","url_meta":{"origin":3031,"position":5},"title":"Genealogia: Afr\u00e2nio Mello fornece informa\u00e7\u00f5es sobre a familia ORSI","author":"Helio Rubens","date":"2 de agosto de 2017","format":false,"excerpt":"Afr\u00e2nio Franco de Oliveira Mello - ATENDIMENTO N\u00daMERO 867 Caros S\u00e9rgio e Angela, boa tarde. No meu livro \u201c Eu e os Meus \u2013 Orsi e Ramacciotti \u201c eu procurei , de uma forma geral, mostrar as origens dos Orsi desde o primeiro nome, URSO e as varia\u00e7\u00f5es depois dessa\u2026","rel":"","context":"Em &quot;Comunica\u00e7\u00e3o&quot;","block_context":{"text":"Comunica\u00e7\u00e3o","link":"https:\/\/jornalrol.com.br\/?cat=7"},"img":{"alt_text":"","src":"https:\/\/i0.wp.com\/www.jornalrol.com.br\/wp-content\/uploads\/2017\/01\/afranio.jpg?resize=350%2C200","width":350,"height":200},"classes":[]}],"_links":{"self":[{"href":"https:\/\/jornalrol.com.br\/index.php?rest_route=\/wp\/v2\/posts\/3031","targetHints":{"allow":["GET"]}}],"collection":[{"href":"https:\/\/jornalrol.com.br\/index.php?rest_route=\/wp\/v2\/posts"}],"about":[{"href":"https:\/\/jornalrol.com.br\/index.php?rest_route=\/wp\/v2\/types\/post"}],"author":[{"embeddable":true,"href":"https:\/\/jornalrol.com.br\/index.php?rest_route=\/wp\/v2\/users\/3"}],"replies":[{"embeddable":true,"href":"https:\/\/jornalrol.com.br\/index.php?rest_route=%2Fwp%2Fv2%2Fcomments&post=3031"}],"version-history":[{"count":0,"href":"https:\/\/jornalrol.com.br\/index.php?rest_route=\/wp\/v2\/posts\/3031\/revisions"}],"wp:attachment":[{"href":"https:\/\/jornalrol.com.br\/index.php?rest_route=%2Fwp%2Fv2%2Fmedia&parent=3031"}],"wp:term":[{"taxonomy":"category","embeddable":true,"href":"https:\/\/jornalrol.com.br\/index.php?rest_route=%2Fwp%2Fv2%2Fcategories&post=3031"},{"taxonomy":"post_tag","embeddable":true,"href":"https:\/\/jornalrol.com.br\/index.php?rest_route=%2Fwp%2Fv2%2Ftags&post=3031"}],"curies":[{"name":"wp","href":"https:\/\/api.w.org\/{rel}","templated":true}]}}