{"id":3037,"date":"2015-08-21T10:26:56","date_gmt":"2015-08-21T13:26:56","guid":{"rendered":"http:\/\/www.jornalrol.com.br\/?p=3037"},"modified":"2015-08-21T10:26:56","modified_gmt":"2015-08-21T13:26:56","slug":"genealogia-afranio-mello-fornece-informacoes-sobre-a-familia-correa-franco","status":"publish","type":"post","link":"https:\/\/jornalrol.com.br\/?p=3037","title":{"rendered":"Genealogia: Afranio Mello fornece informa\u00e7\u00f5es sobre a FAMILIA CORR\u00caA FRANCO"},"content":{"rendered":"<div class=\"pdfprnt-buttons pdfprnt-buttons-post pdfprnt-top-right\"><a href=\"https:\/\/jornalrol.com.br\/index.php?rest_route=%2Fwp%2Fv2%2Fposts%2F3037&print=pdf\" class=\"pdfprnt-button pdfprnt-button-pdf\" target=\"_blank\" ><\/a><a href=\"https:\/\/jornalrol.com.br\/index.php?rest_route=%2Fwp%2Fv2%2Fposts%2F3037&print=print\" class=\"pdfprnt-button pdfprnt-button-print\" target=\"_blank\" ><img decoding=\"async\" src=\"https:\/\/jornalrol.com.br\/wp-content\/plugins\/pdf-print\/images\/print.png\" alt=\"image_print\" title=\"Conte\u00fado de impress\u00e3o\" \/><\/a><\/div><h2><u><strong>Afr\u00e2nio Mello &#8211; ATENDIMENTO N\u00daMERO 519<\/strong><\/u><\/h2>\n<p><!--more--><\/p>\n<p>&nbsp;<\/p>\n<p>Caro Alan,<\/p>\n<p>Voc\u00ea tem me ajudados nas pesquisas sobre os CORR\u00caA FRANCO.<\/p>\n<p>Quero retribuir enviando para voc\u00ea o arquivo que encontrei do SOBRENOME SCHIMDT com as suas diversas grafias.<\/p>\n<p>S\u00e3o oito p\u00e1ginas e 28 bras\u00f5es das mais variadas grafias e regi\u00f5es.<\/p>\n<p>Tem uma boa quantidade de Schimidt que entraram no Brasil.<\/p>\n<p>O outro sobrnomu Platner quando encontrar envio.<\/p>\n<p>Espero que goste.<\/p>\n<p>Abra\u00e7os<\/p>\n<p>Afr\u00e2nio Franco de Oliveira Mello<br \/>\nIHGGI \/ ROL &#8211; Jornal On Line<\/p>\n<p>&nbsp;<\/p>\n<h2><img decoding=\"async\" class=\" alignleft\" src=\"https:\/\/mail.google.com\/mail\/u\/2\/?ui=2&amp;ik=d4016f14b7&amp;view=fimg&amp;th=14f2dfb522a10bd6&amp;attid=0.0.1&amp;disp=emb&amp;attbid=ANGjdJ8S0cE3b8GRmmWaRy61dqEqLGmhfddtFnwNGiqZ-yVvN_Xbj2uAXsv_t09zogdvastAPeEYs99LOl-qMosXWATieXLu_u3hD3u-z81T97Ns958lRPS9Pb6VNb8&amp;sz=w440-h584&amp;ats=1440156349929&amp;rm=14f2dfb522a10bd6&amp;zw&amp;atsh=1\" alt=\"clip_image002\" \/><strong>Schimitt, Schmitt, Schimidt, Schmidt, Schimitter,sobrenome de origem germ\u00e2nica. <\/strong><\/h2>\n<p>Tem o mesmo significado de Smith em ingl\u00eas. Vem do alem\u00e3o Schmied \u201cferreiro\u201d, uma das principais profiss\u00f5es da idade M\u00e9dia. A varia\u00e7\u00e3o escrita refere-se a diferen\u00e7as dialetais de regi\u00e3o para regi\u00e3o. As designa\u00e7\u00f5es de of\u00edcios s\u00e3o a forma mais comum de forma\u00e7\u00e3o de apelidos na Alemanha ou pa\u00edses de l\u00edngua sax\u00f4nica, qualquer que tivesse uma ocupa\u00e7\u00e3o pouco usual terminaria por ser identificado com ela. Exemplos \u00e9 <strong>Schmidt<\/strong> e suas v\u00e1rias deriva\u00e7\u00f5es dialetais (ferreiro), <strong>M\u00fcller <\/strong>(moleiro), <strong>Meier<\/strong> (administrador de uma granja) deriva\u00e7\u00f5es dialetais Mayor e Meyer; <strong>Schulze<\/strong> (corregedor); <strong>Fisher <\/strong>(pescador); <strong>Schneider <\/strong>(alfaiate); <strong>Maurer <\/strong>(pedreiro); <strong>Bauer<\/strong> (granjeiro);<strong>Metzger ou Fleischer<\/strong> (a\u00e7ogueiro); <strong>Topfer ou Toepfer<\/strong> (oleiro).<\/p>\n<p>Schmidt e suas variantes est\u00e3o entre os sobrenomes mais comuns na Alemanha, portanto h\u00e1 v\u00e1rios ramos familiares que n\u00e3o possuem parentesco consang\u00fc\u00edneo.<\/p>\n<p>&nbsp;<\/p>\n<p>Registra-se <strong>Johann Schmidt<\/strong>, nascido por volta de 1680, Alemanha. Ap\u00f3s seu casamento teve os seguintes filhos: <strong>Anna Catherine Schmidt<\/strong>, nascida em 1715 e falecida em 1782, Alemanha; casou-se em 1735 com Johan Nicholaus Firsbach Link (1715-1788).<\/p>\n<p>&nbsp;<\/p>\n<p>Registra-se <strong>Johann Schmidt<\/strong>, nascido em 1791 e falecido em 1870, Alemanha; casou-se em 1831 com Anna Margaretha Bauer Ackermann (1805-1860). Tiveram os seguintes filhos: <strong>Wilhelm Schmidt<\/strong>, nascido em 1836 e falecido em 1851; <strong>Johann Schmidt<\/strong>, nascido em 1838 e falecido ainda beb\u00ea; <strong>Johann Schmidt<\/strong>, nascido em 1839 e falecido ainda beb\u00ea; <strong>Sophie Schmidt<\/strong>, nascida em 1833 e falecida em 1895;<strong>Margareth Schmidt<\/strong>, nascida em 1834 e falecida em 1903; <strong>Johann Jacob<\/strong>, nascido em 1840 e falecido em 1851; <strong>Marie Schmidt<\/strong>, nascida em 1832 e falecida em 1895; <strong>Katherine Luise Schmidt<\/strong>, nascida em 1841 e falecida em 1916.<\/p>\n<p>&nbsp;<\/p>\n<p>&nbsp;<\/p>\n<p>Registra-se <strong>Pierre Schmidt<\/strong>, nascido em 1678, Borgonha, Fran\u00e7a; casou-se em 1698 com Claudia Petoi. Tiveram os seguintes filhos: <strong>Jean Pierre Schmidt<\/strong>, nascido em 1699, Borgonha, Fran\u00e7a e falecido em 1736; casou-se em 1723 com Marie Ries (1700-1797); eles tiveram uma filha: <strong>Eve Schmidt<\/strong>, nascida em 1732, Borgonha, Fran\u00e7a e falecida em 1815; casou-se em 1753 com Andr\u00e9 Tusch (1730-1817). <strong>Gertrud Schmidt<\/strong>, nascida em 1701, Borgonha, Fran\u00e7a.<\/p>\n<p>&nbsp;<\/p>\n<p>Registra-se <strong>Arnoldus Schmidt<\/strong>, nascido em 1697, Hamburg, Alemanha e falecido em 1760; casou-se em 1721 com Anna Catharina Gelhard (1696-1757). Tiveram os seguintes filhos: <strong>Anna Maria Schmidt<\/strong>, nascida em 1726; <strong>Margaretha Schmidt<\/strong>, nascida em 1729; <strong>Franciscus Johannes Schmidt<\/strong>, nascido em 1734; <strong>Joannis Schmidt<\/strong>, nascido em 1739 e <strong>Jacobus Schmidt<\/strong>, nascido em 1722, Hamburg, Alemanha e falecido em 1783; casou-se em 1750 com Anna Catharina G\u00fcnter, nascida em 1725 e falecida em 1777; tiveram os seguintes filhos: <strong>Petrus Schmidt<\/strong>, nascido em 1751 e falecido em 1780; casou-se em 1779 com Anna Gertrudis Ober, nascida em 1753 e falecida\u00a0 em 1780;<strong>Margaretha Schmidt<\/strong>, nascida em 1752; <strong>Jacobus Schmidt<\/strong>, nascido em 1755, Hamburg, Alemanha e falecido em 1814; casou-se em 1777 com Margaretha Wingender (1751-1809), tiveram os seguintes filhos: <strong>Jacob Schmidt<\/strong>, nascido em 1777 e falecido em 1832; casou-se em 1798 com Elisabeth Biblou; <strong>Anna Catharina Schmidt<\/strong>, nascida em 1779;<strong> Margaretha Schmidt<\/strong>, nascida em 1765 e falecida em 1791; <strong>Johannes Schmid<\/strong>, nascido em 1787 e falecido ainda crian\u00e7a; <strong>Johannes Petrus Schmidt<\/strong>, nascido em 1790 e falecido em 1854; <strong>Mathias Schmidt<\/strong>, nascido em 1795 e <strong>Petrus (Pieter) Schmidt<\/strong>, nascido em 1783, Hamburg, Alemanha e falecido em1864, casou-se em 1826 com Anna Catharina \u00d6hlberg (1784-1854), tiveram os seguintes filhos:<strong>Petrus Schmit<\/strong>, nascido em 1811, Amsterdam, Holanda e falecido em 1892, casou-se com Bernardina Elisabeth Nederholf (1816-1879); <strong>Jacobus Schmit<\/strong>, nascido em 1813, Amsterdam, Holanda e falecido em 1902, casou-se em 1860 com Wilhelmina Catahrina Hulshoff (1831-1905); <strong>Franciscus Schmit<\/strong>, nascido em 1823, Amsterdam, Holanda e falecido em 1902; casou-se em 1858 com Bernardina Elisabeth Maria Bertels (1833-1898); <strong>Johannis Schmidt<\/strong>, nascido em 1818, Amsterdam, Holanda e falecido em 1876, casou-se em primeiras n\u00fapcias com Hendrica Fontjin (1819-1867) e \u00a0casou-se em segunda n\u00fapcias em 1868 com Johanna Cornelia Jansen (1825-1919) e n\u00e3o houve filhos desse segundo casamento. Filhos do primeiro casamento: <strong>Anna Catharina Schmit<\/strong>, nascida em 1846, Amesterdam, Holanda e falecida em 1929; Peter Schmit, nascido em 1847, Amsterdam, Holanda e falecido em 1818, casou-se em primeira n\u00fapcias em 1874 com Elisabeth Bernardina ten Brink (1847-1900) e casou-se em segunda n\u00fapcias em 1903 com Hendrika Dazaert (1867-1917) e tiveram um filho: <strong>Franciscus Joseph Maria Schmit<\/strong>, nascido em Amsterdam, Holanda em 1904 e falecido em 1997; <strong>Franciscus Schmit<\/strong>, nascido em 1851, Amsterdam, Holanda e falecido em 1905, casou-se em 1875 com Maria Catharina Theresia Helsbot (1854-1890).<\/p>\n<p>&nbsp;<\/p>\n<p>&nbsp;<\/p>\n<p><strong>Bras\u00f5es da Fam\u00edlia Schmidt e suas variantes<\/strong><\/p>\n<p>&nbsp;<\/p>\n<table width=\"623\">\n<tbody>\n<tr>\n<td width=\"207\">\u00a0<img decoding=\"async\" src=\"https:\/\/mail.google.com\/mail\/u\/2\/?ui=2&amp;ik=d4016f14b7&amp;view=fimg&amp;th=14f2dfb522a10bd6&amp;attid=0.0.2&amp;disp=emb&amp;attbid=ANGjdJ8tJaycVb-OJ863YMr5GZn_M30lOS-zMjYgx4jF0A4RBbAZEIeCoyHcct3uIj78IydZC0Bdh2oedUXGFBfS5JyX11y8ZEnjerqTzO5rpARirlO4p7ff4NW1qD8&amp;sz=w338-h416&amp;ats=1440156349945&amp;rm=14f2dfb522a10bd6&amp;zw&amp;atsh=1\" alt=\"clip_image004\" \/><\/td>\n<td width=\"206\">\u00a0<img decoding=\"async\" src=\"https:\/\/mail.google.com\/mail\/u\/2\/?ui=2&amp;ik=d4016f14b7&amp;view=fimg&amp;th=14f2dfb522a10bd6&amp;attid=0.0.3&amp;disp=emb&amp;attbid=ANGjdJ_i79wjC0kZyadeXJ8Llv4DWtMHWT5uArrrSW0zipZeSFfAOLVs9dgSQZTtbGh2dbM5qzk5MkBlB_VQtKJOl3Vpwxw1045p0MuPky_FWBgB8oDfjY12WMx99V8&amp;sz=w328-h416&amp;ats=1440156349945&amp;rm=14f2dfb522a10bd6&amp;zw&amp;atsh=1\" alt=\"clip_image006\" \/><\/td>\n<td width=\"208\">\u00a0<img decoding=\"async\" src=\"https:\/\/mail.google.com\/mail\/u\/2\/?ui=2&amp;ik=d4016f14b7&amp;view=fimg&amp;th=14f2dfb522a10bd6&amp;attid=0.0.4&amp;disp=emb&amp;attbid=ANGjdJ9PgFxq9jRO5lN4GfVvhF9NsQobzEvkYKtH1MKfBHaeBjC9xHzsY6-ggzj_FpGlhsp6J_QjCALk-_5EQotmHwmYmP4bT-boPwxxuF4gHtAITk8yKwMLitO6LoY&amp;sz=w348-h416&amp;ats=1440156349945&amp;rm=14f2dfb522a10bd6&amp;zw&amp;atsh=1\" alt=\"clip_image008\" \/><\/td>\n<\/tr>\n<tr>\n<td width=\"207\">\u00a0<img decoding=\"async\" src=\"https:\/\/mail.google.com\/mail\/u\/2\/?ui=2&amp;ik=d4016f14b7&amp;view=fimg&amp;th=14f2dfb522a10bd6&amp;attid=0.0.5&amp;disp=emb&amp;attbid=ANGjdJ91qjAULycMn2X8TvDmcfd-KLlwtTVpDoKMvjZq9uToguY_HQawVBSVJuSyHA6RmZplB6hnOkItXKHgijUaT1FrUwVxqyRpHIrL07P4FiARE0mlOcTSmA2KwB8&amp;sz=w372-h416&amp;ats=1440156349946&amp;rm=14f2dfb522a10bd6&amp;zw&amp;atsh=1\" alt=\"clip_image010\" \/><\/td>\n<td width=\"206\">\u00a0<img decoding=\"async\" src=\"https:\/\/mail.google.com\/mail\/u\/2\/?ui=2&amp;ik=d4016f14b7&amp;view=fimg&amp;th=14f2dfb522a10bd6&amp;attid=0.0.6&amp;disp=emb&amp;attbid=ANGjdJ-LlXxJT6MK-dc905vxCjae-f8N6bc097L2FmZaBnu-zNe7DMQ4N0e2QpHWlhqiz5zcxkukqlaKhAVD67xDJOarN44DMr9PQ_lAyuQoYfRhIcrG7TL-uj-H4nI&amp;sz=w382-h416&amp;ats=1440156349946&amp;rm=14f2dfb522a10bd6&amp;zw&amp;atsh=1\" alt=\"clip_image012\" \/><\/td>\n<td width=\"208\">\u00a0<img decoding=\"async\" src=\"https:\/\/mail.google.com\/mail\/u\/2\/?ui=2&amp;ik=d4016f14b7&amp;view=fimg&amp;th=14f2dfb522a10bd6&amp;attid=0.0.7&amp;disp=emb&amp;attbid=ANGjdJ-kL3ie0xj1s7b3oc6cbypOsBVf05zJuNaqyYPM--v_ZyHp7qKLB36KS-firIXGHOx1pUS3E84P1VABPDcubAM2vY3DhaAsTYVPPuGW51SUSSmFTnMsMaSUsSc&amp;sz=w404-h416&amp;ats=1440156349946&amp;rm=14f2dfb522a10bd6&amp;zw&amp;atsh=1\" alt=\"clip_image014\" \/><\/td>\n<\/tr>\n<tr>\n<td width=\"207\">\u00a0<img decoding=\"async\" src=\"https:\/\/mail.google.com\/mail\/u\/2\/?ui=2&amp;ik=d4016f14b7&amp;view=fimg&amp;th=14f2dfb522a10bd6&amp;attid=0.0.8&amp;disp=emb&amp;attbid=ANGjdJ9lngDBorg89a5LTWqX9gbCnv4BVb7Xlf3hWLqv7tw7dsA2MscvG4-EXIgScIPWBaTzMC8nKIJTM8Buzmquf8G-ffvJ4Xh7EkRzEBrKD8sMVy1rNqm3qzirS8w&amp;sz=w404-h416&amp;ats=1440156349946&amp;rm=14f2dfb522a10bd6&amp;zw&amp;atsh=1\" alt=\"clip_image016\" \/><\/td>\n<td width=\"206\">\u00a0<img decoding=\"async\" src=\"https:\/\/mail.google.com\/mail\/u\/2\/?ui=2&amp;ik=d4016f14b7&amp;view=fimg&amp;th=14f2dfb522a10bd6&amp;attid=0.0.9&amp;disp=emb&amp;attbid=ANGjdJ9i-K2qMnkQz3V-J99ilxrInccEolFZVXTKWGTPvpLd1BofUY5yB4WLYg9FGNRkbEDJCcsZ0hmZPhAeoFAYPThd3mbqjvhkJPbB7Y66D6EvSR-7y-cKGE97vMA&amp;sz=w396-h416&amp;ats=1440156349946&amp;rm=14f2dfb522a10bd6&amp;zw&amp;atsh=1\" alt=\"clip_image018\" \/><\/td>\n<td width=\"208\">\u00a0<img decoding=\"async\" src=\"https:\/\/mail.google.com\/mail\/u\/2\/?ui=2&amp;ik=d4016f14b7&amp;view=fimg&amp;th=14f2dfb522a10bd6&amp;attid=0.0.10&amp;disp=emb&amp;attbid=ANGjdJ-tifga3ASw9J7dyoRMiyEahlH6ixnVDCw45icXUgPzgdHTbQR1IfgbYRki9tHCjOen7AdcaxHWf-xoMZWnxEqxUNFqJI4sphYEqGxaB0lyF0-8LJrdcYl9W-Y&amp;sz=w340-h402&amp;ats=1440156349946&amp;rm=14f2dfb522a10bd6&amp;zw&amp;atsh=1\" alt=\"clip_image020\" \/><\/td>\n<\/tr>\n<tr>\n<td width=\"207\">\u00a0<img decoding=\"async\" src=\"https:\/\/mail.google.com\/mail\/u\/2\/?ui=2&amp;ik=d4016f14b7&amp;view=fimg&amp;th=14f2dfb522a10bd6&amp;attid=0.0.11&amp;disp=emb&amp;attbid=ANGjdJ_cyomXVVoDZTtvFB4Pfhor7XQqNzWkFOagegcQR8XXRyEDYM-9FhxzLg49qhPAkIL6SOVl5Cyw2OJB6v7aSrGRpu9RP0MW2ZpLRTCC9xSA5FtPynOkG-PgDMg&amp;sz=w348-h416&amp;ats=1440156349946&amp;rm=14f2dfb522a10bd6&amp;zw&amp;atsh=1\" alt=\"clip_image022\" \/><\/td>\n<td width=\"206\">\u00a0<img decoding=\"async\" src=\"https:\/\/mail.google.com\/mail\/u\/2\/?ui=2&amp;ik=d4016f14b7&amp;view=fimg&amp;th=14f2dfb522a10bd6&amp;attid=0.0.12&amp;disp=emb&amp;attbid=ANGjdJ_upRA9mSr0xyGfIAGGs8ptzAIBVaI7pNOUSfm4XHz-8Ya9sedY5KF70vLBqQyP1-1IgkDAPC8Tfht_Cw8KrAQUV2GxWhf4rTYVerVu0kU6-N82XkxB7gi5vBw&amp;sz=w346-h416&amp;ats=1440156349947&amp;rm=14f2dfb522a10bd6&amp;zw&amp;atsh=1\" alt=\"clip_image024\" \/><\/td>\n<td width=\"208\">\u00a0<img decoding=\"async\" src=\"https:\/\/mail.google.com\/mail\/u\/2\/?ui=2&amp;ik=d4016f14b7&amp;view=fimg&amp;th=14f2dfb522a10bd6&amp;attid=0.0.13&amp;disp=emb&amp;attbid=ANGjdJ8s8BIOyT3zkTTiDE4z-GU3uUUvCr4cKyZNo9k516wxjB-KkN7sBTqKsojWHocFP-7WOW2mLhJszWyPom2jqyxybVAPl2oyI4opG9wXP1yYupxTE6bJefGzYV4&amp;sz=w360-h416&amp;ats=1440156349947&amp;rm=14f2dfb522a10bd6&amp;zw&amp;atsh=1\" alt=\"clip_image026\" \/><\/td>\n<\/tr>\n<tr>\n<td width=\"207\">\u00a0<img decoding=\"async\" src=\"https:\/\/mail.google.com\/mail\/u\/2\/?ui=2&amp;ik=d4016f14b7&amp;view=fimg&amp;th=14f2dfb522a10bd6&amp;attid=0.0.14&amp;disp=emb&amp;attbid=ANGjdJ8M33rbcvht5BX-3NkqAMdM0wsgiERPn2Cd6ArZEtSKOcrCXgYySENyOOyoTC0sVBAWvV-CXji-pzal_Y6bOQCKoM3lu5AxzCWOXJpskIq0db9jaSWUV0k_vMo&amp;sz=w358-h416&amp;ats=1440156349947&amp;rm=14f2dfb522a10bd6&amp;zw&amp;atsh=1\" alt=\"clip_image028\" \/><\/td>\n<td width=\"206\">\u00a0<img decoding=\"async\" src=\"https:\/\/mail.google.com\/mail\/u\/2\/?ui=2&amp;ik=d4016f14b7&amp;view=fimg&amp;th=14f2dfb522a10bd6&amp;attid=0.0.15&amp;disp=emb&amp;attbid=ANGjdJ8BGy9eZcqz1AJB-M-yqNAN1mRKO7tJ2bc_2tqJYOpGlPEX0K1LkMNnPI7bUMQNuZ4YNBfGdCkoHYm0vTKWjhhnQc3Aq7ZUcKsdvmkyBsv0aP8lCjSb3eb8jmc&amp;sz=w352-h416&amp;ats=1440156349947&amp;rm=14f2dfb522a10bd6&amp;zw&amp;atsh=1\" alt=\"clip_image030\" \/><\/td>\n<td width=\"208\">\u00a0<img decoding=\"async\" src=\"https:\/\/mail.google.com\/mail\/u\/2\/?ui=2&amp;ik=d4016f14b7&amp;view=fimg&amp;th=14f2dfb522a10bd6&amp;attid=0.0.16&amp;disp=emb&amp;attbid=ANGjdJ8e1BZ41IJGA3oOP3I52OelEMU2N5KGDkQORu9aEUZn2ov37ruT82-tAViJZcWeRZ69W9Jg56Pq1QwW-yfzK8BFuPF2zsSM9ivIXyARSklS9lKLIdc18E-6k5E&amp;sz=w366-h416&amp;ats=1440156349947&amp;rm=14f2dfb522a10bd6&amp;zw&amp;atsh=1\" alt=\"clip_image032\" \/><\/td>\n<\/tr>\n<tr>\n<td width=\"207\"><\/td>\n<td width=\"206\"><\/td>\n<td width=\"208\"><\/td>\n<\/tr>\n<\/tbody>\n<\/table>\n<p>&nbsp;<\/p>\n<p><strong>R<\/strong>egistra-se <strong>Maria Catharina Schimitt<\/strong>, nascida em 17.01.1785, Belfort, Haut-Rhin, Fran\u00e7a. Registra-se <strong>Marie Elizabette Schimitt<\/strong>, nascida em 31.03.1789, Saint-Nicolas, Commercy, Meuse, Fran\u00e7a. Registra-se <strong>Tereza Schimitt<\/strong>, nascida em 13.05.1886, Budapeste, Hungria.<\/p>\n<p>&nbsp;<\/p>\n<p><strong>R<\/strong>egistra-se <strong>Gottfried Schimitt<\/strong>, nascido em 1821, Weiskirchen, Alemanha. Registra-se <strong>Johann Nikolaus Schimitt<\/strong>, nascido em 16.02.1826, Weiskirchen, Alemanha. Registra-se <strong>Johan Peter Schimitt<\/strong>, nascido em 1851, Weiskirchen, Alemanha. Registra-se <strong>Catharine Schimitt<\/strong>, nascida em 02.10.1833, Weiskirchen, Alemanha. Registra-se <strong>Matias Schimitt<\/strong>, nascido em 1848, Weiskirchen, Alemanha.<\/p>\n<p>&nbsp;<\/p>\n<p><strong>R<\/strong>egistra-se <strong>Adam Schimitt<\/strong>, nascido em 1865, ?, Rio de Grande do Sul, Brasil. Registra-se <strong>Adita Schimitt<\/strong>, batizada em 01.08.1877 na igreja Nossa Senhora da Concei\u00e7\u00e3o, Campinas, S\u00e3o Paulo, Brasil. Registra-se <strong>Ana Maria Schimitt<\/strong>, nascida em 21.01.1846, Weiskirchen, Alemanha e falecida em 15.02.1928, Sinimbu, Rio Grande do Sul, Brasil; casou-se com Peter Jacob Heinen em 27.09.1863, Sinimbu, Rio Grande do Sul, Brasil. Registra-se <strong>Angelina Schimitt<\/strong>, nascida em 24.05.1896, Antonio Carlos, Santa Catarina, Brasil. Registra-se <strong>Antonio Schimitt<\/strong>, nascido em 01.10.1925, Santa Maria, Rio Grande do Sul, Brasil. Registra-se <strong>Apolomia Terezinha Schimitt<\/strong>, nascida em 09.12.1933, Antonio Carlos, Santa Catarina, Brasil. Registra-se <strong>Clara Schimitt<\/strong>, nascida em 03.05.1897, Nova Trento, Santa Catarina, Brasil. Registra-se <strong>Elizabeth Schimitt<\/strong>, nascida em 01.12.1854, Dois Irm\u00e3o, Rio Grande do Sul, Brasil. Registra-se Frederico <strong>Alberto Schimitt<\/strong>, nascido em 18.05.1883, Arroio Grande, Rio Grande do Sul, Brasil. Registra-se <strong>Frida Carolina Schimitt<\/strong>, batizada em 20.12.1890 na igreja Nossa Senhora da Concei\u00e7\u00e3o, S\u00e3o Leopoldo, Rio Grande do Sul, Brasil. Registra-se <strong>Iva Werna Schimitt<\/strong>, nascida em 19.11.1934, Canela, Rio Grande do Sul, Brasil. Registra-se <strong>Joaquim Al\u00edpio Schimitt<\/strong>, nascido em 1861, ?, Rio Grande do Sul, Brasil. Registra-se L\u00facia <strong>Helena Schimitt<\/strong>, nascida em 06.08.1930, Rio Claro, S\u00e3o Paulo, Brasil. Registra-se <strong>Manoel Pedro Schimitt<\/strong>, nascido em 1886, ?, Rio Grande do Sul, Brasil. Registra-se <strong>Maria Jos\u00e9 Schimitt<\/strong>, nascida em 1880, Santa Maria, Rio Grande do Sul, Brasil. Registra-se <strong>Maria Rosa Schimitt<\/strong>, nascida por volta 1868, Curitiba, Paran\u00e1, Brasil; filha de <strong>Guilherme Schimitt<\/strong> e Maria do Ros\u00e1rio; casou-se com Francisco Alves de Castro Cato em 25.05.1886 na igreja Nossa Senhora da Luz da Catedral na mesma localidade. Registra-se <strong>Maria Madalena Haek Schimitt<\/strong>, nascida em 22.02.1913, Antonio Carlos, Santa Catarina, Brasil. Registra-se <strong>Matheo Frederico Schimitt<\/strong>, nascido em 1855, ?, Rio Grande do Sul, Brasil. Registra-se <strong>Nicolau Magnus Schimitt<\/strong>, nascido em 1902, ?, Rio Grande do Sul, Brasil. Registra-se <strong>Rosalina Schimitt<\/strong>, nascida em 15.12.1895, ?, Rio Grande do Sul, Brasil. Registra-se <strong>Tereza Schimitt<\/strong>, casou-se em 1911, Porto Alegre, Rio Grande do Sul, Brasil.<\/p>\n<p>&nbsp;<\/p>\n<p>&nbsp;<\/p>\n<p><strong>MAPA DA IT\u00c1LIA COM A<\/strong><\/p>\n<p><strong>DISTRIBUI\u00c7\u00c3O DO SOBRENOME<\/strong><\/p>\n<p><img decoding=\"async\" src=\"https:\/\/mail.google.com\/mail\/u\/2\/?ui=2&amp;ik=d4016f14b7&amp;view=fimg&amp;th=14f2dfb522a10bd6&amp;attid=0.0.29&amp;disp=emb&amp;attbid=ANGjdJ-qYsgNWtpsNo35LxLFdrAajg-Co3bmmsOpx_ilrRyZhB4MwPQmjWgz2YZ9jjK55K1lZQ6EkxXM74tTIfT4hwcKhyNvdWrBJP2ldldF6JhKGO1l682zKuWVciI&amp;sz=w1180-h1416&amp;ats=1440156349957&amp;rm=14f2dfb522a10bd6&amp;zw&amp;atsh=1\" alt=\"clip_image056\" \/><\/p>\n<p>&nbsp;<\/p>\n<p><img decoding=\"async\" src=\"https:\/\/mail.google.com\/mail\/u\/2\/?ui=2&amp;ik=d4016f14b7&amp;view=fimg&amp;th=14f2dfb522a10bd6&amp;attid=0.0.30&amp;disp=emb&amp;attbid=ANGjdJ8yAVeSZ5QcklSi8lAk_gB_buuSTSqTZ6GcmoVa0TRIgUtxWQ8U-LUMNkPf2JgiH_dBCA6HCbXaGT85cQIIuOSplWowkcCOOaDMxdL8UD3HRJxSSkXP0tTXKUU&amp;sz=w1340-h1608&amp;ats=1440156349958&amp;rm=14f2dfb522a10bd6&amp;zw&amp;atsh=1\" alt=\"clip_image058\" \/><\/p>\n<p>&nbsp;<\/p>\n<p>&nbsp;<\/p>\n","protected":false},"excerpt":{"rendered":"<p>Afr\u00e2nio Mello &#8211; ATENDIMENTO N\u00daMERO 519<\/p>\n","protected":false},"author":3,"featured_media":0,"comment_status":"closed","ping_status":"closed","sticky":false,"template":"","format":"standard","meta":{"_jetpack_newsletter_access":"","_jetpack_dont_email_post_to_subs":false,"_jetpack_newsletter_tier_id":0,"_jetpack_memberships_contains_paywalled_content":false,"_jetpack_memberships_contains_paid_content":false,"footnotes":""},"categories":[7],"tags":[657],"class_list":["post-3037","post","type-post","status-publish","format-standard","hentry","category-comunicacao","tag-afranio-mello"],"aioseo_notices":[],"views":0,"jetpack_featured_media_url":"","jetpack_sharing_enabled":true,"jetpack_likes_enabled":true,"jetpack-related-posts":[{"id":5639,"url":"https:\/\/jornalrol.com.br\/?p=5639","url_meta":{"origin":3037,"position":0},"title":"Genealogia: Afr\u00e2nio Melllo fornece informa\u00e7\u00f5es sobre a fam\u00edlia CORR\u00caA","author":"Helio Rubens","date":"22 de julho de 2016","format":false,"excerpt":"Afr\u00e2nio Franco de Oliveira Mello - ATENDIMENTO N\u00daMERO 758 \u00a0 Bom dia, S\u00e9rgio Eu tamb\u00e9m sou de Fam\u00edlia Corr\u00eaa. Minha m\u00e3e \u00e9 Corr\u00eaa Franco. Escrevi um livro sobre os Orsi e os Ramacciotti, outro ramo do lado da minha m\u00e3e. Estou fazendo tamb\u00e9m Alves de Almeida e Oliveira Mello do\u2026","rel":"","context":"Em &quot;Comunica\u00e7\u00e3o&quot;","block_context":{"text":"Comunica\u00e7\u00e3o","link":"https:\/\/jornalrol.com.br\/?cat=7"},"img":{"alt_text":"image","src":"https:\/\/mail.google.com\/mail\/u\/1\/?ui=2&ik=d4016f14b7&view=fimg&th=1560db6e21234f58&attid=0.0.1&disp=emb&attbid=ANGjdJ-F5qURj-UfTPTC9i48_ybUWUBAdOt9a7f5PaF_XImL7EaJrewy-amqbxqw7P06MAVFWZYHJscpEzP5letNe_c5Ted79fjTnVyDa96oExfaPVN-PYj4zwiJArI&sz=w400-h476&ats=1469187813520&rm=1560db6e21234f58&zw&atsh=1","width":350,"height":200},"classes":[]},{"id":14862,"url":"https:\/\/jornalrol.com.br\/?p=14862","url_meta":{"origin":3037,"position":1},"title":"Genealogia: Afr\u00e2nio Mello atende gratuitamente pedidos de leitores sobre origens de familias. Neste edi\u00e7\u00e3o, familia MELLI.","author":"Helio Rubens","date":"24 de novembro de 2017","format":false,"excerpt":"Afr\u00e2nio Franco de Oliveira Mello - ATENDIMENTO N\u00daMERO 929 Prezado Johny, boa tarde. Nunca havia escutado antes a men\u00e7\u00e3o do Sobrenome MELLI. N\u00e3o tenho esse sobrenome no meu arquivo. Nos Sites que costume pesquisar, nada encontrei. O que achei, sem custo, para manter o meu atendimento \u00e9 o que segue\u2026","rel":"","context":"Em &quot;Comunica\u00e7\u00e3o&quot;","block_context":{"text":"Comunica\u00e7\u00e3o","link":"https:\/\/jornalrol.com.br\/?cat=7"},"img":{"alt_text":"","src":"https:\/\/i0.wp.com\/www.jornalrol.com.br\/wp-content\/uploads\/2017\/01\/afranio.jpg?resize=350%2C200","width":350,"height":200},"classes":[]},{"id":3941,"url":"https:\/\/jornalrol.com.br\/?p=3941","url_meta":{"origin":3037,"position":2},"title":"Genealogia: Afr\u00e2nio Mello fornece informa\u00e7\u00f5es sobre a fam\u00edlia Melo","author":"Helio Rubens","date":"20 de dezembro de 2015","format":false,"excerpt":"Afr\u00e2nio Franco de Oliveira Mello: ATENDIMENTO N\u00daMERO 575 \u00a0 Caro Rafael, boa tarde. \u00a0 Eu tamb\u00e9m sou da ascend\u00eancia do sobrenome MELLO. \u00a0 Comum em todo o Brasil , de origem portugu\u00easa e com um hist\u00f3rico muito grande no Brasil. \u00a0 \u00a0 \u00a0 Tem com as duas grafias : Melo\u2026","rel":"","context":"Em &quot;Comunica\u00e7\u00e3o&quot;","block_context":{"text":"Comunica\u00e7\u00e3o","link":"https:\/\/jornalrol.com.br\/?cat=7"},"img":{"alt_text":"Afr\u00e2nio Mello","src":"https:\/\/i0.wp.com\/www.jornalrol.com.br\/wp-content\/uploads\/2015\/07\/Afr%C3%A2nio-para-o-ROL-2.jpg?resize=350%2C200","width":350,"height":200},"classes":[]},{"id":38064,"url":"https:\/\/jornalrol.com.br\/?p=38064","url_meta":{"origin":3037,"position":3},"title":"Genealogia: Afr\u00e2nio Mello fornece informa\u00e7\u00f5es sobre as fam\u00edlias Mello e Flor\u00eancio","author":"ADM","date":"25 de fevereiro de 2021","format":false,"excerpt":"Afr\u00e2nio Mello fornece informa\u00e7\u00f5es sobre as fam\u00edlias MELLO e FLOR\u00caNCIO ATENDIMENTOS N\u00daMEROS 1.340 E 1.341 Prezado Apol\u00f4nio, boa tarde. Atendendo sua solicita\u00e7\u00e3o sobre a Genealogia dos Flor\u00eancio de Mello, informo que eu tenho arquivos de sobrenomes individuais e n\u00e3o coletivos. Assim sendo vou enviar os arquivos para voc\u00ea dos sobrenomes\u2026","rel":"","context":"Em &quot;Comunica\u00e7\u00e3o&quot;","block_context":{"text":"Comunica\u00e7\u00e3o","link":"https:\/\/jornalrol.com.br\/?cat=7"},"img":{"alt_text":"","src":"https:\/\/i0.wp.com\/www.jornalrol.com.br\/wp-content\/uploads\/2020\/04\/afranio-150x150-1.jpg?resize=350%2C200","width":350,"height":200},"classes":[]},{"id":5127,"url":"https:\/\/jornalrol.com.br\/?p=5127","url_meta":{"origin":3037,"position":4},"title":"Genealogia: Afr\u00e2nio Mello fornece informa\u00e7\u00f5es gratuitamente sobre a fam\u00edlia Alfradique","author":"Helio Rubens","date":"2 de junho de 2016","format":false,"excerpt":"Afr\u00e2nio Franco de Oliveira Mello - ATENDIMENTO N\u00daMERO 739 \u00a0 Prezada Mariane, Em 04.07.2015 fiz o primeiro atendimento desse sobrenome e, hoje, \u00e9 o segundo. A pessoa que fez a consulta \u00e9 Ana Karen. Em rela\u00e7\u00e3o ao sobrenome ALFRADIQUE envio: Arquivo com s\u00f3 uma p\u00e1gina e um bras\u00e3o. Na primeira\u2026","rel":"","context":"Em &quot;Comunica\u00e7\u00e3o&quot;","block_context":{"text":"Comunica\u00e7\u00e3o","link":"https:\/\/jornalrol.com.br\/?cat=7"},"img":{"alt_text":"","src":"","width":0,"height":0},"classes":[]},{"id":37463,"url":"https:\/\/jornalrol.com.br\/?p=37463","url_meta":{"origin":3037,"position":5},"title":"Genealogia: Afr\u00e2nio Mello fornece informa\u00e7\u00f5es sobre a fam\u00edlia Mota","author":"ADM","date":"6 de fevereiro de 2021","format":false,"excerpt":"Afr\u00e2nio Mello fornece informa\u00e7\u00f5es sobre a fam\u00edlia MOTA ATENDIMENTO N\u00daMERO 1.335 Prezado Juristaldo, bom dia. MOTA\/MOTTA................. 13 p\u00e1ginas e 2 bras\u00f5es. Abaixo um resumo extra\u00eddo do arquivo principal. Mota,\u00a0sobrenome de origem portuguesa. Antigamente grafado Motta, conforme o italiano Motta e o franc\u00eas Motte, deriva do substantivo comum mota, que Meyer-L\u00fcbke\u2026","rel":"","context":"Em &quot;Comunica\u00e7\u00e3o&quot;","block_context":{"text":"Comunica\u00e7\u00e3o","link":"https:\/\/jornalrol.com.br\/?cat=7"},"img":{"alt_text":"","src":"https:\/\/i0.wp.com\/www.jornalrol.com.br\/wp-content\/uploads\/2020\/04\/afranio-150x150-1.jpg?resize=350%2C200","width":350,"height":200},"classes":[]}],"_links":{"self":[{"href":"https:\/\/jornalrol.com.br\/index.php?rest_route=\/wp\/v2\/posts\/3037","targetHints":{"allow":["GET"]}}],"collection":[{"href":"https:\/\/jornalrol.com.br\/index.php?rest_route=\/wp\/v2\/posts"}],"about":[{"href":"https:\/\/jornalrol.com.br\/index.php?rest_route=\/wp\/v2\/types\/post"}],"author":[{"embeddable":true,"href":"https:\/\/jornalrol.com.br\/index.php?rest_route=\/wp\/v2\/users\/3"}],"replies":[{"embeddable":true,"href":"https:\/\/jornalrol.com.br\/index.php?rest_route=%2Fwp%2Fv2%2Fcomments&post=3037"}],"version-history":[{"count":0,"href":"https:\/\/jornalrol.com.br\/index.php?rest_route=\/wp\/v2\/posts\/3037\/revisions"}],"wp:attachment":[{"href":"https:\/\/jornalrol.com.br\/index.php?rest_route=%2Fwp%2Fv2%2Fmedia&parent=3037"}],"wp:term":[{"taxonomy":"category","embeddable":true,"href":"https:\/\/jornalrol.com.br\/index.php?rest_route=%2Fwp%2Fv2%2Fcategories&post=3037"},{"taxonomy":"post_tag","embeddable":true,"href":"https:\/\/jornalrol.com.br\/index.php?rest_route=%2Fwp%2Fv2%2Ftags&post=3037"}],"curies":[{"name":"wp","href":"https:\/\/api.w.org\/{rel}","templated":true}]}}