{"id":3040,"date":"2015-08-22T00:07:20","date_gmt":"2015-08-22T03:07:20","guid":{"rendered":"http:\/\/www.jornalrol.com.br\/?p=3040"},"modified":"2015-08-22T00:07:20","modified_gmt":"2015-08-22T03:07:20","slug":"ong-seleciona-projetos-no-litoral-para-receber-apoio-financeiro","status":"publish","type":"post","link":"https:\/\/jornalrol.com.br\/?p=3040","title":{"rendered":"ONG seleciona projetos no litoral para receber apoio financeiro"},"content":{"rendered":"<div class=\"pdfprnt-buttons pdfprnt-buttons-post pdfprnt-top-right\"><a href=\"https:\/\/jornalrol.com.br\/index.php?rest_route=%2Fwp%2Fv2%2Fposts%2F3040&print=pdf\" class=\"pdfprnt-button pdfprnt-button-pdf\" target=\"_blank\" ><\/a><a href=\"https:\/\/jornalrol.com.br\/index.php?rest_route=%2Fwp%2Fv2%2Fposts%2F3040&print=print\" class=\"pdfprnt-button pdfprnt-button-print\" target=\"_blank\" ><img decoding=\"async\" src=\"https:\/\/jornalrol.com.br\/wp-content\/plugins\/pdf-print\/images\/print.png\" alt=\"image_print\" title=\"Conte\u00fado de impress\u00e3o\" \/><\/a><\/div><h2>Interessados podem se inscrever at\u00e9 31 de agosto; Iniciativa contribuir\u00e1 para que pa\u00eds cumpra acordos internacionais relacionados ao meio ambiente<\/h2>\n<p><!--more--><\/p>\n<p><em>\u00a0<\/em><\/p>\n<p>A segunda chamada p\u00fablica anual do tradicional Edital de Apoio a Projetos de Conserva\u00e7\u00e3o da Funda\u00e7\u00e3o Grupo Botic\u00e1rio de Prote\u00e7\u00e3o \u00e0 Natureza est\u00e1 com inscri\u00e7\u00f5es abertas at\u00e9 31 de agosto. Para essa edi\u00e7\u00e3o, ser\u00e3o selecionadas pesquisas no ecossistema marinho e costeiro brasileiro. Nesses ambientes, s\u00e3o eleg\u00edveis iniciativas em todos os estados do pa\u00eds.<\/p>\n<p>&nbsp;<\/p>\n<p>A preserva\u00e7\u00e3o desses ambientes garante a prote\u00e7\u00e3o da biodiversidade de diversas esp\u00e9cies, como os cavalos-marinhos e toninhas; e ambientes naturais, como os manguezais e as restingas. Al\u00e9m disso, representa melhor qualidade de vida para mais 50 milh\u00f5es de brasileiros que vivem na costa do pa\u00eds.<\/p>\n<p>&nbsp;<\/p>\n<p>O apoio a pesquisas em um ecossistema espec\u00edfico visa a potencializar a gera\u00e7\u00e3o de conhecimento e consequentes aplica\u00e7\u00f5es pr\u00e1ticas na regi\u00e3o priorit\u00e1ria, gerando resultados efetivos para a conserva\u00e7\u00e3o. \u201cDessa forma, complementamos os esfor\u00e7os p\u00fablicos de prote\u00e7\u00e3o dos ambientes relacionados a esse ecossistema e contribu\u00edmos para que o pa\u00eds cumpra as metas internacionais das quais \u00e9 signat\u00e1rio [saiba mais abaixo]\u201d, afirma Malu Nunes, diretora executiva da Funda\u00e7\u00e3o Grupo Botic\u00e1rio.<\/p>\n<p>&nbsp;<\/p>\n<p>As linhas de apoio do Edital e o processo de inscri\u00e7\u00e3o est\u00e3o dispon\u00edveis na se\u00e7\u00e3o \u2018Editais\u2019 do site\u00a0<u><a href=\"http:\/\/www.fundacaogrupoboticario.org.br\/\">www.fundacaogrupoboticario.org.br<\/a><\/u>. Para detalhes adicionais, basta encaminhar um e-mail para\u00a0<u><a href=\"mailto:edital@fundacaogrupoboticario.org.br\">edital@fundacaogrupoboticario.org.br<\/a><\/u>.<\/p>\n<p>&nbsp;<\/p>\n<p><strong>Ambiente sens\u00edvel precisa de prote\u00e7\u00e3o<\/strong><\/p>\n<p>O litoral brasileiro \u00e9 considerado um dos mais ricos do mundo em biodiversidade. Com cerca de sete mil quil\u00f4metros quadrados de extens\u00e3o, ele possui diversos ambientes costeiros, nos quais vivem mais de mil esp\u00e9cies de fauna e flora. Al\u00e9m disso, as \u00e1reas de estu\u00e1rios e mangues s\u00e3o consideradas ber\u00e7\u00e1rios da vida marinha e barreiras naturais contra alagamentos e mar\u00e9s altas, sendo essenciais para o equil\u00edbrio da biodiversidade e para a qualidade de vida das popula\u00e7\u00f5es de seu entorno.<\/p>\n<p>&nbsp;<\/p>\n<p>\u201cApesar desse importante papel que desenvolve, os ambientes costeiros t\u00eam sofrido muito com a pesca industrial excessiva, polui\u00e7\u00e3o e\u00a0expans\u00e3o demogr\u00e1fica acelerada. Isso compromete a conserva\u00e7\u00e3o do ambiente natural e de sua biodiversidade, al\u00e9m do bem-estar das popula\u00e7\u00f5es que vivem pr\u00f3ximas a esses ambientes\u201d, ressalta Malu.<\/p>\n<p>&nbsp;<\/p>\n<p>O edital tamb\u00e9m busca contribuir para que o Brasil cumpra as Metas de Aichi. Estabelecidas em 2010,\u00a0durante a 10\u00aa Confer\u00eancia das Partes da Conven\u00e7\u00e3o da Diversidade Biol\u00f3gica da ONU, elas s\u00e3o direcionamentos a serem cumpridos para conservar a biodiversidade brasileira em diversos aspectos, j\u00e1 que o Brasil se comprometeu a segui-los. Alguns deles envolvem o ecossistema marinho, como a meta 11, que indica que at\u00e9 2020 pelo menos 10% das \u00e1reas costeiras e marinhas devem ser conservadas, por meio de sistemas de \u00e1reas protegidas.\u00a0Segundo o Minist\u00e9rio do Meio Ambiente, apenas 1,57% dos cerca de 3,5 milh\u00f5es de km<sup>2<\/sup>\u00a0do mar sob jurisdi\u00e7\u00e3o do Brasil est\u00e1 sob prote\u00e7\u00e3o por unidades de conserva\u00e7\u00e3o.<\/p>\n<p>&nbsp;<\/p>\n<p><strong>Sobre a Funda\u00e7\u00e3o Grupo Botic\u00e1rio<\/strong>: a Funda\u00e7\u00e3o Grupo Botic\u00e1rio de Prote\u00e7\u00e3o \u00e0\u00a0Natureza\u00a0\u00e9 uma organiza\u00e7\u00e3o sem fins lucrativos cuja miss\u00e3o \u00e9 promover e realizar a\u00e7\u00f5es de conserva\u00e7\u00e3o da natureza. Criada em 1990 por iniciativa do fundador de O Botic\u00e1rio, Miguel Krigsner, a atua\u00e7\u00e3o da Funda\u00e7\u00e3o Grupo Botic\u00e1rio \u00e9 nacional e suas a\u00e7\u00f5es incluem prote\u00e7\u00e3o de \u00e1reas naturais, apoio a projetos de outras institui\u00e7\u00f5es e dissemina\u00e7\u00e3o de conhecimento. Desde a sua cria\u00e7\u00e3o, a Funda\u00e7\u00e3o Grupo Botic\u00e1rio j\u00e1 apoiou 1.439 projetos de 482 institui\u00e7\u00f5es em todo o Brasil. A institui\u00e7\u00e3o mant\u00e9m duas reservas naturais, a Reserva Natural Salto Morato, na Mata Atl\u00e2ntica; e a Reserva Natural Serra do Tombador, no Cerrado, os dois biomas mais amea\u00e7ados do pa\u00eds.\u00a0 Outra iniciativa \u00e9 um projeto pioneiro de pagamento por servi\u00e7os ambientais em regi\u00f5es de manancial, o O\u00e1sis. Na internet:\u00a0<u><a href=\"http:\/\/www.fundacaogrupoboticario.org.br\/\">www.fundacaogrupoboticario.org.br<\/a><\/u>,\u00a0<u><a href=\"http:\/\/www.twitter.com\/fund_boticario\">www.twitter.com\/fund_boticario<\/a><\/u>\u00a0e\u00a0<u><a href=\"http:\/\/www.facebook.com\/fundacaogrupoboticario\">www.facebook.com\/fundacaogrupoboticario<\/a><\/u>.<\/p>\n<p><strong>\u00a0<\/strong><\/p>\n","protected":false},"excerpt":{"rendered":"<p>Interessados podem se inscrever at\u00e9 31 de agosto; Iniciativa contribuir\u00e1 para que pa\u00eds cumpra acordos internacionais relacionados ao meio ambiente<\/p>\n","protected":false},"author":3,"featured_media":0,"comment_status":"closed","ping_status":"closed","sticky":false,"template":"","format":"standard","meta":{"_jetpack_newsletter_access":"","_jetpack_dont_email_post_to_subs":false,"_jetpack_newsletter_tier_id":0,"_jetpack_memberships_contains_paywalled_content":false,"_jetpack_memberships_contains_paid_content":false,"footnotes":""},"categories":[7],"tags":[5537],"class_list":["post-3040","post","type-post","status-publish","format-standard","hentry","category-comunicacao","tag-meio-ambiente"],"aioseo_notices":[],"views":0,"jetpack_featured_media_url":"","jetpack_sharing_enabled":true,"jetpack_likes_enabled":true,"jetpack-related-posts":[{"id":13902,"url":"https:\/\/jornalrol.com.br\/?p=13902","url_meta":{"origin":3040,"position":0},"title":"Reinaldo Canto: &#039;O que Michel Temer e Donald Trump pensam sobre o meio ambiente?&#039;","author":"Sergio Diniz da Costa","date":"19 de outubro de 2017","format":false,"excerpt":"O que Michel Temer e Donald Trump pensam sobre o meio ambiente? As diferen\u00e7as de personalidade e perfil n\u00e3o escondem o profundo desrespeito ao ecossistema \u00a0 O discurso oficial de ambos em nada se parece, mas quanto ao meio ambiente s\u00e3o tais quais irm\u00e3os siameses. \u00a0 O que de comum\u2026","rel":"","context":"Em &quot;Comunica\u00e7\u00e3o&quot;","block_context":{"text":"Comunica\u00e7\u00e3o","link":"https:\/\/jornalrol.com.br\/?cat=7"},"img":{"alt_text":"","src":"https:\/\/i0.wp.com\/www.jornalrol.com.br\/wp-content\/uploads\/2017\/01\/reinaldo-canto.jpg?resize=350%2C200","width":350,"height":200},"classes":[]},{"id":32337,"url":"https:\/\/jornalrol.com.br\/?p=32337","url_meta":{"origin":3040,"position":1},"title":"Marcelo Augusto Paiva Pereira: &#039;Um projeto saneador&#039;","author":"Marcelo Paiva Pereira","date":"2 de julho de 2020","format":false,"excerpt":"Um projeto saneador Um dos temas em voga nas administra\u00e7\u00f5es p\u00fablicas e na sociedade do nosso pa\u00eds \u00e9 o saneamento urbano. \u00c9 sabido que no Brasil h\u00e1 um n\u00famero muito grande de habita\u00e7\u00f5es sem instala\u00e7\u00f5es de \u00e1gua e esgoto, necess\u00e1rios \u00e0 higieniza\u00e7\u00e3o de cada pessoa e do ambiente urbano. O\u2026","rel":"","context":"Em &quot;Comunica\u00e7\u00e3o&quot;","block_context":{"text":"Comunica\u00e7\u00e3o","link":"https:\/\/jornalrol.com.br\/?cat=7"},"img":{"alt_text":"","src":"https:\/\/i0.wp.com\/www.jornalrol.com.br\/wp-content\/uploads\/2020\/04\/Nova-foto-em-7-de-agosto-2019-207x300-1-207x300.jpg?resize=350%2C200","width":350,"height":200},"classes":[]},{"id":11088,"url":"https:\/\/jornalrol.com.br\/?p=11088","url_meta":{"origin":3040,"position":2},"title":"Secretaria de Educa\u00e7\u00e3o de Tapero\u00e1 (PB) realiza o projeto &#039;Minha Escola Tem Asas&#039;, do escritor e colunista do ROL, \u00c9lcio M\u00e1rio Pinto","author":"Sergio Diniz da Costa","date":"14 de junho de 2017","format":false,"excerpt":"Baseado no projeto do escritor \u00c9lcio M\u00e1rio Pinto, as Escolas Municipais de Tapero\u00e1 (PB) foram 'batizadas' pela natureza, tendo uma ave-s\u00edmbolo para representar ambientalmente cada institui\u00e7\u00e3o. \u00a0 A secretaria de educa\u00e7\u00e3o realizou o Projeto 'Nossa Escola tem Asas', baseado no projeto do escritor \u00c9lcio M\u00e1rio Pinto, no qual as Escolas\u2026","rel":"","context":"Em &quot;Comunica\u00e7\u00e3o&quot;","block_context":{"text":"Comunica\u00e7\u00e3o","link":"https:\/\/jornalrol.com.br\/?cat=7"},"img":{"alt_text":"","src":"https:\/\/i0.wp.com\/www.jornalrol.com.br\/wp-content\/uploads\/2017\/01\/Elcio-lendo-300x169.jpg?resize=350%2C200","width":350,"height":200},"classes":[]},{"id":51786,"url":"https:\/\/jornalrol.com.br\/?p=51786","url_meta":{"origin":3040,"position":3},"title":"Festival Estudantil de Teatro (Feto) abre inscri\u00e7\u00f5es para a 22\u00aa edi\u00e7\u00e3o","author":"Veronica Moreira","date":"1 de setembro de 2022","format":false,"excerpt":"Com patroc\u00ednio do Instituto Unimed-BH, um dos mais longevos festivais estudantis de teatro completa 22 anos, com uma programa\u00e7\u00e3o que mescla o presencial e o digital O Festival Estudantil de Teatro est\u00e1 com inscri\u00e7\u00f5es abertas at\u00e9 o dia\u00a025 de agosto, quinta,\u00a0\u00e0s\u00a023h59,\u00a0hor\u00e1rio de Bras\u00edlia. Com 22 anos de trajet\u00f3ria, um dos\u2026","rel":"","context":"Em &quot;Comunica\u00e7\u00e3o&quot;","block_context":{"text":"Comunica\u00e7\u00e3o","link":"https:\/\/jornalrol.com.br\/?cat=7"},"img":{"alt_text":"","src":"https:\/\/i0.wp.com\/jornalrol.com.br\/wp-content\/uploads\/2022\/09\/feto-1.jpg?resize=350%2C200&ssl=1","width":350,"height":200},"classes":[]},{"id":11141,"url":"https:\/\/jornalrol.com.br\/?p=11141","url_meta":{"origin":3040,"position":4},"title":"Secretaria de Educa\u00e7\u00e3o  da prefeitura de Tapero\u00e1, realizou projeto para marcar o dia do Meio Ambiente","author":"Helio Rubens","date":"19 de junho de 2017","format":false,"excerpt":"A cidade de Tapero\u00e1, na Para\u00edba, utilizou livros do escritor \u00c9lcio M\u00e1rio Pinto, colunista do ROL \u00a0 A secretaria de educa\u00e7\u00e3o da cidade paraibana de Tapero\u00e1 realizou o Projeto 'Nossa Escola tem Asas', baseado no projeto do escritor \u00c9lcio M\u00e1rio Pinto, no qual as Escolas Municipais foram \u201cbatizadas\u201d pela natureza,\u2026","rel":"","context":"Em &quot;Comunica\u00e7\u00e3o&quot;","block_context":{"text":"Comunica\u00e7\u00e3o","link":"https:\/\/jornalrol.com.br\/?cat=7"},"img":{"alt_text":"crechemeioambiente1.jpg","src":"https:\/\/i0.wp.com\/www.taperoa.com\/wp-content\/uploads\/2017\/06\/crechemeioambiente1-800x600-800x600.jpg?resize=350%2C200","width":350,"height":200},"classes":[]},{"id":31800,"url":"https:\/\/jornalrol.com.br\/?p=31800","url_meta":{"origin":3040,"position":5},"title":"Na semana do Dia Mundial do Meio Ambiente, Rep\u00f3rter Eco fala sobre preserva\u00e7\u00e3o ambiental","author":"Sergio Diniz da Costa","date":"6 de junho de 2020","format":false,"excerpt":"Programa vai ao ar neste domingo (7\/6), \u00e0s 18h, na TV Cultura O\u00a0Rep\u00f3rter Eco\u00a0deste\u00a0domingo (7\/6),\u00a0semana em que se comemora o Dia Mundial do Meio Ambiente (5 de junho), ir\u00e1 falar sobre o projeto Mulheres na Conserva\u00e7\u00e3o. Criado pelo fot\u00f3grafo Jo\u00e3o Marcos Rosa e pela jornalista Paulina Chamorro, ele retrata hist\u00f3rias\u2026","rel":"","context":"Em &quot;Comunica\u00e7\u00e3o&quot;","block_context":{"text":"Comunica\u00e7\u00e3o","link":"https:\/\/jornalrol.com.br\/?cat=7"},"img":{"alt_text":"","src":"https:\/\/i0.wp.com\/www.jornalrol.com.br\/wp-content\/uploads\/2020\/06\/download.png?resize=350%2C200","width":350,"height":200},"classes":[]}],"_links":{"self":[{"href":"https:\/\/jornalrol.com.br\/index.php?rest_route=\/wp\/v2\/posts\/3040","targetHints":{"allow":["GET"]}}],"collection":[{"href":"https:\/\/jornalrol.com.br\/index.php?rest_route=\/wp\/v2\/posts"}],"about":[{"href":"https:\/\/jornalrol.com.br\/index.php?rest_route=\/wp\/v2\/types\/post"}],"author":[{"embeddable":true,"href":"https:\/\/jornalrol.com.br\/index.php?rest_route=\/wp\/v2\/users\/3"}],"replies":[{"embeddable":true,"href":"https:\/\/jornalrol.com.br\/index.php?rest_route=%2Fwp%2Fv2%2Fcomments&post=3040"}],"version-history":[{"count":0,"href":"https:\/\/jornalrol.com.br\/index.php?rest_route=\/wp\/v2\/posts\/3040\/revisions"}],"wp:attachment":[{"href":"https:\/\/jornalrol.com.br\/index.php?rest_route=%2Fwp%2Fv2%2Fmedia&parent=3040"}],"wp:term":[{"taxonomy":"category","embeddable":true,"href":"https:\/\/jornalrol.com.br\/index.php?rest_route=%2Fwp%2Fv2%2Fcategories&post=3040"},{"taxonomy":"post_tag","embeddable":true,"href":"https:\/\/jornalrol.com.br\/index.php?rest_route=%2Fwp%2Fv2%2Ftags&post=3040"}],"curies":[{"name":"wp","href":"https:\/\/api.w.org\/{rel}","templated":true}]}}