{"id":3042,"date":"2015-08-22T00:14:28","date_gmt":"2015-08-22T03:14:28","guid":{"rendered":"http:\/\/www.jornalrol.com.br\/?p=3042"},"modified":"2015-08-22T00:14:28","modified_gmt":"2015-08-22T03:14:28","slug":"genealogia-afranio-mello-fornece-informacoes-sobre-a-familia-plattner","status":"publish","type":"post","link":"https:\/\/jornalrol.com.br\/?p=3042","title":{"rendered":"Genealogia: Afr\u00e2nio Mello fornece informa\u00e7\u00f5es sobre a FAMILIA PLATTNER"},"content":{"rendered":"<div class=\"pdfprnt-buttons pdfprnt-buttons-post pdfprnt-top-right\"><a href=\"https:\/\/jornalrol.com.br\/index.php?rest_route=%2Fwp%2Fv2%2Fposts%2F3042&print=pdf\" class=\"pdfprnt-button pdfprnt-button-pdf\" target=\"_blank\" ><\/a><a href=\"https:\/\/jornalrol.com.br\/index.php?rest_route=%2Fwp%2Fv2%2Fposts%2F3042&print=print\" class=\"pdfprnt-button pdfprnt-button-print\" target=\"_blank\" ><img decoding=\"async\" src=\"https:\/\/jornalrol.com.br\/wp-content\/plugins\/pdf-print\/images\/print.png\" alt=\"image_print\" title=\"Conte\u00fado de impress\u00e3o\" \/><\/a><\/div><h2><strong><u>Afr\u00e2nio Mello &#8211; ATENDIMENTO N\u00daMERO 520<\/u><\/strong><\/h2>\n<p><!--more--><\/p>\n<p>&nbsp;<\/p>\n<p>Caro Alan,<\/p>\n<p>Pesquisando o sobrenome PLATTNER , de suas origens, encontrei o arquivo<\/p>\n<p>que envio anexado e transcrevo abaixo.<\/p>\n<p>N\u00e3o encontrei esse sobrenome com entradas no Brasil,mais recentes.<\/p>\n<p>Os registros s\u00e3o muito antigos desse sobrenome.<\/p>\n<p>Tem um belo Bras\u00e3o.<\/p>\n<p>Veja s\u00f3 o arquivo :<\/p>\n<p>Grande abra\u00e7o.<\/p>\n<p>Afr\u00e2nio Franco de Oliveira Mello<br \/>\nIHGGI \/ ROL &#8211; Jornal On Line<\/p>\n<p>&nbsp;<\/p>\n<p>&nbsp;<\/p>\n<h2><img decoding=\"async\" class=\" alignleft\" src=\"https:\/\/mail.google.com\/mail\/u\/2\/?ui=2&amp;ik=d4016f14b7&amp;view=fimg&amp;th=14f4b795fd243d1a&amp;attid=0.0.1&amp;disp=emb&amp;attbid=ANGjdJ-y7IVdNozwn6cXaDI9XDO3oCGpXaS8D19UQZx5bTFj3ns_7kdsnG766O62gDZsoBwbhgV7NBs4xDkDp4a1LOnPGf5aaUMdui6ldiAPYXjl6pb-QNmtaW3DqMo&amp;sz=w408-h506&amp;ats=1440169863337&amp;rm=14f4b795fd243d1a&amp;zw&amp;atsh=1\" alt=\"clip_image002\" \/><strong>Plattner, Platner, sobrenome de origem germ\u00e2nica. <\/strong><\/h2>\n<p>Fam\u00edlia oriunda do estado alem\u00e3o da Pr\u00fassia. No in\u00edcio da Idade M\u00e9dia com o fim do Imp\u00e9rio Romano, a regi\u00e3o da atual Alemanha era habitada por diversas tribos b\u00e1rbaras. A regi\u00e3o conhecida como Pr\u00fassia era dividida em regi\u00f5es conhecidas como Brandenburg-Prussia, West Prussia e East Prussia. Os Plattner vem da regi\u00e3o de Brandenburg-Prussia.<\/p>\n<p>O sobrenome possui diversas variantes de acordo com as regi\u00f5es onde os ramos foram se estabelecendo. Plathner, Plath, Plather, Plate, Plat, Plater, Platt, Platter, Platten, Platen, Platener, Platner, Plattener, Pletener, Plettener, Plaeth, Plett, Pletter, Pleter, Pletner, Blate, Blatte, Blatten, entre outros.<\/p>\n<p>H\u00e1 v\u00e1rias cr\u00f4nicas locais sobre Cavaleiros desta fam\u00edlia que tiveram participa\u00e7\u00e3o em vit\u00f3rias e batalhas na Europa. Alguns genealogistas apontam a origem do sobrenome h\u00e1 um certo cavaleiro chamado Otto cum Plata (Plater) que viveu em Ruegen por volta do ano 1255. Outros creditam a origem a um certo cavaleiro franco de sobrenome Platea. O famoso humanista su\u00ed\u00e7o, Thomas Platter (1499-1582) escreveu que os Platter devem seu nome a uma casa constru\u00edda sobre uma borda de um penhasco amplo.<\/p>\n<p>Registra-se <strong>Heinrich Plattner<\/strong>, nascido em 1760, Fullsdorf, Baselland, Su\u00ed\u00e7a; casou-se por volta de 1785 com Anna Barbara During.<\/p>\n<p>Registra-se <strong>Maria Plattner<\/strong>, nascida em 14.05.1850, Basel, Su\u00ed\u00e7a e falecida em 11.03.1874; casou-se em 1869 com Carl D\u00f6ssekel.<\/p>\n<p>Registra-se <strong>Anna Barbara Plattner<\/strong>, nascida em 20.11.1777, Basel, Su\u00ed\u00e7a e falecida em 28.02.1843; casou-se 1798 com Jakob Grauwyler.<\/p>\n<p>Registra-se <strong>Samuel Plattner<\/strong>, nascido em 05.05.1740, Basel, Su\u00ed\u00e7a; casou-se em 1762 com Anna Plattner (sua prima), nascida em 1746, Basel, Su\u00ed\u00e7a e falecida em 1783.<\/p>\n<p>Registra-se <strong>Heinrich Plattner<\/strong>, nascido em 04.03.1713, Basel, Su\u00ed\u00e7a e falecido em 20.12.1783; casou-se em 1734 com Anna Schaffner.<\/p>\n<p>Registra-se <strong>Eva Plattner<\/strong>, nascida em 1697, Brandenburg-Prussia, Alemanha; casou-se em 1720 com Hans Michael Busch. Teve os seguintes filhos: George Adam Busch nascido em 1722; Johanns Busch nascido em 1724; Levi Busch nascido em 1724.<\/p>\n<p>Registra-se <strong>Giuseppe Plattner<\/strong>, nascido em 1924, S\u00fcdtirol, It\u00e1lia e falecido em 1944 em combate na Segunda Guerra Mundial.<\/p>\n<p>Registra-se <strong>Christian Plattner<\/strong>, nascido em 02.03.1869, Imst, Oberinntal, Tirol, \u00c1ustria e falecido em 01.01.1921.<\/p>\n<p>Registra-se <strong>Franz Plattner<\/strong>, nascido em 1826, Zirl, Innsbruck, \u00c1ustria e falecido em 1887.<\/p>\n<p>Registra-se <strong>Johann Luis Plattner<\/strong>, nascido em 04.07.1913, Bozen, S\u00fcdtirol, \u00c1ustria e falecido em 07.07.1982, Salzburg, \u00c1ustria.<\/p>\n<p>Registra-se <strong>Maria Plattner<\/strong>, nascida em 08.09.1880 e falecido em 07.01.1928, Jeneslen, Bozen, S\u00fcdtirol, \u00c1ustria; casou-se em 15.04.1912 com Josef Egger. Teve uma filha: Elisabeth Egger.<\/p>\n<p>Registra-se <strong>Sebastian Plattner<\/strong>, nascido em 17.01.1675, M\u00f6lten, S\u00fcdtirol, \u00c1ustria; filho de Paul Plattner e Maria Gensbacher.<\/p>\n<p>Registra-se <strong>Michael Plattner<\/strong>, nascido em 25.09.1687, M\u00f6lten, S\u00fcdtirol, \u00c1ustria; filho de Martin Plattner e Rosina G\u00f6ttinger.<\/p>\n<p>&nbsp;<\/p>\n<p>&nbsp;<\/p>\n<p><img decoding=\"async\" src=\"https:\/\/mail.google.com\/mail\/u\/2\/?ui=2&amp;ik=d4016f14b7&amp;view=fimg&amp;th=14f4b795fd243d1a&amp;attid=0.0.2&amp;disp=emb&amp;attbid=ANGjdJ8Fh3k-oD64omxJE51WxDrcOyKXQTM_x9O41sKFJkM45SSXMAl5i2qyV7CCKuzN7JEkeHz5KqdGZyLXMp6b2E6acTsh6qJqZHm6NxGlQ8TdO-dyqFKVF-CB54g&amp;sz=w1020-h788&amp;ats=1440169863345&amp;rm=14f4b795fd243d1a&amp;zw&amp;atsh=1\" alt=\"clip_image004\" \/><\/p>\n<p>&nbsp;<\/p>\n<p>&nbsp;<\/p>\n<p><strong>Mapa da Distribui\u00e7\u00e3o do Sobrenome na Europa<\/strong><\/p>\n<p><img decoding=\"async\" src=\"https:\/\/mail.google.com\/mail\/u\/2\/?ui=2&amp;ik=d4016f14b7&amp;view=fimg&amp;th=14f4b795fd243d1a&amp;attid=0.0.3&amp;disp=emb&amp;attbid=ANGjdJ9DDpn8vKuja6LrhsBHMkMQgUr4hPmLpNrDUKcKFC_micviq1u_6vOKZAvYt7LkWgfhC9uS0mv72zDugK1roqv_wdD_RMLKOfkLQ-4JHykIuxG86K1pAjX9r40&amp;sz=w552-h652&amp;ats=1440169863346&amp;rm=14f4b795fd243d1a&amp;zw&amp;atsh=1\" alt=\"clip_image006\" \/><\/p>\n<p><strong>Mapa da Distribui\u00e7\u00e3o do Sobrenome na Alemanha<\/strong><\/p>\n<p><strong>P L A T T N E R<\/strong><\/p>\n","protected":false},"excerpt":{"rendered":"<p>Afr\u00e2nio Mello &#8211; ATENDIMENTO N\u00daMERO 520<\/p>\n","protected":false},"author":3,"featured_media":0,"comment_status":"closed","ping_status":"closed","sticky":false,"template":"","format":"standard","meta":{"_jetpack_newsletter_access":"","_jetpack_dont_email_post_to_subs":false,"_jetpack_newsletter_tier_id":0,"_jetpack_memberships_contains_paywalled_content":false,"_jetpack_memberships_contains_paid_content":false,"footnotes":""},"categories":[7],"tags":[657],"class_list":["post-3042","post","type-post","status-publish","format-standard","hentry","category-comunicacao","tag-afranio-mello"],"aioseo_notices":[],"views":0,"jetpack_featured_media_url":"","jetpack_sharing_enabled":true,"jetpack_likes_enabled":true,"jetpack-related-posts":[{"id":14862,"url":"https:\/\/jornalrol.com.br\/?p=14862","url_meta":{"origin":3042,"position":0},"title":"Genealogia: Afr\u00e2nio Mello atende gratuitamente pedidos de leitores sobre origens de familias. Neste edi\u00e7\u00e3o, familia MELLI.","author":"Helio Rubens","date":"24 de novembro de 2017","format":false,"excerpt":"Afr\u00e2nio Franco de Oliveira Mello - ATENDIMENTO N\u00daMERO 929 Prezado Johny, boa tarde. Nunca havia escutado antes a men\u00e7\u00e3o do Sobrenome MELLI. N\u00e3o tenho esse sobrenome no meu arquivo. Nos Sites que costume pesquisar, nada encontrei. O que achei, sem custo, para manter o meu atendimento \u00e9 o que segue\u2026","rel":"","context":"Em &quot;Comunica\u00e7\u00e3o&quot;","block_context":{"text":"Comunica\u00e7\u00e3o","link":"https:\/\/jornalrol.com.br\/?cat=7"},"img":{"alt_text":"","src":"https:\/\/i0.wp.com\/www.jornalrol.com.br\/wp-content\/uploads\/2017\/01\/afranio.jpg?resize=350%2C200","width":350,"height":200},"classes":[]},{"id":2419,"url":"https:\/\/jornalrol.com.br\/?p=2419","url_meta":{"origin":3042,"position":1},"title":"Genealogia: Afr\u00e2nio Mello fornece informa\u00e7\u00f5es sobre a familia Alfradique","author":"Helio Rubens","date":"4 de julho de 2015","format":false,"excerpt":"Afr\u00e2nio Mello: ATENDIMENTO N\u00daMERO 487 \u00a0 Solicita\u00e7\u00e3o pendente de 22.04.2015 \u00a0 Prezada Ana, \u00a0 Pesquisa extremamente dif\u00edcil. Arquivo s\u00f3 de uma p\u00e1gina que reproduzo abaixo. Sobrenome de pouca incid\u00eancia no Brasil e n\u00e3o encontrei os registros de entrada em nosso pa\u00eds. Encontrei tr\u00eas nomes no Brasil e um nos Estados\u2026","rel":"","context":"Em &quot;Comunica\u00e7\u00e3o&quot;","block_context":{"text":"Comunica\u00e7\u00e3o","link":"https:\/\/jornalrol.com.br\/?cat=7"},"img":{"alt_text":"Genealogista Afr\u00e2nio Mello","src":"https:\/\/i0.wp.com\/www.jornalrol.com.br\/wp-content\/uploads\/2014\/11\/FOTO-CLOSE-AFRANIO.jpg?resize=350%2C200","width":350,"height":200},"classes":[]},{"id":3983,"url":"https:\/\/jornalrol.com.br\/?p=3983","url_meta":{"origin":3042,"position":2},"title":"Genealogia: Afr\u00e2nio Mello fornece informa\u00e7\u00f5es sobre a familia Matias","author":"Helio Rubens","date":"29 de dezembro de 2015","format":false,"excerpt":"Afr\u00e2nio Franco de Oliveira Mello: ATENDIMENTO N\u00daMERO 590 \u00a0 Cara Francisca,boa tarde quase noite. \u00a0 Os arquivos comppletos que envio atendem s\u00f3 aos solicitantes. No Site do Rol-Jornal On Line vai um resumo para todos verem que existe o sobrenome e , caso se interessem, fa\u00e7am o pedido, como voc\u00ea\u2026","rel":"","context":"Em &quot;Comunica\u00e7\u00e3o&quot;","block_context":{"text":"Comunica\u00e7\u00e3o","link":"https:\/\/jornalrol.com.br\/?cat=7"},"img":{"alt_text":"Afr\u00e2nio Mello","src":"https:\/\/i0.wp.com\/www.jornalrol.com.br\/wp-content\/uploads\/2015\/07\/Afr%C3%A2nio-para-o-ROL-2.jpg?resize=350%2C200","width":350,"height":200},"classes":[]},{"id":3941,"url":"https:\/\/jornalrol.com.br\/?p=3941","url_meta":{"origin":3042,"position":3},"title":"Genealogia: Afr\u00e2nio Mello fornece informa\u00e7\u00f5es sobre a fam\u00edlia Melo","author":"Helio Rubens","date":"20 de dezembro de 2015","format":false,"excerpt":"Afr\u00e2nio Franco de Oliveira Mello: ATENDIMENTO N\u00daMERO 575 \u00a0 Caro Rafael, boa tarde. \u00a0 Eu tamb\u00e9m sou da ascend\u00eancia do sobrenome MELLO. \u00a0 Comum em todo o Brasil , de origem portugu\u00easa e com um hist\u00f3rico muito grande no Brasil. \u00a0 \u00a0 \u00a0 Tem com as duas grafias : Melo\u2026","rel":"","context":"Em &quot;Comunica\u00e7\u00e3o&quot;","block_context":{"text":"Comunica\u00e7\u00e3o","link":"https:\/\/jornalrol.com.br\/?cat=7"},"img":{"alt_text":"Afr\u00e2nio Mello","src":"https:\/\/i0.wp.com\/www.jornalrol.com.br\/wp-content\/uploads\/2015\/07\/Afr%C3%A2nio-para-o-ROL-2.jpg?resize=350%2C200","width":350,"height":200},"classes":[]},{"id":5127,"url":"https:\/\/jornalrol.com.br\/?p=5127","url_meta":{"origin":3042,"position":4},"title":"Genealogia: Afr\u00e2nio Mello fornece informa\u00e7\u00f5es gratuitamente sobre a fam\u00edlia Alfradique","author":"Helio Rubens","date":"2 de junho de 2016","format":false,"excerpt":"Afr\u00e2nio Franco de Oliveira Mello - ATENDIMENTO N\u00daMERO 739 \u00a0 Prezada Mariane, Em 04.07.2015 fiz o primeiro atendimento desse sobrenome e, hoje, \u00e9 o segundo. A pessoa que fez a consulta \u00e9 Ana Karen. Em rela\u00e7\u00e3o ao sobrenome ALFRADIQUE envio: Arquivo com s\u00f3 uma p\u00e1gina e um bras\u00e3o. Na primeira\u2026","rel":"","context":"Em &quot;Comunica\u00e7\u00e3o&quot;","block_context":{"text":"Comunica\u00e7\u00e3o","link":"https:\/\/jornalrol.com.br\/?cat=7"},"img":{"alt_text":"","src":"","width":0,"height":0},"classes":[]},{"id":36511,"url":"https:\/\/jornalrol.com.br\/?p=36511","url_meta":{"origin":3042,"position":5},"title":"Genealogia: Afr\u00e2nio Mello Presta informa\u00e7\u00f5es sobre a fam\u00edlia Valad\u00e3o","author":"ADM","date":"9 de janeiro de 2021","format":false,"excerpt":"Afr\u00e2nio Mello presta informa\u00e7\u00f5es sobre a fam\u00edlia VALAD\u00c3O ATENDIMENTO N\u00daMERO 1.315 Caros Jos\u00e9 Luiz Nogueira e M\u00e1rcio Valad\u00e3o. Em aten\u00e7\u00e3o ao pedido de voc\u00eas dois estou encaminhando o arquivo do sobrenome VALAD\u00c3O. VALAD\u00c3O..................... 3 p\u00e1ginas e 1 bras\u00e3o e mais 1 em separado para quadros. Abaixo um resumo para os\u2026","rel":"","context":"Em &quot;Comunica\u00e7\u00e3o&quot;","block_context":{"text":"Comunica\u00e7\u00e3o","link":"https:\/\/jornalrol.com.br\/?cat=7"},"img":{"alt_text":"","src":"https:\/\/i0.wp.com\/www.jornalrol.com.br\/wp-content\/uploads\/2020\/04\/afranio-150x150-1.jpg?resize=350%2C200","width":350,"height":200},"classes":[]}],"_links":{"self":[{"href":"https:\/\/jornalrol.com.br\/index.php?rest_route=\/wp\/v2\/posts\/3042","targetHints":{"allow":["GET"]}}],"collection":[{"href":"https:\/\/jornalrol.com.br\/index.php?rest_route=\/wp\/v2\/posts"}],"about":[{"href":"https:\/\/jornalrol.com.br\/index.php?rest_route=\/wp\/v2\/types\/post"}],"author":[{"embeddable":true,"href":"https:\/\/jornalrol.com.br\/index.php?rest_route=\/wp\/v2\/users\/3"}],"replies":[{"embeddable":true,"href":"https:\/\/jornalrol.com.br\/index.php?rest_route=%2Fwp%2Fv2%2Fcomments&post=3042"}],"version-history":[{"count":0,"href":"https:\/\/jornalrol.com.br\/index.php?rest_route=\/wp\/v2\/posts\/3042\/revisions"}],"wp:attachment":[{"href":"https:\/\/jornalrol.com.br\/index.php?rest_route=%2Fwp%2Fv2%2Fmedia&parent=3042"}],"wp:term":[{"taxonomy":"category","embeddable":true,"href":"https:\/\/jornalrol.com.br\/index.php?rest_route=%2Fwp%2Fv2%2Fcategories&post=3042"},{"taxonomy":"post_tag","embeddable":true,"href":"https:\/\/jornalrol.com.br\/index.php?rest_route=%2Fwp%2Fv2%2Ftags&post=3042"}],"curies":[{"name":"wp","href":"https:\/\/api.w.org\/{rel}","templated":true}]}}