{"id":3044,"date":"2015-08-22T00:23:58","date_gmt":"2015-08-22T03:23:58","guid":{"rendered":"http:\/\/www.jornalrol.com.br\/?p=3044"},"modified":"2015-08-22T00:23:58","modified_gmt":"2015-08-22T03:23:58","slug":"genealogia-afranio-mello-fornece-informacoes-sobre-a-familia-cristal","status":"publish","type":"post","link":"https:\/\/jornalrol.com.br\/?p=3044","title":{"rendered":"Genealogia: Afr\u00e2nio Mello fornece informa\u00e7\u00f5es sobre a FAMILIA CRISTAL"},"content":{"rendered":"<div class=\"pdfprnt-buttons pdfprnt-buttons-post pdfprnt-top-right\"><a href=\"https:\/\/jornalrol.com.br\/index.php?rest_route=%2Fwp%2Fv2%2Fposts%2F3044&print=pdf\" class=\"pdfprnt-button pdfprnt-button-pdf\" target=\"_blank\" ><\/a><a href=\"https:\/\/jornalrol.com.br\/index.php?rest_route=%2Fwp%2Fv2%2Fposts%2F3044&print=print\" class=\"pdfprnt-button pdfprnt-button-print\" target=\"_blank\" ><img decoding=\"async\" src=\"https:\/\/jornalrol.com.br\/wp-content\/plugins\/pdf-print\/images\/print.png\" alt=\"image_print\" title=\"Conte\u00fado de impress\u00e3o\" \/><\/a><\/div><h2><u><strong>Afr\u00e2nio Mello &#8211; ATENDIMENTO N\u00daMERO 521<\/strong><\/u><\/h2>\n<p><!--more--><\/p>\n<p>&nbsp;<\/p>\n<p>Caro Robert,<\/p>\n<p>Demorou um pouco mas consegui o arquivo do sobrenome CRISTAL,<\/p>\n<p>com diversas grafias.<\/p>\n<p>Envio o arquivo e os dos dois Bras\u00f5es em separado.<\/p>\n<p>Abaixo o mesmo :<\/p>\n<p>Est\u00e1 escrito em vermelho os dois casos de registro do nome no BRASIL que foi encontrado.<\/p>\n<p>Fica atendida sua solicita\u00e7\u00e3o e receba o meu fraternal abra\u00e7o.<\/p>\n<h2><img decoding=\"async\" class=\" alignleft\" src=\"https:\/\/mail.google.com\/mail\/u\/2\/?ui=2&amp;ik=d4016f14b7&amp;view=fimg&amp;th=14f4cf2ec21b9117&amp;attid=0.0.1&amp;disp=emb&amp;attbid=ANGjdJ8BqD2LHvRbVY9Pvl2KwNKZnzfauuXS_JP469wVhNItdzeDJklYCrQPBw1Vfo8i5U6y_NcUw4ETqxoo5fT4TjsQxlbCyla5zbIAQtQ4GqY0xLbu-kSlywXWrU0&amp;sz=w426-h484&amp;ats=1440169859148&amp;rm=14f4cf2ec21b9117&amp;zw&amp;atsh=1\" alt=\"clip_image002[3]\" \/>\u00a0 \u00a0<img decoding=\"async\" class=\" alignleft\" src=\"https:\/\/mail.google.com\/mail\/u\/2\/?ui=2&amp;ik=d4016f14b7&amp;view=fimg&amp;th=14f4cf2ec21b9117&amp;attid=0.0.2&amp;disp=emb&amp;attbid=ANGjdJ_7JGrywpm2gWImj9gx3n-8cvqxWno67LmRxPSPzhCyWiqnAMz8-yFQxpdqYov54Eh-jz4ah8jowvQoVAtMQWlcxjUWTojV4kO3KUhXy2kla1wSj_VVvBcuITY&amp;sz=w524-h502&amp;ats=1440169859149&amp;rm=14f4cf2ec21b9117&amp;zw&amp;atsh=1\" alt=\"clip_image004[3]\" \/><strong>Cristal, sobrenome sem uma origem definida.<\/strong><\/h2>\n<p>O nome vem do grego <strong><em>\u03ba\u03c1\u03cd\u03c3\u03c4\u03b1\u03bb\u03bb\u03bf<\/em><\/strong> que significa algo transparente ou puro. Tem uma conota\u00e7\u00e3o mais feminina, sendo algo muito maternal e tem que cuidar a todos que a rodeiam como se fosse sua \u00fanica responsabilidade. Indica uma pessoa rom\u00e2ntica e idealista. Variantes: Chrystal, Crystal, Cristel, Cristol. Sobrenome adotado por muitas fam\u00edlias judias, especialmente em pa\u00edses anglo-sax\u00f5es. Alguns ramos da fam\u00edlia Cristal tamb\u00e9m adotaram o bras\u00e3o Cristol como sendo de sua fam\u00edlia.<\/p>\n<p>&nbsp;<\/p>\n<p>Registra-se <strong>Johanna Ausgust Cristal<\/strong>, nascida em 1860, Prussia, Alemanha; casou-se com 1881 com Hermann Gustar Hill.<\/p>\n<p>Registra-se <strong>Juana Cristal<\/strong>, nascida em 1599, Santa Fe, Argentina; filha de <strong>Felipe Cristal<\/strong>, nascido em 1566, Santa Fe, Argentina e Maria de Oro\u00f1a; casou-se em 1610 com Miguel de Lenchas. Teve duas filhas: <strong>Jeronima\u00a0 Cristal de Lenchas e Maria Cristal de Lenchas.<\/strong><\/p>\n<p>Registra-se <strong>Or\u00e1cio Cristal<\/strong>, nascido em 1914, S\u00e3o Paulo, SP, Brasil e falecido em 1937, Jos\u00e9 Bonif\u00e1cio. SP, Brasil.<\/p>\n<p>Registra-se <strong>Curdiano Cristal<\/strong>, nascido em 05.04.1900, Batatais, S\u00e3o Paulo, Brasil e falecido em 02.06.1951; casou-se em 28.09.1925, Batatais, SP, Brasil com Eugenia Menegolo Ristea; filho de <strong>Jos\u00e9 Cristal<\/strong> e Stella Giroto.<\/p>\n<p>Registra-se <strong>Ginebra Perez Moran y Cristal<\/strong>, nascida em 1581, Assuncion, Paraguai; casou-se em 25.04.1606, Buenos Aires, Argentina com Cristobal de Luque; filha de Pedro Moran e Maria (\u00edndia paraguaia).<\/p>\n<p>Registra-se <strong>John Cristal<\/strong>, nascido em 1775, Spitall, Northumber, Inglaterra.<\/p>\n<p>Registra-se <strong>John Cristal<\/strong>, nascido em 1649, Gargunnock, Stirling, Esc\u00f3cia; casou-se em 1671 com Agnes Anderson. Tiveram dois filhos: <strong>Robert Cristal<\/strong>, nascido em 1672 e <strong>Duncan Cristal<\/strong>, nascido em 1674, Stirling, Esc\u00f3cia; casou-se em 1692 com Janet Kay. Tiveram um filho: <strong>John Cristal<\/strong>, nascido em 1693, Stirling, Esc\u00f3cia.<\/p>\n<p>Registra-se <strong>Jean Crystal<\/strong>, nascido em 20.06.1779, Kippen, Stirling, Esc\u00f3cia; filho de <strong>William Crystal<\/strong> e Jannet Carrick.<\/p>\n<p>Registra-se <strong>Agnes Crystal<\/strong>, nascida em 10.01.1811, Old Monkland, Lanark, Esc\u00f3cia; filha de <strong>George Crystal<\/strong> e Elizabeth Brinton.<\/p>\n<p>Registra-se <strong>Margaret Crystal<\/strong>, nascida em 23.06.1724, Edinburgh, Midlothian, Esc\u00f3cia; filha de <strong>Robert Crystal<\/strong> e Agnes Hume.<\/p>\n<p>Registra-se <strong>Josepha Antonia Maria Joana Crist\u00e1l<\/strong>, nascida em 17.06.1716, Barcelona, Catalunha, Espanha; filha de Joan Crist\u00e1l e Isabel Crist\u00e1l y Miranda.<\/p>\n<p>Registra-se <strong>Rosa Cristal y Bellapart<\/strong>, nascida em 1854, Garrigolas, Espanha; filha de <strong>Miguel Cristal<\/strong> e Eugracia Bellapart; casou-se em 17.06.1876 com Rafael Baguda y Colli na Igreja Cat\u00f3lica de Santa Maria, Ulla, Gerona, Catalunha, Espanha. Teve uma filha:<strong>Catalina Jos\u00e9 Baguda Cristal<\/strong>.<\/p>\n<p>Registra-se <strong>Catherine Cristal<\/strong>, nascida em 1856, Canton Nord, Haut-Garonne, Fran\u00e7a; casou-se em 1877 com Leobin Du Saussay de Grevelle. Teve os seguintes filhos: Fioxel Du Saussay de Grevelle nascido em 1880; Henri Osberne Du Saussay de Greville nascido em 1882 e Robert Du Saussay de Greville nascido em 1885.<\/p>\n<p>Afr\u00e2nio Franco de Oliveira Mello<br \/>\nIHGGI \/ ROL &#8211; Jornal On Line<\/p>\n<p>&nbsp;<\/p>\n<p>Cristal, sobrenome sem uma origem definida. O nome vem do grego <strong><em>\u03ba\u03c1\u03cd\u03c3\u03c4\u03b1\u03bb\u03bb\u03bf<\/em><\/strong> que significa algo transparente ou puro. Tem uma conota\u00e7\u00e3o mais feminina, sendo algo muito maternal e tem que cuidar a todos que a rodeiam como se fosse sua \u00fanica responsabilidade. Indica uma pessoa rom\u00e2ntica e idealista. Variantes: Chrystal, Crystal, Cristel, Cristol. Sobrenome adotado por muitas fam\u00edlias judias, especialmente em pa\u00edses anglo-sax\u00f5es. Alguns ramos da fam\u00edlia Cristal tamb\u00e9m adotaram o bras\u00e3o Cristol como sendo de sua fam\u00edlia.<\/p>\n<p>&nbsp;<\/p>\n<p>Registra-se <strong>Johanna Ausgust Cristal<\/strong>, nascida em 1860, Prussia, Alemanha; casou-se com 1881 com Hermann Gustar Hill.<\/p>\n<p>Registra-se <strong>Juana Cristal<\/strong>, nascida em 1599, Santa Fe, Argentina; filha de <strong>Felipe Cristal<\/strong>, nascido em 1566, Santa Fe, Argentina e Maria de Oro\u00f1a; casou-se em 1610 com Miguel de Lenchas. Teve duas filhas: <strong>Jeronima\u00a0 Cristal de Lenchas e Maria Cristal de Lenchas.<\/strong><\/p>\n<p>Registra-se <strong>Or\u00e1cio Cristal<\/strong>, nascido em 1914, S\u00e3o Paulo, SP, Brasil e falecido em 1937, Jos\u00e9 Bonif\u00e1cio. SP, Brasil.<\/p>\n<p>Registra-se <strong>Curdiano Cristal<\/strong>, nascido em 05.04.1900, Batatais, S\u00e3o Paulo, Brasil e falecido em 02.06.1951; casou-se em 28.09.1925, Batatais, SP, Brasil com Eugenia Menegolo Ristea; filho de <strong>Jos\u00e9 Cristal<\/strong> e Stella Giroto.<\/p>\n<p>Registra-se <strong>Ginebra Perez Moran y Cristal<\/strong>, nascida em 1581, Assuncion, Paraguai; casou-se em 25.04.1606, Buenos Aires, Argentina com Cristobal de Luque; filha de Pedro Moran e Maria (\u00edndia paraguaia).<\/p>\n<p>Registra-se <strong>John Cristal<\/strong>, nascido em 1775, Spitall, Northumber, Inglaterra.<\/p>\n<p>Registra-se <strong>John Cristal<\/strong>, nascido em 1649, Gargunnock, Stirling, Esc\u00f3cia; casou-se em 1671 com Agnes Anderson. Tiveram dois filhos: <strong>Robert Cristal<\/strong>, nascido em 1672 e <strong>Duncan Cristal<\/strong>, nascido em 1674, Stirling, Esc\u00f3cia; casou-se em 1692 com Janet Kay. Tiveram um filho: <strong>John Cristal<\/strong>, nascido em 1693, Stirling, Esc\u00f3cia.<\/p>\n<p>Registra-se <strong>Jean Crystal<\/strong>, nascido em 20.06.1779, Kippen, Stirling, Esc\u00f3cia; filho de <strong>William Crystal<\/strong> e Jannet Carrick.<\/p>\n<p>Registra-se <strong>Agnes Crystal<\/strong>, nascida em 10.01.1811, Old Monkland, Lanark, Esc\u00f3cia; filha de <strong>George Crystal<\/strong> e Elizabeth Brinton.<\/p>\n<p>Registra-se <strong>Margaret Crystal<\/strong>, nascida em 23.06.1724, Edinburgh, Midlothian, Esc\u00f3cia; filha de <strong>Robert Crystal<\/strong> e Agnes Hume.<\/p>\n<p>Registra-se <strong>Josepha Antonia Maria Joana Crist\u00e1l<\/strong>, nascida em 17.06.1716, Barcelona, Catalunha, Espanha; filha de Joan Crist\u00e1l e Isabel Crist\u00e1l y Miranda.<\/p>\n<p>Registra-se <strong>Rosa Cristal y Bellapart<\/strong>, nascida em 1854, Garrigolas, Espanha; filha de <strong>Miguel Cristal<\/strong> e Eugracia Bellapart; casou-se em 17.06.1876 com Rafael Baguda y Colli na Igreja Cat\u00f3lica de Santa Maria, Ulla, Gerona, Catalunha, Espanha. Teve uma filha:<strong>Catalina Jos\u00e9 Baguda Cristal<\/strong>.<\/p>\n<p>Registra-se <strong>Catherine Cristal<\/strong>, nascida em 1856, Canton Nord, Haut-Garonne, Fran\u00e7a; casou-se em 1877 com Leobin Du Saussay de Grevelle. Teve os seguintes filhos: Fioxel Du Saussay de Grevelle nascido em 1880; Henri Osberne Du Saussay de Greville nascido em 1882 e Robert Du Saussay de Greville nascido em 1885.<\/p>\n<p>&nbsp;<\/p>\n<p>&nbsp;<\/p>\n<p><b><\/b>Boa noite Sr. Afr\u00e2nio Mello.<\/p>\n<p>Grato pela ajuda, vou passar para os mais velhos e verificar o eles sabem sobres o que o Sr. Encontrou.<\/p>\n<p>Ainda n\u00e3o recebi informa\u00e7\u00e3o de Brumado, estarei ligando para a Biblioteca para tentar obter mais informa\u00e7\u00f5es, assim que receber envio para o Sr.<\/p>\n<p>Grato<\/p>\n<p>Robert Cristal<\/p>\n<p>&nbsp;<\/p>\n","protected":false},"excerpt":{"rendered":"<p>Afr\u00e2nio Mello &#8211; ATENDIMENTO N\u00daMERO 521<\/p>\n","protected":false},"author":3,"featured_media":0,"comment_status":"closed","ping_status":"closed","sticky":false,"template":"","format":"standard","meta":{"_jetpack_newsletter_access":"","_jetpack_dont_email_post_to_subs":false,"_jetpack_newsletter_tier_id":0,"_jetpack_memberships_contains_paywalled_content":false,"_jetpack_memberships_contains_paid_content":false,"footnotes":""},"categories":[7],"tags":[657],"class_list":["post-3044","post","type-post","status-publish","format-standard","hentry","category-comunicacao","tag-afranio-mello"],"aioseo_notices":[],"views":0,"jetpack_featured_media_url":"","jetpack_sharing_enabled":true,"jetpack_likes_enabled":true,"jetpack-related-posts":[{"id":2926,"url":"https:\/\/jornalrol.com.br\/?p=2926","url_meta":{"origin":3044,"position":0},"title":"Genealogia: Afr\u00e2nio Mello fornece informa\u00e7\u00f5es sobre as FAMILIAS CRISTAL E MEIRA","author":"Helio Rubens","date":"6 de agosto de 2015","format":false,"excerpt":"Afr\u00e2nio Mello - ATENDIMENTO N\u00daMERO 509 Caro Robert, Encaminho o arquivo do sobrenome MEIRA, com 11 p\u00e1ginas e dois bras\u00f5es : um geral e um dos Meira da Bahia. Tem raz\u00e3o quando coloca que um sobrenome MEIRA passou para CRISTAL. Abaixo a principal parte do arquivo onde se refere ao\u2026","rel":"","context":"Em &quot;Comunica\u00e7\u00e3o&quot;","block_context":{"text":"Comunica\u00e7\u00e3o","link":"https:\/\/jornalrol.com.br\/?cat=7"},"img":{"alt_text":"clip_image002","src":"https:\/\/mail.google.com\/mail\/u\/2\/?ui=2&ik=d4016f14b7&view=fimg&th=14ef925efaeca434&attid=0.0.1&disp=emb&attbid=ANGjdJ-dMibDyNteU_zeZ8svGr8veNw1CqlWp33iFw1YencjPnvm-DYWEWQXtv9lHObw1CFYnXRxfSWZi2hXXP5NgwR140bpdnKd9Gu_cy3aH9AWK1zBMngVG3IR6jk&sz=w326-h660&ats=1438911233860&rm=14ef925efaeca434&zw&atsh=1","width":350,"height":200},"classes":[]},{"id":36511,"url":"https:\/\/jornalrol.com.br\/?p=36511","url_meta":{"origin":3044,"position":1},"title":"Genealogia: Afr\u00e2nio Mello Presta informa\u00e7\u00f5es sobre a fam\u00edlia Valad\u00e3o","author":"ADM","date":"9 de janeiro de 2021","format":false,"excerpt":"Afr\u00e2nio Mello presta informa\u00e7\u00f5es sobre a fam\u00edlia VALAD\u00c3O ATENDIMENTO N\u00daMERO 1.315 Caros Jos\u00e9 Luiz Nogueira e M\u00e1rcio Valad\u00e3o. Em aten\u00e7\u00e3o ao pedido de voc\u00eas dois estou encaminhando o arquivo do sobrenome VALAD\u00c3O. VALAD\u00c3O..................... 3 p\u00e1ginas e 1 bras\u00e3o e mais 1 em separado para quadros. Abaixo um resumo para os\u2026","rel":"","context":"Em &quot;Comunica\u00e7\u00e3o&quot;","block_context":{"text":"Comunica\u00e7\u00e3o","link":"https:\/\/jornalrol.com.br\/?cat=7"},"img":{"alt_text":"","src":"https:\/\/i0.wp.com\/www.jornalrol.com.br\/wp-content\/uploads\/2020\/04\/afranio-150x150-1.jpg?resize=350%2C200","width":350,"height":200},"classes":[]},{"id":38051,"url":"https:\/\/jornalrol.com.br\/?p=38051","url_meta":{"origin":3044,"position":2},"title":"Genealogia: Afr\u00e2nio Mello fornece informa\u00e7\u00f5es sobre a fam\u00edlia Moraes Rosa","author":"ADM","date":"25 de fevereiro de 2021","format":false,"excerpt":"Afr\u00e2nio Mello fornece informa\u00e7\u00f5es sobre a fam\u00edlia MORAES ROSA ATENDIMENTO N\u00daMERO \u00a01.337 Clara, Boa tarde \u00a0Vou enviar os seus arquivos aos poucos, pois este primeiro \u00e9 muito grande. e onde est\u00e1 citada sua \u00a0ascendente. \u00a0Eu faria uma impress\u00e3o desse arquivo. Est\u00e1 meio apagado pois eu tirei de\u00a0uma c\u00f3pia j\u00e1 quase\u2026","rel":"","context":"Em &quot;Comunica\u00e7\u00e3o&quot;","block_context":{"text":"Comunica\u00e7\u00e3o","link":"https:\/\/jornalrol.com.br\/?cat=7"},"img":{"alt_text":"","src":"https:\/\/i0.wp.com\/jornalrol.com.br\/wp-content\/uploads\/2021\/02\/image003.jpg?resize=350%2C200&ssl=1","width":350,"height":200},"classes":[]},{"id":3941,"url":"https:\/\/jornalrol.com.br\/?p=3941","url_meta":{"origin":3044,"position":3},"title":"Genealogia: Afr\u00e2nio Mello fornece informa\u00e7\u00f5es sobre a fam\u00edlia Melo","author":"Helio Rubens","date":"20 de dezembro de 2015","format":false,"excerpt":"Afr\u00e2nio Franco de Oliveira Mello: ATENDIMENTO N\u00daMERO 575 \u00a0 Caro Rafael, boa tarde. \u00a0 Eu tamb\u00e9m sou da ascend\u00eancia do sobrenome MELLO. \u00a0 Comum em todo o Brasil , de origem portugu\u00easa e com um hist\u00f3rico muito grande no Brasil. \u00a0 \u00a0 \u00a0 Tem com as duas grafias : Melo\u2026","rel":"","context":"Em &quot;Comunica\u00e7\u00e3o&quot;","block_context":{"text":"Comunica\u00e7\u00e3o","link":"https:\/\/jornalrol.com.br\/?cat=7"},"img":{"alt_text":"Afr\u00e2nio Mello","src":"https:\/\/i0.wp.com\/www.jornalrol.com.br\/wp-content\/uploads\/2015\/07\/Afr%C3%A2nio-para-o-ROL-2.jpg?resize=350%2C200","width":350,"height":200},"classes":[]},{"id":14862,"url":"https:\/\/jornalrol.com.br\/?p=14862","url_meta":{"origin":3044,"position":4},"title":"Genealogia: Afr\u00e2nio Mello atende gratuitamente pedidos de leitores sobre origens de familias. Neste edi\u00e7\u00e3o, familia MELLI.","author":"Helio Rubens","date":"24 de novembro de 2017","format":false,"excerpt":"Afr\u00e2nio Franco de Oliveira Mello - ATENDIMENTO N\u00daMERO 929 Prezado Johny, boa tarde. Nunca havia escutado antes a men\u00e7\u00e3o do Sobrenome MELLI. N\u00e3o tenho esse sobrenome no meu arquivo. Nos Sites que costume pesquisar, nada encontrei. O que achei, sem custo, para manter o meu atendimento \u00e9 o que segue\u2026","rel":"","context":"Em &quot;Comunica\u00e7\u00e3o&quot;","block_context":{"text":"Comunica\u00e7\u00e3o","link":"https:\/\/jornalrol.com.br\/?cat=7"},"img":{"alt_text":"","src":"https:\/\/i0.wp.com\/www.jornalrol.com.br\/wp-content\/uploads\/2017\/01\/afranio.jpg?resize=350%2C200","width":350,"height":200},"classes":[]},{"id":2702,"url":"https:\/\/jornalrol.com.br\/?p=2702","url_meta":{"origin":3044,"position":5},"title":"Leitora atesta a idoneidade e o acerto das pesquisas do genealogista Afr\u00e2nio Mello. A proximidade dos 500 atendimentos atesta o grande alcance do ROL","author":"Helio Rubens","date":"21 de julho de 2015","format":false,"excerpt":"O irm\u00e3o da leitora foi identificado no trabalho do genealogista! Ap\u00f3s ter atendido gratuitamente mais um pedido de leitor do nosso jornal, o genealogista Afr\u00e2nio Mello viu sem trabalho ser reconhecido por uma leitora. No atendimento numero 487, Afr\u00e2nio Mello explicou para a leitora Ana Rangel as dificuldades que encontrou:\u2026","rel":"","context":"Em &quot;Comunica\u00e7\u00e3o&quot;","block_context":{"text":"Comunica\u00e7\u00e3o","link":"https:\/\/jornalrol.com.br\/?cat=7"},"img":{"alt_text":"Genealogista Afr\u00e2nio Mello","src":"https:\/\/i0.wp.com\/www.jornalrol.com.br\/wp-content\/uploads\/2014\/11\/FOTO-CLOSE-AFRANIO.jpg?resize=350%2C200","width":350,"height":200},"classes":[]}],"_links":{"self":[{"href":"https:\/\/jornalrol.com.br\/index.php?rest_route=\/wp\/v2\/posts\/3044","targetHints":{"allow":["GET"]}}],"collection":[{"href":"https:\/\/jornalrol.com.br\/index.php?rest_route=\/wp\/v2\/posts"}],"about":[{"href":"https:\/\/jornalrol.com.br\/index.php?rest_route=\/wp\/v2\/types\/post"}],"author":[{"embeddable":true,"href":"https:\/\/jornalrol.com.br\/index.php?rest_route=\/wp\/v2\/users\/3"}],"replies":[{"embeddable":true,"href":"https:\/\/jornalrol.com.br\/index.php?rest_route=%2Fwp%2Fv2%2Fcomments&post=3044"}],"version-history":[{"count":0,"href":"https:\/\/jornalrol.com.br\/index.php?rest_route=\/wp\/v2\/posts\/3044\/revisions"}],"wp:attachment":[{"href":"https:\/\/jornalrol.com.br\/index.php?rest_route=%2Fwp%2Fv2%2Fmedia&parent=3044"}],"wp:term":[{"taxonomy":"category","embeddable":true,"href":"https:\/\/jornalrol.com.br\/index.php?rest_route=%2Fwp%2Fv2%2Fcategories&post=3044"},{"taxonomy":"post_tag","embeddable":true,"href":"https:\/\/jornalrol.com.br\/index.php?rest_route=%2Fwp%2Fv2%2Ftags&post=3044"}],"curies":[{"name":"wp","href":"https:\/\/api.w.org\/{rel}","templated":true}]}}