{"id":3046,"date":"2015-08-22T00:53:56","date_gmt":"2015-08-22T03:53:56","guid":{"rendered":"http:\/\/www.jornalrol.com.br\/?p=3046"},"modified":"2015-08-22T00:53:56","modified_gmt":"2015-08-22T03:53:56","slug":"artigo-do-celso-lungaretti-ate-quando-os-brasileiros-terao-de-sofrer-por-conta-da-agonia-lenta-de-dilma","status":"publish","type":"post","link":"https:\/\/jornalrol.com.br\/?p=3046","title":{"rendered":"Artigo do Celso Lungaretti: &#039;At\u00e9 quando os brasileiros ter\u00e3o de sofrer por conta da agonia lenta de Dilma?"},"content":{"rendered":"<div class=\"pdfprnt-buttons pdfprnt-buttons-post pdfprnt-top-right\"><a href=\"https:\/\/jornalrol.com.br\/index.php?rest_route=%2Fwp%2Fv2%2Fposts%2F3046&print=pdf\" class=\"pdfprnt-button pdfprnt-button-pdf\" target=\"_blank\" ><\/a><a href=\"https:\/\/jornalrol.com.br\/index.php?rest_route=%2Fwp%2Fv2%2Fposts%2F3046&print=print\" class=\"pdfprnt-button pdfprnt-button-print\" target=\"_blank\" ><img decoding=\"async\" src=\"https:\/\/jornalrol.com.br\/wp-content\/plugins\/pdf-print\/images\/print.png\" alt=\"image_print\" title=\"Conte\u00fado de impress\u00e3o\" \/><\/a><\/div><h2><strong>GOLEADA NAS RUAS, S\u00d3 RESTA UMA ATITUDE DIGNA PARA DILMA: RENUNCIAR<\/strong><\/h2>\n<p><!--more--><\/p>\n<p>Celso Lungaretti, n<strong>o blogue\u00a0<a href=\"http:\/\/naufrago-da-utopia.blogspot.com.br\/\">N\u00e1ufrago da Utopia<\/a><\/strong><\/p>\n<table>\n<tbody>\n<tr>\n<td>\u00a0<img loading=\"lazy\" decoding=\"async\" class=\"\" src=\"https:\/\/ci5.googleusercontent.com\/proxy\/w39wuv-CDCd0SjAaejR9t3WXIvn7YszBtUFTS9C8vlaV5rIj3ncej0kdoNwveMEcuxpuDVGCqpiIYXJW9FN6lLGmp4I7Gu6jEIHHSdIAc3zLt8NO6Bw3a_0xbeVOrtrtL8USyPUgG1uA3kmWIeAc0Wa6NeU8VbfdULwJLTytII9XlZ8Ijx8Dxoe3-oUjeHAKeOduWFBICJphp9KnAHm553Kx7P6FaFnIyJNVr-EtWc2P6YBMD2rrn5M0v-_fur-k6Pcodcc9P6YFzh67VU_kQcdsUO0Hpdg9QGhFHjyxBklicuz_ZeSNOA=s0-d-e1-ft#https:\/\/images-blogger-opensocial.googleusercontent.com\/gadgets\/proxy?url=http%3A%2F%2Fs.glbimg.com%2Fjo%2Fg1%2Ff%2Foriginal%2F2015%2F08%2F20%2Fprotesto-sp4.jpg&amp;container=blogger&amp;gadget=a&amp;rewriteMime=image%2F*\" alt=\"\" width=\"724\" height=\"482\" \/><\/td>\n<\/tr>\n<tr>\n<td style=\"text-align: center;\"><strong>Demonstra\u00e7\u00e3o de fraqueza: os 37 mil de 5\u00aa feira na av. Paulista pouco impressionaram&#8230;<\/strong><\/td>\n<\/tr>\n<\/tbody>\n<\/table>\n<p><strong>A<\/strong>s manifesta\u00e7\u00f5es desta 5\u00aa feira (20), contr\u00e1rias tanto ao impeachment da presidenta Dilma Rousseff quanto \u00e0 pol\u00edtica econ\u00f4mica da dita cuja, acabaram reunindo aproximadamente um d\u00e9cimo dos cidad\u00e3os que no \u00faltimo domingo (16) foram \u00e0s ruas pedir o afastamento de Dilma do poder.<\/p>\n<p>Ou seja, n\u00e3o houve nenhuma virada, mas sim a confirma\u00e7\u00e3o de que, nas ruas, o escore de Dilma \u00e9 quase o mesmo das pesquisas de opini\u00e3o em que se afere sua aprova\u00e7\u00e3o x rejei\u00e7\u00e3o: perde por goleada mais acachapante ainda do que os 7&#215;1 de nossa maior humilha\u00e7\u00e3o futebol\u00edstica em todos os tempos.<\/p>\n<p>J\u00e1 que uma vez ela equiparou o desempenho do seu governo ao da Sele\u00e7\u00e3o Brasileira sob a dire\u00e7\u00e3o do t\u00e9cnico Luiz Felipe Scolari, bem que poderia levar tal palpite infeliz \u00e0s \u00faltimas consequ\u00eancias, deixando o cargo como o Felip\u00e3o, mas sem esperar ser chutada como o Felip\u00e3o. Est\u00e1 na hora da ren\u00fancia.<\/p>\n<p>Bem que a esquerda do PT tentou melhorar um pouco o quadro, ao conceber um protesto, no m\u00ednimo, peculiar:\u00a0<strong><em>fica Dilma!<\/em><\/strong>\u00a0\u00a0+\u00a0<strong><em>fora Levy!<\/em><\/strong>.\u00a0Ou seja, ofereceu um \u00e1libi aos quadros mais coerentes do partido, que estavam envergonhados de se mostrarem um p\u00fablico defendendo um governo neoliberal.<\/p>\n<table>\n<tbody>\n<tr>\n<td style=\"text-align: center;\">\u00a0<img decoding=\"async\" class=\" alignnone\" src=\"https:\/\/ci4.googleusercontent.com\/proxy\/ojWGrSN4b3zcoVXWS3NImiR_ZLTN2gWtY9SdZlqNotKPLVr6BBp1P4Ft6h9JmJxG5CZR9CPgsTEqZ_XDk4Px9O3abUcU2tgz_0MEELwZ70HgE2_sm0enxE9dHpkp3_yNEl0aZZcDDiP2k1Ad9uKI95NzWhiMT9z_NagC-3enRA9sUZlmUE842sj-oyIrChdMZB5xhbVxgCuqypBiyyaXGDRmkP_1v3T2BzichgkXxhqnuPlDx1VbtdY_z8K-XBKkEhcKzDc_8SB6IKTotRqAjmSwUCK6y5Lj1yw5yQYibIQMQkL6dizaDCPywf65GXRKR8mJadn-3Q2Km5antu6LryM09ifUZ9iQDOG7F9oK64ovi5K7DH6qcSupuTurVasORLFyRpPqbj3r1goDprbNsL5_NBMoeb6vO4G6i3t55Oc=s0-d-e1-ft#https:\/\/images-blogger-opensocial.googleusercontent.com\/gadgets\/proxy?url=http%3A%2F%2Fs2.glbimg.com%2Fm_80LgEQYQklncr5iFAutBfNfQ4%3D%2F620x465%2Fs.glbimg.com%2Fjo%2Fg1%2Ff%2Foriginal%2F2015%2F08%2F16%2Fbrazil-rousseff-_paulo_whitaker_reuters_3.jpg&amp;container=blogger&amp;gadget=a&amp;rewriteMime=image%2F*\" alt=\"\" \/><\/td>\n<\/tr>\n<tr>\n<td>\n<p style=\"text-align: center;\"><strong>&#8230;em contraste com os 135 mil do domingo.<\/strong><\/p>\n<\/td>\n<\/tr>\n<\/tbody>\n<\/table>\n<p>Noves fora, isto n\u00e3o fez aumentar o n\u00famero de participantes dos atos, mas permitiu constatar-se a enorme ojeriza ao ministro da Fazenda nas hostes petistas: ele foi t\u00e3o execrado pelos manifestantes quanto o presidente da C\u00e2mara Federal, Eduardo Cunha, que as redes virtuais obedientes \u00e0 orienta\u00e7\u00e3o palaciana h\u00e1 muito erigem em vil\u00e3o m\u00e1ximo.<\/p>\n<p>Dilma jogou no ralo mais uma oportunidade de, pelo menos, tentar virar o jogo: se houvesse exonerado Levy antes da jornada de 5\u00aa feira, sinalizando a desist\u00eancia de impor aos brasileiros uma pol\u00edtica econ\u00f4mica conflitante ao extremo com os valores e tradi\u00e7\u00f5es do PT, reunificaria seu partido e ofereceria um m\u00ednimo de esperan\u00e7a aos que amargam a recess\u00e3o.<\/p>\n<p>Agora, s\u00f3 lhe resta fazer coro com a mentira deslavada de Levy, que finge acreditar numa melhora da economia ainda neste ano, embora ele, o FMI, os economistas reputados e os principais analistas do chamado\u00a0<strong><em>mercado<\/em><\/strong>\u00a0estejam carecas de saber que 2015 e 2016 j\u00e1 est\u00e3o condenados. Pior: nada, por enquanto, indica que a retomada come\u00e7ar\u00e1 mesmo em 2017. Depende do que ser\u00e1 feito em seguida, depois de o ajuste fiscal, na primeira investida, fracassar miseravelmente.<\/p>\n<p>Para ele ser executado conforme manda o figurino, precisar\u00e1 ser criado um consenso entre as principais for\u00e7as pol\u00edticas, incluindo a defini\u00e7\u00e3o dos sacrif\u00edcios a serem suportados por todas as classes e segmentos da popula\u00e7\u00e3o, pois jogar a conta toda nas costas dos coitadezas \u00e9 imposs\u00edvel: eles j\u00e1 est\u00e3o t\u00e3o empobrecidos que n\u00e3o t\u00eam mais como apertarem os cintos. Morrer\u00e1 gente.<\/p>\n<p>Como n\u00e3o temos, nem de longe, harmonia entre os poderes da na\u00e7\u00e3o neste momento &#8211;em Bras\u00edlia impera o caos&#8211;, conseguir um consenso para respaldar o arrocho fiscal \u00e9 miss\u00e3o praticamente imposs\u00edvel. N\u00e3o rolar\u00e1. Nasceu morto e imp\u00f5e um in\u00fatil penar aos que j\u00e1 penam demais, conforme constatou o comentarista econ\u00f4mico Vin\u00edcius Torres Freire num texto cujo t\u00edtulo,\u00a0<a href=\"http:\/\/www1.folha.uol.com.br\/colunas\/viniciustorres\/2015\/08\/1670992-esfolar-o-povo-a-toa.shtml\"><strong>Esfolar o povo \u00e0 toa<\/strong><\/a>, j\u00e1 disse tudo:<\/p>\n<p><strong><img decoding=\"async\" class=\" alignleft\" src=\"https:\/\/1.bp.blogspot.com\/-Rv-zUCmUA3M\/VMASgj8HABI\/AAAAAAACdkw\/YF2jdwJxjow\/s1600\/charge-recessao1.jpg\" alt=\"\" \/>&#8220;<\/strong>A recess\u00e3o est\u00e1 solta nas ruas, parte do povo \u00e9 esfolada, como de h\u00e1bito e inevit\u00e1vel, sofrimento ainda mais gratuito e talvez prolongado porque n\u00e3o se percebe princ\u00edpio algum de ordem, dire\u00e7\u00e3o e sentido no que se faz em Bras\u00edlia.<\/p>\n<p>&#8230;N\u00e3o h\u00e1 coordena\u00e7\u00e3o de partidos, nem de bancadas, lideran\u00e7as capazes ou interessadas em recolocar alguma ordem no Parlamento. Pelas atitudes recentes, n\u00e3o se nota que a presidente tenha reconhecido o tamanho da encrenca econ\u00f4mica ou pol\u00edtica, realimentando ela mesmo crises palacianas, p. ex.<\/p>\n<p>Em suma, o sacrif\u00edcio do ajuste em parte \u00e9 crueldade pura, pois \u00e9 consumido pela crise pol\u00edtica cont\u00ednua<strong>&#8220;<\/strong>.<\/p>\n<p>Afora o fato de que seguir direitinho as receitas amargas da ortodoxia econ\u00f4mica n\u00e3o tem levado os pa\u00edses \u00e0 bonan\u00e7a, mas sim \u00e0 desgra\u00e7a. Como escreveu o Pr\u00eamio Nobel de Economia Paul Krugman, os &#8220;imensos sacrif\u00edcios&#8221; que foram impostos \u00e0 Gr\u00e9cia a partir de 2010 &#8220;supostamente deveriam produzir recupera\u00e7\u00e3o&#8221;, mas, &#8220;em lugar disso, a destrui\u00e7\u00e3o do poder aquisitivo aprofundou a crise, criando sofrimento em escala semelhante ao da Grande Depress\u00e3o e severos problemas humanit\u00e1rios&#8221;.<\/p>\n<p><strong>DILMA \u00c9 A PESSOA ERRADA,\u00a0<\/strong><strong>NO\u00a0<\/strong><strong>LUGAR ERRADO E NA HORA ERRADA.<\/strong><\/p>\n<p><img loading=\"lazy\" decoding=\"async\" class=\" alignright\" src=\"https:\/\/1.bp.blogspot.com\/-zCFxJt9Zqvk\/VS43zNSIuQI\/AAAAAAAATUc\/WEsFalmUUFY\/s1600\/dilma-triste.jpg\" alt=\"\" width=\"514\" height=\"289\" \/>Como o que foi feito at\u00e9 hoje determina a continuidade da recess\u00e3o pelo menos at\u00e9 2017 e nada est\u00e1 sendo feito que v\u00e1 melhorar o quadro, a perspectiva \u00e9 de que a pen\u00faria e o desemprego nos fustiguem por muito tempo ainda.<\/p>\n<p>Pelo que mostrou at\u00e9 agora, ter\u00e1 Dilma compet\u00eancia e credibilidade para conduzir o Pa\u00eds num per\u00edodo t\u00e3o dif\u00edcil? Como Roosevelt, encontrar\u00e1 formas para, pelo menos, atenuar o sofrimento dos brasileiros? Como Churchill, conseguir\u00e1 pedir-lhes &#8220;sangue, suor, trabalho e l\u00e1grimas&#8221; sem que eles caiam na gargalhada? Pensem nisto.<\/p>\n<p>Sim, o governo de Dilma \u00e9 legal e se beneficia, conforme o veterano jornalista Clovis Rossi\u00a0<a href=\"http:\/\/naufrago-da-utopia.blogspot.com.br\/2015\/08\/clovis-rossi-corporificacao-quente-dos.html\"><strong>destacou<\/strong><\/a>, da exist\u00eancia de &#8220;uma profunda desconex\u00e3o entre a rua e o disfuncional sistema pol\u00edtico brasileiro e entre as urnas e a superestrutura pol\u00edtica&#8221;. Da\u00ed n\u00e3o haver como derrub\u00e1-lo com um voto de desconfian\u00e7a.<\/p>\n<p>Mas, a ilegitimidade cobra seu pre\u00e7o. Os governistas acusam A\u00e9cio Neves de n\u00e3o saber perder, mas omitem que Dilma n\u00e3o soube ganhar. Superou Marina Silva e o pr\u00f3prio A\u00e9cio recorrendo a uma demagogia delirante e avassaladora, na linha de &#8220;ou eu, ou o dil\u00favio&#8221;. Nada teve de positivo para oferecer ao eleitorado, sua campanha foi totalmente negativa, de sataniza\u00e7\u00e3o dos dois principais advers\u00e1rios.<\/p>\n<p><img loading=\"lazy\" decoding=\"async\" class=\" alignleft\" src=\"https:\/\/ci3.googleusercontent.com\/proxy\/sqwOuZN6stALa7yQhcR3_-oMfQ98sS8BCmiXdIsgcIV7d0VbiiW0feOGhm9oEGj9vR2VIS2qwdqFOKquKcnMBlazJ5luE-nUAFJ9x0R23QVIKBDlIpgfoJYhj-17orp9frYcs5joCxzogtOdHSNzPKxCCHiRmz5bUJyQAZyV_MLQnsNxRZx7hRE_n2Lr668IFadpee_OLk88R7hk5YnoB3GW68P2wSEsAVLq9FBiIjGCxVUNj3WoFQaC0vCwIU4WY7EH-nL8Ig5gW2Y_AkY=s0-d-e1-ft#https:\/\/images-blogger-opensocial.googleusercontent.com\/gadgets\/proxy?url=http%3A%2F%2Fgeradormemes.com%2Fmedia%2Fcreated%2Fhi1l0c.jpg&amp;container=blogger&amp;gadget=a&amp;rewriteMime=image%2F*\" alt=\"\" width=\"506\" height=\"381\" \/>Era \u00f3bvio que deixaria feridas sangrando muito mais do que o habitual no front inimigo e era tamb\u00e9m \u00f3bvio que os eleitores iludidos n\u00e3o se conformariam com a chegada do dil\u00favio pelas m\u00e3os da pr\u00f3pria Dilma. O estelionato eleitoral est\u00e1 na raiz de sua descomunal impopularidade atual.<\/p>\n<p>Mas, estelionato eleitoral tamb\u00e9m n\u00e3o \u00e9 raz\u00e3o suficiente para o impeachment, em termos formais. Cabe aos dirigentes petistas refletirem sobre se vale a pena continuarem aferrados de forma t\u00e3o obsessiva ao poder apesar de amplamente rejeitados pelos brasileiros, humilhados na batalha das ruas e incapazes de acenarem com qualquer perspectiva fundada de melhora.<\/p>\n<p>At\u00e9 quando conduzir\u00e3o o Titanic na dire\u00e7\u00e3o do iceberg? Estar\u00e3o cientes de que v\u00e3o passar \u00e0 Hist\u00f3ria como os insensatos que imolaram os trabalhadores no altar de suas ambi\u00e7\u00f5es e de sua falta de grandeza hist\u00f3rica?<\/p>\n<p>\u00c9 melhor uma ren\u00fancia digna do que a manuten\u00e7\u00e3o do poder por meios indignos, como os vergonhosos\u00a0<strong><em>toma-l\u00e1-d\u00e1-c\u00e1<\/em><\/strong>\u00a0que presenciamos na semana passada, quando sujeitinhos imundos foram cooptados e se firmaram pactos faustianos com as for\u00e7as demon\u00edacas que o PT prometera exorcizar.<\/p>\n<p>&nbsp;<\/p>\n<p>&nbsp;<\/p>\n<p>&nbsp;<\/p>\n<p><strong>OUTROS POSTS RECENTES DO BLOGUE\u00a0<a href=\"http:\/\/naufrago-da-utopia.blogspot.com.br\/\">N\u00c1UFRAGO DA UTOPIA<\/a>\u00a0(clique p\/ abrir):<\/strong><\/p>\n<p><a href=\"http:\/\/naufrago-da-utopia.blogspot.com.br\/2015\/08\/o-partido-dos-trabalhadores-precisa.html\"><strong><u>O PARTIDO DOS TRABALHADORES PRECISA MUDAR O NOME: PODE SER ACUSADO DE PROPAGANDA ENGANOSA&#8230;<\/u><\/strong><\/a><\/p>\n<p><a href=\"http:\/\/naufrago-da-utopia.blogspot.com.br\/2015\/08\/dize-me-com-quem-andas.html\"><strong><u>DIZE-ME COM QUEM ANDAS&#8230;<\/u><\/strong><\/a><\/p>\n<p><a href=\"http:\/\/naufrago-da-utopia.blogspot.com.br\/2015\/08\/pingos-nos-ii.html\"><strong><u>PINGOS NOS II&#8230;<\/u><\/strong><\/a><\/p>\n<p><a href=\"http:\/\/naufrago-da-utopia.blogspot.com.br\/2015\/08\/5-feira-esquerda-dara-um-sonoro-nao.html\"><strong><u>5\u00aa FEIRA A ESQUERDA DAR\u00c1 UM SONORO &#8220;N\u00c3O&#8221; \u00c1 OP\u00c7\u00c3O NEOLIBERAL DO GOVERNO DILMA!!!<\/u><\/strong><\/a><\/p>\n<p><a href=\"http:\/\/naufrago-da-utopia.blogspot.com.br\/2015\/08\/mais-uma-vez-os-jornaloes-se-curvam.html\"><strong><u>MAIS UMA VEZ OS JORNAL\u00d5ES SE CURVAM ANTE O N\u00c1UFRAGO&#8230;<\/u><\/strong><\/a><\/p>\n<p><a href=\"http:\/\/naufrago-da-utopia.blogspot.com.br\/2015\/08\/ricardo-melo-saida-direita.html\"><strong><u>RICARDO MELO: &#8220;A SA\u00cdDA \u00c0 DIREITA DEFINITIVAMENTE ENFRAQUECE O GOVERNO&#8221;.<\/u><\/strong><\/a><\/p>\n<p><a href=\"http:\/\/naufrago-da-utopia.blogspot.com.br\/2015\/08\/clovis-rossi-corporificacao-quente-dos.html\"><strong><u>CL\u00d3VIS ROSSI: &#8220;CORPORIFICA\u00c7\u00c3O A QUENTE DOS GR\u00c1FICOS FRIOS DA PESQUISA DE (IM)POPULARIDADE&#8221;<\/u><\/strong><\/a><\/p>\n<p><a href=\"http:\/\/naufrago-da-utopia.blogspot.com.br\/2015\/08\/novamente-em-cartaz-no-cine-pm.html\"><strong><u>NOVAMENTE EM CARTAZ NO CINE PM<\/u><\/strong><\/a><\/p>\n<p><a href=\"http:\/\/naufrago-da-utopia.blogspot.com.br\/2015\/08\/apollo-natali-getulio-vargas-e-carlos.html\"><strong><u>APOLLO NATALI: &#8220;VARGAS E LACERDA, UMA HISTORINHA ESP\u00cdRITA&#8221;<\/u><\/strong><\/a><\/p>\n<p><a href=\"http:\/\/naufrago-da-utopia.blogspot.com.br\/2015\/08\/nos-quarteis-lhes-ensinam-antigas.html\"><strong><u>NOS QUART\u00c9IS LHES ENSINAM ANTIGAS LI\u00c7\u00d5ES&#8221;. E TAMB\u00c9M NAS ESCOLAS?!<\/u><\/strong><\/a><\/p>\n","protected":false},"excerpt":{"rendered":"<p>GOLEADA NAS RUAS, S\u00d3 RESTA UMA ATITUDE DIGNA PARA DILMA: RENUNCIAR<\/p>\n","protected":false},"author":3,"featured_media":0,"comment_status":"closed","ping_status":"closed","sticky":false,"template":"","format":"standard","meta":{"_jetpack_newsletter_access":"","_jetpack_dont_email_post_to_subs":false,"_jetpack_newsletter_tier_id":0,"_jetpack_memberships_contains_paywalled_content":false,"_jetpack_memberships_contains_paid_content":false,"footnotes":""},"categories":[7],"tags":[1797],"class_list":["post-3046","post","type-post","status-publish","format-standard","hentry","category-comunicacao","tag-celso-lungaretti"],"aioseo_notices":[],"views":0,"jetpack_featured_media_url":"","jetpack_sharing_enabled":true,"jetpack_likes_enabled":true,"jetpack-related-posts":[{"id":4487,"url":"https:\/\/jornalrol.com.br\/?p=4487","url_meta":{"origin":3046,"position":0},"title":"Artigo de Celso Lungaretti: &#039;DILMA, LULA E MORO: N\u00c3O H\u00c1 INOCENTE NESTE IMBROGLIO!&#039;","author":"Helio Rubens","date":"21 de mar\u00e7o de 2016","format":false,"excerpt":"Celso Lungaretti -\u00a0TR\u00caS PERDIDOS NUMA NOITE SUJA O\u00a0que ocorreu na \u00faltima 4\u00aa feira (16\/03) foi o abuso de poder de um juiz reagindo ao abuso de poder de uma presidente da Rep\u00fablica para livrar a cara de um ex-presidente da Rep\u00fablica. Por Celso Lungaretti, no blogue\u00a0N\u00e1ufrago da Utopia. Mesmo que\u2026","rel":"","context":"Em &quot;Comunica\u00e7\u00e3o&quot;","block_context":{"text":"Comunica\u00e7\u00e3o","link":"https:\/\/jornalrol.com.br\/?cat=7"},"img":{"alt_text":"","src":"","width":0,"height":0},"classes":[]},{"id":4452,"url":"https:\/\/jornalrol.com.br\/?p=4452","url_meta":{"origin":3046,"position":1},"title":"Celso Lungaretti: &#039;DILMA, ACABOU.\u00a0&#039;","author":"Helio Rubens","date":"17 de mar\u00e7o de 2016","format":false,"excerpt":"N\u00c3O TEM MAIS JEITO. \u00a0 Por Celso Lungaretti, no blogue\u00a0N\u00e1ufrago da Utopia. Dilma, acabou. N\u00e3o tem mais jeito. Voc\u00ea fez hoje o que decerto n\u00e3o fazia no tempo em que ambos \u00e9ramos militantes da VAR-Palmares: numa conversa que poderia ser interceptada, deu nome aos bois ao inv\u00e9s de passar o\u2026","rel":"","context":"Em &quot;Comunica\u00e7\u00e3o&quot;","block_context":{"text":"Comunica\u00e7\u00e3o","link":"https:\/\/jornalrol.com.br\/?cat=7"},"img":{"alt_text":"","src":"https:\/\/ci4.googleusercontent.com\/proxy\/7nMTjVScygVQxIy4twmNgpyWSlE4XUFE_PN9mZ6Nda-8WY5B6mn213vIbASf59fDb8odsvt9DsssykjyR0zxwcHZyHd2DTzm8pM17YSR06nz_sez1vAwW1KMnH_e0-hW_Cz5myrnpZ-K06jm_iiaKPAemBD2zLgMXkLLhW2_hmN7nCgIZB73Yl6TGgwMA85Xe6R0AIy3wwrhGIUBp3iTOwW4oZ71O-hCeSdmIjVus5e7cdQWSoGJDfYYmh96y_oeKAIB4kLY5XiM=s0-d-e1-ft#https:\/\/images-blogger-opensocial.googleusercontent.com\/gadgets\/proxy?url=http%3A%2F%2Fwww.mdig.com.br%2Fmedia%2F10680%2FLula.jpg&container=blogger&gadget=a&rewriteMime=image%2F*","width":350,"height":200},"classes":[]},{"id":4503,"url":"https:\/\/jornalrol.com.br\/?p=4503","url_meta":{"origin":3046,"position":2},"title":"Artigo e Celso Lungaretti: &#039;O USO DO CACHIMBO FAZ A BOCA TORTA: GOVERNO AGORA EXUMA E REAPROVEITA OS CLICH\u00caS DA DITADURA MILITAR!&#039;","author":"Helio Rubens","date":"22 de mar\u00e7o de 2016","format":false,"excerpt":"Celso Lungaretti -\u00a0PEGAR DILMA NA MENTIRA \u00c9 AMEA\u00c7AR A SEGURAN\u00c7A NACIONAL?! FAL\u00c1 S\u00c9RIO... \u00a0 Por Celso Lungaretti, no blogue\u00a0N\u00e1ufrago da Utopia. Se dizer as mais crassas asneiras sujeitasse presidente a impeachment, a Dilma estaria mais encalacrada ainda do que j\u00e1 est\u00e1. Como brasileiro, sinto imensa vergonha cada vez que ela\u2026","rel":"","context":"Em &quot;Comunica\u00e7\u00e3o&quot;","block_context":{"text":"Comunica\u00e7\u00e3o","link":"https:\/\/jornalrol.com.br\/?cat=7"},"img":{"alt_text":"","src":"","width":0,"height":0},"classes":[]},{"id":4446,"url":"https:\/\/jornalrol.com.br\/?p=4446","url_meta":{"origin":3046,"position":3},"title":"Artigo de Celso Lungaretti: &#039;A \u00daLTIMA CARTADA DO GOVERNO PARA EVITAR O IMPEACHMENT&#039;","author":"Helio Rubens","date":"16 de mar\u00e7o de 2016","format":false,"excerpt":"LULA SUPERMINISTRO. VAI DAR CERTO? Por Celso Lungaretti, no blogue\u00a0N\u00e1ufrago da Utopia. A\u00a0posse de Luiz In\u00e1cio Lula da Silva como superministro significa, em termos pr\u00e1ticos, que Dilma Rousseff desistiu de ser presidente de fato e tentar\u00e1 manter-se como presidente figurativa, cumprindo fun\u00e7\u00f5es cerimoniais at\u00e9 o final do seu mandato. Mas,\u2026","rel":"","context":"Em &quot;Comunica\u00e7\u00e3o&quot;","block_context":{"text":"Comunica\u00e7\u00e3o","link":"https:\/\/jornalrol.com.br\/?cat=7"},"img":{"alt_text":"","src":"https:\/\/ci6.googleusercontent.com\/proxy\/byI2wKdJqVWgAg5kjPkWiw7WhrmdQ9x5m4Xdpe8TM7PKlN2dhQTncT35LynBz3foNj3jRYQgw5Ae8xSr069kZxBsY134lBXvEfEJExl_xwrkVS_Mn88P2dzbDRqxUs2E-zcp_sdpdc2UKisz-VJiRw-SRjOWphmYxBVmq5duNmgTdTIza6eb9FrV_hQkbyUgB9A0aXDmtQ_k6AZK59a001DP8bpC4wsFt0LAkVvimC3w63kmCj79AOZrr5ALGa1p9cKPv40CqXNH3kE0folEz2i0F7Xdm_4pYSxyDdk9nqE1emQWIWc3rXW770PgJg=s0-d-e1-ft#https:\/\/images-blogger-opensocial.googleusercontent.com\/gadgets\/proxy?url=http%3A%2F%2Fwww.blogdogarotinho.com.br%2Fblog%2Ffotos%2F20150919_dilmasempodercapaepoca.jpg&container=blogger&gadget=a&rewriteMime=image%2F*","width":350,"height":200},"classes":[]},{"id":4423,"url":"https:\/\/jornalrol.com.br\/?p=4423","url_meta":{"origin":3046,"position":4},"title":"Artigo de Celso Lungaretti: &#039;DA RAINHA DA INGLATERRA PARA DILMA: &quot;EU SOU VOC\u00ca AMANH\u00c3&quot;","author":"Helio Rubens","date":"15 de mar\u00e7o de 2016","format":false,"excerpt":"Celso Lungaretti\\;\u00a0DILMA CAI!!! Por Celso Lungaretti, no blogue\u00a0N\u00e1ufrago da Utopia. Foi um fim de semana decisivo: as centenas de convencionais do PMDB e os milh\u00f5es de manifestantes contra o governo de Dilma Rousseff conseguiram afast\u00e1-la do exerc\u00edcio efetivo da Presid\u00eancia da Rep\u00fablica. Com a exasperante lerdeza de racioc\u00ednio que a\u2026","rel":"","context":"Em &quot;Comunica\u00e7\u00e3o&quot;","block_context":{"text":"Comunica\u00e7\u00e3o","link":"https:\/\/jornalrol.com.br\/?cat=7"},"img":{"alt_text":"","src":"https:\/\/i0.wp.com\/2.bp.blogspot.com\/-i8FxARX4IKw\/U25ABamDG5I\/AAAAAAAAL9M\/jFzs-fgDynI\/s1600\/dilma%2Bescorrega.JPG?resize=350%2C200&ssl=1","width":350,"height":200,"srcset":"https:\/\/i0.wp.com\/2.bp.blogspot.com\/-i8FxARX4IKw\/U25ABamDG5I\/AAAAAAAAL9M\/jFzs-fgDynI\/s1600\/dilma%2Bescorrega.JPG?resize=350%2C200&ssl=1 1x, https:\/\/i0.wp.com\/2.bp.blogspot.com\/-i8FxARX4IKw\/U25ABamDG5I\/AAAAAAAAL9M\/jFzs-fgDynI\/s1600\/dilma%2Bescorrega.JPG?resize=525%2C300&ssl=1 1.5x"},"classes":[]},{"id":3424,"url":"https:\/\/jornalrol.com.br\/?p=3424","url_meta":{"origin":3046,"position":5},"title":"Artigo de Celso Lungaretti: &#039;Dilma deveria renunciar imediatamente!&#039;","author":"Helio Rubens","date":"8 de outubro de 2015","format":false,"excerpt":"Celso Lungaretti: 'QUANTO MAIS DILMA REFUGAR, MAIS REFOR\u00c7AR\u00c1 A IMPRESS\u00c3O DE HAVER SIDO CHUTADA' O\u00a0governo Dilma sofreu derrota acachapante no Tribunal de Contas da Uni\u00e3o, por irresponsabilidade fiscal.DILMA DEVERIA RENUNCIAR IMEDIATAMENTE! Celso Lungaretti, no blogue\u00a0N\u00e1ufrago da Utopia Certamente sofrer\u00e1 outra no Tribunal Superior Eleitoral, por financiamento il\u00edcito da campanha presidencial\u2026","rel":"","context":"Em &quot;Comunica\u00e7\u00e3o&quot;","block_context":{"text":"Comunica\u00e7\u00e3o","link":"https:\/\/jornalrol.com.br\/?cat=7"},"img":{"alt_text":"","src":"https:\/\/ci4.googleusercontent.com\/proxy\/iPYrP6dkxNUCS2W6Gu-riqpq4jyF0iwWytIokQjDHerwbwKielpajQWiz4CLas3nP-43FrnSwhghmbYvlSeUDJF3dz9OtHKVyqV31ogGB39S0dKK6QOBWHckuWU6d6-UVDN43Pzj5K6S4R8alD0fhc8w98MO-hfajlAz1FKy2dCys2ftFM2BH7ueSbza6vuQqVVmUlAWGELHuqA9QI1jtehe8m3rPSXTOEAhy_1GJ24PeX_yCvdEvAlncDzyFVBLSOCfDLqfMYbigGaiYr-uVCs=s0-d-e1-ft#https:\/\/images-blogger-opensocial.googleusercontent.com\/gadgets\/proxy?url=http%3A%2F%2Fi.ytimg.com%2Fvi%2FKAYe8d7nAy4%2Fmaxresdefault.jpg&container=blogger&gadget=a&rewriteMime=image%2F*","width":350,"height":200,"srcset":"https:\/\/ci4.googleusercontent.com\/proxy\/iPYrP6dkxNUCS2W6Gu-riqpq4jyF0iwWytIokQjDHerwbwKielpajQWiz4CLas3nP-43FrnSwhghmbYvlSeUDJF3dz9OtHKVyqV31ogGB39S0dKK6QOBWHckuWU6d6-UVDN43Pzj5K6S4R8alD0fhc8w98MO-hfajlAz1FKy2dCys2ftFM2BH7ueSbza6vuQqVVmUlAWGELHuqA9QI1jtehe8m3rPSXTOEAhy_1GJ24PeX_yCvdEvAlncDzyFVBLSOCfDLqfMYbigGaiYr-uVCs=s0-d-e1-ft#https:\/\/images-blogger-opensocial.googleusercontent.com\/gadgets\/proxy?url=http%3A%2F%2Fi.ytimg.com%2Fvi%2FKAYe8d7nAy4%2Fmaxresdefault.jpg&container=blogger&gadget=a&rewriteMime=image%2F* 1x, https:\/\/ci4.googleusercontent.com\/proxy\/iPYrP6dkxNUCS2W6Gu-riqpq4jyF0iwWytIokQjDHerwbwKielpajQWiz4CLas3nP-43FrnSwhghmbYvlSeUDJF3dz9OtHKVyqV31ogGB39S0dKK6QOBWHckuWU6d6-UVDN43Pzj5K6S4R8alD0fhc8w98MO-hfajlAz1FKy2dCys2ftFM2BH7ueSbza6vuQqVVmUlAWGELHuqA9QI1jtehe8m3rPSXTOEAhy_1GJ24PeX_yCvdEvAlncDzyFVBLSOCfDLqfMYbigGaiYr-uVCs=s0-d-e1-ft#https:\/\/images-blogger-opensocial.googleusercontent.com\/gadgets\/proxy?url=http%3A%2F%2Fi.ytimg.com%2Fvi%2FKAYe8d7nAy4%2Fmaxresdefault.jpg&container=blogger&gadget=a&rewriteMime=image%2F* 1.5x"},"classes":[]}],"_links":{"self":[{"href":"https:\/\/jornalrol.com.br\/index.php?rest_route=\/wp\/v2\/posts\/3046","targetHints":{"allow":["GET"]}}],"collection":[{"href":"https:\/\/jornalrol.com.br\/index.php?rest_route=\/wp\/v2\/posts"}],"about":[{"href":"https:\/\/jornalrol.com.br\/index.php?rest_route=\/wp\/v2\/types\/post"}],"author":[{"embeddable":true,"href":"https:\/\/jornalrol.com.br\/index.php?rest_route=\/wp\/v2\/users\/3"}],"replies":[{"embeddable":true,"href":"https:\/\/jornalrol.com.br\/index.php?rest_route=%2Fwp%2Fv2%2Fcomments&post=3046"}],"version-history":[{"count":0,"href":"https:\/\/jornalrol.com.br\/index.php?rest_route=\/wp\/v2\/posts\/3046\/revisions"}],"wp:attachment":[{"href":"https:\/\/jornalrol.com.br\/index.php?rest_route=%2Fwp%2Fv2%2Fmedia&parent=3046"}],"wp:term":[{"taxonomy":"category","embeddable":true,"href":"https:\/\/jornalrol.com.br\/index.php?rest_route=%2Fwp%2Fv2%2Fcategories&post=3046"},{"taxonomy":"post_tag","embeddable":true,"href":"https:\/\/jornalrol.com.br\/index.php?rest_route=%2Fwp%2Fv2%2Ftags&post=3046"}],"curies":[{"name":"wp","href":"https:\/\/api.w.org\/{rel}","templated":true}]}}