{"id":3057,"date":"2015-08-23T23:08:36","date_gmt":"2015-08-24T02:08:36","guid":{"rendered":"http:\/\/www.jornalrol.com.br\/?p=3057"},"modified":"2015-08-23T23:08:36","modified_gmt":"2015-08-24T02:08:36","slug":"cpfl-energia-abre-programa-de-estagio-2016-com-mais-de-100-vagas-em-sao-paulo-e-rio-grande-do-sul","status":"publish","type":"post","link":"https:\/\/jornalrol.com.br\/?p=3057","title":{"rendered":"CPFL Energia abre programa de est\u00e1gio 2016 com mais de 100 vagas em S\u00e3o Paulo e Rio Grande do Sul"},"content":{"rendered":"<div class=\"pdfprnt-buttons pdfprnt-buttons-post pdfprnt-top-right\"><a href=\"https:\/\/jornalrol.com.br\/index.php?rest_route=%2Fwp%2Fv2%2Fposts%2F3057&print=pdf\" class=\"pdfprnt-button pdfprnt-button-pdf\" target=\"_blank\" ><\/a><a href=\"https:\/\/jornalrol.com.br\/index.php?rest_route=%2Fwp%2Fv2%2Fposts%2F3057&print=print\" class=\"pdfprnt-button pdfprnt-button-print\" target=\"_blank\" ><img decoding=\"async\" src=\"https:\/\/jornalrol.com.br\/wp-content\/plugins\/pdf-print\/images\/print.png\" alt=\"image_print\" title=\"Conte\u00fado de impress\u00e3o\" \/><\/a><\/div><h2><strong>As oportunidades est\u00e1gio s\u00e3o para estudantes de n\u00edvel superior e n\u00edvel t\u00e9cnico das ci\u00eancias humanas e exatas. Inscri\u00e7\u00f5es v\u00e3o at\u00e9 o dia 20 de setembro<\/strong><\/h2>\n<p><!--more--><\/p>\n<p><em>\u00a0<\/em><\/p>\n<p>A CPFL Energia, maior grupo privado do setor el\u00e9trico brasileiro, deu in\u00edcio ao seu programa de est\u00e1gio 2016 com mais de 100 vagas dispon\u00edveis nas cidades de Bauru, Campinas, Caxias do Sul, Jundia\u00ed, Jaguari\u00fana, Itapetininga, Indaiatuba, Mococa, Piraju, Passo Fundo, Ribeir\u00e3o Preto, Santos, S\u00e3o Paulo e Sorocaba.<\/p>\n<p>As oportunidades s\u00e3o para estudantes das ci\u00eancias humanas ou exatas. Para n\u00edvel superior, h\u00e1 vagas para engenharia, financeiro, recursos humanos, jur\u00eddico, comunica\u00e7\u00e3o, tecnologia da informa\u00e7\u00e3o, entre outros. Para n\u00edvel t\u00e9cnico, em eletrot\u00e9cnica, eletr\u00f4nica e seguran\u00e7a do trabalho.<\/p>\n<p>Os interessados devem se inscrever no site <a href=\"http:\/\/www.cpfl.com.br\/\">www.cpfl.com.br<\/a>\/estagio2016 at\u00e9 o dia 20 de setembro. O processo seletivo ser\u00e1 composto por uma prova online que testa conhecimentos em l\u00edngua portuguesa e racioc\u00ednios l\u00f3gicos, din\u00e2mica, por uma apresenta\u00e7\u00e3o de um painel de neg\u00f3cios (uma din\u00e2mica com os gestores dentro da CPFL Energia) e por entrevistas individuais.<\/p>\n<p>O contrato para os candidatos aprovados ser\u00e1 de um ano, prorrog\u00e1vel por mais um ano, para in\u00edcio em fevereiro de 2016. A jornada de trabalho \u00e9 de 18 a 30 horas, dependendo das necessidades de cada \u00e1rea. Como remunera\u00e7\u00e3o, a CPFL Energia oferece bolsa-aux\u00edlio competitiva com o mercado onde atua e diversos benef\u00edcios, como vale alimenta\u00e7\u00e3o\/refei\u00e7\u00e3o, vale transporte, academia de gin\u00e1stica, biblioteca e espa\u00e7o para estudos, entre outros.<\/p>\n<p>\u201cNosso compromisso no programa de est\u00e1gio \u00e9 ajudar na forma\u00e7\u00e3o destes novos profissionais, seja para ele continuar a seguir carreira na CPFL Energia ou para praticar as compet\u00eancias organizacionais exigidas na empresa no mercado de trabalho. Aqui, essa importante experi\u00eancia \u00e9 enriquecida com a viv\u00eancia em uma empresa centen\u00e1ria, que oferece um plano de desenvolvimento capaz de ajudar o jovem profissional a planejar melhor sua carreira\u201d, afirma Monica Oliveira Rocha, Gerente de Desenvolvimento de Pessoas da CPFL Energia.<\/p>\n<p><strong>Vantagens<\/strong><\/p>\n<p>Desde que s\u00e3o admitidos, os estagi\u00e1rios da CPFL Energia ter\u00e3o um plano de desenvolvimento que comtempla forma\u00e7\u00e3o composta por atividades e palestras que o capacitar\u00e3o em assuntos como mercado de energia el\u00e9trica, \u00e9tica, carreira, papeis esperados para o estagi\u00e1rio.<\/p>\n<p>Esses profissionais ainda participar\u00e3o de uma rotina de uma grande corpora\u00e7\u00e3o e ter\u00e3o a oportunidade de passar por avalia\u00e7\u00f5es de desempenho com feedback, que contribuir\u00e3o para que o estudante conhe\u00e7a suas potencialidades e os pontos que precisam desenvolver para progress\u00e3o de sua carreira.<\/p>\n<p>&nbsp;<\/p>\n<p><strong>Efetiva\u00e7\u00e3o e contribui\u00e7\u00e3o para o mercado<\/strong><\/p>\n<p>Na CPFL Energia, a taxa de efetiva\u00e7\u00e3o dos estagi\u00e1rios foi de 23,44% em 2015 este \u00edndice \u00e9 de 18,5% (Sextante). Esses profissionais s\u00e3o contratados para trabalhar nas \u00e1reas onde realizou est\u00e1gio ou ainda em outras \u00e1reas da empresa, uma vez que a atua\u00e7\u00e3o pode ser a vitrine de seu trabalho na corpora\u00e7\u00e3o.<\/p>\n<p>Mesmo para aqueles que n\u00e3o tiveram oportunidade de serem efetivados, a CPFL Energia criou um <em>book<\/em> de estagi\u00e1rios que contempla dados de todos os estudantes que se destacaram durante o per\u00edodo de est\u00e1gio. Esta lista \u00e9 divulgada internamente e para todas as grandes empresas com as quais a CPFL Energia tem relacionamento, funcionando como uma \u201ccarta\u00a0 de recomenda\u00e7\u00e3o\u201d importante para estes profissionais rec\u00e9m-formados.<\/p>\n<p>&nbsp;<\/p>\n<p><strong>Sobre a CPFL Energia<\/strong><\/p>\n<p>A CPFL Energia, h\u00e1 102 anos no setor el\u00e9trico, atua nos segmentos de distribui\u00e7\u00e3o, gera\u00e7\u00e3o, comercializa\u00e7\u00e3o, servi\u00e7os e telecomunica\u00e7\u00f5es. \u00c9 l\u00edder no mercado de distribui\u00e7\u00e3o, com 13% de participa\u00e7\u00e3o, totalizando mais de 7,6 milh\u00f5es de clientes nos Estados de S\u00e3o Paulo, Rio Grande do Sul, Minas Gerais e Paran\u00e1.<\/p>\n<p>Na comercializa\u00e7\u00e3o, \u00e9 um dos l\u00edderes no mercado livre, com uma participa\u00e7\u00e3o de mercado de 14% na venda para consumidores finais entre as comercializadoras. \u00c9 l\u00edder na comercializa\u00e7\u00e3o de energia incentivada para clientes livres.<\/p>\n<p>Na gera\u00e7\u00e3o, \u00e9 o segundo maior agente privado do pa\u00eds, com um portf\u00f3lio baseado em fontes limpas e renov\u00e1veis. A CPFL Gera\u00e7\u00e3o conta com 2.199 MW de pot\u00eancia instalada, considerando sua participa\u00e7\u00e3o equivalente em cada um dos ativos de gera\u00e7\u00e3o. Em 2011 criou a CPFL Renov\u00e1veis, com ativos como PCHs, parques e\u00f3licos, termel\u00e9tricas a biomassa e a usina solar Tanquinho, pioneira no Estado de S\u00e3o Paulo, e uma das maiores do Brasil. Adicionando a participa\u00e7\u00e3o equivalente na CPFL Renov\u00e1veis, a capacidade instalada total do Grupo CPFL atingiu 3.129 MW no final do segundo trimestre de 2015. O grupo tamb\u00e9m ocupa posi\u00e7\u00e3o de destaque em arte e cultura, entre os 15 maiores investidores brasileiros.<\/p>\n<p>A CPFL Energia tem a\u00e7\u00f5es listadas no Novo Mercado da BM&amp;FBovespa e ADR N\u00edvel III na NYSE, al\u00e9m participar do \u00cdndice Dow Jones Sustainability Index Emerging Markets e do Morgan Stanley Capital International Global Sustainability Index (MSCI). Pelo 10\u00ba. ano consecutivo, as a\u00e7\u00f5es da companhia integram a carteira do \u00cdndice de Sustentabilidade Empresarial (ISE) da BM&amp;FBovespa.<\/p>\n<p>\u201cEsta mensagem (incluindo anexos, se houver) pode conter dados e informa\u00e7\u00f5es confidenciais, e\/ou confidenciais para o destinat\u00e1rio e \u00e9 protegida pelas leis aplic\u00e1veis. Caso tenha recebido esta mensagem erroneamente, por favor notifique o remetente e providencie imediata exclus\u00e3o da original e de qualquer c\u00f3pia, sendo estritamente proibida qualquer divulga\u00e7\u00e3o, c\u00f3pia ou distribui\u00e7\u00e3o desta mensagem.\u201d<\/p>\n<p>\u201cThis message (including any attachments) may contain confidential information and data, and\/or confidential to the recipient, and is protected by applicable laws. If you have received this message in error, please notify the sender and promptly delete the original message and any copy, is strictly prohibited any disclosure, copying or distribution of this message.\u201d<\/p>\n","protected":false},"excerpt":{"rendered":"<p>As oportunidades est\u00e1gio s\u00e3o para estudantes de n\u00edvel superior e n\u00edvel t\u00e9cnico das ci\u00eancias humanas e exatas. Inscri\u00e7\u00f5es v\u00e3o at\u00e9 o dia 20 de setembro<\/p>\n","protected":false},"author":3,"featured_media":0,"comment_status":"closed","ping_status":"closed","sticky":false,"template":"","format":"standard","meta":{"_jetpack_newsletter_access":"","_jetpack_dont_email_post_to_subs":false,"_jetpack_newsletter_tier_id":0,"_jetpack_memberships_contains_paywalled_content":false,"_jetpack_memberships_contains_paid_content":false,"footnotes":""},"categories":[7],"tags":[3487],"class_list":["post-3057","post","type-post","status-publish","format-standard","hentry","category-comunicacao","tag-estagios"],"aioseo_notices":[],"views":0,"jetpack_featured_media_url":"","jetpack_sharing_enabled":true,"jetpack_likes_enabled":true,"jetpack-related-posts":[{"id":3291,"url":"https:\/\/jornalrol.com.br\/?p=3291","url_meta":{"origin":3057,"position":0},"title":"\u00daltimos dias para inscri\u00e7\u00f5es no programa de est\u00e1gio 2016 da CPFL Energia","author":"Helio Rubens","date":"17 de setembro de 2015","format":false,"excerpt":"Maior grupo privado do setor el\u00e9trico oferece mais de 100 vagas em S\u00e3o Paulo e Rio Grande do Sul A CPFL Energia, maior grupo privado do setor el\u00e9trico brasileiro, recebe at\u00e9 o pr\u00f3ximo dia 20\/09 inscri\u00e7\u00f5es para o programa de est\u00e1gio 2016. S\u00e3o mais de 100 vagas dispon\u00edveis nas cidades\u2026","rel":"","context":"Em &quot;Comunica\u00e7\u00e3o&quot;","block_context":{"text":"Comunica\u00e7\u00e3o","link":"https:\/\/jornalrol.com.br\/?cat=7"},"img":{"alt_text":"","src":"","width":0,"height":0},"classes":[]},{"id":1813,"url":"https:\/\/jornalrol.com.br\/?p=1813","url_meta":{"origin":3057,"position":1},"title":"UFSCAR DE SOROCABA: AULA INAUGURAL COM ROMUALDO PORTELA","author":"Helio Rubens","date":"13 de maio de 2015","format":false,"excerpt":"A UFSCar Sorocaba, por meio do seu Programa de P\u00f3s-Gradua\u00e7\u00e3o em Educa\u00e7\u00e3o (PPGEd) e do Departamento de Ci\u00eancias Humanas e Educa\u00e7\u00e3o (DCHE) promover\u00e1 no dia 20 de maio uma Aula Inaugural do primeiro semestre de 2015. Para realizar essa aula inaugural foi convidado o prof. Dr. Romualdo Portela, atual representante\u2026","rel":"","context":"Em &quot;Comunica\u00e7\u00e3o&quot;","block_context":{"text":"Comunica\u00e7\u00e3o","link":"https:\/\/jornalrol.com.br\/?cat=7"},"img":{"alt_text":"","src":"","width":0,"height":0},"classes":[]},{"id":50513,"url":"https:\/\/jornalrol.com.br\/?p=50513","url_meta":{"origin":3057,"position":2},"title":"CineSolarzinho, primeiro cinema movido a energia solar do Brasil, retorna \u00e0 regi\u00e3o de Sorocaba nesta semana","author":"Sergio Diniz da Costa","date":"7 de junho de 2022","format":false,"excerpt":"Com patroc\u00ednio da CPFL Energia e apoio do Instituto CPFL, o projeto exibe curtas-metragens brasileiros e o filme infantil \u2018Dumbo\u2019, nas cidades de S\u00e3o Miguel Arcanjo, Sarapu\u00ed, Capela do Alto e Iper\u00f3, com entrada gratuita e distribui\u00e7\u00e3o de pipoca A magia do cinema movido a energia solar \u00e9 a proposta\u2026","rel":"","context":"Em &quot;Comunica\u00e7\u00e3o&quot;","block_context":{"text":"Comunica\u00e7\u00e3o","link":"https:\/\/jornalrol.com.br\/?cat=7"},"img":{"alt_text":"","src":"https:\/\/i0.wp.com\/www.jornalrol.com.br\/wp-content\/uploads\/2022\/06\/CineSolar-na-pra%C3%A7a-300x200.jpg?resize=350%2C200","width":350,"height":200,"srcset":"https:\/\/i0.wp.com\/www.jornalrol.com.br\/wp-content\/uploads\/2022\/06\/CineSolar-na-pra%C3%A7a-300x200.jpg?resize=350%2C200 1x, https:\/\/i0.wp.com\/www.jornalrol.com.br\/wp-content\/uploads\/2022\/06\/CineSolar-na-pra%C3%A7a-300x200.jpg?resize=525%2C300 1.5x"},"classes":[]},{"id":51736,"url":"https:\/\/jornalrol.com.br\/?p=51736","url_meta":{"origin":3057,"position":3},"title":"CineSolar, primeiro cinema itinerante movido a energia solar do Brasil,  retorna \u00e0 regi\u00e3o de Sorocaba com sess\u00f5es em duas cidades","author":"Sergio Diniz da Costa","date":"29 de agosto de 2022","format":false,"excerpt":"Com patroc\u00ednio da CPFL Energia e apoio do Instituto CPFL, o projeto exibe curtas-metragens brasileiros e filmes infantis em Salto de Pirapora (31\/08) e S\u00e3o Roque (01\/09), com entrada gratuita e distribui\u00e7\u00e3o de pipoca A magia do cinema movido a energia solar \u00e9 a proposta do CineSolar, que retorna \u00e0\u2026","rel":"","context":"Em &quot;Comunica\u00e7\u00e3o&quot;","block_context":{"text":"Comunica\u00e7\u00e3o","link":"https:\/\/jornalrol.com.br\/?cat=7"},"img":{"alt_text":"","src":"https:\/\/i0.wp.com\/jornalrol.com.br\/wp-content\/uploads\/2022\/08\/C%C3%B3pia-de-Salvador_Bahia.jpeg?resize=350%2C200&ssl=1","width":350,"height":200,"srcset":"https:\/\/i0.wp.com\/jornalrol.com.br\/wp-content\/uploads\/2022\/08\/C%C3%B3pia-de-Salvador_Bahia.jpeg?resize=350%2C200&ssl=1 1x, https:\/\/i0.wp.com\/jornalrol.com.br\/wp-content\/uploads\/2022\/08\/C%C3%B3pia-de-Salvador_Bahia.jpeg?resize=525%2C300&ssl=1 1.5x, https:\/\/i0.wp.com\/jornalrol.com.br\/wp-content\/uploads\/2022\/08\/C%C3%B3pia-de-Salvador_Bahia.jpeg?resize=700%2C400&ssl=1 2x, https:\/\/i0.wp.com\/jornalrol.com.br\/wp-content\/uploads\/2022\/08\/C%C3%B3pia-de-Salvador_Bahia.jpeg?resize=1050%2C600&ssl=1 3x"},"classes":[]},{"id":12275,"url":"https:\/\/jornalrol.com.br\/?p=12275","url_meta":{"origin":3057,"position":4},"title":"CIEE \u00e9 inaugurado em Cerquilho","author":"Helio Rubens","date":"14 de agosto de 2017","format":false,"excerpt":"O polo fixo est\u00e1 localizado no Centro de Forma\u00e7\u00e3o Profissional Eliana Saconi Ruy Sanson \u00a0 Na \u00faltima quinta-feira (10), o Prefeito Aldo Sanson, acompanhado pelo Secret\u00e1rio do Trabalho e Desenvolvimento Econ\u00f4mico \u2013 Amilton Louren\u00e7o e do Presidente da C\u00e2mara Municipal \u2013 Mauro Frare, inaugurou o polo fixo do Centro de\u2026","rel":"","context":"Em &quot;Comunica\u00e7\u00e3o&quot;","block_context":{"text":"Comunica\u00e7\u00e3o","link":"https:\/\/jornalrol.com.br\/?cat=7"},"img":{"alt_text":"","src":"https:\/\/i0.wp.com\/www.jornalrol.com.br\/wp-content\/uploads\/2017\/08\/DSCN4283-300x225.jpg?resize=350%2C200","width":350,"height":200},"classes":[]},{"id":64621,"url":"https:\/\/jornalrol.com.br\/?p=64621","url_meta":{"origin":3057,"position":5},"title":"Limites \u00e9ticos da investiga\u00e7\u00e3o cient\u00edfica","author":"Diamantino Bartolo","date":"28 de fevereiro de 2024","format":false,"excerpt":"O conhecimento t\u00e9cnico-cient\u00edfico, nas \u00faltimas d\u00e9cadas, tem vindo a desenvolver-se, exponencialmente, em v\u00e1rios dom\u00ednios, gra\u00e7as \u00e0 investiga\u00e7\u00e3o que, utilizando","rel":"","context":"Em &quot;artigos&quot;","block_context":{"text":"artigos","link":"https:\/\/jornalrol.com.br\/?cat=9398"},"img":{"alt_text":"Limites \u00e9ticos da investiga\u00e7\u00e3o cient\u00edfica","src":"https:\/\/i0.wp.com\/jornalrol.com.br\/wp-content\/uploads\/2024\/02\/78ca2d5f82a5f787e4c2c18ba1bf1971.jpg?resize=350%2C200&ssl=1","width":350,"height":200},"classes":[]}],"_links":{"self":[{"href":"https:\/\/jornalrol.com.br\/index.php?rest_route=\/wp\/v2\/posts\/3057","targetHints":{"allow":["GET"]}}],"collection":[{"href":"https:\/\/jornalrol.com.br\/index.php?rest_route=\/wp\/v2\/posts"}],"about":[{"href":"https:\/\/jornalrol.com.br\/index.php?rest_route=\/wp\/v2\/types\/post"}],"author":[{"embeddable":true,"href":"https:\/\/jornalrol.com.br\/index.php?rest_route=\/wp\/v2\/users\/3"}],"replies":[{"embeddable":true,"href":"https:\/\/jornalrol.com.br\/index.php?rest_route=%2Fwp%2Fv2%2Fcomments&post=3057"}],"version-history":[{"count":0,"href":"https:\/\/jornalrol.com.br\/index.php?rest_route=\/wp\/v2\/posts\/3057\/revisions"}],"wp:attachment":[{"href":"https:\/\/jornalrol.com.br\/index.php?rest_route=%2Fwp%2Fv2%2Fmedia&parent=3057"}],"wp:term":[{"taxonomy":"category","embeddable":true,"href":"https:\/\/jornalrol.com.br\/index.php?rest_route=%2Fwp%2Fv2%2Fcategories&post=3057"},{"taxonomy":"post_tag","embeddable":true,"href":"https:\/\/jornalrol.com.br\/index.php?rest_route=%2Fwp%2Fv2%2Ftags&post=3057"}],"curies":[{"name":"wp","href":"https:\/\/api.w.org\/{rel}","templated":true}]}}