{"id":3060,"date":"2015-08-24T00:21:27","date_gmt":"2015-08-24T03:21:27","guid":{"rendered":"http:\/\/www.jornalrol.com.br\/?p=3060"},"modified":"2015-08-24T00:21:27","modified_gmt":"2015-08-24T03:21:27","slug":"genealogia-afranio-mello-fornece-informacoe-sobres-as-familias-aguiar-campos-pires-e-soares","status":"publish","type":"post","link":"https:\/\/jornalrol.com.br\/?p=3060","title":{"rendered":"Genealogia: Afr\u00e2nio Mello fornece informa\u00e7\u00f5e sobres as FAMILIAS AGUIAR, CAMPOS, PIRES E SOARES"},"content":{"rendered":"<div class=\"pdfprnt-buttons pdfprnt-buttons-post pdfprnt-top-right\"><a href=\"https:\/\/jornalrol.com.br\/index.php?rest_route=%2Fwp%2Fv2%2Fposts%2F3060&print=pdf\" class=\"pdfprnt-button pdfprnt-button-pdf\" target=\"_blank\" ><\/a><a href=\"https:\/\/jornalrol.com.br\/index.php?rest_route=%2Fwp%2Fv2%2Fposts%2F3060&print=print\" class=\"pdfprnt-button pdfprnt-button-print\" target=\"_blank\" ><img decoding=\"async\" src=\"https:\/\/jornalrol.com.br\/wp-content\/plugins\/pdf-print\/images\/print.png\" alt=\"image_print\" title=\"Conte\u00fado de impress\u00e3o\" \/><\/a><\/div><h2><u><strong>Afr\u00e2nio Mello &#8211; ATENDIMENTOS N\u00daMEROS\u00a0 529, 530, 531 E 532<\/strong><\/u><\/h2>\n<p><!--more--><\/p>\n<p>&nbsp;<\/p>\n<p>Cara Viviane,<\/p>\n<p>Estamos perto um do outro. Sou de Itapetininga.<\/p>\n<p>O que tenho em meus arquivos s\u00e3o sobrenomes das pessoas.<\/p>\n<p>N\u00e3o tenho a jun\u00e7\u00e3o deles como o de sua m\u00e3e : Pires de Campos . Tenho os dois separados.<\/p>\n<p>Aguiar&#8230;&#8230;&#8230;&#8230;.\u00a0 04 p\u00e1ginas e 1 bras\u00e3o ;<\/p>\n<p>Campos&#8230;&#8230;&#8230;.\u00a0 12 p\u00e1ginas e 15 bras\u00f5es ;<\/p>\n<p>Pires ou Peres ( \u00e9 o mesmo ).. 06 p\u00e1ginas e 1 bras\u00e3o. N\u00e3o encontrei refer\u00eancias sobre a presen\u00e7a em Tiet\u00ea.<\/p>\n<p>Soares&#8230;&#8230;&#8230;&#8230;\u00a0 08 p\u00e1ginas e 2 bras\u00f5es.<\/p>\n<p>Envio os Bras\u00f5es em arquivos separados para o caso de querer fazer quadros e colocar em suas paredes. (18)<\/p>\n<p>Abaixo um resumo de todos eles, extra\u00eddo dos arquivos principais.<\/p>\n<p>Minhas desculpas por n\u00e3o poder aprofundar a pesquisa.<\/p>\n<p>Voc\u00ea est\u00e1 com um bom material em suas m\u00e3os , 26 p\u00e1ginas e 28 bras\u00f5es.<\/p>\n<p>Fica com voc\u00ea a busca das certid\u00f5es. \u00c9 f\u00e1cil a procura. Pegue a certid\u00e3o de nascimento de sua m\u00e3e.<\/p>\n<p>Ali tem os pais e os av\u00f3s dela.Tanto materno como paterno.<\/p>\n<p>Tendo esses nomes e se eles forem vivos fica mais f\u00e1cil pegar a certid\u00e3o de nascimento deles.<\/p>\n<p>Se algu\u00e9m da fam\u00edlia n\u00e3o tiver, voc\u00ea procura pela Certid\u00e3o de \u00f3bito que al\u00ed tem a filia\u00e7\u00e3o.<\/p>\n<p>Assim o processo segue at\u00e9 chegar no per\u00edodo do registro nas Igrejas.<\/p>\n<p>Vendo de onde eles s\u00e3o \u00e9 s\u00f3 ir atr\u00e1s e falar com os p\u00e1rocos que eles orientam.<\/p>\n<p>&nbsp;<\/p>\n<p>N\u00e3o existe outro processo de busca.\u00c9 assim e assim voc\u00ea tem informa\u00e7\u00f5es precisas.<\/p>\n<p>Tem ainda ai em Sorocaba a Igreja dos M\u00f3rmons que tem acervo de nomes do mundo todo.<\/p>\n<p>Procure uma mo\u00e7a com o sobrenome HOLTZ que ela \u00e9 muito prestativa. Ela \u00e9 de Sarapu\u00ed e uma ocasi\u00e3o<\/p>\n<p>fez uma palestra sobre o assunto aqui em Itapetininga em um congresso de Genealogia no nosso IHGGI.<\/p>\n<p>Aqui em Itapetininga tamb\u00e9m tem esse centro e \u00e9 aberto ao p\u00fablico.<\/p>\n<p>&nbsp;<\/p>\n<p>Tem tambem o MYHERITAGE\u00a0 &#8211; vou dar o endere\u00e7o de uma mo\u00e7a extremamente prestativa e pode dar uma<\/p>\n<p>orienta\u00e7\u00e3o de pesquisa nesse site : <a href=\"mailto:karen.hagele@myheritage.com\">karen.hagele@myheritage.com<\/a><\/p>\n<p>&nbsp;<\/p>\n<p>Espero que tenha sucesso e encontre o que procura.<\/p>\n<p>&nbsp;<\/p>\n<p>Grande abra\u00e7o.<\/p>\n<p>Afr\u00e2nio Franco de Oliveira Mello<br \/>\nIHGGI \/ ROL &#8211; Jornal On Line<\/p>\n<p>&nbsp;<\/p>\n<p>&nbsp;<\/p>\n<h2><strong><img decoding=\"async\" class=\" alignleft\" src=\"https:\/\/mail.google.com\/mail\/u\/2\/?ui=2&amp;ik=d4016f14b7&amp;view=fimg&amp;th=14f50a85e54f4961&amp;attid=0.0.1&amp;disp=emb&amp;attbid=ANGjdJ_uGsLg1Xt6lAQKFYdFtArt3RLRLyaBH8PEaylPBRqh6R4h8N9mdmHdIBDpVG3MOyCdFBPSyu1hHlHVD-BriSJtTiEypJ0rZ1BNagdQJ4E1bZqbIhThvZKJf_4&amp;sz=w258-h392&amp;ats=1440365739666&amp;rm=14f50a85e54f4961&amp;zw&amp;atsh=1\" alt=\"clip_image002\" \/>Aguiar<\/strong>, sobrenome de origem portuguesa, classificado como sendo um topon\u00edmico, pois tem origem geogr\u00e1fica vem do latim Aguilare\u00a0(relativo a \u00e1guia). Primitivamente entendia-se p\u00f4r \u201c lugar onde ordinariamente habitam \u00e1guias\u201d.<\/h2>\n<p>Prov\u00eam da antiga e ilustre fam\u00edlia dos Guedes e tomaram o p\u00e1lido do senhorio de Aguiar, na prov\u00edncia de Tr\u00e1s-os-Montes.<\/p>\n<p>O primeiro a usar este nome foi D. Mendo Peres de Aguiar que viveu no tempo de Dom Afonso Henriques ( primeiro Rei de Portugal ) , no s\u00e9culo XII. Desta fam\u00edlia sa\u00edu o ramo de Aguilar, de Espanha, na regi\u00e3o da Andaluzia ( principalmente em C\u00f3rdova ) de que existem ramifica\u00e7\u00f5es em Portugal. A fam\u00edlia, ali\u00e1s, expandiu-se por todo o pa\u00eds , ilhas portuguesa e no Brasil.<\/p>\n<p>O personagem principal deste sobrenome foi Dom Afonso de Aguilar, o senhor de Aguilar.<\/p>\n<p>Na Gal\u00edcia, Espanha,\u00a0 o lugar de origem dos Aguiar \u00e9 Lugo. Este sobrenome procedeu de um cavaleiro de Toledo, Mem Gomez Iba\u00f1ez que viveu nos tempos do Rei Afonso VI. Ele foi pai do Conde Dom Beda Bello, dos quais vieram descender os Aguiar e de Dom Egas G\u00f3mez de quem procedem os Aguilar galegos.<\/p>\n<p>======================================================================================================================================<\/p>\n<p>&nbsp;<\/p>\n<h2><strong><img decoding=\"async\" class=\" alignleft\" src=\"https:\/\/mail.google.com\/mail\/u\/2\/?ui=2&amp;ik=d4016f14b7&amp;view=fimg&amp;th=14f50a85e54f4961&amp;attid=0.0.2&amp;disp=emb&amp;attbid=ANGjdJ-nT0MoqsVE9PgBqUf-a1ZNyRXrvN7vOJNMSATC_NbAOj9NSs3DvslbvlNcoZKzM65Pr-iHgWJdKprXBcsiKe3G8wSSPjP9O-H1dFq825JCTonYKW9ePM8-qe4&amp;sz=w322-h422&amp;ats=1440365739668&amp;rm=14f50a85e54f4961&amp;zw&amp;atsh=1\" alt=\"clip_image002[3]\" \/>C<\/strong><strong>ampos,<\/strong> sobrenome de raiz naturalmente topon\u00edmica, Campo e Campos \u00e9 um \u00fanico sobrenome se bem com a variante do plural.<\/h2>\n<p>Uma das fam\u00edlias que o adotaram por sobrenome \u00e9 de origem espanhola, tendo passado a Portugal um ramo em finais do s\u00e9c. XIV, aqui se ligando por casamento a fam\u00edlias de boa e comprovada nobreza.<\/p>\n<p>Diversa \u00e9 a origem portuguesa de Campos, que os genealogistas fazem derivar de Martim de Campos, cavaleiro que foi contempor\u00e2neo do rei Dom Afonso III.<\/p>\n<p>A Gon\u00e7alo Vaz de Campos, escudeiro de Dom Frei Vasco de Ata\u00edde, prior da Ordem do Hospital, concedeu Dom Afonso V, em recompensa pelos servi\u00e7os prestados na conquista de Alc\u00e1cer, carta de armas novas.<\/p>\n<p>&nbsp;<\/p>\n<p>=====================================================================================================================================<\/p>\n<p>&nbsp;<\/p>\n<p>&nbsp;<\/p>\n<h2><strong><img decoding=\"async\" class=\" alignleft\" src=\"https:\/\/mail.google.com\/mail\/u\/2\/?ui=2&amp;ik=d4016f14b7&amp;view=fimg&amp;th=14f50a85e54f4961&amp;attid=0.0.3&amp;disp=emb&amp;attbid=ANGjdJ8qJGAVGfzC2QuqSybrq_XxIW_1pihfhX-AlSYkKxEM-11X-ckk-kx-9HMXJ1hC80dzZ3_f_HdlPfTh70LbOglcfM-a9WKaj8KWN0_HiFtvgC3q0-qL3C02GgU&amp;sz=w398-h484&amp;ats=1440365739670&amp;rm=14f50a85e54f4961&amp;zw&amp;atsh=1\" alt=\"image\" \/>P<\/strong><strong>eres ou <\/strong><strong>P<\/strong><strong>ires, <\/strong>\u00a0s\u00e3o duas formas do patron\u00edmico de P\u00earo ou Pedro, pelo que existir\u00e3o in\u00fameras fam\u00edlias que as adoptaram por apelido sem possu\u00edrem la\u00e7os de parentesco entre elas.<\/h2>\n<p>De acordo com renomados genealogistas portugueses, entre eles o Visconde de Sanches de Baena, o sobrenome Pires tem origem espanhola, sendo derivado de Peres. Radicaram-se em Portugal desde os primeiros reinados, adotando o presente bras\u00e3o de armas, levemente modificado em rela\u00e7\u00e3o ao dos P\u00e9rez de Villaescusa, registrado na Espanha. Em 6 de novembro de 1828, Antonio Batholomeu Pires, Bar\u00e3o de Queluz, Comendador das Ordens de Cristo, Nossa Senhora da Concei\u00e7\u00e3o e da Torre e Espada, recebeu armas novas por merc\u00ea do Rei de Portugal.<\/p>\n<p>Existindo tamb\u00e9m em Espanha (Perez), os deste apelido que passaram a Portugal alteraram regularmente a grafia para Peres, como aconteceu nomedamente com colonizadores da ilha do Faial, nos A\u00e7ores, onde o apelido se mantem.<\/p>\n<p>O nome, parece, foi tamb\u00e9m adoptado por crist\u00e3o-novos, atribu\u00eddo como nome de fruto (plural de p\u00earo ou p\u00eara?)<\/p>\n<p>&nbsp;<\/p>\n<p>=====================================================================================================================================<\/p>\n<p>&nbsp;<\/p>\n<h2><strong><img decoding=\"async\" class=\" alignleft\" src=\"https:\/\/mail.google.com\/mail\/u\/2\/?ui=2&amp;ik=d4016f14b7&amp;view=fimg&amp;th=14f50a85e54f4961&amp;attid=0.0.4&amp;disp=emb&amp;attbid=ANGjdJ9xs4IjHBGyfw6CEvbzqi6Iw3uyiOTepmVjxjfR6_1FjKeAfWH2X5ezInrEJWWgtzsE-WyBpblytovoYyc6lisJ99oB1TPvI0ad_D25N1j7Sqs4HSq7ZOtmNxk&amp;sz=w372-h464&amp;ats=1440365739672&amp;rm=14f50a85e54f4961&amp;zw&amp;atsh=1\" alt=\"clip_image002[4]\" \/>\u00a0\u00a0<img decoding=\"async\" class=\" alignleft\" src=\"https:\/\/mail.google.com\/mail\/u\/2\/?ui=2&amp;ik=d4016f14b7&amp;view=fimg&amp;th=14f50a85e54f4961&amp;attid=0.0.5&amp;disp=emb&amp;attbid=ANGjdJ_cEYII3z9GTiCK-tOD38RbZ4Y_1xma55pP4Qw14wv7d54pzQrUHt946f4sqIDJ-_GEzOesESKA-meKAsWHoOVn6IqWosr5Ga19ATdZtk-V6EKG_9a48flQLPg&amp;sz=w382-h468&amp;ats=1440365739672&amp;rm=14f50a85e54f4961&amp;zw&amp;atsh=1\" alt=\"clip_image003\" \/>S<\/strong><strong>oares,<\/strong> sobrenome de origem portuguesa.<\/h2>\n<p>&nbsp;<\/p>\n<p>BRAS\u00c3O DE ARMAS: De vermelho com uma torre de prata.<\/p>\n<p>TIMBRE: A torre de escudo<\/p>\n<p>&#8220;Aqueles do s\u00e9culo XIV, membros da honor\u00e1vel casa dos Soares, viveram no tempo em que uma das maiores fa\u00e7anhas das armas da hist\u00f3ria de Portugal teve lugar, a saber, a batalha de Aljubarrota, travada em 14 de agosto de 1385, pr\u00f3xima da assim denominada cidade, localizada no centro de Portugal. O rei castelhano, Juan I, reclamava a coroa de Portugal atrav\u00e9s de seu casamento com a rainha Beatriz, a filha do \u00faltimo rei de Portugal. A grande maioria dos portugueses, incluindo muito dos patri\u00f3ticos da fam\u00edlia Soares, n\u00e3o estavam dispostos a aceitar um rei castelhano, raz\u00e3o pela qual escolheram como seu l\u00edder a Jo\u00e3o de Aviz, que se iriam juntar \u00e0 luta que estava para vir por Nuno Ivares Pereira, o &#8220;Condest\u00e1vel&#8221;. Juan I invadiu Portugal confiante no valor do seu ex\u00e9rcito, que contava com vinte e dois mil cavaleiros, e soldados, e esperava o apoio de nobres portugueses que o tinham como leg\u00edtimo herdeiro. Ao contr\u00e1rio, Jo\u00e3o, que tinha sido proclamado rei de Portugal h\u00e1 apenas quatro meses atr\u00e1s, estava apto para reunir t\u00e3o somente uns meros sete mil homens. N\u00e3o obstante, o prest\u00edgio do chefe Pereira, ganho atrav\u00e9s de suas vit\u00f3rias em incurs\u00f5es do ano precedente, inspirou entre a mil\u00edcia de seus comandados e soldados, os quais podem ter inclu\u00eddo her\u00f3icos membros da fam\u00edlia Soares, a garantia da necessidade de uma condi\u00e7\u00e3o de vit\u00f3ria. Uma vez que a dire\u00e7\u00e3o dos castelhanos tornou-se clara, Pereira prop\u00f4s um plano que acarretaria no bloqueamento das linhas inimigas em avan\u00e7o e, ent\u00e3o, procederia \u00e0 ofensiva, tendo manejado seus inimigos em terrenos que anularia a vantagem num\u00e9rica dos invasores.<\/p>\n<p>&nbsp;<\/p>\n<p>=====================================================================================================================================<\/p>\n<p>&nbsp;<\/p>\n<p>Prezado Afr\u00e2nio. Como vai?<\/p>\n<p>Sou de Sorocaba e escrevo porque estou em busca do hist\u00f3rico da fam\u00edlia de minha m\u00e3e, Pires de Campos, que era de Tiet\u00ea. Do outro lado de minha fam\u00edlia, estou em busca do sobrenome Soares Aguiar.<\/p>\n<p>Se puder me ajudar ou puder indicar o trabalho de algu\u00e9m, agrade\u00e7o muit\u00edssimo.<\/p>\n<p>Muito obrigada desde j\u00e1.<\/p>\n<p>Atenciosamente,<\/p>\n<p>Viviane Soares Aguiar=<\/p>\n<p>&nbsp;<\/p>\n<p>&nbsp;<\/p>\n","protected":false},"excerpt":{"rendered":"<p>Afr\u00e2nio Mello &#8211; ATENDIMENTOS N\u00daMEROS\u00a0 529, 530, 531 E 532<\/p>\n","protected":false},"author":3,"featured_media":0,"comment_status":"closed","ping_status":"closed","sticky":false,"template":"","format":"standard","meta":{"_jetpack_newsletter_access":"","_jetpack_dont_email_post_to_subs":false,"_jetpack_newsletter_tier_id":0,"_jetpack_memberships_contains_paywalled_content":false,"_jetpack_memberships_contains_paid_content":false,"footnotes":""},"categories":[7],"tags":[657],"class_list":["post-3060","post","type-post","status-publish","format-standard","hentry","category-comunicacao","tag-afranio-mello"],"aioseo_notices":[],"views":0,"jetpack_featured_media_url":"","jetpack_sharing_enabled":true,"jetpack_likes_enabled":true,"jetpack-related-posts":[{"id":31788,"url":"https:\/\/jornalrol.com.br\/?p=31788","url_meta":{"origin":3060,"position":0},"title":"Genealogia: Afr\u00e2nio Mello fornece informa\u00e7\u00f5es sobre as fam\u00edlias Andrade, Oliveira, Borges, Silva, Vasconcelos, Ferreira e Moreira","author":"ADM","date":"5 de junho de 2020","format":false,"excerpt":"Afr\u00e2nio Mello fornece informa\u00e7\u00f5es sobre as fam\u00edlias ANDRADE, OLIVEIRA, BORGES, SILVA, VASCONCELOS, FERREIRA e MOREIRA ATENDIMENTOS N\u00daMEROS\u00a0 1.229.1230,1.231,1.232,1.233,1234 C\u00e9lio, conforme conversamos, n\u00e3o pesquiso nomes completos e n\u00e3o procuro pessoas. N\u00e3o tenho esse tempo dispon\u00edvel. Gostaria de ter. Estou enviando para voc\u00ea e atendendo sua solicita\u00e7\u00e3o posterior ao primeiro pedido e\u2026","rel":"","context":"Em &quot;Comunica\u00e7\u00e3o&quot;","block_context":{"text":"Comunica\u00e7\u00e3o","link":"https:\/\/jornalrol.com.br\/?cat=7"},"img":{"alt_text":"","src":"https:\/\/i0.wp.com\/www.jornalrol.com.br\/wp-content\/uploads\/2020\/04\/afranio-150x150-1.jpg?resize=350%2C200","width":350,"height":200},"classes":[]},{"id":5639,"url":"https:\/\/jornalrol.com.br\/?p=5639","url_meta":{"origin":3060,"position":1},"title":"Genealogia: Afr\u00e2nio Melllo fornece informa\u00e7\u00f5es sobre a fam\u00edlia CORR\u00caA","author":"Helio Rubens","date":"22 de julho de 2016","format":false,"excerpt":"Afr\u00e2nio Franco de Oliveira Mello - ATENDIMENTO N\u00daMERO 758 \u00a0 Bom dia, S\u00e9rgio Eu tamb\u00e9m sou de Fam\u00edlia Corr\u00eaa. Minha m\u00e3e \u00e9 Corr\u00eaa Franco. Escrevi um livro sobre os Orsi e os Ramacciotti, outro ramo do lado da minha m\u00e3e. Estou fazendo tamb\u00e9m Alves de Almeida e Oliveira Mello do\u2026","rel":"","context":"Em &quot;Comunica\u00e7\u00e3o&quot;","block_context":{"text":"Comunica\u00e7\u00e3o","link":"https:\/\/jornalrol.com.br\/?cat=7"},"img":{"alt_text":"image","src":"https:\/\/mail.google.com\/mail\/u\/1\/?ui=2&ik=d4016f14b7&view=fimg&th=1560db6e21234f58&attid=0.0.1&disp=emb&attbid=ANGjdJ-F5qURj-UfTPTC9i48_ybUWUBAdOt9a7f5PaF_XImL7EaJrewy-amqbxqw7P06MAVFWZYHJscpEzP5letNe_c5Ted79fjTnVyDa96oExfaPVN-PYj4zwiJArI&sz=w400-h476&ats=1469187813520&rm=1560db6e21234f58&zw&atsh=1","width":350,"height":200},"classes":[]},{"id":38064,"url":"https:\/\/jornalrol.com.br\/?p=38064","url_meta":{"origin":3060,"position":2},"title":"Genealogia: Afr\u00e2nio Mello fornece informa\u00e7\u00f5es sobre as fam\u00edlias Mello e Flor\u00eancio","author":"ADM","date":"25 de fevereiro de 2021","format":false,"excerpt":"Afr\u00e2nio Mello fornece informa\u00e7\u00f5es sobre as fam\u00edlias MELLO e FLOR\u00caNCIO ATENDIMENTOS N\u00daMEROS 1.340 E 1.341 Prezado Apol\u00f4nio, boa tarde. Atendendo sua solicita\u00e7\u00e3o sobre a Genealogia dos Flor\u00eancio de Mello, informo que eu tenho arquivos de sobrenomes individuais e n\u00e3o coletivos. Assim sendo vou enviar os arquivos para voc\u00ea dos sobrenomes\u2026","rel":"","context":"Em &quot;Comunica\u00e7\u00e3o&quot;","block_context":{"text":"Comunica\u00e7\u00e3o","link":"https:\/\/jornalrol.com.br\/?cat=7"},"img":{"alt_text":"","src":"https:\/\/i0.wp.com\/www.jornalrol.com.br\/wp-content\/uploads\/2020\/04\/afranio-150x150-1.jpg?resize=350%2C200","width":350,"height":200},"classes":[]},{"id":22049,"url":"https:\/\/jornalrol.com.br\/?p=22049","url_meta":{"origin":3060,"position":3},"title":"Genealogia: Afr\u00e2nio Mello fornece informa\u00e7\u00f5es sobre as fam\u00edlias CAMPOS e DOMINGUES","author":"ADM","date":"31 de outubro de 2018","format":false,"excerpt":"Afr\u00e2nio Franco de Oliveira Mello - ATENDIMENTOS N\u00daMEROS 1078 E 1079 Prezado Prof.Dirceu, boa tarde. Atendendo sua solicita\u00e7\u00e3o encaminho os arquivos dos sobrenomes CAMPOS e o do DOMINGUES. CAMPOS....................... 12 p\u00e1ginas e 15 bras\u00f5es portugueses e espanh\u00f3is ; DOMINGUES................\u00a0\u00a0 1\/2 p\u00e1gina e com 6 bras\u00f5es em separado. Abaixo um extrato\u2026","rel":"","context":"Em &quot;Comunica\u00e7\u00e3o&quot;","block_context":{"text":"Comunica\u00e7\u00e3o","link":"https:\/\/jornalrol.com.br\/?cat=7"},"img":{"alt_text":"","src":"https:\/\/i0.wp.com\/www.jornalrol.com.br\/wp-content\/uploads\/2018\/03\/afranio-150x150.jpg?resize=350%2C200","width":350,"height":200},"classes":[]},{"id":2419,"url":"https:\/\/jornalrol.com.br\/?p=2419","url_meta":{"origin":3060,"position":4},"title":"Genealogia: Afr\u00e2nio Mello fornece informa\u00e7\u00f5es sobre a familia Alfradique","author":"Helio Rubens","date":"4 de julho de 2015","format":false,"excerpt":"Afr\u00e2nio Mello: ATENDIMENTO N\u00daMERO 487 \u00a0 Solicita\u00e7\u00e3o pendente de 22.04.2015 \u00a0 Prezada Ana, \u00a0 Pesquisa extremamente dif\u00edcil. Arquivo s\u00f3 de uma p\u00e1gina que reproduzo abaixo. Sobrenome de pouca incid\u00eancia no Brasil e n\u00e3o encontrei os registros de entrada em nosso pa\u00eds. Encontrei tr\u00eas nomes no Brasil e um nos Estados\u2026","rel":"","context":"Em &quot;Comunica\u00e7\u00e3o&quot;","block_context":{"text":"Comunica\u00e7\u00e3o","link":"https:\/\/jornalrol.com.br\/?cat=7"},"img":{"alt_text":"Genealogista Afr\u00e2nio Mello","src":"https:\/\/i0.wp.com\/www.jornalrol.com.br\/wp-content\/uploads\/2014\/11\/FOTO-CLOSE-AFRANIO.jpg?resize=350%2C200","width":350,"height":200},"classes":[]},{"id":3579,"url":"https:\/\/jornalrol.com.br\/?p=3579","url_meta":{"origin":3060,"position":5},"title":"Genealogia: Afr\u00e2nio Mello fornece gratuitamente informa\u00e7\u00f5es sobre familias. Nesta edi\u00e7\u00e3o, sobre as familias REGO, MOARES e SOARES","author":"Helio Rubens","date":"26 de outubro de 2015","format":false,"excerpt":"Afr\u00e2nio Franco de Oliveira Mello: ATENDIMENTO N\u00daMEROS 553, 554 E 555 \u00a0 Caro Domingos, boa noite. Pesquisei o nome do Capit\u00e3o-mor Pedro (tamb\u00e9m citado como Pero) Soares do Rego (Oeiras-PI) e nada encontrei nos meus arquivos. O que tenho sobre esse sobrenome \u00e9 muito pouco e n\u00e3o traduz a sua\u2026","rel":"","context":"Em &quot;Comunica\u00e7\u00e3o&quot;","block_context":{"text":"Comunica\u00e7\u00e3o","link":"https:\/\/jornalrol.com.br\/?cat=7"},"img":{"alt_text":"","src":"","width":0,"height":0},"classes":[]}],"_links":{"self":[{"href":"https:\/\/jornalrol.com.br\/index.php?rest_route=\/wp\/v2\/posts\/3060","targetHints":{"allow":["GET"]}}],"collection":[{"href":"https:\/\/jornalrol.com.br\/index.php?rest_route=\/wp\/v2\/posts"}],"about":[{"href":"https:\/\/jornalrol.com.br\/index.php?rest_route=\/wp\/v2\/types\/post"}],"author":[{"embeddable":true,"href":"https:\/\/jornalrol.com.br\/index.php?rest_route=\/wp\/v2\/users\/3"}],"replies":[{"embeddable":true,"href":"https:\/\/jornalrol.com.br\/index.php?rest_route=%2Fwp%2Fv2%2Fcomments&post=3060"}],"version-history":[{"count":0,"href":"https:\/\/jornalrol.com.br\/index.php?rest_route=\/wp\/v2\/posts\/3060\/revisions"}],"wp:attachment":[{"href":"https:\/\/jornalrol.com.br\/index.php?rest_route=%2Fwp%2Fv2%2Fmedia&parent=3060"}],"wp:term":[{"taxonomy":"category","embeddable":true,"href":"https:\/\/jornalrol.com.br\/index.php?rest_route=%2Fwp%2Fv2%2Fcategories&post=3060"},{"taxonomy":"post_tag","embeddable":true,"href":"https:\/\/jornalrol.com.br\/index.php?rest_route=%2Fwp%2Fv2%2Ftags&post=3060"}],"curies":[{"name":"wp","href":"https:\/\/api.w.org\/{rel}","templated":true}]}}