{"id":3062,"date":"2015-08-25T00:32:27","date_gmt":"2015-08-25T03:32:27","guid":{"rendered":"http:\/\/www.jornalrol.com.br\/?p=3062"},"modified":"2015-08-25T00:32:27","modified_gmt":"2015-08-25T03:32:27","slug":"artigo-de-celso-lungarettiditadores-nao-merecem-lagrimas","status":"publish","type":"post","link":"https:\/\/jornalrol.com.br\/?p=3062","title":{"rendered":"Artigo de Celso Lungaretti:&#039;Ditadores n\u00e3o merecem l\u00e1grimas&#039;"},"content":{"rendered":"<div class=\"pdfprnt-buttons pdfprnt-buttons-post pdfprnt-top-right\"><a href=\"https:\/\/jornalrol.com.br\/index.php?rest_route=%2Fwp%2Fv2%2Fposts%2F3062&print=pdf\" class=\"pdfprnt-button pdfprnt-button-pdf\" target=\"_blank\" ><\/a><a href=\"https:\/\/jornalrol.com.br\/index.php?rest_route=%2Fwp%2Fv2%2Fposts%2F3062&print=print\" class=\"pdfprnt-button pdfprnt-button-print\" target=\"_blank\" ><img decoding=\"async\" src=\"https:\/\/jornalrol.com.br\/wp-content\/plugins\/pdf-print\/images\/print.png\" alt=\"image_print\" title=\"Conte\u00fado de impress\u00e3o\" \/><\/a><\/div><div class=\"nH\">\n<div class=\"nH\">\n<h2 class=\"ha\">EX\u00cdMIO EQUILIBRISTA, GET\u00daLIO VARGAS MANTEVE SUA DITADURA POR 15 ANOS, APOIANDO-SE NA DIREITA CONTRA A ESQUERDA E VICE-VERSA<\/h2>\n<\/div>\n<\/div>\n<p><!--more--><\/p>\n<div class=\"nH aHU\">\n<div class=\"nH hx\">\n<div class=\"nH\"><\/div>\n<div class=\"nH\">\n<div class=\"h7  ie nH oy8Mbf\" tabindex=\"-1\">\n<div class=\"Bk\">\n<div class=\"G3 G2\">\n<div id=\":fc\">\n<div class=\"adn ads\">\n<div class=\"gs\">\n<div id=\":fp\" tabindex=\"-1\"><\/div>\n<div id=\":li\" class=\"ii gt m14f6023bf74a9380 adP adO\">\n<div id=\":hg\" class=\"a3s\">\n<div dir=\"ltr\">\n<h2><strong>GET\u00daLIO VARGAS<\/strong><\/h2>\n<h2><strong>DITADORES N\u00c3O MERECEM L\u00c1GRIMAS\u00a0<\/strong><\/h2>\n<div><span style=\"color: #38761d;\">Celso Lungaretti, n<\/span><strong><span style=\"color: #38761d;\">o blogue<\/span>\u00a0<a href=\"http:\/\/naufrago-da-utopia.blogspot.com.br\/\" target=\"_blank\"><span style=\"color: #ff0000;\">N\u00e1ufrago da Utopia<\/span><\/a><\/strong><\/div>\n<div><\/div>\n<div>\n<p><a href=\"http:\/\/4.bp.blogspot.com\/-A7fAru-qLVU\/VdsYSPrWocI\/AAAAAAAABJo\/V6vBuTfKhWA\/s1600\/getulio%2Bvargas.jpg\" target=\"_blank\"><img loading=\"lazy\" decoding=\"async\" class=\"CToWUd\" src=\"https:\/\/4.bp.blogspot.com\/-A7fAru-qLVU\/VdsYSPrWocI\/AAAAAAAABJo\/V6vBuTfKhWA\/s400\/getulio%2Bvargas.jpg\" alt=\"\" width=\"400\" height=\"272\" border=\"0\" \/><\/a><\/p>\n<div>\n<p><b><span style=\"font-family: Verdana, sans-serif; font-size: xx-large;\">N<\/span><\/b>o dia 24 de agosto de 1954, aos 72 anos de idade, o presidente Get\u00falio Dornelles Vargas se matou com um tiro no cora\u00e7\u00e3o, ap\u00f3s uma tensa reuni\u00e3o com seu minist\u00e9rio, quando teve de assumir o compromisso de licenciar-se do cargo.<\/p>\n<p>Suficientemente perspicaz para saber que era apenas uma f\u00f3rmula para dourar a p\u00edlula de seu definitivo afastamento, preferiu uma sa\u00edda digna. Como os\u00a0<b><i><span style=\"font-family: Arial, Helvetica, sans-serif; font-size: x-large;\">hermanos<\/span><\/i><\/b>\u00a0diriam, ao menos\u00a0<b><span style=\"font-family: Arial, Helvetica, sans-serif; font-size: x-large;\"><i>cojones<\/i><\/span><\/b>\u00a0ele tinha&#8230;<\/p>\n<\/div>\n<div><\/div>\n<div>\n<p>Sendo os mandat\u00e1rios\u00a0<b><i><span style=\"font-family: Arial, Helvetica, sans-serif; font-size: x-large;\">bananas<\/span><\/i><\/b>\u00a0uma expressiva maioria nestes tristes tr\u00f3picos, n\u00e3o h\u00e1 como deixarmos de admirar a coragem de Vargas e Allende, embora o segundo tivesse muitos outros m\u00e9ritos e o camale\u00e3o ga\u00facho, quase que apenas o de ter sacrificado a vida para assestar um \u00faltimo golpe nos seus inimigos, a famosa\u00a0<a href=\"http:\/\/www2.uol.com.br\/historiaviva\/artigos\/as_duas_cartas_de_getulio_vargas.html\" target=\"_blank\"><b><span style=\"color: #ff0000;\">carta-testamento<\/span><\/b><\/a>\u00a0que acabou abortando os planos da UDN para assenhorar-se do poder sem elei\u00e7\u00e3o nenhuma.<\/p>\n<\/div>\n<div><\/div>\n<div>\n<p>Na mar\u00e9 autorit\u00e1ria subsequente \u00e0 1\u00aa guerra mundial e \u00e0 aguda crise econ\u00f4mica que varreu o mundo na d\u00e9cada de 1920, Vargas topou encabe\u00e7ar um golpe de estado e tornar-se ditador do Brasil a partir de 1930. Ex\u00edmio equilibrista, manteve-se no poder durante 15 anos, apoiando-se na esquerda contra a direita e vice-versa, ao sabor das circunst\u00e2ncias.<\/p>\n<\/div>\n<div>\n<p><a href=\"https:\/\/s3.amazonaws.com\/qcon-assets-production\/images\/provas\/38541\/imagem-012.jpg\" target=\"_blank\"><img decoding=\"async\" class=\"CToWUd\" src=\"https:\/\/ci6.googleusercontent.com\/proxy\/NXa1e1JIvPlusEGP4yCzJuKoS_17dfl-pNwiTPiAsI48-_6lbbYak4TYWhs2uIuESG1rvDbFWHluAdyNQ4HSlSlddhH0Di-YHK38zIfWx-sJaVk2LhDHHjsm-bXrZ51mIdUU8crE-5M=s0-d-e1-ft#https:\/\/s3.amazonaws.com\/qcon-assets-production\/images\/provas\/38541\/imagem-012.jpg\" alt=\"\" border=\"0\" \/><\/a><\/p>\n<\/div>\n<div>\n<p>Como um Napole\u00e3o Bonaparte em miniatura, ficava no centro e manobrava com as extremas, n\u00e3o hesitando em afund\u00e1-las para manter-se \u00e0 tona. Foi o que fez com os integralistas de Pl\u00ednio Salgado, apesar das evidentes afinidades ideol\u00f3gicas que tinha com eles.<\/p>\n<p>Suas mais sinceras simpatias, assim como as dos principais militares golpistas de 1930, iam para o fascismo de Mussolini, do qual Vargas copiou descaradamente a legisla\u00e7\u00e3o trabalhista. E, na repress\u00e3o aos comunistas depois da fracassada Intentona, deu carta branca ao carrasco Filinto\u00a0<b><i><span style=\"font-family: Arial, Helvetica, sans-serif; font-size: x-large;\">faltou-algu\u00e9m-em-<wbr \/>Nuremberg<\/span><\/i><\/b>\u00a0Muller para desencadear um verdadeiro festival de horrores, trailer do que os militares nos imporiam nos anos de chumbo.<\/p>\n<\/div>\n<div><\/div>\n<div>\n<p>Tamb\u00e9m como equilibrista, ele optou por fazer o contr\u00e1rio do que gostaria, alinhando o Brasil com os Estados Unidos na 2\u00aa guerra mundial; curvou-se \u00e0 evid\u00eancia do fato de que o nosso pa\u00eds era um quintal dos EUA. E usou o lim\u00e3o para fazer limonada, arrancando algumas concess\u00f5es do\u00a0<b><i><span style=\"font-family: Arial, Helvetica, sans-serif; font-size: x-large;\">grande irm\u00e3o do Norte<\/span><\/i><\/b>\u00a0e obtendo algumas vantagens econ\u00f4micas.<\/p>\n<\/div>\n<div><\/div>\n<div>\n<p>Mesmo assim, terminado o conflito, os estadunidenses moveram os fios nos bastidores para que sua ditadura fosse deposta por um esp\u00e9cime raro em nossa fauna: um golpe militar redemocratizador.<\/p>\n<p>Continuou influente, fazendo eleger o poste Eurico Gaspar Dutra para tomar conta da cadeira presidencial e retornando depois ao Pal\u00e1cio do Catete pelo voto popular.<\/p>\n<\/div>\n<div>\n<p><a href=\"http:\/\/3.bp.blogspot.com\/-KMqhSFz_fVY\/U_mNPxlaCcI\/AAAAAAAAIy0\/gY3RbLByucs\/s1600\/vargas%2BUltima-Hora.jpg\" target=\"_blank\"><img loading=\"lazy\" decoding=\"async\" class=\"CToWUd\" src=\"https:\/\/3.bp.blogspot.com\/-KMqhSFz_fVY\/U_mNPxlaCcI\/AAAAAAAAIy0\/gY3RbLByucs\/s1600\/vargas%2BUltima-Hora.jpg\" alt=\"\" width=\"226\" height=\"320\" border=\"0\" \/><\/a><\/p>\n<p>A m\u00e1goa com os EUA foi determinante na posi\u00e7\u00e3o nacionalista-estatista que assumiu desde a campanha presidencial, contando com o apoio aberrante do PCB (algo assim como nossa esquerda apoiar o M\u00e9dici, caso ele tivesse sido apeado do poder e depois pedisse votos colocando uma pele verde-amarela sobre os pelos escuros de lobo&#8230;).<\/p>\n<\/div>\n<div>\n<p>Acabou sendo levado \u00e0 beira do abismo consequ\u00eancia de uma lamban\u00e7a do aloprado Greg\u00f3rio Fortunato e do famoso\u00a0<b><i><span style=\"font-family: Arial, Helvetica, sans-serif; font-size: x-large;\">mar de lama<\/span><\/i><\/b>\u00a0no qual seu governo, segundo os opositores, teria se transformado.<\/p>\n<\/div>\n<div><\/div>\n<div>\n<p>O verso do poeta-compositor Peter Sinfield cai como uma luva para ele: &#8220;confus\u00e3o ser\u00e1 meu epit\u00e1fio&#8221;.<\/p>\n<p>Teve muitas vezes como aliados aqueles que o destruiriam.<\/p>\n<p>N\u00e3o passou de um conservador e direitista, cujo fim, paradoxalmente, foi precipitado pelas tramoias dos seus iguais.<\/p>\n<p>Pilotou uma ditadura durante 15 anos e acabou recebendo o golpe fatal das m\u00e3os de aspirantes a ditadores.<\/p>\n<p>Massacrou a esquerda e foi velado pela esquerda.<\/p>\n<p>GET\u00daLIO VARGAS<\/p>\n<p>RECEITA CASEIRA PARA UMA DOCE DITADURA<\/p>\n<div>\n<table cellspacing=\"0\" cellpadding=\"0\">\n<tbody>\n<tr>\n<td><a href=\"http:\/\/2.bp.blogspot.com\/-B9KIbUTdH-o\/VdsghSdEH0I\/AAAAAAAABJ8\/QcVCWVfrP6U\/s1600\/apolo.jpg\" target=\"_blank\"><img loading=\"lazy\" decoding=\"async\" class=\"CToWUd\" src=\"https:\/\/2.bp.blogspot.com\/-B9KIbUTdH-o\/VdsghSdEH0I\/AAAAAAAABJ8\/QcVCWVfrP6U\/s200\/apolo.jpg\" alt=\"\" width=\"134\" height=\"200\" border=\"0\" \/><\/a><\/td>\n<\/tr>\n<tr>\n<td><b><span style=\"color: #0b5394; font-family: Arial, Helvetica, sans-serif; font-size: medium;\">Por Apollo Natali<\/span><\/b><\/td>\n<\/tr>\n<\/tbody>\n<\/table>\n<\/div>\n<div>\n<p><b><span style=\"font-family: Verdana, sans-serif; font-size: xx-large;\">Q<\/span><\/b>ue Hitler, que Mussolini, que Franco, que Salazar, que 64, que nada!<\/p>\n<\/div>\n<div><\/div>\n<div>\n<p>Amargos os ingredientes dessas ditaduras.<\/p>\n<\/div>\n<div><\/div>\n<div>\n<p>Doce a ditadura tupiniquim de Get\u00falio Vargas, genial mestre cuca, ide\u00f3logo de um saborosa receita ditatorial caseira a provocar saliva\u00e7\u00e3o ainda hoje, mais de meio s\u00e9culo depois.<\/p>\n<p>Ainda h\u00e1 apaixonados por Get\u00falio. O seu grande segredo foi a utiliza\u00e7\u00e3o de condimentos tipicamente nacionais. Fez-se populista com o tempero das ra\u00edzes brasileiras. Trabalhou o Brasil de acordo com as suas caracter\u00edsticas, colocando a ferver as ervas de nossa heran\u00e7a escravagista, de intera\u00e7\u00e3o senhor-escravo, de rela\u00e7\u00f5es de dom\u00ednio sobre a pessoa.<\/p>\n<\/div>\n<div>\n<p>Sabia que tinha todas as condi\u00e7\u00f5es de se credenciar como um grande pai para o povo. A interessante Escola de Frankfurt, estudiosa sistem\u00e1tica do comportamento humano, dava-lhe resposta \u00e0 crucial indaga\u00e7\u00e3o do porqu\u00ea as pessoas n\u00e3o querem ser livres. Os espertinhos investidos de um governo absoluto conhecem bem o medo \u00e0 liberdade inerente ao ser humano. Muitos de n\u00f3s apegamo-nos \u00e0 c\u00f4moda taboa de salva\u00e7\u00e3o: qualquer querido ditador.<\/p>\n<\/div>\n<div>\n<p><a href=\"http:\/\/www.esquinamusical.com.br\/wp-content\/uploads\/2014\/04\/getulio-vargas.jpg\" target=\"_blank\"><img loading=\"lazy\" decoding=\"async\" class=\"CToWUd\" src=\"https:\/\/ci6.googleusercontent.com\/proxy\/48INScl0NY-zNkI9lApbUi5Zc9Ill6o_f21gdRyS6rYJvUceZXeHadqo43SzOBIyCjtpPTikbkmL7H5FTXpWvgIY4cKCSocxLPCACtafuV7WsuJLkryPQHqP8hWjbZEJrJ_Vrl2-253vRxxucY9zrJljbsBBbPvHBvp0q1XwAbkYpQw7j4jSwkoDU2lfOvNIM5NinzbC9CdQ0Qh0w2cWiIyIh_HgOZvqK5lzgoUwJddepoEhKTaigfU-GPuQSLr-DPMA3YSW5GMmQcypeupbX7ds8XCJRJ1azl3f-gL6Xv2ascZ_LX2TU8DX7QxsqQRM=s0-d-e1-ft#https:\/\/images-blogger-opensocial.googleusercontent.com\/gadgets\/proxy?url=http%3A%2F%2Fwww.esquinamusical.com.br%2Fwp-content%2Fuploads%2F2014%2F04%2Fgetulio-vargas.jpg&amp;container=blogger&amp;gadget=a&amp;rewriteMime=image%2F*\" alt=\"\" width=\"320\" height=\"259\" border=\"0\" \/><\/a><\/p>\n<p>Com seu ar bonach\u00e3o, o querido do nosso caso impregnou a atmosfera com perfume paternalista. Magnetizava o povo nomeando-o, em seus discursos, de \u201ctrabalhadores do Brasil\u201d. E tamb\u00e9m de \u201cbrasileiros e brasileiras\u201d.<\/p>\n<\/div>\n<div>\n<p>As lou\u00e7as e talheres de sua propaganda ideol\u00f3gica como elemento de manipula\u00e7\u00e3o do comportamento social eram o cinema, o r\u00e1dio, a imprensa escrita, farto material did\u00e1tico a invadir cabe\u00e7as infantis, a moeda de menor valor da \u00e9poca circulando com sua esfinge nas m\u00e3os de milh\u00f5es de s\u00faditos, a R\u00e1dio Nacional do Rio de Janeiro devidamente estatizada. Prestigiou artistas populares, que cantavam aberra\u00e7\u00f5es ditatoriais em suas marchinhas de apar\u00eancia inocente. O brasileiro \u00e9 um povo musical.<\/p>\n<\/div>\n<div><\/div>\n<div>\n<p>E a grande cozinha caseira se valia do fat\u00eddico DIP, Departamento de Imprensa e Propaganda, vassalo fiel do indiv\u00edduo investido de uma autoridade absoluta. DIP, uma inescrut\u00e1vel pol\u00edcia pol\u00edtica de investiga\u00e7\u00f5es, persegui\u00e7\u00f5es, torturas, mortes. O fundo de toda panela ditatorial, por mais apetitosas comidas que apregoe, abriga sempre res\u00edduos delet\u00e9rios.<\/p>\n<\/div>\n<div>\n<p><a href=\"http:\/\/static.tumblr.com\/ipm7mdk\/ndWm22tci\/111.jpg\" target=\"_blank\"><img decoding=\"async\" class=\"CToWUd\" src=\"https:\/\/ci6.googleusercontent.com\/proxy\/QAjKS0_X5WD7V_nH4BysvJ5FBlnjGTapAVmFVEBD0ZsJ1rEnBmsv9cVE8yjowYQHCc9WkVmBmXdz1VBOQazbRa_xCjiNGXH71SPR1idtg-W3B2wRSndtakxmQcTTtmfiffTftAfm8PtG2-g_GTMUJfK2CXOLxeZnQfcsl-YB2AQngx7gYIXgrE4pyklty6HYNDzwNbbqSiR3kLGB6AzQwSzaCNtlVwbD9Go-WQOMCC9RR4MfO0pXaDODe-qzADluHlsPrn1lreEQOsRflxAnYA=s0-d-e1-ft#https:\/\/images-blogger-opensocial.googleusercontent.com\/gadgets\/proxy?url=http%3A%2F%2Fstatic.tumblr.com%2Fipm7mdk%2FndWm22tci%2F111.jpg&amp;container=blogger&amp;gadget=a&amp;rewriteMime=image%2F*\" alt=\"\" border=\"0\" \/><\/a><\/p>\n<p>&nbsp;<\/p>\n<p>Para n\u00e3o dizer que n\u00e3o falamos do poder e autoridade absoluta de Get\u00falio Vargas, ele tinha no chefe de pol\u00edcia Filinto Muller o seu anjo da morte. Uma amostra da receita de tortura contada por Fernando Moraes (<a href=\"https:\/\/youtu.be\/bWy8M24zab8\" target=\"_blank\"><b><span style=\"color: #ff0000;\">Olga<\/span><\/b><\/a>), entre outras, era o torturador enfiar na uretra do preso pol\u00edtico um fio de ferro em brasa.<\/p>\n<\/div>\n<div><\/div>\n<div>\n<p>E ainda h\u00e1 saudosos de Get\u00falio. Deu-nos grandes obras, Petrobr\u00e1s, Vale do Rio Doce, Companhia Sider\u00fargica Nacional, Leis do Trabalho, e em troca desses melados, tomou-nos a liberdade. Assim como h\u00e1 saudosos de 1964. Deram-nos grandes obras, Transamaz\u00f4nica, Itaipu, Ponte Rio Niter\u00f3i, e em troca desses a\u00e7ucarados, confiscaram-nos a liberdade.<\/p>\n<\/div>\n<p><strong><span style=\"font-family: 'arial black', sans-serif; font-size: xx-small;\"><span style=\"color: #008080;\">OUTROS POSTS RECENTES DO BLOGUE\u00a0<\/span><a href=\"http:\/\/naufrago-da-utopia.blogspot.com.br\/\" target=\"_blank\"><span style=\"color: #cc0000;\">N\u00c1UFRAGO DA UTOPIA<\/span><\/a><span style=\"color: #008080;\">\u00a0(clique p\/ abrir):<\/span><\/span><\/strong><\/p>\n<div>\n<p><a href=\"http:\/\/naufrago-da-utopia.blogspot.com.br\/2015\/08\/temos-o-prazer-de-anunciar-o-grande.html\" target=\"_blank\"><span style=\"color: #ff0000; font-family: 'arial black', sans-serif; font-size: xx-small;\"><b><u>TEMOS O PRAZER DE ANUNCIAR O GRANDE VENCEDOR DO TROF\u00c9U BRANCALEONE 2015: EVO MORALES!!!<\/u><\/b><\/span><\/a><\/p>\n<\/div>\n<div>\n<div>\n<p><a href=\"http:\/\/naufrago-da-utopia.blogspot.com.br\/2015\/08\/dilma-rousseff-preferida-por-11-entre.html\" target=\"_blank\"><span style=\"color: #ff0000; font-family: 'arial black', sans-serif; font-size: xx-small;\"><b><u>DILMA, A PRESIDENTA PREFERIDA POR 11 ENTRE 10 GRANDES BANQUEIROS&#8230;<\/u><\/b><\/span><\/a><\/p>\n<\/div>\n<div>\n<p><a href=\"http:\/\/naufrago-da-utopia.blogspot.com.br\/2015\/08\/o-grande-capital-atira-uma-boia-para.html\" target=\"_blank\"><span style=\"color: #ff0000; font-family: 'arial black', sans-serif; font-size: xx-small;\"><b><u>O GRANDE CAPITAL ATIRA UMA BOIA PARA DILMA. ELA MERECE SER SALVA?<\/u><\/b><\/span><\/a><\/p>\n<\/div>\n<\/div>\n<div>\n<div>\n<p><a href=\"http:\/\/naufrago-da-utopia.blogspot.com.br\/2015\/08\/goleada-na-batalha-das-ruas-so-resta.html\" target=\"_blank\"><span style=\"color: #ff0000; font-family: 'arial black', sans-serif; font-size: xx-small;\"><b><u>GOLEADA NAS RUAS, S\u00d3 RESTA UMA ATITUDE DIGNA PARA DILMA: RENUNCIAR.<\/u><\/b><\/span><\/a><\/p>\n<\/div>\n<div>\n<p><a href=\"http:\/\/naufrago-da-utopia.blogspot.com.br\/2015\/08\/o-partido-dos-trabalhadores-precisa.html\" target=\"_blank\"><span style=\"color: #ff0000; font-family: 'arial black', sans-serif; font-size: xx-small;\"><b><u>O PARTIDO DOS TRABALHADORES PRECISA MUDAR O NOME: PODE SER ACUSADO DE PROPAGANDA ENGANOSA&#8230;<\/u><\/b><\/span><\/a><\/p>\n<\/div>\n<\/div>\n<div>\n<p><a href=\"http:\/\/naufrago-da-utopia.blogspot.com.br\/2015\/08\/nos-quarteis-lhes-ensinam-antigas.html\" target=\"_blank\"><span style=\"color: #ff0000; font-family: 'arial black', 'avant garde'; font-size: xx-small;\"><b><u>NOS QUART\u00c9IS LHES ENSINAM ANTIGAS LI\u00c7\u00d5ES&#8221;. E TAMB\u00c9M NAS ESCOLAS?!<\/u><\/b><\/span><\/a><\/p>\n<\/div>\n<\/div>\n<\/div>\n<\/div>\n<\/div>\n<\/div>\n<\/div>\n<\/div>\n<\/div>\n<\/div>\n<\/div>\n<\/div>\n<\/div>\n<\/div>\n<\/div>\n","protected":false},"excerpt":{"rendered":"<p>EX\u00cdMIO EQUILIBRISTA, GET\u00daLIO VARGAS MANTEVE SUA DITADURA POR 15 ANOS, APOIANDO-SE NA DIREITA CONTRA A ESQUERDA E VICE-VERSA<\/p>\n","protected":false},"author":3,"featured_media":0,"comment_status":"closed","ping_status":"closed","sticky":false,"template":"","format":"standard","meta":{"_jetpack_newsletter_access":"","_jetpack_dont_email_post_to_subs":false,"_jetpack_newsletter_tier_id":0,"_jetpack_memberships_contains_paywalled_content":false,"_jetpack_memberships_contains_paid_content":false,"footnotes":""},"categories":[7],"tags":[1797],"class_list":["post-3062","post","type-post","status-publish","format-standard","hentry","category-comunicacao","tag-celso-lungaretti"],"aioseo_notices":[],"views":0,"jetpack_featured_media_url":"","jetpack_sharing_enabled":true,"jetpack_likes_enabled":true,"jetpack-related-posts":[{"id":31622,"url":"https:\/\/jornalrol.com.br\/?p=31622","url_meta":{"origin":3062,"position":0},"title":"Celso Lungaretti: &#039;BOLSONARO ALEGA QUERER ARMAR A POPULA\u00c7\u00c3O PARA RESISTIR A DITADORES, MAS O \u00daNICO ASPIRANTE A DITADOR EM ATIVIDADE \u00c9 ELE MESMO&#039;","author":"ADM","date":"26 de maio de 2020","format":false,"excerpt":"CONSCIENTE DE QUE SEU MANDATO TEM OS DIAS CONTADOS, BOLSONARO VAI ARMANDO MAIS\u00a0AINDA SUAS HORDAS; OS MILITARES SE OMITEM Por maiores que fossem as minhas restri\u00e7\u00f5es ao Reinaldo Azevedo que, na d\u00e9cada passada, disputava com Diogo Mainardi a lideran\u00e7a do ranking de articulistas reacion\u00e1rios da\u00a0veja, sou honesto em reconhecer que,\u2026","rel":"","context":"Em &quot;Comunica\u00e7\u00e3o&quot;","block_context":{"text":"Comunica\u00e7\u00e3o","link":"https:\/\/jornalrol.com.br\/?cat=7"},"img":{"alt_text":"","src":"https:\/\/i0.wp.com\/www.jornalrol.com.br\/wp-content\/uploads\/2020\/04\/celso-5-300x169-300x169.jpg?resize=350%2C200","width":350,"height":200},"classes":[]},{"id":17771,"url":"https:\/\/jornalrol.com.br\/?p=17771","url_meta":{"origin":3062,"position":1},"title":"Celso Lungaretti: &#039;Se n\u00e3o houvesse existido um Tiradentes, a quem louvar\u00edamos? A D. Pedro I? A Jos\u00e9 Bonif\u00e1cio? \u00c0 Marquesa de Santos?&#039;","author":"Helio Rubens","date":"22 de abril de 2018","format":false,"excerpt":"Celso Lungaretti: 'SETE TEXTOS EM HOMENAGEM AO \u00daNICO HER\u00d3I DA\u00a0INDEPEND\u00caNCIA DO BRASIL E MAIOR HER\u00d3I\u00a0RECONHECIDO DESTE PA\u00cdS' O\u00a0blog\u00a0N\u00e1ufrago da Utopia\u00a0realizou uma\u00a0Semana Tiradentes, homenageando o \u00fanico her\u00f3i da independ\u00eancia do Brasil e o maior her\u00f3i reconhecido deste pa\u00eds. Joaquim Jos\u00e9 da Silva Xavier \u00e9 o primeiro dos 45 nomes inscritos no\u00a0Livro\u2026","rel":"","context":"Em &quot;Comunica\u00e7\u00e3o&quot;","block_context":{"text":"Comunica\u00e7\u00e3o","link":"https:\/\/jornalrol.com.br\/?cat=7"},"img":{"alt_text":"","src":"https:\/\/i0.wp.com\/www.jornalrol.com.br\/wp-content\/uploads\/2017\/09\/celso-225x300.jpg?resize=350%2C200","width":350,"height":200},"classes":[]},{"id":17282,"url":"https:\/\/jornalrol.com.br\/?p=17282","url_meta":{"origin":3062,"position":2},"title":"Celso Lungaretti: &#039;Acordo para tirar Lula das grades incluiria apoio, no 2\u00ba turno, a candidato que depois o indultaria&#039;","author":"Helio Rubens","date":"25 de mar\u00e7o de 2018","format":false,"excerpt":"Celso Lungaretti: 'BOMBA: LULA PODER\u00c1 SER LIBERTADO\u00a0NO PR\u00d3XIMO INDULTO NATALINO!' Lula apoiaria no 2\u00ba turno candidato disposto a indult\u00e1-lo O\u00a0colunista Elio Gaspari informa que se discute nos bastidores a possibilidade de indulto natalino para Lula. \u00a0O ponto de partida \u00e9 a certeza de que a Justi\u00e7a Eleitoral n\u00e3o lhe permitir\u00e1\u2026","rel":"","context":"Em &quot;Comunica\u00e7\u00e3o&quot;","block_context":{"text":"Comunica\u00e7\u00e3o","link":"https:\/\/jornalrol.com.br\/?cat=7"},"img":{"alt_text":"","src":"https:\/\/i0.wp.com\/www.jornalrol.com.br\/wp-content\/uploads\/2017\/09\/celso-225x300.jpg?resize=350%2C200","width":350,"height":200},"classes":[]},{"id":3076,"url":"https:\/\/jornalrol.com.br\/?p=3076","url_meta":{"origin":3062,"position":3},"title":"Artigo de Celso Lungaretti: &#039;A recess\u00e3o j\u00e1 era uma certeza para 2016, m\\z agora a embroma\u00e7\u00e3o corret\u00e1 solta&#8230;&#039;","author":"Helio Rubens","date":"26 de agosto de 2015","format":false,"excerpt":"\"A CULPA \u00c9 DA CHINA!\". ME ENGANA QUE EU GOSTO... Celso Lungaretti, no blogue\u00a0N\u00e1ufrago da Utopia Est\u00e1 na\u00a0Folha de S. Paulo\u00a0desta 3\u00aa feira, 25 \"Em mais um dia de fortes turbul\u00eancias na China, o Pal\u00e1cio do Planalto considerou preocupantes os efeitos da piora do cen\u00e1rio externo sobre o Brasil porque\u2026","rel":"","context":"Em &quot;Comunica\u00e7\u00e3o&quot;","block_context":{"text":"Comunica\u00e7\u00e3o","link":"https:\/\/jornalrol.com.br\/?cat=7"},"img":{"alt_text":"","src":"https:\/\/ci3.googleusercontent.com\/proxy\/SDtjfx2IOP4EFCItLodE5Zvcb2WLPTO4Fa1wZDQUaRmCNluOw3Ii6JngGnZm-Q8n2SelM47cdh9E-kflU4RqILMLdoEj9ShTjG9801ibZ_ci046bzar_RexPvCOYHrxAcjQpyHh42g-kuy93puGMvLkab_i1S2oVdkq5kqoxeN8ILLXx1DGXmBCq5JktSnZpJpyaTaxxXZ18VdoZvbrA4tcgUujOEm0SH7iPG7bWok6ig39lVpny0yxUTVDkyfFFvmsGYUbYVKHycLXyDS-DAAsvNavXfdzIKN7p1Zf0LB8eFwYPiXmOeBfK1AFt5GoQ5v8bdBSYUa-5-tDXkLCAHMjBvUDBMttEtqo=s0-d-e1-ft#https:\/\/images-blogger-opensocial.googleusercontent.com\/gadgets\/proxy?url=http%3A%2F%2Fwww.oestadoce.com.br%2Fsites%2Fdefault%2Ffiles%2Fnoticias%2Fgalerias%2FDilma-Rousseff-economia-salvador.jpg&container=blogger&gadget=a&rewriteMime=image%2F*","width":350,"height":200},"classes":[]},{"id":54936,"url":"https:\/\/jornalrol.com.br\/?p=54936","url_meta":{"origin":3062,"position":4},"title":"Artigo de Celso Lungaretti: &#039;A recess\u00e3o j\u00e1 era uma certeza para 2016, m\\z agora a embroma\u00e7\u00e3o corret\u00e1 solta&#8230;&#039;","author":"Helio Rubens","date":"26 de agosto de 2015","format":false,"excerpt":"\"A CULPA \u00c9 DA CHINA!\". ME ENGANA QUE EU GOSTO... Celso Lungaretti, no blogue\u00a0N\u00e1ufrago da Utopia Est\u00e1 na\u00a0Folha de S. Paulo\u00a0desta 3\u00aa feira, 25 \"Em mais um dia de fortes turbul\u00eancias na China, o Pal\u00e1cio do Planalto considerou preocupantes os efeitos da piora do cen\u00e1rio externo sobre o Brasil porque\u2026","rel":"","context":"Em &quot;Comunica\u00e7\u00e3o&quot;","block_context":{"text":"Comunica\u00e7\u00e3o","link":"https:\/\/jornalrol.com.br\/?cat=7"},"img":{"alt_text":"","src":"https:\/\/ci3.googleusercontent.com\/proxy\/SDtjfx2IOP4EFCItLodE5Zvcb2WLPTO4Fa1wZDQUaRmCNluOw3Ii6JngGnZm-Q8n2SelM47cdh9E-kflU4RqILMLdoEj9ShTjG9801ibZ_ci046bzar_RexPvCOYHrxAcjQpyHh42g-kuy93puGMvLkab_i1S2oVdkq5kqoxeN8ILLXx1DGXmBCq5JktSnZpJpyaTaxxXZ18VdoZvbrA4tcgUujOEm0SH7iPG7bWok6ig39lVpny0yxUTVDkyfFFvmsGYUbYVKHycLXyDS-DAAsvNavXfdzIKN7p1Zf0LB8eFwYPiXmOeBfK1AFt5GoQ5v8bdBSYUa-5-tDXkLCAHMjBvUDBMttEtqo=s0-d-e1-ft#https:\/\/images-blogger-opensocial.googleusercontent.com\/gadgets\/proxy?url=http%3A%2F%2Fwww.oestadoce.com.br%2Fsites%2Fdefault%2Ffiles%2Fnoticias%2Fgalerias%2FDilma-Rousseff-economia-salvador.jpg&container=blogger&gadget=a&rewriteMime=image%2F*","width":350,"height":200},"classes":[]},{"id":55049,"url":"https:\/\/jornalrol.com.br\/?p=55049","url_meta":{"origin":3062,"position":5},"title":"Artigo de Celso Lungaretti: &#039;A recess\u00e3o j\u00e1 era uma certeza para 2016, m\\z agora a embroma\u00e7\u00e3o corret\u00e1 solta&#8230;&#039;","author":"Helio Rubens","date":"26 de agosto de 2015","format":false,"excerpt":"\"A CULPA \u00c9 DA CHINA!\". ME ENGANA QUE EU GOSTO... Celso Lungaretti, no blogue\u00a0N\u00e1ufrago da Utopia Est\u00e1 na\u00a0Folha de S. Paulo\u00a0desta 3\u00aa feira, 25 \"Em mais um dia de fortes turbul\u00eancias na China, o Pal\u00e1cio do Planalto considerou preocupantes os efeitos da piora do cen\u00e1rio externo sobre o Brasil porque\u2026","rel":"","context":"Em &quot;Comunica\u00e7\u00e3o&quot;","block_context":{"text":"Comunica\u00e7\u00e3o","link":"https:\/\/jornalrol.com.br\/?cat=7"},"img":{"alt_text":"","src":"https:\/\/ci3.googleusercontent.com\/proxy\/SDtjfx2IOP4EFCItLodE5Zvcb2WLPTO4Fa1wZDQUaRmCNluOw3Ii6JngGnZm-Q8n2SelM47cdh9E-kflU4RqILMLdoEj9ShTjG9801ibZ_ci046bzar_RexPvCOYHrxAcjQpyHh42g-kuy93puGMvLkab_i1S2oVdkq5kqoxeN8ILLXx1DGXmBCq5JktSnZpJpyaTaxxXZ18VdoZvbrA4tcgUujOEm0SH7iPG7bWok6ig39lVpny0yxUTVDkyfFFvmsGYUbYVKHycLXyDS-DAAsvNavXfdzIKN7p1Zf0LB8eFwYPiXmOeBfK1AFt5GoQ5v8bdBSYUa-5-tDXkLCAHMjBvUDBMttEtqo=s0-d-e1-ft#https:\/\/images-blogger-opensocial.googleusercontent.com\/gadgets\/proxy?url=http%3A%2F%2Fwww.oestadoce.com.br%2Fsites%2Fdefault%2Ffiles%2Fnoticias%2Fgalerias%2FDilma-Rousseff-economia-salvador.jpg&container=blogger&gadget=a&rewriteMime=image%2F*","width":350,"height":200},"classes":[]}],"_links":{"self":[{"href":"https:\/\/jornalrol.com.br\/index.php?rest_route=\/wp\/v2\/posts\/3062","targetHints":{"allow":["GET"]}}],"collection":[{"href":"https:\/\/jornalrol.com.br\/index.php?rest_route=\/wp\/v2\/posts"}],"about":[{"href":"https:\/\/jornalrol.com.br\/index.php?rest_route=\/wp\/v2\/types\/post"}],"author":[{"embeddable":true,"href":"https:\/\/jornalrol.com.br\/index.php?rest_route=\/wp\/v2\/users\/3"}],"replies":[{"embeddable":true,"href":"https:\/\/jornalrol.com.br\/index.php?rest_route=%2Fwp%2Fv2%2Fcomments&post=3062"}],"version-history":[{"count":0,"href":"https:\/\/jornalrol.com.br\/index.php?rest_route=\/wp\/v2\/posts\/3062\/revisions"}],"wp:attachment":[{"href":"https:\/\/jornalrol.com.br\/index.php?rest_route=%2Fwp%2Fv2%2Fmedia&parent=3062"}],"wp:term":[{"taxonomy":"category","embeddable":true,"href":"https:\/\/jornalrol.com.br\/index.php?rest_route=%2Fwp%2Fv2%2Fcategories&post=3062"},{"taxonomy":"post_tag","embeddable":true,"href":"https:\/\/jornalrol.com.br\/index.php?rest_route=%2Fwp%2Fv2%2Ftags&post=3062"}],"curies":[{"name":"wp","href":"https:\/\/api.w.org\/{rel}","templated":true}]}}