{"id":3064,"date":"2015-08-25T22:43:27","date_gmt":"2015-08-26T01:43:27","guid":{"rendered":"http:\/\/www.jornalrol.com.br\/?p=3064"},"modified":"2015-08-25T22:43:27","modified_gmt":"2015-08-26T01:43:27","slug":"genealogia-registros-historicos-do-ihggi","status":"publish","type":"post","link":"https:\/\/jornalrol.com.br\/?p=3064","title":{"rendered":"Genealogia: registros hist\u00f3ricos do IHGGI"},"content":{"rendered":"<div class=\"pdfprnt-buttons pdfprnt-buttons-post pdfprnt-top-right\"><a href=\"https:\/\/jornalrol.com.br\/index.php?rest_route=%2Fwp%2Fv2%2Fposts%2F3064&print=pdf\" class=\"pdfprnt-button pdfprnt-button-pdf\" target=\"_blank\" ><\/a><a href=\"https:\/\/jornalrol.com.br\/index.php?rest_route=%2Fwp%2Fv2%2Fposts%2F3064&print=print\" class=\"pdfprnt-button pdfprnt-button-print\" target=\"_blank\" ><img decoding=\"async\" src=\"https:\/\/jornalrol.com.br\/wp-content\/plugins\/pdf-print\/images\/print.png\" alt=\"image_print\" title=\"Conte\u00fado de impress\u00e3o\" \/><\/a><\/div><div>\n<div>\n<div class=\"im\">\n<h2><strong>Registros hist\u00f3ricos referentes ao dia 25 de agosto que constam do arquivo do genealogista Jos\u00e9 Luiz Nogueira<\/strong><\/h2>\n<\/div>\n<\/div>\n<\/div>\n<p><!--more--><\/p>\n<div>\n<div>\n<div class=\"im\">\n<div>Bom dia.<\/div>\n<div>Sa\u00fade para todos.<\/div>\n<div>Hoje \u00e9 dia 25 de agosto de 2015.<\/div>\n<div>\u00c9 o 237.\u00ba dia do ano no\u00a0<a title=\"Calend\u00e1rio gregoriano\" href=\"https:\/\/pt.wikipedia.org\/wiki\/Calend%C3%A1rio_gregoriano\" target=\"_blank\">calend\u00e1rio gregoriano<\/a>\u00a0(238.\u00ba em\u00a0<a title=\"Ano bissexto\" href=\"https:\/\/pt.wikipedia.org\/wiki\/Ano_bissexto\" target=\"_blank\">anos bissextos<\/a>). Faltam 128 dias para acabar o ano.<\/div>\n<div>\n<ul>\n<li><a title=\"1609\" href=\"https:\/\/pt.wikipedia.org\/wiki\/1609\" target=\"_blank\">1609<\/a>\u00a0&#8211; Em 25 de agosto de 1609,\u00a0<a title=\"Galileu Galilei\" href=\"https:\/\/pt.wikipedia.org\/wiki\/Galileu_Galilei\" target=\"_blank\">Galileu Galilei<\/a>\u00a0apresentava ao mundo o<a title=\"Telesc\u00f3pio\" href=\"https:\/\/pt.wikipedia.org\/wiki\/Telesc%C3%B3pio\" target=\"_blank\">telesc\u00f3pio<\/a>, sua mais nova inven\u00e7\u00e3o. Apesar de a data passar despercebida para muitos, trata-se de um dos mais importantes avan\u00e7os tecnol\u00f3gicos da hist\u00f3ria. O astr\u00f4nomo italiano foi a primeira pessoa a observar a Lua atrav\u00e9s de um telesc\u00f3pio.<\/li>\n<li><a title=\"1825\" href=\"https:\/\/pt.wikipedia.org\/wiki\/1825\" target=\"_blank\">1825<\/a>\u00a0&#8211; O\u00a0<a title=\"Uruguai\" href=\"https:\/\/pt.wikipedia.org\/wiki\/Uruguai\" target=\"_blank\">Uruguai<\/a>\u00a0se proclama independente do\u00a0<a title=\"Imp\u00e9rio do Brasil\" href=\"https:\/\/pt.wikipedia.org\/wiki\/Imp%C3%A9rio_do_Brasil\" target=\"_blank\">Imp\u00e9rio do Brasil<\/a>.<\/li>\n<li><a title=\"1958\" href=\"https:\/\/pt.wikipedia.org\/wiki\/1958\" target=\"_blank\">1958<\/a>\u00a0&#8211; \u00c9 lan\u00e7ado o\u00a0<a title=\"Macarr\u00e3o instant\u00e2neo\" href=\"https:\/\/pt.wikipedia.org\/wiki\/Macarr%C3%A3o_instant%C3%A2neo\" target=\"_blank\">macarr\u00e3o instant\u00e2neo<\/a>\u00a0(miojo) pela japonesa\u00a0<a title=\"Nissin\" href=\"https:\/\/pt.wikipedia.org\/wiki\/Nissin\" target=\"_blank\">Nissin<\/a>.<\/li>\n<\/ul>\n<\/div>\n<ul>\n<li><a title=\"1978\" href=\"https:\/\/pt.wikipedia.org\/wiki\/1978\" target=\"_blank\">1978<\/a>\u00a0&#8211;\u00a0<a title=\"Vaticano\" href=\"https:\/\/pt.wikipedia.org\/wiki\/Vaticano\" target=\"_blank\">Vaticano<\/a>\u00a0exp\u00f5e pela primeira vez o\u00a0<a title=\"Santo Sud\u00e1rio\" href=\"https:\/\/pt.wikipedia.org\/wiki\/Santo_Sud%C3%A1rio\" target=\"_blank\">Santo Sud\u00e1rio<\/a>, mortalha que teria coberto o corpo de Jesus Cristo. Foram feitas 3 r\u00e9plicas para conhecimento p\u00fablico. No Brasil tem uma que est\u00e1 em Itapetininga.<\/li>\n<\/ul>\n<div align=\"center\"><\/div>\n<h2>Feriados e eventos c\u00edclicos<\/h2>\n<ul>\n<li>Feriado no Munic\u00edpio de\u00a0<a title=\"Barretos\" href=\"https:\/\/pt.wikipedia.org\/wiki\/Barretos\" target=\"_blank\">Barretos<\/a>,\u00a0<a title=\"S\u00e3o Paulo\" href=\"https:\/\/pt.wikipedia.org\/wiki\/S%C3%A3o_Paulo\" target=\"_blank\">SP<\/a><\/li>\n<li>Feriado no Munic\u00edpio de\u00a0<a title=\"Duque de Caxias\" href=\"https:\/\/pt.wikipedia.org\/wiki\/Duque_de_Caxias\" target=\"_blank\">Duque de Caxias<\/a>,\u00a0<a title=\"Rio de Janeiro\" href=\"https:\/\/pt.wikipedia.org\/wiki\/Rio_de_Janeiro\" target=\"_blank\">RJ<\/a>, em tributo a\u00a0<a title=\"Lu\u00eds Alves de Lima e Silva\" href=\"https:\/\/pt.wikipedia.org\/wiki\/Lu%C3%ADs_Alves_de_Lima_e_Silva\" target=\"_blank\">Lu\u00eds Alves de Lima e Silva<\/a><\/li>\n<li>Feriado no Munic\u00edpio de\u00a0<a title=\"Chapec\u00f3\" href=\"https:\/\/pt.wikipedia.org\/wiki\/Chapec%C3%B3\" target=\"_blank\">Chapec\u00f3<\/a>,\u00a0<a title=\"Santa Catarina\" href=\"https:\/\/pt.wikipedia.org\/wiki\/Santa_Catarina\" target=\"_blank\">SC<\/a><\/li>\n<li>Feriado no Munic\u00edpio de\u00a0<a title=\"Joa\u00e7aba\" href=\"https:\/\/pt.wikipedia.org\/wiki\/Joa%C3%A7aba\" target=\"_blank\">Joa\u00e7aba<\/a>,\u00a0<a title=\"Santa Catarina\" href=\"https:\/\/pt.wikipedia.org\/wiki\/Santa_Catarina\" target=\"_blank\">Santa Catarina<\/a><\/li>\n<li>Feriado no munic\u00edpio de\u00a0<a title=\"Rio Pomba\" href=\"https:\/\/pt.wikipedia.org\/wiki\/Rio_Pomba\" target=\"_blank\">Rio Pomba<\/a>,\u00a0<a title=\"Minas Gerais\" href=\"https:\/\/pt.wikipedia.org\/wiki\/Minas_Gerais\" target=\"_blank\">MG<\/a><\/li>\n<li>Feriado no Munic\u00edpio de\u00a0<a title=\"C\u00e1ceres (Mato Grosso)\" href=\"https:\/\/pt.wikipedia.org\/wiki\/C%C3%A1ceres_(Mato_Grosso)\" target=\"_blank\">C\u00e1ceres<\/a>,\u00a0<a title=\"Mato Grosso\" href=\"https:\/\/pt.wikipedia.org\/wiki\/Mato_Grosso\" target=\"_blank\">MT<\/a><\/li>\n<li>Feriado no munic\u00edpio de\u00a0<a title=\"Porangatu\" href=\"https:\/\/pt.wikipedia.org\/wiki\/Porangatu\" target=\"_blank\">Porangatu<\/a>\u00a0&#8211;\u00a0<a title=\"GO\" href=\"https:\/\/pt.wikipedia.org\/wiki\/GO\" target=\"_blank\">GO<\/a><\/li>\n<li><a title=\"Dia do soldado\" href=\"https:\/\/pt.wikipedia.org\/wiki\/Dia_do_soldado\" target=\"_blank\">Dia do Soldado<\/a>\u00a0do\u00a0<a title=\"Ex\u00e9rcito Brasileiro\" href=\"https:\/\/pt.wikipedia.org\/wiki\/Ex%C3%A9rcito_Brasileiro\" target=\"_blank\">Ex\u00e9rcito Brasileiro<\/a><\/li>\n<li>Dia do\u00a0<a title=\"Catecismo\" href=\"https:\/\/pt.wikipedia.org\/wiki\/Catecismo\" target=\"_blank\">Catequista<\/a><\/li>\n<li><a title=\"Dia do Miojo\" href=\"https:\/\/pt.wikipedia.org\/wiki\/Dia_do_Miojo\" target=\"_blank\">Dia do Miojo<\/a><\/li>\n<li>Dia do Feirante &#8211; Em Itapetininga tem diversas feiras durante toda a semana, mas a que \u00e9 mais frequentada \u00e9 aos domingos na Avenida Peixoto Gomide, em frente as tr\u00eas escolas. Na capital de S\u00e3o Paulo tem uma m\u00e9dia de 120 feiras por dia.<\/li>\n<\/ul>\n<div align=\"left\"><\/div>\n<div align=\"center\"><img decoding=\"async\" class=\"CToWUd\" src=\"https:\/\/ci4.googleusercontent.com\/proxy\/GxP6ozrdG-p1dFTeiD2EjNzbtO9nqUyeVFEN2-X8pm2RZdcc2223gldovxukE9Hxw5GcyX0hrzMWfNvAov-uFxCLeM5d4uluQlMlaGZvoX2Hom6j7Bx1lFVBPXGLklB3KXI7AOXgczjw9PJiWPiwy4ztHtFj2UC_RPjQnRR1=s0-d-e1-ft#https:\/\/encrypted-tbn2.gstatic.com\/images?q=tbn:ANd9GcTzgB2dO-R968P-BgwHY1gcddCuablc3jp6Za2eJIg-nzz7CayK\" alt=\"\" \/><\/div>\n<h3>Santos do dia<\/h3>\n<ul>\n<li>S\u00e3o\u00a0<a title=\"Jos\u00e9 de Calasanz\" href=\"https:\/\/pt.wikipedia.org\/wiki\/Jos%C3%A9_de_Calasanz\" target=\"_blank\">Jos\u00e9 de Calazans<\/a><\/li>\n<li>S\u00e3o\u00a0<a title=\"Lu\u00eds IX de Fran\u00e7a\" href=\"https:\/\/pt.wikipedia.org\/wiki\/Lu%C3%ADs_IX_de_Fran%C3%A7a\" target=\"_blank\">Lu\u00eds IX<\/a><\/li>\n<li>Beato\u00a0<a title=\"Miguel Carvalho\" href=\"https:\/\/pt.wikipedia.org\/wiki\/Miguel_Carvalho\" target=\"_blank\">Miguel Carvalho<\/a>.<\/li>\n<\/ul>\n<div><\/div>\n<div>Dia do Soldado e Dia de Duque de Caxias<\/div>\n<div align=\"center\"><img loading=\"lazy\" decoding=\"async\" class=\"CToWUd a6T\" tabindex=\"0\" src=\"https:\/\/ci3.googleusercontent.com\/proxy\/jGPK6eqA25obP_ZyUJgbqlkm76GZkPOcZ73IqzhGfeOLls5ITrK57dscW8VCiWiJxN80lAOeVMsJhwjJwddP=s0-d-e1-ft#http:\/\/img1.recadosonline.com\/274\/015.jpg\" alt=\"Dia do Soldado Imagem 1\" width=\"375\" height=\"390\" \/><\/div>\n<div align=\"center\"><\/div>\n<div>O Dia do Soldado foi institu\u00eddo em homenagem a Lu\u00eds Alves de Lima e Silva, conhecido como Duque de Caxias, Patrono do Ex\u00e9rcito Brasileiro, nascido em 25 de agosto de 1803. Ele foi um grande her\u00f3i militar; gra\u00e7as \u00e0s suas qualidades, tornou-se o s\u00edmbolo do her\u00f3i brasileiro.<\/p>\n<p>No dia 6 de janeiro de 1833, o major Lu\u00eds Alves se casou com Ana Lu\u00edsa de Loreto Carneiro Viana, de 16 anos.<\/p><\/div>\n<div>A cerim\u00f4nia foi realizada no Rio de Janeiro, num Dia de Reis, sem o consentimento dos pais da noiva. Inicialmente, a m\u00e3e de Ana n\u00e3o aprovou a uni\u00e3o, pois Lu\u00eds Alves n\u00e3o vinha de fam\u00edlia nobre e era 14 anos mais velho que Ana.<\/p>\n<p>Enfim, o casamento foi aceito e a cerim\u00f4nia civil acabou sendo realizada com a presen\u00e7a de um padre. Na lua de mel, Ana prop\u00f4s que Lu\u00eds deixasse o Ex\u00e9rcito para viverem sem aus\u00eancias repentinas. A esposa temia que as campanhas afastassem o marido de casa por muito tempo. Quando Lu\u00eds ia entregar ao Ministro da Guerra seu requerimento de dispensa, Ana voltou atr\u00e1s e o incentivou a fazer carreira.<\/p>\n<p>Tiveram duas filhas, que eram chamadas de Anicota e Aniquinha. O \u00fanico filho morreu aos 14 anos. Caxias o chamava de cadete, cadete Luisinho ou Luisinho. Entre os familiares, Caxias era tratado como Lu\u00eds.<\/p>\n<p>Caxias tamb\u00e9m teve um filho de cria\u00e7\u00e3o a quem deu seu nome, Lu\u00eds Alves. Era um \u00edndio, \u00f3rf\u00e3o de m\u00e3e, que veio do Maranh\u00e3o. Ele foi companheiro do filho leg\u00edtimo de Caxias. Quando ficava triste, o menino passava dias vagando na floresta. Em testamento, Caxias deixou-lhe todas as suas roupas.<\/p><\/div>\n<div><\/div>\n<div>oi o vulto mais exponencial de seu tempo. Depois de participar de fatos marcantes da hist\u00f3ria brasileira, j\u00e1 com idade avan\u00e7ada, decidiu voltar \u00e0 terra natal, o Rio de Janeiro. Instalou-se na Fazenda Santa M\u00f4nica, na Esta\u00e7\u00e3o Ferrovi\u00e1ria do Desengano. O local, que hoje \u00e9 conhecido como Juparan\u00e3, fica pr\u00f3ximo a Vassouras.<\/p>\n<p>Caxias morreu no dia 7 de maio de 1880, \u00e0s 20h30. Seu corpo foi vestido com um uniforme modesto de marechal-de-ex\u00e9rcito, com apenas duas de suas condecora\u00e7\u00e3o de bronze no peito: a do M\u00e9rito Militar e a Geral da Campanha do Paraguai.<\/p>\n<p>Seus desejos, expressos em testamento, foram respeitados. Ele pediu um enterro sem pompa, com dispensa de honras militares, f\u00e9retro conduzido por seis soldados antigos e de bom comportamento, pertencentes \u00e0 guarni\u00e7\u00e3o da Corte.<\/p>\n<p>O enterro foi pago pela Irmandade da Cruz dos Militares. O corpo n\u00e3o foi embalsamado. Ao ser transportado do 1\u00ba ao 10\u00ba Batalh\u00e3o de Infantaria, o caix\u00e3o foi conduzido por seis pra\u00e7as.<\/p>\n<p>A data de seu nascimento, 25 de agosto, foi adotada como Dia do Soldado do Ex\u00e9rcito Brasileiro, em homenagem aos 60 anos de servi\u00e7o prestado por ele \u00e0 corpora\u00e7\u00e3o. Desde 1931, os cadetes do Ex\u00e9rcito da Academia Militar das Agulhas Negras levam como arma privativa o espadim de Caxias, uma c\u00f3pia da espada usada por ele. A arma original est\u00e1 guardada no Instituto Hist\u00f3rico e Geogr\u00e1fico Brasileiro, desde 1925.<\/p><\/div>\n<div><\/div>\n<\/div>\n<\/div>\n<div><\/div>\n<div align=\"justify\">\n<div><\/div>\n<div><\/div>\n<div><\/div>\n<table width=\"1630\" cellspacing=\"10\" align=\"center\">\n<tbody>\n<tr>\n<td align=\"middle\" width=\"300\">\n<table width=\"200\">\n<tbody>\n<tr>\n<td><img decoding=\"async\" class=\"CToWUd\" src=\"https:\/\/ci4.googleusercontent.com\/proxy\/fYWoF_CtaEoHzbhHZiGXKRip7yjmKNnbt34TevmJ4RJpPzcp6dRVjSTuDQuLqR_c1xoQM5sOwzQfs50=s0-d-e1-ft#http:\/\/www.projetovip.net\/flagfra.gif\" alt=\"\" \/>\u00a0Louis IX<br \/>\n<a href=\"http:\/\/www.projetovip.net\/0425.htm\" target=\"_blank\">* 25\/04\/1214<\/a><br \/>\n+ 25\/08\/1270<\/td>\n<\/tr>\n<\/tbody>\n<\/table>\n<\/td>\n<td width=\"407\">\n<table align=\"left\">\n<tbody>\n<tr>\n<td><img decoding=\"async\" class=\"CToWUd\" src=\"https:\/\/ci6.googleusercontent.com\/proxy\/rXtpIGO7U1vY_wX4vR_5ZqcKaJedysjCreqwtzrPl6DPGvUBEBBwhJHzAFnse_C_SmY4-eaXfaMsWQzW=s0-d-e1-ft#http:\/\/www.projetovip.net\/plinio21.jpg\" alt=\"\" \/><\/td>\n<\/tr>\n<tr>\n<td>Pl\u00ednio, o Velho<\/td>\n<\/tr>\n<\/tbody>\n<\/table>\n<p align=\"justify\"><img decoding=\"async\" class=\"CToWUd\" title=\"It\u00e1lia\" src=\"https:\/\/ci5.googleusercontent.com\/proxy\/ryUDzYKIYfA9VburRQQo12PJNXWLZxsLRFpt3B9Ww5jkRMQrJAl3lneStK1ACSuFEdOx0Jd628m5TCU=s0-d-e1-ft#http:\/\/www.projetovip.net\/flagita.gif\" alt=\"\" \/><b>\u00a0GAIUS PLINIUS SECUNDUS<\/b><\/p>\n<p><b>Nascimento:<\/b>\u00a023, Como, Cisalpina, ITA<\/p>\n<p><b>Filia\u00e7\u00e3o:<\/b>\u00a0Gaius Plinius Celer (equestre &#8211; cavaleiro romano)<\/p>\n<p><b>Falecimento:<\/b>\u00a025\/08\/79, Stabia, ITA<\/p>\n<p><b>Causa:<\/b>\u00a0Soterrado pela lava do vulc\u00e3o Ves\u00favio (ao tentar observar a erup\u00e7\u00e3o)<\/p>\n<p><img decoding=\"async\" class=\"CToWUd\" src=\"https:\/\/ci3.googleusercontent.com\/proxy\/E9-iFGBGyY6axIcMSeH-x3vpLwV6Nf1kZ3yvt8rP91kIO6g388RagDO9DNlzKzQz-5Ec4tyrizH3=s0-d-e1-ft#http:\/\/www.projetovip.net\/atpol.gif\" alt=\"\" align=\"left\" \/>Militar, historiador, escritor, gram\u00e1tico e administrador; estuda em Roma e serve na \u00c1frica, tornando-se almirante da frota do Miseno; ajuda os habitantes da costa a fugirem da erup\u00e7\u00e3o e \u00e9 autor da obra &#8220;Naturalis Historia&#8221; (77).<\/p>\n<p><i>(indica\u00e7\u00e3o de Luciano Urpia, 2012).<\/i><\/p>\n<\/td>\n<td width=\"407\">\n<table align=\"left\">\n<tbody>\n<tr>\n<td><img decoding=\"async\" class=\"CToWUd\" src=\"https:\/\/ci5.googleusercontent.com\/proxy\/eZPYMmp_cZvs2w0IYFuijNSH1lK2N0vVL9q5NWkqJK7mhLBeXU33Rg_QYE7G1SRD3Q5cdI1R6tkMqdc1=s0-d-e1-ft#http:\/\/www.projetovip.net\/hmorgan1.jpg\" alt=\"\" \/><\/td>\n<\/tr>\n<tr>\n<td>Henry Morgan<\/td>\n<\/tr>\n<\/tbody>\n<\/table>\n<div><\/div>\n<p><img decoding=\"async\" class=\"CToWUd\" src=\"https:\/\/ci6.googleusercontent.com\/proxy\/nuMOILLNtOtVYJQhnICYiifuoBoN4xnQmSCAREJ1GtviwMuFcgZt4xBAXmteSTVwZJMUSgbj66JV=s0-d-e1-ft#http:\/\/www.projetovip.net\/atbel.gif\" alt=\"\" align=\"left\" \/>Cors\u00e1rio; a servi\u00e7o da Inglaterra, protegido pelo Governador da Jamaica e associado ao pirata holand\u00eas Eduard Mansvelt, forma uma companhia de filbusteiros e saqueia as col\u00f4nias espanholas no Caribe (1668 a 1671): Portobelo (1668), Maracaibo (1669), Panam\u00e1 (1671), etc; feito Sir pelo rei Charles II, \u00e9 2\u00ba Tenente-Governador da Jamaica (1674 a 1675, 1678 e 1680 a 1682), vivendo na ilha como fazendeiro.<\/td>\n<td align=\"middle\" width=\"300\">\n<table width=\"200\">\n<tbody>\n<tr>\n<td><img decoding=\"async\" class=\"CToWUd\" src=\"https:\/\/ci5.googleusercontent.com\/proxy\/1N5EFlQG-eUXrJciUekkopyLzWjEMkuOKG9s0pcL5Bw_3-crSyH2D4mzzZjx697wt2EBFz5E2RdRDI0=s0-d-e1-ft#http:\/\/www.projetovip.net\/flagpor.gif\" alt=\"\" \/>\u00a0Carlos Seixas<br \/>\n<a href=\"http:\/\/www.projetovip.net\/0611.htm\" target=\"_blank\">* 11\/06\/1704<\/a><br \/>\n+ 25\/08\/1742<\/td>\n<\/tr>\n<\/tbody>\n<\/table>\n<\/td>\n<td align=\"middle\" width=\"300\">\n<table width=\"200\">\n<tbody>\n<tr>\n<td><img decoding=\"async\" class=\"CToWUd\" src=\"https:\/\/ci5.googleusercontent.com\/proxy\/KTN6TtdCiFRbPstAJ4uGRq6zdNvZ75xWN7gSIIxOuQeQDOjtE-4yhJNPqzXdjJqwZTcyaFFBhPr4MCs=s0-d-e1-ft#http:\/\/www.projetovip.net\/flagesc.gif\" alt=\"\" \/>\u00a0James Watt<br \/>\n<a href=\"http:\/\/www.projetovip.net\/0119.htm\" target=\"_blank\">* 19\/01\/1736<\/a><br \/>\n+ 25\/08\/1819<\/td>\n<\/tr>\n<\/tbody>\n<\/table>\n<\/td>\n<td align=\"middle\" width=\"300\">\n<table width=\"200\">\n<tbody>\n<tr>\n<td><img decoding=\"async\" class=\"CToWUd\" src=\"https:\/\/ci5.googleusercontent.com\/proxy\/VDYkzXYSU3MgW6CYlDKbxctBYUU0mL_cDWuQ7tsePtwpFSG_4cxB-HLu4nTa0OQYDr-XMNuWhfXrFbM=s0-d-e1-ft#http:\/\/www.projetovip.net\/flagale.gif\" alt=\"\" \/>\u00a0William Herschel<br \/>\n<a href=\"http:\/\/www.projetovip.net\/1115.htm\" target=\"_blank\">* 15\/11\/1738<\/a><br \/>\n+ 25\/08\/1822<\/td>\n<\/tr>\n<\/tbody>\n<\/table>\n<\/td>\n<\/tr>\n<tr>\n<td align=\"middle\" width=\"300\">\n<table width=\"200\">\n<tbody>\n<tr>\n<td><img decoding=\"async\" class=\"CToWUd\" src=\"https:\/\/ci5.googleusercontent.com\/proxy\/3fFeUA1WEKjV0P4s8R8bkZonXtcn5NovbkAFlX6w3G3uJtXkiWGq0X-D_xFUftgnanB2VjRMLd8ZaX4=s0-d-e1-ft#http:\/\/www.projetovip.net\/flaging.gif\" alt=\"\" \/>\u00a0Michael Faraday<br \/>\n<a href=\"http:\/\/www.projetovip.net\/0922.htm\" target=\"_blank\">* 22\/09\/1791<\/a><br \/>\n+ 25\/08\/1867<\/td>\n<\/tr>\n<\/tbody>\n<\/table>\n<\/td>\n<td align=\"middle\" width=\"300\">\n<table width=\"200\">\n<tbody>\n<tr>\n<td><img decoding=\"async\" class=\"CToWUd\" src=\"https:\/\/ci3.googleusercontent.com\/proxy\/LCAlThlByysTalinwkIeLD8xPTHUwQdvZECWl4ZQMHk6Ybw1kDd-ZRmBEite7TyaGRYIL136mI5wPqU=s0-d-e1-ft#http:\/\/www.projetovip.net\/flagbra.gif\" alt=\"\" \/>\u00a0I Visconde de Inha\u00fama<br \/>\n<a href=\"http:\/\/www.projetovip.net\/1012.htm\" target=\"_blank\">* 12\/10\/1812<\/a><br \/>\n+ 25\/08\/1872<\/td>\n<\/tr>\n<\/tbody>\n<\/table>\n<\/td>\n<td align=\"middle\" width=\"300\">\n<table width=\"200\">\n<tbody>\n<tr>\n<td><img decoding=\"async\" class=\"CToWUd\" src=\"https:\/\/ci5.googleusercontent.com\/proxy\/VDYkzXYSU3MgW6CYlDKbxctBYUU0mL_cDWuQ7tsePtwpFSG_4cxB-HLu4nTa0OQYDr-XMNuWhfXrFbM=s0-d-e1-ft#http:\/\/www.projetovip.net\/flagale.gif\" alt=\"\" \/>\u00a0Nietzsche<br \/>\n<a href=\"http:\/\/www.projetovip.net\/1015.htm\" target=\"_blank\">* 15\/10\/1844<\/a><br \/>\n+ 25\/08\/1900<\/td>\n<\/tr>\n<\/tbody>\n<\/table>\n<\/td>\n<td align=\"middle\" width=\"300\">\n<table width=\"200\">\n<tbody>\n<tr>\n<td><img decoding=\"async\" class=\"CToWUd\" src=\"https:\/\/ci4.googleusercontent.com\/proxy\/fYWoF_CtaEoHzbhHZiGXKRip7yjmKNnbt34TevmJ4RJpPzcp6dRVjSTuDQuLqR_c1xoQM5sOwzQfs50=s0-d-e1-ft#http:\/\/www.projetovip.net\/flagfra.gif\" alt=\"\" \/>\u00a0Henri Becquerel<br \/>\n<a href=\"http:\/\/www.projetovip.net\/1215.htm\" target=\"_blank\">* 15\/12\/1852<\/a><br \/>\n+ 25\/08\/1908<\/td>\n<\/tr>\n<\/tbody>\n<\/table>\n<\/td>\n<td align=\"middle\" width=\"300\">\n<table width=\"200\">\n<tbody>\n<tr>\n<td><img decoding=\"async\" class=\"CToWUd\" src=\"https:\/\/ci3.googleusercontent.com\/proxy\/LCAlThlByysTalinwkIeLD8xPTHUwQdvZECWl4ZQMHk6Ybw1kDd-ZRmBEite7TyaGRYIL136mI5wPqU=s0-d-e1-ft#http:\/\/www.projetovip.net\/flagbra.gif\" alt=\"\" \/>\u00a0Agripino Grieco<br \/>\n<a href=\"http:\/\/www.projetovip.net\/1015.htm\" target=\"_blank\">* 15\/10\/1888<\/a><br \/>\n+ 25\/08\/1973<\/td>\n<\/tr>\n<\/tbody>\n<\/table>\n<\/td>\n<td align=\"middle\" width=\"300\">\n<table width=\"200\">\n<tbody>\n<tr>\n<td><img decoding=\"async\" class=\"CToWUd\" src=\"https:\/\/ci5.googleusercontent.com\/proxy\/rKQiGmIv_7Ihv3Qy_9r_cUHHqSbWmpQ3TvcdB8jN7Wlh7VKTbFh-9u8L1uOLvu-MNUSYmJ00np7Aqrg=s0-d-e1-ft#http:\/\/www.projetovip.net\/flagucr.gif\" alt=\"\" \/>\u00a0Paul Muni<br \/>\n<a href=\"http:\/\/www.projetovip.net\/0922.htm\" target=\"_blank\">* 22\/09\/1895<\/a><br \/>\n+ 25\/08\/1967<\/td>\n<\/tr>\n<\/tbody>\n<\/table>\n<\/td>\n<\/tr>\n<tr>\n<td align=\"middle\" width=\"300\">\n<table width=\"200\">\n<tbody>\n<tr>\n<td><img decoding=\"async\" class=\"CToWUd\" src=\"https:\/\/ci6.googleusercontent.com\/proxy\/nzCoKqcYNP1_RYc8o538cSEt3I6CMM_8ywAV0D7UkIK2r4FJBmsKXplgWeqS3_aGNr2cz6xoFtbsJbU=s0-d-e1-ft#http:\/\/www.projetovip.net\/flageua.gif\" alt=\"\" \/>\u00a0Carl Barks<br \/>\n<a href=\"http:\/\/www.projetovip.net\/0327.htm\" target=\"_blank\">* 27\/03\/1901<\/a><br \/>\n+ 25\/08\/2000<\/td>\n<\/tr>\n<\/tbody>\n<\/table>\n<\/td>\n<td align=\"middle\" width=\"300\">\n<table width=\"200\">\n<tbody>\n<tr>\n<td><img decoding=\"async\" class=\"CToWUd\" src=\"https:\/\/ci6.googleusercontent.com\/proxy\/nzCoKqcYNP1_RYc8o538cSEt3I6CMM_8ywAV0D7UkIK2r4FJBmsKXplgWeqS3_aGNr2cz6xoFtbsJbU=s0-d-e1-ft#http:\/\/www.projetovip.net\/flageua.gif\" alt=\"\" \/>\u00a0Truman Capote<br \/>\n<a href=\"http:\/\/www.projetovip.net\/0930.htm\" target=\"_blank\">* 30\/09\/1924<\/a><br \/>\n+ 25\/08\/1984<\/td>\n<\/tr>\n<\/tbody>\n<\/table>\n<\/td>\n<td align=\"middle\" width=\"300\">\n<table width=\"200\">\n<tbody>\n<tr>\n<td><img decoding=\"async\" class=\"CToWUd\" src=\"https:\/\/ci6.googleusercontent.com\/proxy\/nzCoKqcYNP1_RYc8o538cSEt3I6CMM_8ywAV0D7UkIK2r4FJBmsKXplgWeqS3_aGNr2cz6xoFtbsJbU=s0-d-e1-ft#http:\/\/www.projetovip.net\/flageua.gif\" alt=\"\" \/>\u00a0Neil Armstrong<br \/>\n<a href=\"http:\/\/www.projetovip.net\/0805.htm\" target=\"_blank\">* 05\/08\/1930<\/a><br \/>\n+ 25\/08\/2012<\/td>\n<\/tr>\n<\/tbody>\n<\/table>\n<\/td>\n<td align=\"middle\" width=\"300\">\n<table width=\"200\">\n<tbody>\n<tr>\n<td><img decoding=\"async\" class=\"CToWUd\" src=\"https:\/\/ci3.googleusercontent.com\/proxy\/LCAlThlByysTalinwkIeLD8xPTHUwQdvZECWl4ZQMHk6Ybw1kDd-ZRmBEite7TyaGRYIL136mI5wPqU=s0-d-e1-ft#http:\/\/www.projetovip.net\/flagbra.gif\" alt=\"\" \/>\u00a0Gilmar<br \/>\n<a href=\"http:\/\/www.projetovip.net\/0822.htm\" target=\"_blank\">* 22\/08\/1930<\/a><br \/>\n+ 25\/08\/2013<\/td>\n<\/tr>\n<\/tbody>\n<\/table>\n<\/td>\n<td align=\"middle\" width=\"300\">\n<table width=\"200\">\n<tbody>\n<tr>\n<td><img decoding=\"async\" class=\"CToWUd\" src=\"https:\/\/ci6.googleusercontent.com\/proxy\/nzCoKqcYNP1_RYc8o538cSEt3I6CMM_8ywAV0D7UkIK2r4FJBmsKXplgWeqS3_aGNr2cz6xoFtbsJbU=s0-d-e1-ft#http:\/\/www.projetovip.net\/flageua.gif\" alt=\"\" \/>\u00a0Ted Kennedy<br \/>\n<a href=\"http:\/\/www.projetovip.net\/0222.htm\" target=\"_blank\">* 22\/02\/1932<\/a><br \/>\n+ 25\/08\/2009<\/td>\n<\/tr>\n<\/tbody>\n<\/table>\n<\/td>\n<td align=\"middle\" width=\"300\">\n<table width=\"200\">\n<tbody>\n<tr>\n<td><img decoding=\"async\" class=\"CToWUd\" src=\"https:\/\/ci6.googleusercontent.com\/proxy\/nzCoKqcYNP1_RYc8o538cSEt3I6CMM_8ywAV0D7UkIK2r4FJBmsKXplgWeqS3_aGNr2cz6xoFtbsJbU=s0-d-e1-ft#http:\/\/www.projetovip.net\/flageua.gif\" alt=\"\" \/>\u00a0Marpessa Dawn<br \/>\n<a href=\"http:\/\/www.projetovip.net\/0103.htm\" target=\"_blank\">* 03\/01\/1934<\/a><br \/>\n+ 25\/08\/2008<\/td>\n<\/tr>\n<\/tbody>\n<\/table>\n<\/td>\n<\/tr>\n<tr>\n<td align=\"middle\" width=\"300\">\n<table width=\"200\">\n<tbody>\n<tr>\n<td><img decoding=\"async\" class=\"CToWUd\" src=\"https:\/\/ci5.googleusercontent.com\/proxy\/1N5EFlQG-eUXrJciUekkopyLzWjEMkuOKG9s0pcL5Bw_3-crSyH2D4mzzZjx697wt2EBFz5E2RdRDI0=s0-d-e1-ft#http:\/\/www.projetovip.net\/flagpor.gif\" alt=\"\" \/>\u00a0Eduardo Prado Coelho<br \/>\n<a href=\"http:\/\/www.projetovip.net\/0329.htm\" target=\"_blank\">* 29\/03\/1944<\/a><br \/>\n+ 25\/08\/2007<\/td>\n<\/tr>\n<\/tbody>\n<\/table>\n<\/td>\n<td align=\"middle\" width=\"300\">\n<table width=\"200\">\n<tbody>\n<tr>\n<td><img decoding=\"async\" class=\"CToWUd\" src=\"https:\/\/ci3.googleusercontent.com\/proxy\/LCAlThlByysTalinwkIeLD8xPTHUwQdvZECWl4ZQMHk6Ybw1kDd-ZRmBEite7TyaGRYIL136mI5wPqU=s0-d-e1-ft#http:\/\/www.projetovip.net\/flagbra.gif\" alt=\"\" \/>\u00a0An\u00edbal Be\u00e7a<br \/>\n<a href=\"http:\/\/www.projetovip.net\/0913.htm\" target=\"_blank\">* 13\/09\/1946<\/a><br \/>\n+ 25\/08\/2009<\/td>\n<\/tr>\n<\/tbody>\n<\/table>\n<\/td>\n<td align=\"middle\" width=\"300\">\n<table width=\"200\">\n<tbody>\n<tr>\n<td><img decoding=\"async\" class=\"CToWUd\" src=\"https:\/\/ci5.googleusercontent.com\/proxy\/1N5EFlQG-eUXrJciUekkopyLzWjEMkuOKG9s0pcL5Bw_3-crSyH2D4mzzZjx697wt2EBFz5E2RdRDI0=s0-d-e1-ft#http:\/\/www.projetovip.net\/flagpor.gif\" alt=\"\" \/>\u00a0Antonio Borges<br \/>\n<a href=\"http:\/\/www.projetovip.net\/1118.htm\" target=\"_blank\">* 18\/11\/1949<\/a><br \/>\n+ 25\/08\/2013<\/td>\n<\/tr>\n<\/tbody>\n<\/table>\n<\/td>\n<td align=\"middle\" width=\"300\">\n<table width=\"200\">\n<tbody>\n<tr>\n<td><img decoding=\"async\" class=\"CToWUd\" src=\"https:\/\/ci6.googleusercontent.com\/proxy\/nzCoKqcYNP1_RYc8o538cSEt3I6CMM_8ywAV0D7UkIK2r4FJBmsKXplgWeqS3_aGNr2cz6xoFtbsJbU=s0-d-e1-ft#http:\/\/www.projetovip.net\/flageua.gif\" alt=\"\" \/>\u00a0Aaliyah<br \/>\n<a href=\"http:\/\/www.projetovip.net\/0116.htm\" target=\"_blank\">* 16\/01\/1979<\/a><br \/>\n+ 25\/08\/1994<\/td>\n<\/tr>\n<\/tbody>\n<\/table>\n<\/td>\n<\/tr>\n<\/tbody>\n<\/table>\n<table width=\"1630\" cellspacing=\"10\" align=\"center\">\n<tbody>\n<tr>\n<td align=\"middle\">\n<hr \/>\n<\/td>\n<\/tr>\n<\/tbody>\n<\/table>\n<\/div>\n<\/div>\n<p><!--more--><\/p>\n","protected":false},"excerpt":{"rendered":"<p>Registros hist\u00f3ricos referentes ao dia 25 de agosto que constam do arquivo do genealogista Jos\u00e9 Luiz Nogueira<\/p>\n","protected":false},"author":3,"featured_media":0,"comment_status":"closed","ping_status":"closed","sticky":false,"template":"","format":"standard","meta":{"_jetpack_newsletter_access":"","_jetpack_dont_email_post_to_subs":false,"_jetpack_newsletter_tier_id":0,"_jetpack_memberships_contains_paywalled_content":false,"_jetpack_memberships_contains_paid_content":false,"footnotes":""},"categories":[7],"tags":[4875],"class_list":["post-3064","post","type-post","status-publish","format-standard","hentry","category-comunicacao","tag-jose-luiiz-nogueira"],"aioseo_notices":[],"views":0,"jetpack_featured_media_url":"","jetpack_sharing_enabled":true,"jetpack_likes_enabled":true,"jetpack-related-posts":[{"id":5811,"url":"https:\/\/jornalrol.com.br\/?p=5811","url_meta":{"origin":3064,"position":0},"title":"Artigo do genealogista Jos\u00e9 Luiz Nogueira: &#039;M\u00eas de Agosto&#039;","author":"Helio Rubens","date":"6 de agosto de 2016","format":false,"excerpt":"Agosto, do latim\u00a0augustus, \u00e9 o oitavo\u00a0m\u00eas\u00a0do\u00a0calend\u00e1rio gregoriano. Boa tarde. Sa\u00fade e alegria para todos. J\u00e1 estamos no m\u00eas de Agosto. Assim \u00e9 chamado por decreto em honra ao\u00a0imperador\u00a0C\u00e9sar Augusto. Antes dessa mudan\u00e7a, agosto era denominado\u00a0Sextilis\u00a0ou Sextil, visto que era o sexto m\u00eas no\u00a0calend\u00e1rio\u00a0de\u00a0R\u00f4mulo. Dentro do nosso calend\u00e1rio, nota-se que os\u2026","rel":"","context":"Em &quot;Comunica\u00e7\u00e3o&quot;","block_context":{"text":"Comunica\u00e7\u00e3o","link":"https:\/\/jornalrol.com.br\/?cat=7"},"img":{"alt_text":"Genealogista Jos\u00e9 Luiz Nogueira","src":"https:\/\/i0.wp.com\/www.jornalrol.com.br\/wp-content\/uploads\/2015\/10\/foto-Face.jpg?resize=350%2C200","width":350,"height":200},"classes":[]},{"id":4948,"url":"https:\/\/jornalrol.com.br\/?p=4948","url_meta":{"origin":3064,"position":1},"title":"Saite de genealogia atinge numero recorde de acessos","author":"Helio Rubens","date":"15 de maio de 2016","format":false,"excerpt":"O saite 'Genealogia', de Jos\u00e9 Luiz Nogueira - atinge 400 mil acessos! O saite 'Genealogia' criado pelo genealogista itapetiningano Jos\u00e9 Luiz Nogueira (www.jlnogueira.no.comunidades.net), aborda quest\u00f5es relacionadas \u00e0s fam\u00edlias de Itapetininga e de diversas cidades da regi\u00e3o e de todo o nosso pa\u00eds. \u00c9 mantido e aprimorado constantes pelo seu criador,\u2026","rel":"","context":"Em &quot;Comunica\u00e7\u00e3o&quot;","block_context":{"text":"Comunica\u00e7\u00e3o","link":"https:\/\/jornalrol.com.br\/?cat=7"},"img":{"alt_text":"Genealogista Jos\u00e9 Luiz Nogueira","src":"https:\/\/i0.wp.com\/www.jornalrol.com.br\/wp-content\/uploads\/2015\/10\/foto-Face.jpg?resize=350%2C200","width":350,"height":200},"classes":[]},{"id":4066,"url":"https:\/\/jornalrol.com.br\/?p=4066","url_meta":{"origin":3064,"position":2},"title":"Genealogia: Afr\u00e2nio Mello fornece informa\u00e7\u00f5es sobre a familia NOGUEIRA","author":"Helio Rubens","date":"13 de janeiro de 2016","format":false,"excerpt":"Afr\u00e2nio Franco de Oliveira Mello - ATENDIMENTO N\u00daMERO 619 \u00a0 Caro Ant\u00f4nio, bom dia. O especialista em Genealogia dos Nogueira \u00e9 o Confrade Jos\u00e9 Luiz Nogueira, autor de 4 livros sobre a Genealogia dos habitantes de Itapetininga(2), de Pilar do Sul e Sarapui e em preparo outros 2 ou 3\u2026","rel":"","context":"Em &quot;Comunica\u00e7\u00e3o&quot;","block_context":{"text":"Comunica\u00e7\u00e3o","link":"https:\/\/jornalrol.com.br\/?cat=7"},"img":{"alt_text":"","src":"","width":0,"height":0},"classes":[]},{"id":3824,"url":"https:\/\/jornalrol.com.br\/?p=3824","url_meta":{"origin":3064,"position":3},"title":"Artigo do m\u00eas do genealogista Jos\u00e9 Luis Nogueira: &#039;Registros de Dezembro&#039;","author":"Helio Rubens","date":"2 de dezembro de 2015","format":false,"excerpt":"Bom dia. Sa\u00fade e alegria. Espero que estejam todos bem.\u00a0Hoje \u00e9 dia 1\u00ba de dezembro de 2015.\u00a0\u00c9 o 335.\u00ba dia do ano no\u00a0calend\u00e1rio gregoriano\u00a0(336.\u00ba em anos bissextos).\u00a0 1822\u00a0-\u00a0Pedro I\u00a0\u00e9 coroado Imperador do\u00a0Brasil. 1878\u00a0- \u00c9 instalado na Casa Branca, resid\u00eancia do presidente norte-americano, o primeiro telefone. 1887\u00a0- \u00c9 publicado o primeiro\u2026","rel":"","context":"Em &quot;Comunica\u00e7\u00e3o&quot;","block_context":{"text":"Comunica\u00e7\u00e3o","link":"https:\/\/jornalrol.com.br\/?cat=7"},"img":{"alt_text":"Genealogista Jos\u00e9 Luiz Nogueira","src":"https:\/\/i0.wp.com\/www.jornalrol.com.br\/wp-content\/uploads\/2015\/10\/foto-Face.jpg?resize=350%2C200","width":350,"height":200},"classes":[]},{"id":8334,"url":"https:\/\/jornalrol.com.br\/?p=8334","url_meta":{"origin":3064,"position":4},"title":"IHGGI divulga seu Calend\u00e1rio de Atividades para Mar\u00e7o de 2017","author":"Helio Rubens","date":"19 de fevereiro de 2017","format":false,"excerpt":"Conhe\u00e7a a programa\u00e7\u00e3o de atividades do IHGGI - Instituto Hist\u00f3rico, Geogr\u00e1fico e Geneal\u00f3gico de Itapetininga para o m\u00eas de Mar\u00e7o MAR\u00c7O 2017 Dia 1: 135\u00aa AGO \u2013 Assembl\u00e9ia Geral Ordin\u00e1ria \u00e0s 20 horas, na Casa Kennedy. Secretaria de Maria do Ros\u00e1rio Silveira Porto. Dia 7: 1\u00aa PALESTRA DO MOVIMENTO JOVEM\u2026","rel":"","context":"Em &quot;Comunica\u00e7\u00e3o&quot;","block_context":{"text":"Comunica\u00e7\u00e3o","link":"https:\/\/jornalrol.com.br\/?cat=7"},"img":{"alt_text":"","src":"https:\/\/i0.wp.com\/www.jornalrol.com.br\/wp-content\/uploads\/2016\/06\/logo-IHGGI-300x293.jpg?resize=350%2C200","width":350,"height":200},"classes":[]},{"id":1666,"url":"https:\/\/jornalrol.com.br\/?p=1666","url_meta":{"origin":3064,"position":5},"title":"REGISTROS HIST\u00d3RICOS DE ITAPETININGA E REGI\u00c3O NO M\u00caS DE ABRIL","author":"Helio Rubens","date":"20 de abril de 2015","format":false,"excerpt":"Datas importantes de Itapetininga, segundo registros anotados pelo genealogista Jos\u00e9 Luiz Nogueira, do IHGGI 2- 4-1884 \u2013 Tereza Augusta Nogueira Teixeira fez doa\u00e7\u00e3o das terras para constru\u00e7\u00e3o da Igreja de S\u00e3o Miguel Arcanjo 3- 4-1929 \u2013 C\u00e9lia Thereza Rodrigues Soares Hungria nasceu em Taquarituba-SP 7- 4-1999 \u2013 Bruno Brodbeck Nogueira\u2026","rel":"","context":"Em &quot;Comunica\u00e7\u00e3o&quot;","block_context":{"text":"Comunica\u00e7\u00e3o","link":"https:\/\/jornalrol.com.br\/?cat=7"},"img":{"alt_text":"","src":"","width":0,"height":0},"classes":[]}],"_links":{"self":[{"href":"https:\/\/jornalrol.com.br\/index.php?rest_route=\/wp\/v2\/posts\/3064","targetHints":{"allow":["GET"]}}],"collection":[{"href":"https:\/\/jornalrol.com.br\/index.php?rest_route=\/wp\/v2\/posts"}],"about":[{"href":"https:\/\/jornalrol.com.br\/index.php?rest_route=\/wp\/v2\/types\/post"}],"author":[{"embeddable":true,"href":"https:\/\/jornalrol.com.br\/index.php?rest_route=\/wp\/v2\/users\/3"}],"replies":[{"embeddable":true,"href":"https:\/\/jornalrol.com.br\/index.php?rest_route=%2Fwp%2Fv2%2Fcomments&post=3064"}],"version-history":[{"count":0,"href":"https:\/\/jornalrol.com.br\/index.php?rest_route=\/wp\/v2\/posts\/3064\/revisions"}],"wp:attachment":[{"href":"https:\/\/jornalrol.com.br\/index.php?rest_route=%2Fwp%2Fv2%2Fmedia&parent=3064"}],"wp:term":[{"taxonomy":"category","embeddable":true,"href":"https:\/\/jornalrol.com.br\/index.php?rest_route=%2Fwp%2Fv2%2Fcategories&post=3064"},{"taxonomy":"post_tag","embeddable":true,"href":"https:\/\/jornalrol.com.br\/index.php?rest_route=%2Fwp%2Fv2%2Ftags&post=3064"}],"curies":[{"name":"wp","href":"https:\/\/api.w.org\/{rel}","templated":true}]}}