{"id":30753,"date":"2020-03-26T13:16:18","date_gmt":"2020-03-26T16:16:18","guid":{"rendered":"http:\/\/www.jornalrol.com.br\/?p=30753"},"modified":"2020-03-26T13:16:18","modified_gmt":"2020-03-26T16:16:18","slug":"gravida-e-com-cancer-uma-batalha-por-duas-vidas","status":"publish","type":"post","link":"https:\/\/jornalrol.com.br\/?p=30753","title":{"rendered":"Gr\u00e1vida e com c\u00e2ncer: uma batalha por duas vidas"},"content":{"rendered":"<div class=\"pdfprnt-buttons pdfprnt-buttons-post pdfprnt-top-right\"><a href=\"https:\/\/jornalrol.com.br\/index.php?rest_route=%2Fwp%2Fv2%2Fposts%2F30753&print=pdf\" class=\"pdfprnt-button pdfprnt-button-pdf\" target=\"_blank\" ><\/a><a href=\"https:\/\/jornalrol.com.br\/index.php?rest_route=%2Fwp%2Fv2%2Fposts%2F30753&print=print\" class=\"pdfprnt-button pdfprnt-button-print\" target=\"_blank\" ><img decoding=\"async\" src=\"https:\/\/jornalrol.com.br\/wp-content\/plugins\/pdf-print\/images\/print.png\" alt=\"image_print\" title=\"Conte\u00fado de impress\u00e3o\" \/><\/a><\/div><h2 style=\"text-align: center;\"><a href=\"http:\/\/www.jornalrol.com.br\/wp-content\/uploads\/2020\/03\/unnamed-39.jpg\"><img loading=\"lazy\" decoding=\"async\" class=\"size-medium wp-image-30754 aligncenter\" src=\"http:\/\/www.jornalrol.com.br\/wp-content\/uploads\/2020\/03\/unnamed-39-200x300.jpg\" alt=\"\" width=\"200\" height=\"300\" \/><i>Romance conta a hist\u00f3ria de Michelle, personagem principal da obra &#8220;Bodas de Papel&#8221;, que descobre um c\u00e2ncer uterino durante a gravidez<\/i><\/a><\/h2>\n<p><!--more--><\/p>\n<p>Parece uma briga de casal, mas n\u00e3o \u00e9. O primeiro cap\u00edtulo do livro\u00a0<strong><em>Bodas de Papel\u00a0<\/em><\/strong>registra o momento em que Michelle desiste de cometer suic\u00eddio ap\u00f3s revelar ao namorado, Michel, seu diagn\u00f3stico de c\u00e2ncer maligno. Com a descoberta recente de uma gravidez, foi o primeiro movimento do beb\u00ea que salvou a sens\u00edvel personagem segundos antes de desistir da vida. Escrita pelo jornalista\u00a0<strong>Daniel Moraes<\/strong>, a obra volta ao passado para contar a hist\u00f3ria de amor e supera\u00e7\u00e3o do casal at\u00e9 o momento em que a crise acontece.<\/p>\n<p>Com a apresenta\u00e7\u00e3o dos personagens, o leitor descobre que Michelle \u00e9 uma jovem universit\u00e1ria de 23 anos concentrada nos estudos e determinada a ter uma brilhante carreira profissional. Apesar do foco, ela se rende \u00e0 paix\u00e3o: Michel \u00e9 um jovem sedutor que, de t\u00e3o perfeito, parece irreal. A vida do casal muda quando uma gravidez indesejada \u00e9 descoberta e, junto a ela, um diagn\u00f3stico de c\u00e2ncer uterino maligno.<\/p>\n<p><em>\u201cMichelle estranhou, titubeou por um momento. Seria o que estava pensando? Era poss\u00edvel mesmo isso acontecer t\u00e3o cedo? Sua d\u00favida se dissipou quando sentiu de novo e tudo aconteceu em fra\u00e7\u00f5es de segundos. Sentiu m\u00e3os fortes envolverem sua cintura e pux\u00e1-la para tr\u00e1s.\u201d\u00a0<\/em>Bodas de Papel, p\u00e1g. 206<\/p>\n<p>Al\u00e9m de emocionar e provocar diferentes sensa\u00e7\u00f5es aos leitores,\u00a0<strong><em>Bodas de Papel<\/em><\/strong>\u00a0cumpre com excel\u00eancia sua miss\u00e3o social: ao falar sobre c\u00e2ncer ginecol\u00f3gico, o autor apresenta ao p\u00fablico informa\u00e7\u00f5es sobre causas e tratamentos da doen\u00e7a, al\u00e9m de refor\u00e7ar a import\u00e2ncia de exames preventivos peri\u00f3dicos.<\/p>\n<p>Narrada em terceira pessoa, a obra publicada pela\u00a0<strong>Editora Rouxinol<\/strong>, a obra mostra a for\u00e7a do amor e revela as imprevisibilidades da vida. Uma verdadeira li\u00e7\u00e3o de supera\u00e7\u00e3o sobre uma hist\u00f3ria que poderia muito bem ser real.<\/p>\n<p><strong>Ficha T\u00e9cnica:<br \/>\nT\u00edtulo:<\/strong>\u00a0Bodas de Papel<br \/>\n<strong>Autor:<\/strong>\u00a0Daniel Moraes<br \/>\n<strong>ISBN:<\/strong>\u00a0978-85-66701-15-9<strong><br \/>\nP\u00e1ginas:<\/strong>\u00a0282 p\u00e1ginas<br \/>\n<strong>Formato:<\/strong>\u00a014 x 21 cm<br \/>\n<strong>Pre\u00e7o:\u00a0<\/strong>R$30,00<strong><br \/>\nLink para compra:\u00a0<\/strong><a href=\"https:\/\/www.livrariarouxinol.com\/bodasdepapel\" target=\"_blank\" rel=\"noopener\" data-saferedirecturl=\"https:\/\/www.google.com\/url?q=https:\/\/www.livrariarouxinol.com\/bodasdepapel&amp;source=gmail&amp;ust=1585325271586000&amp;usg=AFQjCNHmidjgbNBCUv8PKx6E0LknKpSOgw\">https:\/\/www.livrariarouxinol.<wbr \/>com\/bodasdepapel<\/a><\/p>\n<p><strong>Sinopse do livro:<\/strong>\u00a0Bodas de Papel nos apresenta Michelle, jovem universit\u00e1ria concentrada nos estudos e determinada a ter uma brilhante carreira profissional. Mas, toda determina\u00e7\u00e3o da jovem n\u00e3o bastou e ela se rendeu \u00e0 paix\u00e3o: Michael, jovem sedutor, cruza o seu caminho, revelando a ela amores intensos.\u00a0No entanto, a vida de Michelle ir\u00e1 se transformar completamente ao enfrentar situa\u00e7\u00f5es distintas e um tanto quanto embara\u00e7osas; toda sua estrutura poder\u00e1 ruir. Embarque na leitura emocionante, repleta de sensualidade e dramas; um est\u00edmulo aos apaixonados pela vida e pela experi\u00eancia intensa de viver um grande amor.<\/p>\n<p><strong><a href=\"http:\/\/www.jornalrol.com.br\/wp-content\/uploads\/2020\/03\/unnamed-40.jpg\"><img loading=\"lazy\" decoding=\"async\" class=\"size-medium wp-image-30755 alignleft\" src=\"http:\/\/www.jornalrol.com.br\/wp-content\/uploads\/2020\/03\/unnamed-40-300x200.jpg\" alt=\"\" width=\"300\" height=\"200\" \/><\/a>Sobre o autor<\/strong><\/p>\n<p>Escritor, editor, influencer, jornalista, publicit\u00e1rio e bookaholic assumido, criou o Irm\u00e3os Livreiros onde mantem atualizado com as novidades do mercado editorial.<\/p>\n<p>Atualmente reside em Mogi das Cruzes, cidade escolhida como palco para o seu primeiro livro, Bodas de Papel.<\/p>\n<p>&nbsp;<\/p>\n<p>&nbsp;<\/p>\n<p>&nbsp;<\/p>\n<p>&nbsp;<\/p>\n<p>&nbsp;<\/p>\n<p>&nbsp;<\/p>\n<p>&nbsp;<\/p>\n<h2><\/h2>\n","protected":false},"excerpt":{"rendered":"<p>Romance conta a hist\u00f3ria de Michelle, personagem principal da obra &#8220;Bodas de Papel&#8221;, que descobre um c\u00e2ncer uterino durante a gravidez<\/p>\n","protected":false},"author":6,"featured_media":0,"comment_status":"closed","ping_status":"closed","sticky":false,"template":"","format":"standard","meta":{"_jetpack_newsletter_access":"","_jetpack_dont_email_post_to_subs":false,"_jetpack_newsletter_tier_id":0,"_jetpack_memberships_contains_paywalled_content":false,"_jetpack_memberships_contains_paid_content":false,"footnotes":""},"categories":[7],"tags":[1422,2612,4983,5145],"class_list":["post-30753","post","type-post","status-publish","format-standard","hentry","category-comunicacao","tag-bodas-de-papel","tag-daniel-moraes","tag-lancamento","tag-livro"],"aioseo_notices":[],"views":453,"jetpack_featured_media_url":"","jetpack_sharing_enabled":true,"jetpack_likes_enabled":true,"jetpack-related-posts":[{"id":62780,"url":"https:\/\/jornalrol.com.br\/?p=62780","url_meta":{"origin":30753,"position":0},"title":"Entre cruzes e rosas","author":"Lee Oliveira","date":"6 de novembro de 2023","format":false,"excerpt":"Resenha do livro \"Entre cruzes e rosas\", de Luana Leites e Michelle Jardim, pela Editora Uiclap. Uma obra po\u00e9tica, de duas jovens com uma escrita muito madura.","rel":"","context":"Em &quot;Jovens Talentos&quot;","block_context":{"text":"Jovens Talentos","link":"https:\/\/jornalrol.com.br\/?cat=9552"},"img":{"alt_text":"Capa do livro \"Entre cruzes e rosas\" de Luana Leites e Michelle Jardim, pela Editora Uiclap","src":"https:\/\/i0.wp.com\/jornalrol.com.br\/wp-content\/uploads\/2023\/11\/20231019_210014.jpg?resize=350%2C200&ssl=1","width":350,"height":200,"srcset":"https:\/\/i0.wp.com\/jornalrol.com.br\/wp-content\/uploads\/2023\/11\/20231019_210014.jpg?resize=350%2C200&ssl=1 1x, https:\/\/i0.wp.com\/jornalrol.com.br\/wp-content\/uploads\/2023\/11\/20231019_210014.jpg?resize=525%2C300&ssl=1 1.5x, https:\/\/i0.wp.com\/jornalrol.com.br\/wp-content\/uploads\/2023\/11\/20231019_210014.jpg?resize=700%2C400&ssl=1 2x, https:\/\/i0.wp.com\/jornalrol.com.br\/wp-content\/uploads\/2023\/11\/20231019_210014.jpg?resize=1050%2C600&ssl=1 3x, https:\/\/i0.wp.com\/jornalrol.com.br\/wp-content\/uploads\/2023\/11\/20231019_210014.jpg?resize=1400%2C800&ssl=1 4x"},"classes":[]},{"id":62805,"url":"https:\/\/jornalrol.com.br\/?p=62805","url_meta":{"origin":30753,"position":1},"title":"Elogio \u00e0 loucura","author":"Lee Oliveira","date":"13 de novembro de 2023","format":false,"excerpt":"Resenha do livro \"Elogio \u00e0 loucura\" de Isa Oliveira, pela Edotora Uiclap. Um livro emocionante que conta a hist\u00f3ria de uma mulher com canc\u00ear e muda a sua vida.","rel":"","context":"Em &quot;Literatura&quot;","block_context":{"text":"Literatura","link":"https:\/\/jornalrol.com.br\/?cat=9285"},"img":{"alt_text":"Capa do livro \"Elogio \u00e0 loucura\", de Isa Oliveira, pela Editora Uiclap.","src":"https:\/\/i0.wp.com\/jornalrol.com.br\/wp-content\/uploads\/2023\/11\/Capa-Elogio-a-loucura-UICLAP-frente-Isa-Oliveira-1.jpg?resize=350%2C200&ssl=1","width":350,"height":200,"srcset":"https:\/\/i0.wp.com\/jornalrol.com.br\/wp-content\/uploads\/2023\/11\/Capa-Elogio-a-loucura-UICLAP-frente-Isa-Oliveira-1.jpg?resize=350%2C200&ssl=1 1x, https:\/\/i0.wp.com\/jornalrol.com.br\/wp-content\/uploads\/2023\/11\/Capa-Elogio-a-loucura-UICLAP-frente-Isa-Oliveira-1.jpg?resize=525%2C300&ssl=1 1.5x, https:\/\/i0.wp.com\/jornalrol.com.br\/wp-content\/uploads\/2023\/11\/Capa-Elogio-a-loucura-UICLAP-frente-Isa-Oliveira-1.jpg?resize=700%2C400&ssl=1 2x, https:\/\/i0.wp.com\/jornalrol.com.br\/wp-content\/uploads\/2023\/11\/Capa-Elogio-a-loucura-UICLAP-frente-Isa-Oliveira-1.jpg?resize=1050%2C600&ssl=1 3x, https:\/\/i0.wp.com\/jornalrol.com.br\/wp-content\/uploads\/2023\/11\/Capa-Elogio-a-loucura-UICLAP-frente-Isa-Oliveira-1.jpg?resize=1400%2C800&ssl=1 4x"},"classes":[]},{"id":49410,"url":"https:\/\/jornalrol.com.br\/?p=49410","url_meta":{"origin":30753,"position":2},"title":"Luiza Moura publica A Arte de Amar, romance er\u00f3tico, pela Cogito Editora","author":"Sergio Diniz da Costa","date":"29 de mar\u00e7o de 2022","format":false,"excerpt":"A Arte de Amar \u00e9 resultante do pr\u00eamio conquistado por Luiza Moura, categoria conto, pelo primeiro lugar com o texto \u201cBodas \u2018de quatro\u2019 \u2013 comemora\u00e7\u00e3o de casamento\u201d, no Segundo Concurso de Literatura Er\u00f3tica Kama, organizado pela Cogito Editora Luiza Moura, natural de Feira de Santana - BA,\u00a0publica romance er\u00f3tico pela\u2026","rel":"","context":"Em &quot;Comunica\u00e7\u00e3o&quot;","block_context":{"text":"Comunica\u00e7\u00e3o","link":"https:\/\/jornalrol.com.br\/?cat=7"},"img":{"alt_text":"","src":"https:\/\/i0.wp.com\/www.jornalrol.com.br\/wp-content\/uploads\/2022\/03\/276065793_1944431332392451_6452634317121175268_n-240x300.jpg?resize=350%2C200","width":350,"height":200},"classes":[]},{"id":71028,"url":"https:\/\/jornalrol.com.br\/?p=71028","url_meta":{"origin":30753,"position":3},"title":"Seja o que voc\u00ea quer ser","author":"Lee Oliveira","date":"3 de dezembro de 2024","format":false,"excerpt":"\u201cSeja o que voc\u00ea quer ser\u201d \u00e9 um livro instigante que prop\u00f5e uma reflex\u00e3o profunda sobre diversos aspectos da vida. E provoca o leitor a repensar suas escolhas..","rel":"","context":"Em &quot;Sem categoria&quot;","block_context":{"text":"Sem categoria","link":"https:\/\/jornalrol.com.br\/?cat=1"},"img":{"alt_text":"Capa dolivro 'Seja o que voc\u00ea quer ser de Daniele Gradinar","src":"https:\/\/i0.wp.com\/jornalrol.com.br\/wp-content\/uploads\/2024\/12\/20241010_170835-1.jpg?resize=350%2C200&ssl=1","width":350,"height":200,"srcset":"https:\/\/i0.wp.com\/jornalrol.com.br\/wp-content\/uploads\/2024\/12\/20241010_170835-1.jpg?resize=350%2C200&ssl=1 1x, https:\/\/i0.wp.com\/jornalrol.com.br\/wp-content\/uploads\/2024\/12\/20241010_170835-1.jpg?resize=525%2C300&ssl=1 1.5x, https:\/\/i0.wp.com\/jornalrol.com.br\/wp-content\/uploads\/2024\/12\/20241010_170835-1.jpg?resize=700%2C400&ssl=1 2x, https:\/\/i0.wp.com\/jornalrol.com.br\/wp-content\/uploads\/2024\/12\/20241010_170835-1.jpg?resize=1050%2C600&ssl=1 3x"},"classes":[]},{"id":32447,"url":"https:\/\/jornalrol.com.br\/?p=32447","url_meta":{"origin":30753,"position":4},"title":"Fic\u00e7\u00e3o apresenta cura para todas as doen\u00e7as","author":"Sergio Diniz da Costa","date":"10 de julho de 2020","format":false,"excerpt":"O fim da ind\u00fastria farmac\u00eautica tradicional e a salva\u00e7\u00e3o para todos os doentes est\u00e1 no livro do jornalista Carlo Antico, escritor premiado nos EUA Qual seria o impacto mundial com a descoberta da cura de todas as doen\u00e7as?! Com medo que a informa\u00e7\u00e3o ca\u00edsse em \u201cm\u00e3os erradas\u201d, seis cientistas esconderam\u2026","rel":"","context":"Em &quot;Comunica\u00e7\u00e3o&quot;","block_context":{"text":"Comunica\u00e7\u00e3o","link":"https:\/\/jornalrol.com.br\/?cat=7"},"img":{"alt_text":"","src":"https:\/\/i0.wp.com\/www.jornalrol.com.br\/wp-content\/uploads\/2020\/07\/unnamed-78-209x300.jpg?resize=350%2C200","width":350,"height":200},"classes":[]},{"id":75666,"url":"https:\/\/jornalrol.com.br\/?p=75666","url_meta":{"origin":30753,"position":5},"title":"Defici\u00eancia visual nas literaturas","author":"Renata da Silva de Barcellos","date":"19 de setembro de 2025","format":false,"excerpt":"O presente texto visa apresentar como as pessoas com defici\u00eancia visuais s\u00e3o retratadas nas literaturas afro-brasileiras e ind\u00edgenas ao longo do tempo.","rel":"","context":"Em &quot;artigos&quot;","block_context":{"text":"artigos","link":"https:\/\/jornalrol.com.br\/?cat=9398"},"img":{"alt_text":"Raimundo Campos Filho (UFMA) e Renata Barcellos (BarcellArtes)","src":"https:\/\/i0.wp.com\/jornalrol.com.br\/wp-content\/uploads\/2025\/09\/EU-E-CAMPOS-scaled.jpg?resize=350%2C200&ssl=1","width":350,"height":200,"srcset":"https:\/\/i0.wp.com\/jornalrol.com.br\/wp-content\/uploads\/2025\/09\/EU-E-CAMPOS-scaled.jpg?resize=350%2C200&ssl=1 1x, https:\/\/i0.wp.com\/jornalrol.com.br\/wp-content\/uploads\/2025\/09\/EU-E-CAMPOS-scaled.jpg?resize=525%2C300&ssl=1 1.5x, https:\/\/i0.wp.com\/jornalrol.com.br\/wp-content\/uploads\/2025\/09\/EU-E-CAMPOS-scaled.jpg?resize=700%2C400&ssl=1 2x, https:\/\/i0.wp.com\/jornalrol.com.br\/wp-content\/uploads\/2025\/09\/EU-E-CAMPOS-scaled.jpg?resize=1050%2C600&ssl=1 3x, https:\/\/i0.wp.com\/jornalrol.com.br\/wp-content\/uploads\/2025\/09\/EU-E-CAMPOS-scaled.jpg?resize=1400%2C800&ssl=1 4x"},"classes":[]}],"_links":{"self":[{"href":"https:\/\/jornalrol.com.br\/index.php?rest_route=\/wp\/v2\/posts\/30753","targetHints":{"allow":["GET"]}}],"collection":[{"href":"https:\/\/jornalrol.com.br\/index.php?rest_route=\/wp\/v2\/posts"}],"about":[{"href":"https:\/\/jornalrol.com.br\/index.php?rest_route=\/wp\/v2\/types\/post"}],"author":[{"embeddable":true,"href":"https:\/\/jornalrol.com.br\/index.php?rest_route=\/wp\/v2\/users\/6"}],"replies":[{"embeddable":true,"href":"https:\/\/jornalrol.com.br\/index.php?rest_route=%2Fwp%2Fv2%2Fcomments&post=30753"}],"version-history":[{"count":0,"href":"https:\/\/jornalrol.com.br\/index.php?rest_route=\/wp\/v2\/posts\/30753\/revisions"}],"wp:attachment":[{"href":"https:\/\/jornalrol.com.br\/index.php?rest_route=%2Fwp%2Fv2%2Fmedia&parent=30753"}],"wp:term":[{"taxonomy":"category","embeddable":true,"href":"https:\/\/jornalrol.com.br\/index.php?rest_route=%2Fwp%2Fv2%2Fcategories&post=30753"},{"taxonomy":"post_tag","embeddable":true,"href":"https:\/\/jornalrol.com.br\/index.php?rest_route=%2Fwp%2Fv2%2Ftags&post=30753"}],"curies":[{"name":"wp","href":"https:\/\/api.w.org\/{rel}","templated":true}]}}