{"id":30760,"date":"2020-03-27T10:52:07","date_gmt":"2020-03-27T13:52:07","guid":{"rendered":"http:\/\/www.jornalrol.com.br\/?p=30760"},"modified":"2020-03-27T10:52:07","modified_gmt":"2020-03-27T13:52:07","slug":"o-leitor-participa-izabella-de-macedo-tempos-dificeis","status":"publish","type":"post","link":"https:\/\/jornalrol.com.br\/?p=30760","title":{"rendered":"O leitor participa: Izabella de Macedo: &#039;Tempos dif\u00edceis&#039;"},"content":{"rendered":"<div class=\"pdfprnt-buttons pdfprnt-buttons-post pdfprnt-top-right\"><a href=\"https:\/\/jornalrol.com.br\/index.php?rest_route=%2Fwp%2Fv2%2Fposts%2F30760&print=pdf\" class=\"pdfprnt-button pdfprnt-button-pdf\" target=\"_blank\" ><\/a><a href=\"https:\/\/jornalrol.com.br\/index.php?rest_route=%2Fwp%2Fv2%2Fposts%2F30760&print=print\" class=\"pdfprnt-button pdfprnt-button-print\" target=\"_blank\" ><img decoding=\"async\" src=\"https:\/\/jornalrol.com.br\/wp-content\/plugins\/pdf-print\/images\/print.png\" alt=\"image_print\" title=\"Conte\u00fado de impress\u00e3o\" \/><\/a><\/div><figure id=\"attachment_30761\" aria-describedby=\"caption-attachment-30761\" style=\"width: 300px\" class=\"wp-caption aligncenter\"><a href=\"http:\/\/www.jornalrol.com.br\/wp-content\/uploads\/2020\/03\/DSC6379-487.jpg\"><img loading=\"lazy\" decoding=\"async\" class=\"wp-image-30761 size-medium\" src=\"http:\/\/www.jornalrol.com.br\/wp-content\/uploads\/2020\/03\/DSC6379-487-300x200.jpg\" alt=\"\" width=\"300\" height=\"200\" \/><\/a><figcaption id=\"caption-attachment-30761\" class=\"wp-caption-text\">Izabella de Macedo<\/figcaption><\/figure>\n<h2 style=\"text-align: center;\"><strong>Tempos dif\u00edceis<\/strong><\/h2>\n<p><!--more--><\/p>\n<p>Estamos sendo bombardeadas com not\u00edcias nada esperan\u00e7osas. Estamos diante de uma realidade sem precedentes para a maioria de n\u00f3s, diante de fronteiras fechadas, toque de recolher, proibi\u00e7\u00f5es quanto a atitudes cotidianas corriqueiras, economia em crise e um sentimento estranho de que pode ser que qualquer dia seja conosco. Acredito que h\u00e1 situa\u00e7\u00f5es globais que sejam ainda mais dolorosas (como guerras dolosamente criadas por n\u00f3s &#8211; os seres humanos) mas n\u00e3o pretendo fazer uma compara\u00e7\u00e3o; ent\u00e3o desde logo fa\u00e7o essa ressalva.<\/p>\n<p>Lembro-me vagamente da gripe H1N1, um medo um pouco parecido, mas talvez minha jovialidade me impedisse de interpretar o que acontecia \u00e0 \u00e9poca. Hoje tenho um filho e o medo que se instala no peito \u00e9 diferente. Obviamente, temo por todos aqueles que amo, mas a vis\u00e3o de m\u00e3e nos deixa mais fraternal e mais preocupada de forma geral. N\u00e3o sou hist\u00e9rica ou mesmo desesperada, mas fico boquiaberta e muito desapontada com o desleixo de quem ignora as orienta\u00e7\u00f5es b\u00e1sicas que est\u00e3o sendo divulgadas em todas as m\u00eddias.<\/p>\n<p>Estou tentando levar estes dias de enclausuramento com um pouco de leveza e hoje mesmo fui criticada por n\u00e3o trazer seriedade \u00e0 minha p\u00e1gina (no Instagram). Sinto muito se deixei a desejar, mas minha inten\u00e7\u00e3o \u00e9 justamente esta: trazer leveza em tempos dif\u00edceis. Precisamos ser cuidadosos e fazer nossa parte, precisamos respeitar quem est\u00e1 levantando pela manh\u00e3 e vestindo seu jaleco branco porque \u00e9 da \u00e1rea da sa\u00fade ou pesquisador do campo, precisamos ser solid\u00e1rios com quem trabalha com servi\u00e7os que n\u00e3o comportam o digital, precisamos n\u00e3o comprar todo o estoque de papel higi\u00eanico.<\/p>\n<p>Mas nunca me sinto \u00e0 vontade para dar li\u00e7\u00e3o de moral, muito menos para expor meus julgamentos. Prefiro expor sentimentos. E os meus est\u00e3o um pouco confusos nestes dias.<\/p>\n<p>&nbsp;<\/p>\n<p>*<strong>Izabella de Macedo<\/strong> tem 29 anos, \u00e9 curitibana, leonina, m\u00e3e, esposa, advogada e acaba de lan\u00e7ar o livro de cr\u00f4nicas Mulheres Normais.\u00a0 \u00c9 graduada em Letras e mestre em Direito.<\/p>\n<p>&nbsp;<\/p>\n<p>&nbsp;<\/p>\n<p>&nbsp;<\/p>\n<p>&nbsp;<\/p>\n<p>&nbsp;<\/p>\n<p>&nbsp;<\/p>\n<p>&nbsp;<\/p>\n<p>&nbsp;<\/p>\n","protected":false},"excerpt":{"rendered":"<p>Tempos dif\u00edceis<\/p>\n","protected":false},"author":6,"featured_media":0,"comment_status":"closed","ping_status":"closed","sticky":false,"template":"","format":"standard","meta":{"_jetpack_newsletter_access":"","_jetpack_dont_email_post_to_subs":false,"_jetpack_newsletter_tier_id":0,"_jetpack_memberships_contains_paywalled_content":false,"_jetpack_memberships_contains_paid_content":false,"footnotes":""},"categories":[7],"tags":[2456,4729],"class_list":["post-30760","post","type-post","status-publish","format-standard","hentry","category-comunicacao","tag-cronica","tag-izabella-de-macedo"],"aioseo_notices":[],"views":617,"jetpack_featured_media_url":"","jetpack_sharing_enabled":true,"jetpack_likes_enabled":true,"jetpack-related-posts":[{"id":31426,"url":"https:\/\/jornalrol.com.br\/?p=31426","url_meta":{"origin":30760,"position":0},"title":"Mulheres normais tamb\u00e9m t\u00eam algo a dizer","author":"Sergio Diniz da Costa","date":"13 de maio de 2020","format":false,"excerpt":"Escritora Izabella de Macedo lan\u00e7a livro de cr\u00f4nicas que retratam mulheres reais com seus desejos, alegrias e frustra\u00e7\u00f5es Elas conquistaram independ\u00eancia financeira, sofrem por amor, precisam ser fortes, gostam de comprar uma roupa nova, querem um amor para chamar de seu, trabalham para melhorar a autoestima, bebem um vinho de\u2026","rel":"","context":"Em &quot;Comunica\u00e7\u00e3o&quot;","block_context":{"text":"Comunica\u00e7\u00e3o","link":"https:\/\/jornalrol.com.br\/?cat=7"},"img":{"alt_text":"","src":"https:\/\/i0.wp.com\/www.jornalrol.com.br\/wp-content\/uploads\/2020\/05\/Mulheres-Normais-Capa-200x300.jpg?resize=350%2C200","width":350,"height":200},"classes":[]},{"id":31880,"url":"https:\/\/jornalrol.com.br\/?p=31880","url_meta":{"origin":30760,"position":1},"title":"Mulheres Normais Tamb\u00e9m t\u00eam algo a dizer","author":"Sergio Diniz da Costa","date":"9 de junho de 2020","format":false,"excerpt":"Escritora Izabella de Macedo lan\u00e7a livro de cr\u00f4nicas que retratam mulheres reais com seus desejos, alegrias e frustra\u00e7\u00f5es Elas conquistaram independ\u00eancia financeira, sofrem por amor, precisam ser fortes, gostam de comprar uma roupa nova, querem um amor para chamar de seu, trabalham para melhorar a autoestima, bebem um vinho de\u2026","rel":"","context":"Em &quot;Comunica\u00e7\u00e3o&quot;","block_context":{"text":"Comunica\u00e7\u00e3o","link":"https:\/\/jornalrol.com.br\/?cat=7"},"img":{"alt_text":"","src":"https:\/\/i0.wp.com\/www.jornalrol.com.br\/wp-content\/uploads\/2020\/06\/aa3d7ea1-0c6a-485b-b34f-4d77ad9b9f2e-200x300.jpg?resize=350%2C200","width":350,"height":200},"classes":[]},{"id":39362,"url":"https:\/\/jornalrol.com.br\/?p=39362","url_meta":{"origin":30760,"position":2},"title":"Depois de uma temporada de sucesso no Rio de Janeiro, Elizeth a Divina faz apresenta\u00e7\u00e3o \u00fanica dia 17 de abril no Teatro J. Safra com transmiss\u00e3o online","author":"Sergio Diniz da Costa","date":"7 de abril de 2021","format":false,"excerpt":"link para download de fotos A Pe\u00e7a conta momentos marcantes da hist\u00f3ria da cantora Elizeth Cardoso, seus grandes encontros, com amigos, parceiros hist\u00f3ricos, as suas paix\u00f5es e seus shows \u201cSempre fui preocupada por ser rotulada como cantora de classe A.\u00a0 Prefiro ser um abeceda\u0301rio inteiro.\u201d (Elizeth Cardoso)\u00a0 \u00a0 Um musical\u2026","rel":"","context":"Em &quot;Comunica\u00e7\u00e3o&quot;","block_context":{"text":"Comunica\u00e7\u00e3o","link":"https:\/\/jornalrol.com.br\/?cat=7"},"img":{"alt_text":"","src":"https:\/\/i0.wp.com\/jornalrol.com.br\/wp-content\/uploads\/2021\/04\/image1-2.jpg?resize=350%2C200&ssl=1","width":350,"height":200,"srcset":"https:\/\/i0.wp.com\/jornalrol.com.br\/wp-content\/uploads\/2021\/04\/image1-2.jpg?resize=350%2C200&ssl=1 1x, https:\/\/i0.wp.com\/jornalrol.com.br\/wp-content\/uploads\/2021\/04\/image1-2.jpg?resize=525%2C300&ssl=1 1.5x"},"classes":[]},{"id":39491,"url":"https:\/\/jornalrol.com.br\/?p=39491","url_meta":{"origin":30760,"position":3},"title":"Associa\u00e7\u00e3o Internacional de Escritores e Artistas &#8211; Literarte divulga convite para o processo de sele\u00e7\u00e3o dos Membros Fundadores Internacionais do Nucleo Accademico Italiano di Scienze, Lettere e Arti &#8211; NAISLA","author":"Sergio Diniz da Costa","date":"10 de abril de 2021","format":false,"excerpt":"As inscri\u00e7\u00f5es para a participa\u00e7\u00e3o come\u00e7am no dia 10 de abril e encerram-se com o preenchimento de todas as cadeiras previstas para Membros Fundadores A Associa\u00e7\u00e3o Internacional de Escritores e Artistas - Literarte, representada na figura de sua Presidente, Izabelle Valladares, em parceria com Farah Serra, convidam para o processo\u2026","rel":"","context":"Em &quot;Comunica\u00e7\u00e3o&quot;","block_context":{"text":"Comunica\u00e7\u00e3o","link":"https:\/\/jornalrol.com.br\/?cat=7"},"img":{"alt_text":"","src":"https:\/\/i0.wp.com\/www.jornalrol.com.br\/wp-content\/uploads\/2021\/04\/maxresdefault-300x169.jpg?resize=350%2C200","width":350,"height":200},"classes":[]},{"id":740,"url":"https:\/\/jornalrol.com.br\/?p=740","url_meta":{"origin":30760,"position":4},"title":"TERCEIRA E ULTIMA POSTAGEM SOBRE ESTUDOS GENEAL\u00d3GICOS","author":"ADM","date":"29 de janeiro de 2015","format":false,"excerpt":"O genealogista Afr\u00e2nio Mello atendeu um leitor que solicitou nada menos do que 14 estudos de familias. Estas s\u00e3o as tres \u00faltimas, sobre as familias CORREA, MORAES e MACEDO \u00a0 ATENDIMENTOS N\u00daMEROS 393, 394 E 395 \u00a0 Prezado Ricardo, \u00a0 Segue a \u00faltima remessa nesta data e foram enviados 14\u2026","rel":"","context":"Em &quot;Comunica\u00e7\u00e3o&quot;","block_context":{"text":"Comunica\u00e7\u00e3o","link":"https:\/\/jornalrol.com.br\/?cat=7"},"img":{"alt_text":"ALVES","src":"https:\/\/i0.wp.com\/www.jornalrol.com.br\/wp-content\/uploads\/2015\/01\/ALVES-175x300.jpg?resize=350%2C200","width":350,"height":200},"classes":[]},{"id":24204,"url":"https:\/\/jornalrol.com.br\/?p=24204","url_meta":{"origin":30760,"position":5},"title":"F\u00e1bio \u00c1vila: &#039;ABCZ 100 Anos &#8211; Uberaba 200 anos&#039;","author":"Helio Rubens","date":"31 de janeiro de 2019","format":false,"excerpt":"ABCZ 100 Anos - Uberaba 200 anos Em 2008 foram comemorados os 80 anos do Servi\u00e7o Geneal\u00f3gico das Ra\u00e7as Bovinas de Origem Indiana. Os pioneiros das fam\u00edlias Miranda, Borges, Rodrigues da Cunha, entre outros importantes aventureiros cruzaram oceanos, em tempos dif\u00edceis quando do per\u00edodo de guerra e do p\u00f3s guerra,\u2026","rel":"","context":"Em &quot;Comunica\u00e7\u00e3o&quot;","block_context":{"text":"Comunica\u00e7\u00e3o","link":"https:\/\/jornalrol.com.br\/?cat=7"},"img":{"alt_text":"","src":"https:\/\/i0.wp.com\/www.jornalrol.com.br\/wp-content\/uploads\/2018\/06\/fabio-avila-225x300.jpg?resize=350%2C200","width":350,"height":200},"classes":[]}],"_links":{"self":[{"href":"https:\/\/jornalrol.com.br\/index.php?rest_route=\/wp\/v2\/posts\/30760","targetHints":{"allow":["GET"]}}],"collection":[{"href":"https:\/\/jornalrol.com.br\/index.php?rest_route=\/wp\/v2\/posts"}],"about":[{"href":"https:\/\/jornalrol.com.br\/index.php?rest_route=\/wp\/v2\/types\/post"}],"author":[{"embeddable":true,"href":"https:\/\/jornalrol.com.br\/index.php?rest_route=\/wp\/v2\/users\/6"}],"replies":[{"embeddable":true,"href":"https:\/\/jornalrol.com.br\/index.php?rest_route=%2Fwp%2Fv2%2Fcomments&post=30760"}],"version-history":[{"count":0,"href":"https:\/\/jornalrol.com.br\/index.php?rest_route=\/wp\/v2\/posts\/30760\/revisions"}],"wp:attachment":[{"href":"https:\/\/jornalrol.com.br\/index.php?rest_route=%2Fwp%2Fv2%2Fmedia&parent=30760"}],"wp:term":[{"taxonomy":"category","embeddable":true,"href":"https:\/\/jornalrol.com.br\/index.php?rest_route=%2Fwp%2Fv2%2Fcategories&post=30760"},{"taxonomy":"post_tag","embeddable":true,"href":"https:\/\/jornalrol.com.br\/index.php?rest_route=%2Fwp%2Fv2%2Ftags&post=30760"}],"curies":[{"name":"wp","href":"https:\/\/api.w.org\/{rel}","templated":true}]}}