{"id":3082,"date":"2015-08-26T22:35:15","date_gmt":"2015-08-27T01:35:15","guid":{"rendered":"http:\/\/www.jornalrol.com.br\/?p=3082"},"modified":"2015-08-26T22:35:15","modified_gmt":"2015-08-27T01:35:15","slug":"artigo-de-pedro-novaes-fofocas","status":"publish","type":"post","link":"https:\/\/jornalrol.com.br\/?p=3082","title":{"rendered":"Artigo de Pedro Novaes: &#039;Fofocas&#039;"},"content":{"rendered":"<div class=\"pdfprnt-buttons pdfprnt-buttons-post pdfprnt-top-right\"><a href=\"https:\/\/jornalrol.com.br\/index.php?rest_route=%2Fwp%2Fv2%2Fposts%2F3082&print=pdf\" class=\"pdfprnt-button pdfprnt-button-pdf\" target=\"_blank\" ><\/a><a href=\"https:\/\/jornalrol.com.br\/index.php?rest_route=%2Fwp%2Fv2%2Fposts%2F3082&print=print\" class=\"pdfprnt-button pdfprnt-button-print\" target=\"_blank\" ><img decoding=\"async\" src=\"https:\/\/jornalrol.com.br\/wp-content\/plugins\/pdf-print\/images\/print.png\" alt=\"image_print\" title=\"Conte\u00fado de impress\u00e3o\" \/><\/a><\/div><h2 style=\"text-align: left;\"><strong>Pedro Novaes: FOFOCAS<\/strong><\/h2>\n<p><!--more--><\/p>\n<p style=\"text-align: left;\">\n<figure id=\"attachment_87\" aria-describedby=\"caption-attachment-87\" style=\"width: 195px\" class=\"wp-caption alignleft\"><a href=\"http:\/\/www.jornalrol.com.br\/wp-content\/uploads\/2014\/11\/Foto-close1.jpg\"><img loading=\"lazy\" decoding=\"async\" class=\"size-full wp-image-87\" src=\"http:\/\/www.jornalrol.com.br\/wp-content\/uploads\/2014\/11\/Foto-close1.jpg\" alt=\"colunista do ROL\" width=\"195\" height=\"258\" \/><\/a><figcaption id=\"caption-attachment-87\" class=\"wp-caption-text\">Pedro Novaes<\/figcaption><\/figure>\n<p style=\"text-align: left;\">Pedro Israel Novaes de Almeida<\/p>\n<p>&nbsp;<\/p>\n<p>A fofoca \u00e9 t\u00e3o amaldi\u00e7oada quanto praticada.<\/p>\n<p>Poucos reconhecem, mas s\u00e3o raros os ouvidos que n\u00e3o ficam entusiasmados, ao primeiro sinal de uma fofoca in\u00e9dita. A curiosidade \u00e9 a mais comum das caracter\u00edsticas humanas.<\/p>\n<p>H\u00e1 muito foi desacreditado o mito de que a fofoca \u00e9 uma especialidade feminina. Homens s\u00e3o t\u00e3o fofoqueiros quanto as mulheres, s\u00f3 que comentam a vida alheia com pose de s\u00e9rios.<\/p>\n<p>Houve um tempo em que o cen\u00e1rio das fofocas era uma lata ou alguns tijolos, pr\u00f3ximos ao muro, que permitiam a conversa entre vizinhas.\u00a0 Os homens preferem fofocar em padarias ou clubes.<\/p>\n<p>Em sal\u00f5es de beleza e barbearias, a fofoca corre solta, e a v\u00edtima \u00e9 sempre o ausente. A fofoca \u00e9 a mais antiga das m\u00eddias, e foi iniciada ainda nas cavernas.<\/p>\n<p>Originalmente, a fofoca, bem intencionada, era s\u00f3 noticiosa, dita novidadeira. Tratava-se de relato informal de algum fato, ocorrido com algum conhecido.<\/p>\n<p>Ocorre que a maldade humana cuidou de apimentar a fofoca com vers\u00f5es injuriosas, desmerecendo personagens.\u00a0 O fofocado \u00e9 sempre o \u00faltimo a saber do fato que circula de boca em boca, a seu respeito.<\/p>\n<p>Fofoqueiras e fofoqueiros tradicionais costumam pedir, a outros, o segredo que n\u00e3o souberam guardar. De segredo em segredo, a vers\u00e3o acaba atingindo o dom\u00ednio p\u00fablico.<\/p>\n<p>A fofoca maldosa tem o cond\u00e3o de indispor pessoas, sem motivo declarado. Aos poucos, conhecidos v\u00e3o se distanciando, sem que a fofoca que motivou o afastamento fosse sequer comentada.<\/p>\n<p>Fofocas podem transformar um pr\u00f3spero empres\u00e1rio em traficante, um pol\u00edtico s\u00e9rio em corrupto, uma esposa fiel em amante de todo o quarteir\u00e3o, e assim em diante. A fofoca \u00e9 a mais terr\u00edvel das armas, pois n\u00e3o oferece qualquer chance de defesa.<\/p>\n<p>A fofoca integra o rol de artif\u00edcios das campanhas pol\u00edticas e concorr\u00eancias comerciais, al\u00e9m de interferirem nas rela\u00e7\u00f5es familiares, profissionais e at\u00e9 religiosas. \u00a0Quanto menor o ambiente urbano, maior o malef\u00edcio da fofoca.<\/p>\n<p>Um divertido empres\u00e1rio, em \u00e9pocas de elei\u00e7\u00e3o, divertia a todos com experi\u00eancias de fofoca, em Piraju. Ia a um bairro afastado, soltava uma fofoca, e saia correndo para a padaria da pra\u00e7a, onde ficava cronometrando o tempo que a mesma levava para chegar ao estabelecimento. Era rapid\u00edssimo !<\/p>\n<p>Ouvidos precavidos soam como ant\u00eddotos, e \u00e9 f\u00e1cil perceber que n\u00e3o h\u00e1 qualquer boa inten\u00e7\u00e3o na cidad\u00e3 que diz ter ouvido que o vizinho tem um filho com uma amiga da prima da empregada.<\/p>\n<p>A fofoca \u00e9 um fen\u00f4meno social, e todos a praticamos, quando meramente novidadeira. Quando inventada, ou circulada para prejudicar, \u00e9 pura maldade.<\/p>\n<p>Mais uma vez, a falta de assunto, para o artigo da semana, conduz a inusitado tema. Sem fofoca !<\/p>\n<p><a href=\"mailto:pedroinovaes@uol.com.br\">pedroinovaes@uol.com.br<\/a><\/p>\n<p>O autor \u00e9 engenheiro agr\u00f4nomo e advogado, aposentado.<\/p>\n","protected":false},"excerpt":{"rendered":"<p>Pedro Novaes: FOFOCAS<\/p>\n","protected":false},"author":3,"featured_media":0,"comment_status":"closed","ping_status":"closed","sticky":false,"template":"","format":"standard","meta":{"_jetpack_newsletter_access":"","_jetpack_dont_email_post_to_subs":false,"_jetpack_newsletter_tier_id":0,"_jetpack_memberships_contains_paywalled_content":false,"_jetpack_memberships_contains_paid_content":false,"footnotes":""},"categories":[7],"tags":[6691],"class_list":["post-3082","post","type-post","status-publish","format-standard","hentry","category-comunicacao","tag-pedro-novaes"],"aioseo_notices":[],"views":0,"jetpack_featured_media_url":"","jetpack_sharing_enabled":true,"jetpack_likes_enabled":true,"jetpack-related-posts":[{"id":5037,"url":"https:\/\/jornalrol.com.br\/?p=5037","url_meta":{"origin":3082,"position":0},"title":"Artigo de Pedro Novaes: &#039;Leitura&#039;","author":"Helio Rubens","date":"24 de maio de 2016","format":false,"excerpt":"Pedro Israel Novaes de Almeida\u00a0\u00a0\u00a0 - LEITURA \u00a0 \u00a0 Somos um povo inculto. As not\u00edcias chegam, telegr\u00e1ficas, pelo r\u00e1dio e TV. Revistas e grandes jornais s\u00e3o pouco lidos. Manchetes s\u00e3o mais lidas que o conte\u00fado, e costumam aglomerar multid\u00f5es defronte as bancas. Comprar e ler livros \u00e9 um h\u00e1bito de\u2026","rel":"","context":"Em &quot;Comunica\u00e7\u00e3o&quot;","block_context":{"text":"Comunica\u00e7\u00e3o","link":"https:\/\/jornalrol.com.br\/?cat=7"},"img":{"alt_text":"colunista do ROL","src":"https:\/\/i0.wp.com\/www.jornalrol.com.br\/wp-content\/uploads\/2014\/11\/Foto-close1.jpg?resize=350%2C200","width":350,"height":200},"classes":[]},{"id":6063,"url":"https:\/\/jornalrol.com.br\/?p=6063","url_meta":{"origin":3082,"position":1},"title":"Artigo de Pedro Novaes: &#039;Tempo bom&#039;","author":"Helio Rubens","date":"31 de agosto de 2016","format":false,"excerpt":"Pedro Israel Novaes de Almeida - TEMPO BOM \u00a0 Os que j\u00e1 ultrapassamos o marco dos sessenta anos temos mais passado que futuro, e \u00e9 normal que sejamos saudosistas. N\u00e3o temos saudades da falta de saneamento b\u00e1sico, nem da dificuldade em al\u00e7ar qualquer degrau na escala social. Era deprimente ver\u2026","rel":"","context":"Em &quot;Comunica\u00e7\u00e3o&quot;","block_context":{"text":"Comunica\u00e7\u00e3o","link":"https:\/\/jornalrol.com.br\/?cat=7"},"img":{"alt_text":"colunista do ROL","src":"https:\/\/i0.wp.com\/www.jornalrol.com.br\/wp-content\/uploads\/2014\/11\/Foto-close1.jpg?resize=350%2C200","width":350,"height":200},"classes":[]},{"id":14110,"url":"https:\/\/jornalrol.com.br\/?p=14110","url_meta":{"origin":3082,"position":2},"title":"Pedro Novaes: &#039;Eu, morto&#039;","author":"Helio Rubens","date":"25 de outubro de 2017","format":false,"excerpt":"Pedro Israel Novaes de Almeida: 'EU, MORTO' \u00a0Foi, de fato, um pesadelo. Sonhei que havia morrido. Ao contr\u00e1rio de tantos, o vel\u00f3rio contou com apenas uma vi\u00fava, que chorava copiosamente. O idiota da funer\u00e1ria n\u00e3o retirou os espinhos, antes de lotar o caix\u00e3o com ramos de roseira, e s\u00f3 n\u00e3o\u2026","rel":"","context":"Em &quot;Comunica\u00e7\u00e3o&quot;","block_context":{"text":"Comunica\u00e7\u00e3o","link":"https:\/\/jornalrol.com.br\/?cat=7"},"img":{"alt_text":"","src":"https:\/\/i0.wp.com\/www.jornalrol.com.br\/wp-content\/uploads\/2017\/10\/Foto-close-1.jpg?resize=350%2C200","width":350,"height":200},"classes":[]},{"id":8875,"url":"https:\/\/jornalrol.com.br\/?p=8875","url_meta":{"origin":3082,"position":3},"title":"Pedro Israel Novaes de Almeida: &#039;Pra\u00e7as antigas&#039;","author":"Helio Rubens","date":"21 de mar\u00e7o de 2017","format":false,"excerpt":"Pedro Israel Novaes de Almeida - 'PRA\u00c7AS ANTIGAS' Eram interessantes as pequenas cidades do interior. Ao centro, uma pra\u00e7a, e nela uma igreja, em terreno doado por algum fazendeiro. Na \u00e9poca, nenhum herdeiro reclamava da doa\u00e7\u00e3o, pr\u00e1tica comum em nossos dias. Houve um tempo em que as pra\u00e7as eram centros\u2026","rel":"","context":"Em &quot;Comunica\u00e7\u00e3o&quot;","block_context":{"text":"Comunica\u00e7\u00e3o","link":"https:\/\/jornalrol.com.br\/?cat=7"},"img":{"alt_text":"","src":"https:\/\/i0.wp.com\/www.jornalrol.com.br\/wp-content\/uploads\/2017\/01\/Foto-Zezinho-224x300.jpg?resize=350%2C200","width":350,"height":200},"classes":[]},{"id":27606,"url":"https:\/\/jornalrol.com.br\/?p=27606","url_meta":{"origin":3082,"position":4},"title":"Pedro Novaes: &#039;Assim n\u00e3o d\u00e1&#039;","author":"Helio Rubens","date":"31 de maio de 2019","format":false,"excerpt":"ASSIM N\u00c3O D\u00c1 \u00a0 \u00a0\u00a0\u00a0\u00a0\u00a0\u00a0\u00a0\u00a0\u00a0 Quem analisar a Brasil pelos dispositivos legais e normativos existentes, fatalmente chegar\u00e1 \u00e0 conclus\u00e3o de que habitamos o para\u00edso, com poderes e estruturas funcionando a todo vapor, respeitosamente independentes e harm\u00f4nicos. Contudo, versados em realidade sabem que, em geral, cada gaveta revistada esconde um esc\u00e2ndalo,\u2026","rel":"","context":"Em &quot;Comunica\u00e7\u00e3o&quot;","block_context":{"text":"Comunica\u00e7\u00e3o","link":"https:\/\/jornalrol.com.br\/?cat=7"},"img":{"alt_text":"","src":"https:\/\/i0.wp.com\/www.jornalrol.com.br\/wp-content\/uploads\/2018\/06\/pedronovaes.jpg?resize=350%2C200","width":350,"height":200},"classes":[]},{"id":9823,"url":"https:\/\/jornalrol.com.br\/?p=9823","url_meta":{"origin":3082,"position":5},"title":"Rog\u00e9rio Sardella comenta sobre o 23\u00ba anivers\u00e1rio do ROL","author":"Helio Rubens","date":"28 de abril de 2017","format":false,"excerpt":"Rog\u00e9rio Sardela: 'O ROL TEM HIST\u00d3RIA MAIOR QUE O ROL' N\u00e3o poderia escrever sobre o ROL sem antes citar o Jornal Regional Nossa Terra, um dos mais s\u00e9rios e respeitados j\u00e1 publicados neste Pa\u00eds. Em 1994, ainda leitor do NT (como era carinhosamente conhecido o seman\u00e1rio), escrevi para o jornal,\u2026","rel":"","context":"Em &quot;Comunica\u00e7\u00e3o&quot;","block_context":{"text":"Comunica\u00e7\u00e3o","link":"https:\/\/jornalrol.com.br\/?cat=7"},"img":{"alt_text":"","src":"https:\/\/i0.wp.com\/www.jornalrol.com.br\/wp-content\/uploads\/2017\/01\/Foto-close.jpg?resize=350%2C200","width":350,"height":200},"classes":[]}],"_links":{"self":[{"href":"https:\/\/jornalrol.com.br\/index.php?rest_route=\/wp\/v2\/posts\/3082","targetHints":{"allow":["GET"]}}],"collection":[{"href":"https:\/\/jornalrol.com.br\/index.php?rest_route=\/wp\/v2\/posts"}],"about":[{"href":"https:\/\/jornalrol.com.br\/index.php?rest_route=\/wp\/v2\/types\/post"}],"author":[{"embeddable":true,"href":"https:\/\/jornalrol.com.br\/index.php?rest_route=\/wp\/v2\/users\/3"}],"replies":[{"embeddable":true,"href":"https:\/\/jornalrol.com.br\/index.php?rest_route=%2Fwp%2Fv2%2Fcomments&post=3082"}],"version-history":[{"count":0,"href":"https:\/\/jornalrol.com.br\/index.php?rest_route=\/wp\/v2\/posts\/3082\/revisions"}],"wp:attachment":[{"href":"https:\/\/jornalrol.com.br\/index.php?rest_route=%2Fwp%2Fv2%2Fmedia&parent=3082"}],"wp:term":[{"taxonomy":"category","embeddable":true,"href":"https:\/\/jornalrol.com.br\/index.php?rest_route=%2Fwp%2Fv2%2Fcategories&post=3082"},{"taxonomy":"post_tag","embeddable":true,"href":"https:\/\/jornalrol.com.br\/index.php?rest_route=%2Fwp%2Fv2%2Ftags&post=3082"}],"curies":[{"name":"wp","href":"https:\/\/api.w.org\/{rel}","templated":true}]}}