{"id":3084,"date":"2015-08-26T22:42:33","date_gmt":"2015-08-27T01:42:33","guid":{"rendered":"http:\/\/www.jornalrol.com.br\/?p=3084"},"modified":"2015-08-26T22:42:33","modified_gmt":"2015-08-27T01:42:33","slug":"dica-cultural-assistir-filmes-do-ator-robin-williams-de-graca-no-cine-janelas","status":"publish","type":"post","link":"https:\/\/jornalrol.com.br\/?p=3084","title":{"rendered":"Dica cultural: assistir filmes do ator Robin Williams de gra\u00e7a no Cine Janelas"},"content":{"rendered":"<div class=\"pdfprnt-buttons pdfprnt-buttons-post pdfprnt-top-right\"><a href=\"https:\/\/jornalrol.com.br\/index.php?rest_route=%2Fwp%2Fv2%2Fposts%2F3084&print=pdf\" class=\"pdfprnt-button pdfprnt-button-pdf\" target=\"_blank\" ><\/a><a href=\"https:\/\/jornalrol.com.br\/index.php?rest_route=%2Fwp%2Fv2%2Fposts%2F3084&print=print\" class=\"pdfprnt-button pdfprnt-button-print\" target=\"_blank\" ><img decoding=\"async\" src=\"https:\/\/jornalrol.com.br\/wp-content\/plugins\/pdf-print\/images\/print.png\" alt=\"image_print\" title=\"Conte\u00fado de impress\u00e3o\" \/><\/a><\/div><h2><strong>Secretaria de Cultura prepara homenagem a Robin Williams<\/strong><\/h2>\n<p><!--more--><\/p>\n<p><strong>Ser\u00e3o exibidos tr\u00eas t\u00edtulos durante a semana, com entrada gratuita<\/strong><\/p>\n<p>Em homenagem ao grande ator Robin Williams, falecido h\u00e1 pouco mais de um ano, a Secretaria de Cultura e Turismo, atrav\u00e9s do Cine Janelas, exibir\u00e1 tr\u00eas filmes do grande astro, grande sucesso de p\u00fablico e cr\u00edtica.<\/p>\n<p>O primeiro t\u00edtulo, &#8216;Sociedade dos Poetas Mortos&#8217;, ser\u00e1 exibido na pr\u00f3xima segunda-feira, dia 31.<\/p>\n<p>&#8216;G\u00eanio Indom\u00e1vel&#8217; ser\u00e1 exibido na quarta-feira, dia 2 de setembro.<\/p>\n<p>E &#8216;Amor Al\u00e9m da Vida&#8217; fechar\u00e1 as apresenta\u00e7\u00f5es na sexta-feira, dia 4 .<\/p>\n<p>As exibi\u00e7\u00f5es acontecer\u00e3o sempre \u00e0s 20h, no Audit\u00f3rio Ab\u00edlio Victor.<\/p>\n<p>A entrada \u00e9 livre e gratuita.<\/p>\n<p>Informa\u00e7\u00f5es na Secretaria de Cultura e Turismo de Itapetininga pelos telefones 3272-3401.<\/p>\n","protected":false},"excerpt":{"rendered":"<p>Secretaria de Cultura prepara homenagem a Robin Williams<\/p>\n","protected":false},"author":3,"featured_media":0,"comment_status":"closed","ping_status":"closed","sticky":false,"template":"","format":"standard","meta":{"_jetpack_newsletter_access":"","_jetpack_dont_email_post_to_subs":false,"_jetpack_newsletter_tier_id":0,"_jetpack_memberships_contains_paywalled_content":false,"_jetpack_memberships_contains_paid_content":false,"footnotes":""},"categories":[7],"tags":[1972],"class_list":["post-3084","post","type-post","status-publish","format-standard","hentry","category-comunicacao","tag-cinema"],"aioseo_notices":[],"views":0,"jetpack_featured_media_url":"","jetpack_sharing_enabled":true,"jetpack_likes_enabled":true,"jetpack-related-posts":[{"id":3116,"url":"https:\/\/jornalrol.com.br\/?p=3116","url_meta":{"origin":3084,"position":0},"title":"Projeto exibe filmes com Robin Williams em Itapetininga","author":"Helio Rubens","date":"1 de setembro de 2015","format":false,"excerpt":"Sess\u00e3o desta segunda-feira apresenta 'Sociedade dos Poetas Mortos'.\u00a0Longas ser\u00e3o exibidos no audit\u00f3rio Ab\u00edlio Victor; entrada \u00e9 livre e gratuita Publicado pela TV Tem Robin Williams em Sociedade dos poetas mortos (Foto: Reprodu\u00e7\u00e3o\/IMDB) O projeto Cine Janelas exibir\u00e1 tr\u00eas filmes com o ator Robin Williams durante sess\u00f5es nesta semana em Itapetininga\u2026","rel":"","context":"Em &quot;Comunica\u00e7\u00e3o&quot;","block_context":{"text":"Comunica\u00e7\u00e3o","link":"https:\/\/jornalrol.com.br\/?cat=7"},"img":{"alt_text":"Robin Williams em Sociedade dos poetas mortos (Foto: Reprodu\u00e7\u00e3o\/IMDB)","src":"https:\/\/i0.wp.com\/s2.glbimg.com\/mM9vhlEKYE5Li6p2_9iYCn__tqI%3D\/620x465\/s.glbimg.com\/jo\/g1\/f\/original\/2014\/08\/12\/dps2221.jpg?resize=350%2C200","width":350,"height":200,"srcset":"https:\/\/i0.wp.com\/s2.glbimg.com\/mM9vhlEKYE5Li6p2_9iYCn__tqI%3D\/620x465\/s.glbimg.com\/jo\/g1\/f\/original\/2014\/08\/12\/dps2221.jpg?resize=350%2C200 1x, https:\/\/i0.wp.com\/s2.glbimg.com\/mM9vhlEKYE5Li6p2_9iYCn__tqI%3D\/620x465\/s.glbimg.com\/jo\/g1\/f\/original\/2014\/08\/12\/dps2221.jpg?resize=525%2C300 1.5x"},"classes":[]},{"id":3231,"url":"https:\/\/jornalrol.com.br\/?p=3231","url_meta":{"origin":3084,"position":1},"title":"Cine Clube de Itapetininga prepara exibi\u00e7\u00e3o de mais um filme","author":"Helio Rubens","date":"15 de setembro de 2015","format":false,"excerpt":"Hist\u00f3ria trata da marginalidade e perspectiva de futuro O Cine Clube do\u00a0Instituto Julio Prestes realizar\u00e1 mais uma apresenta\u00e7\u00e3o em Itapetininga, em parceria com a Secretaria de Cultura e Turismo. O filme 'Na Quebrada' ser\u00e1 exibido no dia 17 de setembro, quinta-feira, \u00e0s 19h30, no espa\u00e7o do Cine Janela, no Audit\u00f3rio\u2026","rel":"","context":"Em &quot;Comunica\u00e7\u00e3o&quot;","block_context":{"text":"Comunica\u00e7\u00e3o","link":"https:\/\/jornalrol.com.br\/?cat=7"},"img":{"alt_text":"","src":"","width":0,"height":0},"classes":[]},{"id":4251,"url":"https:\/\/jornalrol.com.br\/?p=4251","url_meta":{"origin":3084,"position":2},"title":"Cine Clube de Itapetininga retorna com exibi\u00e7\u00e3o de filme nacional","author":"Helio Rubens","date":"16 de fevereiro de 2016","format":false,"excerpt":"A exibi\u00e7\u00e3o ser\u00e1 na sexta-feira, dia 26 e \u00e9 gratuita \u00a0 O projeto Cine Clube \u2018Antonio Luiz Pedroso Balint\u2019, do Instituto Julio Prestes, em parceria com a Secretaria de Cultura e Turismo, retoma com as exibi\u00e7\u00f5es de cinema. O t\u00edtulo escolhido para a primeira sess\u00e3o do ano \u00e9 o premiado\u2026","rel":"","context":"Em &quot;Comunica\u00e7\u00e3o&quot;","block_context":{"text":"Comunica\u00e7\u00e3o","link":"https:\/\/jornalrol.com.br\/?cat=7"},"img":{"alt_text":"","src":"","width":0,"height":0},"classes":[]},{"id":4435,"url":"https:\/\/jornalrol.com.br\/?p=4435","url_meta":{"origin":3084,"position":3},"title":"Cinema em Itapetininga:\u00a0Cine Clube exibir\u00e1 document\u00e1rio sobre o nazismo","author":"Helio Rubens","date":"16 de mar\u00e7o de 2016","format":false,"excerpt":"Evento acontecer\u00e1 dia 28 e a participa\u00e7\u00e3o \u00e9 aberta ao p\u00fablico O projeto Cine Clube \u2018Antonio Luiz Balint\u2019, em parceria com a Secretaria de Cultura e Turismo, trar\u00e1 mais uma sess\u00e3o de filme neste m\u00eas. O t\u00edtulo exibido ser\u00e1 o document\u00e1rio Arquitetura da Destrui\u00e7\u00e3o, que traz algumas facetas do nazismo.\u2026","rel":"","context":"Em &quot;Comunica\u00e7\u00e3o&quot;","block_context":{"text":"Comunica\u00e7\u00e3o","link":"https:\/\/jornalrol.com.br\/?cat=7"},"img":{"alt_text":"Screenshot_2016-01-13-10-19-31~2","src":"https:\/\/i0.wp.com\/www.jornalrol.com.br\/wp-content\/uploads\/2014\/06\/Screenshot_2016-01-13-10-19-312-300x298.jpg?resize=350%2C200","width":350,"height":200},"classes":[]},{"id":3176,"url":"https:\/\/jornalrol.com.br\/?p=3176","url_meta":{"origin":3084,"position":4},"title":"Filme &#039;Na Quebrada&#039; ser\u00e1 exibido gratuitamente pelo Cine Clube de Itapetininga","author":"Helio Rubens","date":"8 de setembro de 2015","format":false,"excerpt":"O Cine Clube de Itapetininga, do Instituto Julio Prestes, em parceria com a Secretaria Municipal de Cultura e Turismo apresenta gratuitamente o filme NA QUEBRADA, no dia 17 DE SETEMBRO DE 2015, QUINTA FEIRA. At\u00e9 que ponto o passado dos seus pais determina o seu futuro? Quem cresce na marginalidade\u2026","rel":"","context":"Em &quot;Comunica\u00e7\u00e3o&quot;","block_context":{"text":"Comunica\u00e7\u00e3o","link":"https:\/\/jornalrol.com.br\/?cat=7"},"img":{"alt_text":"foto 5","src":"https:\/\/i0.wp.com\/www.jornalrol.com.br\/wp-content\/uploads\/2015\/09\/foto-5.jpg?resize=350%2C200","width":350,"height":200},"classes":[]},{"id":2987,"url":"https:\/\/jornalrol.com.br\/?p=2987","url_meta":{"origin":3084,"position":5},"title":"Cine Clube de Itapetininga vai apresentar gratuitamente o filme &#039;Tapete Vermelho&#039;","author":"Helio Rubens","date":"16 de agosto de 2015","format":false,"excerpt":"O evento \u00e9 realizado pelo Instituto Julio Prestes em parceria com a Secretaria Municipal de Cultura e Turismo. A apresenta\u00e7\u00e3o ser\u00e1 no dia 18 de agosto, ter\u00e7a-feira, \u00e0s 19h30, no 'Cine Janelas' (anexo ao Posto de Sa\u00fade Dr. Genefredo Monteiro), \u00e0 Pra\u00e7a 9 de Julho, 518, centro, com entrada franca.\u00a0Ap\u00f3s\u2026","rel":"","context":"Em &quot;Comunica\u00e7\u00e3o&quot;","block_context":{"text":"Comunica\u00e7\u00e3o","link":"https:\/\/jornalrol.com.br\/?cat=7"},"img":{"alt_text":"mazzaropi","src":"https:\/\/i0.wp.com\/www.jornalrol.com.br\/wp-content\/uploads\/2015\/08\/mazzaropi.jpg?resize=350%2C200","width":350,"height":200},"classes":[]}],"_links":{"self":[{"href":"https:\/\/jornalrol.com.br\/index.php?rest_route=\/wp\/v2\/posts\/3084","targetHints":{"allow":["GET"]}}],"collection":[{"href":"https:\/\/jornalrol.com.br\/index.php?rest_route=\/wp\/v2\/posts"}],"about":[{"href":"https:\/\/jornalrol.com.br\/index.php?rest_route=\/wp\/v2\/types\/post"}],"author":[{"embeddable":true,"href":"https:\/\/jornalrol.com.br\/index.php?rest_route=\/wp\/v2\/users\/3"}],"replies":[{"embeddable":true,"href":"https:\/\/jornalrol.com.br\/index.php?rest_route=%2Fwp%2Fv2%2Fcomments&post=3084"}],"version-history":[{"count":0,"href":"https:\/\/jornalrol.com.br\/index.php?rest_route=\/wp\/v2\/posts\/3084\/revisions"}],"wp:attachment":[{"href":"https:\/\/jornalrol.com.br\/index.php?rest_route=%2Fwp%2Fv2%2Fmedia&parent=3084"}],"wp:term":[{"taxonomy":"category","embeddable":true,"href":"https:\/\/jornalrol.com.br\/index.php?rest_route=%2Fwp%2Fv2%2Fcategories&post=3084"},{"taxonomy":"post_tag","embeddable":true,"href":"https:\/\/jornalrol.com.br\/index.php?rest_route=%2Fwp%2Fv2%2Ftags&post=3084"}],"curies":[{"name":"wp","href":"https:\/\/api.w.org\/{rel}","templated":true}]}}