{"id":3106,"date":"2015-08-28T00:26:39","date_gmt":"2015-08-28T03:26:39","guid":{"rendered":"http:\/\/www.jornalrol.com.br\/?p=3106"},"modified":"2015-08-28T00:26:39","modified_gmt":"2015-08-28T03:26:39","slug":"15o-edicao-do-maior-congresso-de-iniciacao-cientifica-do-pais-sera-realizado-na-unaerp-em-ribeirao-preto-sp","status":"publish","type":"post","link":"https:\/\/jornalrol.com.br\/?p=3106","title":{"rendered":"15\u00ba edi\u00e7\u00e3o do maior congresso de inicia\u00e7\u00e3o cient\u00edfica do pa\u00eds ser\u00e1 realizado na UNAERP, em Ribeir\u00e3o Preto (SP)"},"content":{"rendered":"<div class=\"pdfprnt-buttons pdfprnt-buttons-post pdfprnt-top-right\"><a href=\"https:\/\/jornalrol.com.br\/index.php?rest_route=%2Fwp%2Fv2%2Fposts%2F3106&print=pdf\" class=\"pdfprnt-button pdfprnt-button-pdf\" target=\"_blank\" ><\/a><a href=\"https:\/\/jornalrol.com.br\/index.php?rest_route=%2Fwp%2Fv2%2Fposts%2F3106&print=print\" class=\"pdfprnt-button pdfprnt-button-print\" target=\"_blank\" ><img decoding=\"async\" src=\"https:\/\/jornalrol.com.br\/wp-content\/plugins\/pdf-print\/images\/print.png\" alt=\"image_print\" title=\"Conte\u00fado de impress\u00e3o\" \/><\/a><\/div><h2><strong>CONIC-SEMESP recebe inscri\u00e7\u00f5es at\u00e9 28 de agosto<\/strong><\/h2>\n<p><!--more--><\/p>\n<p><strong>\u00a0<\/strong><\/p>\n<p>O <strong>Semesp \u2013 Sindicato das Mantenedoras de Ensino Superior<\/strong> receber\u00e1 inscri\u00e7\u00f5es at\u00e9 o pr\u00f3ximo dia 28 de agosto para a 15\u00ba edi\u00e7\u00e3o do <strong>CONIC-SEMESP \u2013<\/strong> <strong>Congresso Nacional de Inicia\u00e7\u00e3o Cient\u00edfica,<\/strong> que este ano ser\u00e1 realizado na Universidade de Ribeir\u00e3o Preto (UNAERP), nos dias 27 e 28 de novembro.<\/p>\n<p>&nbsp;<\/p>\n<p>\u201cO objetivo dessa iniciativa \u00e9 identificar talentos, estimular a produ\u00e7\u00e3o de conte\u00fado cient\u00edfico com potencial para ser viabilizado como projetos de aplica\u00e7\u00e3o na pr\u00e1tica e favorecer a criatividade e a gera\u00e7\u00e3o de conhecimentos. Por isso premiamos e incentivamos o desenvolvimento intelectual cont\u00ednuo dos alunos, a pesquisa, a arte e a cultura, buscando facilitar o contato com o que h\u00e1 de mais novo no mercado\u201d, diz Rodrigo Capelato, diretor-executivo do Semesp.<\/p>\n<p>&nbsp;<\/p>\n<p>A edi\u00e7\u00e3o deste ano do CONIC-SEMESP definiu como tema do evento o \u201cAno Internacional da Luz\u201d, uma iniciativa mundial que vai destacar a import\u00e2ncia da luz e das tecnologias \u00f3pticas na vida dos cidad\u00e3os, assim como no futuro e no desenvolvimento das sociedades de todo o mundo.<\/p>\n<p>&nbsp;<\/p>\n<p><strong>Como participar<\/strong><\/p>\n<p>&nbsp;<\/p>\n<p>Podem inscrever trabalhos no CONIC-SEMESP alunos brasileiros ou estrangeiros regularmente matriculados em um curso de gradua\u00e7\u00e3o de institui\u00e7\u00f5es privadas ou p\u00fablicas no pa\u00eds, em 2015, e como orientadores, professores com grau m\u00ednimo de mestrado, brasileiros ou estrangeiros. As \u00e1reas habilitadas para receber os trabalhos de inicia\u00e7\u00e3o cient\u00edfica s\u00e3o: Ci\u00eancias Biol\u00f3gicas e Sa\u00fade; Ci\u00eancias Exatas e da Terra; Ci\u00eancias Humanas e Sociais; Ci\u00eancias Sociais Aplicadas e Engenharias e Arquitetura.<\/p>\n<p>&nbsp;<\/p>\n<p>Al\u00e9m dos pr\u00eamios para os melhores trabalhos das cinco \u00e1reas do conhecimento, nas categorias \u201cConclu\u00eddo\u201d e \u201cEm Andamento\u201d, e o Pr\u00eamio Especial para o melhor trabalho \u201cConclu\u00eddo\u201d, o Congresso contar\u00e1 novamente com o Pr\u00eamio de Incentivo \u00e0 Preserva\u00e7\u00e3o Ambiental. O regulamento completo do Congresso pode ser acessado neste link: <a href=\"http:\/\/semesp1.tempsite.ws\/semesp_beta\/conic-semesp\/regulamento\/\">http:\/\/semesp1.tempsite.ws\/semesp_beta\/conic-semesp\/regulamento\/<\/a><\/p>\n<p><strong>\u00a0<\/strong><\/p>\n<p><strong>\u00a0<\/strong><\/p>\n<p><strong>Confira os depoimentos dos vencedores do 14\u00ba Conic<\/strong><\/p>\n<p>&nbsp;<\/p>\n<p><strong>Evandro Felicio de Carvalho \u00e9 estudante do curso de Educa\u00e7\u00e3o F\u00edsica da Universidade da Cidade de S\u00e3o Paulo (UNICID) e vencedor na categoria \u201cconclu\u00eddo\u201d, na \u00e1rea de Ci\u00eancias Biol\u00f3gicas e Sa\u00fade, com o trabalho \u201cCoordena\u00e7\u00e3o motora de segunda inf\u00e2ncia: poss\u00edveis rela\u00e7\u00f5es com o uso de aparelhos eletr\u00f4nicos\u201d<\/strong> &#8211; \u201cParticipar do 14\u00ba Conic me trouxe muitos frutos, dentre eles, foi a honra que tive em ser premiado. Independente da premia\u00e7\u00e3o, gostaria de ressaltar a import\u00e2ncia do congresso como um todo, pois tive a oportunidade de expor meu estudo e conhecimentos adquiridos durante todo esse processo de desenvolvimento do trabalho, al\u00e9m da troca de informa\u00e7\u00f5es e conhecimento com os demais participantes das diferentes \u00e1reas e trabalhos ali expostos. Experi\u00eancia essa que considero de suma import\u00e2ncia, onde nos possibilita a abrang\u00eancia do conhecimento e oportunidade de desenvolvimento acad\u00eamico. Tamb\u00e9m me trouxe maior visibilidade e reconhecimento ainda maior do Grupo de Estudos da Universidade (GECOM), no qual participo. Gostaria de agradecer e parabenizar aos organizadores do Conic-Semesp, que nos trataram desde o princ\u00edpio com muita credibilidade e nos permitiram essa experi\u00eancia \u00edmpar. E desejo boa sorte aos participantes do 15\u00ba Conic\u201d.<\/p>\n<p>&nbsp;<\/p>\n<p><strong>Sandro Marcos Campos \u00e9 estudante de Pedagogia das Faculdades Integradas de Fernand\u00f3polis (FIFE) e vencedor na categoria \u201cem andamento\u201d, na \u00e1rea de Ci\u00eancias Exatas e da Terra com o trabalho\u00a0 Utiliza\u00e7\u00e3o de Interface Natural de Usu\u00e1rio Apoiada em Sensores de Jogos Eletr\u00f4nicos como Ferramenta Educacional<\/strong><strong> \u2013<\/strong> \u201cTer participado do 14\u00ba Conic foi extremamente importante para o desenvolvimento pessoal, mais que o pr\u00eamio, a troca de experi\u00eancia com outros participantes e a possibilidade de adquirir novos conhecimentos \u00e9 uma oportunidade \u00edmpar. O projeto foi atualizado para atender as necessidades de cada \u00e1rea educacional, e estamos preparando para o ano de 2016, ano em que conclu\u00edmos nossa forma\u00e7\u00e3o, uma nova pesquisa desta vez focada na \u00e1rea de sa\u00fade, baseada tamb\u00e9m em Interface Natural do Usu\u00e1rio. Aos concorrentes deste ano desejo boa sorte e digo a todos que a pesquisa cient\u00edfica \u00e9 um dos caminhos para a melhoria de vida de todas as pessoas. Conhecimento nunca \u00e9 demais e compartilhar o conhecimento \u00e9 o grande sentido de seguirmos em frente\u201d. <strong>FOTO ANEXA<\/strong> \/ <strong>Divulga\u00e7\u00e3o Semesp<\/strong><\/p>\n<p>&nbsp;<\/p>\n<p><strong>Leandro Rog\u00e9rio Golart \u00e9 estudante de Arquitetura e Urbanismo da Uni\u00e3o das Faculdades dos Grandes Lagos (Unilago) \u2013 vencedor da categoria \u201cem andamento\u201d da \u00e1rea de Engenharia, Arquitetura e Urbanismo com o trabalho<\/strong> \u201c<strong>Influ\u00eancia da arboriza\u00e7\u00e3o urbana no microclima de duas \u00e1reas no munic\u00edpio de S\u00e3o Jos\u00e9 do Rio Preto \u2013 SP\u201d: <\/strong>\u201cO 14\u00ba Conic mudou minha vida, com certeza, pois concorrer com grandes trabalhos e mesmo assim conseguir o m\u00e9rito de ser o primeiro colocado na categoria foi muito gratificante. O trabalho \u00e9 uma pesquisa que permite ser repetida anualmente com diferentes turmas do curso. Essa sempre foi a inten\u00e7\u00e3o. Essa experi\u00eancia fez eu ser aprovado em uma faculdade federal nesse ano de 2015. Acredito que o trabalho e o pr\u00eamio fez com que eu acreditasse em mim mesmo para conseguir essa vaga. O trabalho e o pr\u00eamio ir\u00e3o me ajudar, com certeza, em poss\u00edvel est\u00e1gio, ou bolsa, para estudar fora do pa\u00eds, pois esse \u00e9 o meu objetivo. Sobre os novos concorrentes para o 15\u00b0 Conic, tenho a dizer a eles que vale muito a pena, \u00e9 uma experi\u00eancia profissional e acad\u00eamica muito importante na vida do estudante, principalmente para os que desejam seguir no ramo acad\u00eamico (assim como eu).\u201d <strong>FOTO ANEXA \/ Divulga\u00e7\u00e3o Semesp<\/strong><\/p>\n<p>&nbsp;<\/p>\n<p><strong><u>Servi\u00e7o<\/u><\/strong><\/p>\n<p>&nbsp;<\/p>\n<p><strong>15\u00ba CONIC-SEMESP<\/strong><\/p>\n<p>UNAERP &#8211; Universidade de Ribeir\u00e3o Preto<\/p>\n<p>Av. Costabile Romano, 2.201 &#8211; Ribeir\u00e2nia \u2013 Ribeir\u00e3o Preto \u2013 SP<\/p>\n<p>Inscri\u00e7\u00f5es: De 13 de julho a 28 de agosto \u2013 Acesse: <a href=\"http:\/\/www.conic-semesp.org.br\/conic2014\/inscricao.php\">http:\/\/www.conic-semesp.org.br\/<\/a><\/p>\n<p>Data do evento: 27 e 28 de novembro de 2015<\/p>\n<p>Informa\u00e7\u00f5es: <a href=\"mailto:conic@semesp.org.br\">conic@semesp.org.br<\/a> ou pelo telefone: (11) 2069-4416<\/p>\n<p><strong><u>\u00a0<\/u><\/strong><\/p>\n<p><strong><u>\u00a0<\/u><\/strong><\/p>\n<p><strong><u>Sobre o Conic<\/u><\/strong><\/p>\n<p><strong>\u00a0<\/strong><\/p>\n<p><em>O Congresso Nacional de Inicia\u00e7\u00e3o Cient\u00edfica \u00e9 realizado desde 2001 e tem como objetivo identificar talentos, estimular a produ\u00e7\u00e3o de conte\u00fado cient\u00edfico al\u00e9m de viabilizar na pr\u00e1tica os projetos apresentados pelos alunos, por meio do exerc\u00edcio da criatividade e de conhecimentos adquiridos. Na edi\u00e7\u00e3o de 2014, o CONIC-SEMESP recebeu n\u00famero recorde de inscri\u00e7\u00f5es: 2.004 trabalhos contra 1.887 em 2013 e 1.845 em 2012. Desses, 1.718 foram aprovados para participa\u00e7\u00e3o efetiva no Congresso. Os trabalhos foram produzidos por 2.914 alunos pesquisadores (autores) e orientados por 1.217 professores de 240 institui\u00e7\u00f5es de ensino superior de todas as regi\u00f5es do pa\u00eds. Os trabalhos foram divididos em cinco \u00e1reas do conhecimento: Ci\u00eancias Biol\u00f3gicas e da Sa\u00fade (685), Ci\u00eancias Exatas e da Terra (179), Ci\u00eancias Humanas e Sociais (429), Ci\u00eancias Sociais Aplicadas (209) e Engenharias e Tecnologias (216).<\/em><\/p>\n<p><strong><u>Sobre o Semesp<\/u><\/strong><\/p>\n<p><em>Fundado em 1979, o Sindicato das Entidades Mantenedoras de Estabelecimentos de Ensino Superior no Estado de S\u00e3o Paulo \u2013 Semesp congrega cerca de 200 mantenedoras no Estado de S\u00e3o Paulo e no Brasil. Tem como objetivo preservar, proteger e defender o segmento privado de educa\u00e7\u00e3o superior, bem como prestar servi\u00e7os de orienta\u00e7\u00e3o especializada aos seus associados. Periodicamente, realiza uma s\u00e9rie de eventos, visando promover a intera\u00e7\u00e3o entre mantenedoras e profissionais ligados \u00e0 educa\u00e7\u00e3o. Dentre eles, destacam-se o F\u00f3rum Nacional: Ensino Superior Particular Brasileiro, o Congresso Nacional de Inicia\u00e7\u00e3o Cient\u00edfica e as Jornadas Regionais pelo Interior de S\u00e3o Paulo. Para saber mais, acesse\u00a0<\/em><a href=\"http:\/\/www.semesp.org.br\/portal\/\">www.semesp.org.br\/portal\/<\/a>\u00a0ou\u00a0<a href=\"http:\/\/www.facebook.com\/semesp\">www.facebook.com\/semesp<\/a>.<\/p>\n","protected":false},"excerpt":{"rendered":"<p>CONIC-SEMESP recebe inscri\u00e7\u00f5es at\u00e9 28 de agosto<\/p>\n","protected":false},"author":3,"featured_media":0,"comment_status":"closed","ping_status":"closed","sticky":false,"template":"","format":"standard","meta":{"_jetpack_newsletter_access":"","_jetpack_dont_email_post_to_subs":false,"_jetpack_newsletter_tier_id":0,"_jetpack_memberships_contains_paywalled_content":false,"_jetpack_memberships_contains_paid_content":false,"footnotes":""},"categories":[7],"tags":[2279],"class_list":["post-3106","post","type-post","status-publish","format-standard","hentry","category-comunicacao","tag-congressos"],"aioseo_notices":[],"views":0,"jetpack_featured_media_url":"","jetpack_sharing_enabled":true,"jetpack_likes_enabled":true,"jetpack-related-posts":[{"id":3679,"url":"https:\/\/jornalrol.com.br\/?p=3679","url_meta":{"origin":3106,"position":0},"title":"IFSP de Itapetininga recebe congresso de inicia\u00e7\u00e3o cient\u00edfica","author":"Helio Rubens","date":"12 de novembro de 2015","format":false,"excerpt":"Evento come\u00e7ou ter\u00e7a-feira e foi\u00a0at\u00e9 hoje \u00a0Segundo instituto, 460 trabalhos foram selecionados. Do G1 Itapetininga e Regi\u00e3o FACEBOOK Congresso de inicia\u00e7\u00e3o cient\u00edfica \u00e9 realizado no IFSP (Foto: Carlos Alberto Soares\/ TV TEM) O campus Itapetininga (SP) do Instituto Federal de Educa\u00e7\u00e3o, Ci\u00eancia e Tecnologia de S\u00e3o Paulo (IFSP) recebe, de\u2026","rel":"","context":"Em &quot;Comunica\u00e7\u00e3o&quot;","block_context":{"text":"Comunica\u00e7\u00e3o","link":"https:\/\/jornalrol.com.br\/?cat=7"},"img":{"alt_text":"Congresso de inicia\u00e7\u00e3o cient\u00edfica \u00e9 realizado no IFSP (Foto: Carlos Alberto Soares\/ TV TEM)","src":"https:\/\/i0.wp.com\/s2.glbimg.com\/BDRxonJP-_JFt-fyoBTnwBoYdwA%3D\/s.glbimg.com\/jo\/g1\/f\/original\/2015\/11\/12\/img-20151112-wa0021.jpg?resize=350%2C200","width":350,"height":200,"srcset":"https:\/\/i0.wp.com\/s2.glbimg.com\/BDRxonJP-_JFt-fyoBTnwBoYdwA%3D\/s.glbimg.com\/jo\/g1\/f\/original\/2015\/11\/12\/img-20151112-wa0021.jpg?resize=350%2C200 1x, https:\/\/i0.wp.com\/s2.glbimg.com\/BDRxonJP-_JFt-fyoBTnwBoYdwA%3D\/s.glbimg.com\/jo\/g1\/f\/original\/2015\/11\/12\/img-20151112-wa0021.jpg?resize=525%2C300 1.5x"},"classes":[]},{"id":27538,"url":"https:\/\/jornalrol.com.br\/?p=27538","url_meta":{"origin":3106,"position":1},"title":"Instituto Federal de Itapetininga abre inscri\u00e7\u00f5es para mostra cient\u00edfica de rob\u00f3tica","author":"Helio Rubens","date":"28 de maio de 2019","format":false,"excerpt":"A mostra ter\u00e1 in\u00edcio dia 20 de agosto \u00a0 Esta ser\u00e1 a quinta vez que o Instituto de Educa\u00e7\u00e3o de Itapetininga realiza uma mostra cientifica especializada em rob\u00f3tica. Podem participar estudantes de outras escolas da cidade desde que estejam regularmente matriculados no ensino m\u00e9dio ou superior. Os trabalhos devem estar\u2026","rel":"","context":"Em &quot;Comunica\u00e7\u00e3o&quot;","block_context":{"text":"Comunica\u00e7\u00e3o","link":"https:\/\/jornalrol.com.br\/?cat=7"},"img":{"alt_text":"","src":"https:\/\/i0.wp.com\/www.jornalrol.com.br\/wp-content\/uploads\/2016\/11\/Entrada-Instituto-Federal.jpg?resize=350%2C200","width":350,"height":200},"classes":[]},{"id":48222,"url":"https:\/\/jornalrol.com.br\/?p=48222","url_meta":{"origin":3106,"position":2},"title":"Mini curr\u00edculo de Jorge Alfredo Orsi","author":"Helio Rubens","date":"31 de janeiro de 2022","format":false,"excerpt":"JORGE ALFREDO ORSI \u00a0 \u00a0 CURRICULUM VITAE : \u00a0 1.0- DADOS PESSOAIS:- \u00a0 1.1\u2013 JORGE ALFREDO ORSI 1.2\u2013 Filia\u00e7\u00e3o:- Jo\u00e3o Orsi e Eunice Machado Orsi 1.3- Naturalidade:- Tatu\u00ed \u2013 SP 1.4\u2013 Nacionalidade:- Brasileiro 1.5\u2013 Data de nascimento:- 03 de Maio de 1954 1.6\u2013 Estado Civil:- Casado 1.7\u2013 Carteira de Identidade:-\u2026","rel":"","context":"Em &quot;Comunica\u00e7\u00e3o&quot;","block_context":{"text":"Comunica\u00e7\u00e3o","link":"https:\/\/jornalrol.com.br\/?cat=7"},"img":{"alt_text":"","src":"https:\/\/i0.wp.com\/jornalrol.com.br\/wp-content\/uploads\/2022\/01\/WhatsApp-Image-2020-12-11-at-22.27.02-1-188x300.jpeg?resize=350%2C200","width":350,"height":200},"classes":[]},{"id":7444,"url":"https:\/\/jornalrol.com.br\/?p=7444","url_meta":{"origin":3106,"position":3},"title":"APTA recebe inscri\u00e7\u00f5es de trabalhos cient\u00edficos para XI Workshop Agroenergia","author":"Helio Rubens","date":"9 de janeiro de 2017","format":false,"excerpt":"Evento acontecer\u00e1 entre 27 e 28 de junho de 2017 A Secretaria de Agricultura e Abastecimento do Estado de S\u00e3o Paulo, por meio do Polo Regional de Ribeir\u00e3o Preto, da Ag\u00eancia Paulista de Tecnologia dos Agroneg\u00f3cios (APTA), abriu inscri\u00e7\u00f5es para submiss\u00e3o de trabalhos para apresenta\u00e7\u00e3o durante o XI Workshop Agroenergia:\u2026","rel":"","context":"Em &quot;Comunica\u00e7\u00e3o&quot;","block_context":{"text":"Comunica\u00e7\u00e3o","link":"https:\/\/jornalrol.com.br\/?cat=7"},"img":{"alt_text":"","src":"","width":0,"height":0},"classes":[]},{"id":1731,"url":"https:\/\/jornalrol.com.br\/?p=1731","url_meta":{"origin":3106,"position":4},"title":"CONGRESSO DE COMUNICA\u00c7\u00c3O CORPORATIVA","author":"Helio Rubens","date":"4 de maio de 2015","format":false,"excerpt":"Congresso Brasileiro de Comunica\u00e7\u00e3o Corporativa segue com inscri\u00e7\u00f5es abertas Evento marcado para os dias 26, 27 e 28 de maio, em S\u00e3o Paulo, debater\u00e1 as Rupturas e conex\u00f5es da nova Comunica\u00e7\u00e3o Corporativa A 18\u00aa edi\u00e7\u00e3o do Congresso Brasileiro de Comunica\u00e7\u00e3o Corporativa 2015, marcada para os dias 26, 27 e 28\u2026","rel":"","context":"Em &quot;Comunica\u00e7\u00e3o&quot;","block_context":{"text":"Comunica\u00e7\u00e3o","link":"https:\/\/jornalrol.com.br\/?cat=7"},"img":{"alt_text":"","src":"https:\/\/i0.wp.com\/www.megabrasil.com.br\/NovoJCC\/img\/noticias\/23926.jpg?resize=350%2C200","width":350,"height":200},"classes":[]},{"id":42515,"url":"https:\/\/jornalrol.com.br\/?p=42515","url_meta":{"origin":3106,"position":5},"title":"M\u00fasicos t\u00eam at\u00e9 a pr\u00f3xima segunda-feira (5) para se inscreverem no Femucic","author":"Veronica Moreira","date":"2 de julho de 2021","format":false,"excerpt":"baixar em alta resolu\u00e7\u00e3o Mostra de M\u00fasica Cidade Can\u00e7\u00e3o ser\u00e1 realizado entre os dias 23 e 28 de agosto com transmiss\u00e3o pelo Youtube; O Sesc PR pagar\u00e1 a remunera\u00e7\u00e3o no valor bruto total de R$ 750,00 por m\u00fasica selecionada O start para a 42\u00aa edi\u00e7\u00e3o do Femucic \u2013 Mostra de\u2026","rel":"","context":"Em &quot;Comunica\u00e7\u00e3o&quot;","block_context":{"text":"Comunica\u00e7\u00e3o","link":"https:\/\/jornalrol.com.br\/?cat=7"},"img":{"alt_text":"","src":"https:\/\/i0.wp.com\/jornalrol.com.br\/wp-content\/uploads\/2021\/07\/48080346372-acdfc6e579-k.jpg?resize=350%2C200&ssl=1","width":350,"height":200,"srcset":"https:\/\/i0.wp.com\/jornalrol.com.br\/wp-content\/uploads\/2021\/07\/48080346372-acdfc6e579-k.jpg?resize=350%2C200&ssl=1 1x, https:\/\/i0.wp.com\/jornalrol.com.br\/wp-content\/uploads\/2021\/07\/48080346372-acdfc6e579-k.jpg?resize=525%2C300&ssl=1 1.5x, https:\/\/i0.wp.com\/jornalrol.com.br\/wp-content\/uploads\/2021\/07\/48080346372-acdfc6e579-k.jpg?resize=700%2C400&ssl=1 2x, https:\/\/i0.wp.com\/jornalrol.com.br\/wp-content\/uploads\/2021\/07\/48080346372-acdfc6e579-k.jpg?resize=1050%2C600&ssl=1 3x, https:\/\/i0.wp.com\/jornalrol.com.br\/wp-content\/uploads\/2021\/07\/48080346372-acdfc6e579-k.jpg?resize=1400%2C800&ssl=1 4x"},"classes":[]}],"_links":{"self":[{"href":"https:\/\/jornalrol.com.br\/index.php?rest_route=\/wp\/v2\/posts\/3106","targetHints":{"allow":["GET"]}}],"collection":[{"href":"https:\/\/jornalrol.com.br\/index.php?rest_route=\/wp\/v2\/posts"}],"about":[{"href":"https:\/\/jornalrol.com.br\/index.php?rest_route=\/wp\/v2\/types\/post"}],"author":[{"embeddable":true,"href":"https:\/\/jornalrol.com.br\/index.php?rest_route=\/wp\/v2\/users\/3"}],"replies":[{"embeddable":true,"href":"https:\/\/jornalrol.com.br\/index.php?rest_route=%2Fwp%2Fv2%2Fcomments&post=3106"}],"version-history":[{"count":0,"href":"https:\/\/jornalrol.com.br\/index.php?rest_route=\/wp\/v2\/posts\/3106\/revisions"}],"wp:attachment":[{"href":"https:\/\/jornalrol.com.br\/index.php?rest_route=%2Fwp%2Fv2%2Fmedia&parent=3106"}],"wp:term":[{"taxonomy":"category","embeddable":true,"href":"https:\/\/jornalrol.com.br\/index.php?rest_route=%2Fwp%2Fv2%2Fcategories&post=3106"},{"taxonomy":"post_tag","embeddable":true,"href":"https:\/\/jornalrol.com.br\/index.php?rest_route=%2Fwp%2Fv2%2Ftags&post=3106"}],"curies":[{"name":"wp","href":"https:\/\/api.w.org\/{rel}","templated":true}]}}