{"id":3108,"date":"2015-08-28T00:34:29","date_gmt":"2015-08-28T03:34:29","guid":{"rendered":"http:\/\/www.jornalrol.com.br\/?p=3108"},"modified":"2015-08-28T00:34:29","modified_gmt":"2015-08-28T03:34:29","slug":"artigo-de-guacu-piteri-transparencia-abre-as-asas-sobre-nos","status":"publish","type":"post","link":"https:\/\/jornalrol.com.br\/?p=3108","title":{"rendered":"Artigo de Gua\u00e7u Piteri: &#039;Transpar\u00eancia, abre as asas sobre n\u00f3s&#039;"},"content":{"rendered":"<div class=\"pdfprnt-buttons pdfprnt-buttons-post pdfprnt-top-right\"><a href=\"https:\/\/jornalrol.com.br\/index.php?rest_route=%2Fwp%2Fv2%2Fposts%2F3108&print=pdf\" class=\"pdfprnt-button pdfprnt-button-pdf\" target=\"_blank\" ><\/a><a href=\"https:\/\/jornalrol.com.br\/index.php?rest_route=%2Fwp%2Fv2%2Fposts%2F3108&print=print\" class=\"pdfprnt-button pdfprnt-button-print\" target=\"_blank\" ><img decoding=\"async\" src=\"https:\/\/jornalrol.com.br\/wp-content\/plugins\/pdf-print\/images\/print.png\" alt=\"image_print\" title=\"Conte\u00fado de impress\u00e3o\" \/><\/a><\/div><table border=\"0\" cellspacing=\"0\" cellpadding=\"0\">\n<tbody>\n<tr>\n<td valign=\"top\">\n<table border=\"0\" cellspacing=\"0\" cellpadding=\"0\">\n<tbody>\n<tr>\n<td><\/td>\n<td>\n<figure id=\"attachment_2365\" aria-describedby=\"caption-attachment-2365\" style=\"width: 274px\" class=\"wp-caption alignleft\"><a href=\"http:\/\/www.jornalrol.com.br\/wp-content\/uploads\/2015\/06\/Foto-close1.jpg\"><img loading=\"lazy\" decoding=\"async\" class=\"size-full wp-image-2365\" src=\"http:\/\/www.jornalrol.com.br\/wp-content\/uploads\/2015\/06\/Foto-close1.jpg\" alt=\"Gua\u00e7u Piteri\" width=\"274\" height=\"184\" \/><\/a><figcaption id=\"caption-attachment-2365\" class=\"wp-caption-text\">Gua\u00e7u Piteri<\/figcaption><\/figure>\n<h2><a href=\"https:\/\/guacu.wordpress.com\/2015\/08\/27\/transparencia-abra-as-asas-sobre-nos\/\" target=\"_blank\">Transpar\u00eancia, abra as asas sobre\u00a0n\u00f3s<\/a><\/h2>\n<p>by <a href=\"https:\/\/guacu.wordpress.com\/author\/guacu\/\" target=\"_blank\">Gua\u00e7u Piteri<\/a><\/td>\n<\/tr>\n<\/tbody>\n<\/table>\n<div><\/div>\n<\/td>\n<\/tr>\n<\/tbody>\n<\/table>\n<p><!--more--><\/p>\n<h1>Fernando Gabeira*<\/h1>\n<h3>Num dos fronts mais intensos no Brasil de hoje se trava uma luta entre a transpar\u00eancia e o segredo. No petrol\u00e3o, na CBF e, sobretudo, no BNDES e algumas outras escaramu\u00e7as.<\/h3>\n<p><u><\/u><u><\/u>Lula \u00e9 um general do segredo e o PT, seu ex\u00e9rcito fiel. S\u00f3 assim se pode interpretar a alegria coletiva que ele e o partido demonstraram, em Salvador, com a demiss\u00e3o de 400 jornalistas.Na hist\u00f3ria da esquerda no Brasil, mesmo antes do PT, os jornalistas sempre foram considerados trabalhadores intelectuais. N\u00e3o estavam no mesmo patamar m\u00edtico do trabalhador de macac\u00e3o, e eram respeitados. Um Partido dos Trabalhadores celebrando a demiss\u00e3o de trabalhadores \u00e9 algo que jamais imaginei na trajet\u00f3ria da esquerda.Lula afirma que os jornais mentem, e parecia feliz com o impacto da crise, criada pelo governo petista, num momento da hist\u00f3ria da imprensa em que a revolu\u00e7\u00e3o digital leva \u00e0 necessidade de m\u00faltiplas plataformas. O argumento de que os jornais mentem n\u00e3o justifica, num universo de esquerda, festejar demiss\u00f5es de jornalistas. Por acaso Prestes achava que a imprensa dizia a verdade? N\u00e3o creio que Prestes e o Partido Comunista fossem capazes de festejar demiss\u00f5es de jornalistas. O mais prov\u00e1vel \u00e9 que se solidarizassem com eles, independentemente de seu perfil pol\u00edtico.<\/p>\n<p>Gastando fortunas em hot\u00e9is de luxo, viajando em jatinhos de empreiteiras e ganhando f\u00e1bulas por uma simples palestra, Lula perdeu o contato com a realidade. E a plateia do PT tende a concordar e rir com suas tiradas. Deixaram o mundo onde somos trabalhadores e mergulharam do mundo do n\u00f3s contra eles, um espa\u00e7o onde \u00e9 preciso mentir e guardar segredos diante que algo arrasador: a transpar\u00eancia.<\/p>\n<p>A batalha teve outro front surpreendente, desta vez no Itamaraty. O ministro diretor do Departamento de Comunica\u00e7\u00f5es e Documenta\u00e7\u00e3o (DCD), Jo\u00e3o Pedro Corr\u00eaa Costa, tentou dar um drible na Lei de Acesso \u00e0 Informa\u00e7\u00e3o e proteger por mais alguns anos os documentos sobre BNDES, Lula e Odebrecht. Felizmente. o ministro fracassou. Mas no seu gesto revelou um vi\u00e9s partid\u00e1rio, at\u00e9 uma contradi\u00e7\u00e3o com a lei.<\/p>\n<p>Nos 16 anos de Parlamento, passei 15 e meio na oposi\u00e7\u00e3o. O Itamaraty sempre me tratou de forma imparcial e gentil, independentemente da intensidade moment\u00e2nea dos embates pol\u00edticos. Agia como um \u00f3rg\u00e3o de Estado, e n\u00e3o de governo. Como as For\u00e7as Armadas, a julgar pela experi\u00eancia que tive com elas.<\/p>\n<p>O Itamaraty \u00e9 produto de uma longa hist\u00f3ria se olharmos bem para tr\u00e1s, como fez Richard Sennett. Observando um quadro pintado em 1553, Sennett descreve como o surgimento da profiss\u00e3o de diplomata foi um avan\u00e7o na Hist\u00f3ria. Ele observa que com o surgimento da diplomacia se imp\u00f5em novas formas de sociabilidade, fundadas n\u00e3o mais em c\u00f3digo de honra ou vingan\u00e7a. No seu lugar entra uma esp\u00e9cie de sabedoria relacional baseada nos c\u00f3digos de cortesia pol\u00edtica.<\/p>\n<p>No Congresso do PT em Salvador e no Itamaraty as for\u00e7as do segredo travavam batalhas distantes no espa\u00e7o, mas pr\u00f3ximas no objetivo: esconder as rela\u00e7\u00f5es de Lula com as empreiteiras e o BNDES. N\u00e3o est\u00e3o unidos apenas no objetivo, mas na nega\u00e7\u00e3o dos seus princ\u00edpios. Um diplomata tentando contornar a lei para proteger um grupo pol\u00edtico, um Partido dos Trabalhadores festejando demiss\u00f5es em massa, tudo isso \u00e9 sinal de uma \u00e9poca chocante, mas tamb\u00e9m reveladora.<\/p>\n<p>A batalha da transpar\u00eancia contra o segredo estendeu-se \u00e0 cultura. Venceu a transpar\u00eancia com a decis\u00e3o do Supremo de liberar as biografias. E venceu num placar de fazer inveja \u00e0 sele\u00e7\u00e3o alem\u00e3: 9 a 0.<\/p>\n<p>N\u00e3o canso de dizer como admiro alguns artistas que defenderam o segredo. Mas embarcaram numa canoa furada. E n\u00e3o foi somente a transpar\u00eancia que ganhou. A cultura ganhou novas possibilidades. Com a libera\u00e7\u00e3o de livros e document\u00e1rios sobre brasileiros, uma nova onda produtiva pode enriquecer o debate.<\/p>\n<p>Se examinamos o comportamento do BNDES e da pr\u00f3pria Odebrecht, constatamos que t\u00eam argumentos para defender suas opera\u00e7\u00f5es. Por que resistir tanto \u00e0 transpar\u00eancia, como o governo resistiu at\u00e9 agora? E, sobretudo, por que ainda manter alguns documentos em sigilo?<\/p>\n<p>H\u00e1 muita coisa estranha acontecendo no Brasil. Todos se chocaram quando se constatou o tamanho do assalto \u00e0 Petrobr\u00e1s. Os corruptos da Venezuela, roubando dinheiro da PDVSA, a empresa de petr\u00f3leo de l\u00e1, estavam lavando dinheiro no Brasil. A julgar pelo volume de dinheiro, o assalto por l\u00e1 foi t\u00e3o grande quanto o daqui.<\/p>\n<p>O ministro do Itamaraty que quis ocultar documentos ser\u00e1 esquecido logo. Lula, no entanto, j\u00e1 passa algumas dificuldades para explicar sua rela\u00e7\u00e3o com as empreiteiras. E quanto mais se complica, mais estimula as centenas de pesquisadores, acad\u00eamicos, escritores e cineastas que querem mostrar a Hist\u00f3ria recente do Pa\u00eds.<\/p>\n<p>A batalha pela transpar\u00eancia nunca ser\u00e1 ganha de uma s\u00f3 vez. De qualquer forma, a lei de acesso e a liberdade para as biografias s\u00e3o dois instrumentos.<\/p>\n<p>Mesmo as pessoas mais indiferentes \u00e0 roubalheira gostam de saber o que se est\u00e1 passando no Pa\u00eds. Existe nelas, como em quase todos, aquela necessidade de mostrar que, apesar de sua calma, n\u00e3o s\u00e3o ing\u00eanuas.<\/p>\n<p>Lula e o PT comemoram demiss\u00f5es nos jornais como se fossem as \u00fanicas plataformas cr\u00edticas. A internet d\u00e1 aos petistas, por meio dos rob\u00f4s e compartilhamento entre militantes, uma falsa sensa\u00e7\u00e3o de al\u00edvio. Na verdade, o avan\u00e7o tecnol\u00f3gico apenas ampliou o alcance dos jornais. E encurtou o espa\u00e7o da mentira. Como dizia um personagem de Beckett, n\u00e3o se passa um dia sem que algo seja acrescido ao nosso saber. E acrescenta: desde que suportemos as dores.<\/p>\n<p>As dores da transpar\u00eancia s\u00e3o mais suport\u00e1veis que os males do segredo, tramas de gabinete, truques cont\u00e1beis, roubalheira no escuro, conchavos nos corredores. Com a mesma alegria com que hoje festejam nossas demiss\u00f5es, celebraremos o dia em que forem varridos do poder.<\/p>\n<p><strong>*Fernando Gabeira \u00e9 jornalista<\/strong><\/p>\n<div>\u00a0Agrade\u00e7o \u00e0 professora<em><strong> Sandra Petroncare<\/strong><\/em> pelo envio deste texto<\/div>\n","protected":false},"excerpt":{"rendered":"<p>Transpar\u00eancia, abra as asas sobre\u00a0n\u00f3s by Gua\u00e7u Piteri<\/p>\n","protected":false},"author":3,"featured_media":0,"comment_status":"closed","ping_status":"closed","sticky":false,"template":"","format":"standard","meta":{"_jetpack_newsletter_access":"","_jetpack_dont_email_post_to_subs":false,"_jetpack_newsletter_tier_id":0,"_jetpack_memberships_contains_paywalled_content":false,"_jetpack_memberships_contains_paid_content":false,"footnotes":""},"categories":[7],"tags":[4298],"class_list":["post-3108","post","type-post","status-publish","format-standard","hentry","category-comunicacao","tag-guacu-piteri"],"aioseo_notices":[],"views":0,"jetpack_featured_media_url":"","jetpack_sharing_enabled":true,"jetpack_likes_enabled":true,"jetpack-related-posts":[{"id":9749,"url":"https:\/\/jornalrol.com.br\/?p=9749","url_meta":{"origin":3108,"position":0},"title":"Novo coment\u00e1rio no Blog do Gua\u00e7u Piteri","author":"Helio Rubens","date":"25 de abril de 2017","format":false,"excerpt":"Dudu Rodrigues comentou em 'D\u00e1 para acreditar?' \u00a0em resposta a Gua\u00e7u Piteri: D\u00e1 para acreditar? A Odebrecht e suas parceiras do famigerado Clube das \u00a0Empreiteiras prometem, agora, implantar \u201c\u2026as melhores pr\u00e1ticas de compliance, baseadas na \u00e9tica, transpar\u00eancia e integridade.\u201d Que assim seja, mas n\u00e3o vamos nos iludir. A fiscaliza\u00e7\u00e3o \u00a0da\u2026","rel":"","context":"Em &quot;Comunica\u00e7\u00e3o&quot;","block_context":{"text":"Comunica\u00e7\u00e3o","link":"https:\/\/jornalrol.com.br\/?cat=7"},"img":{"alt_text":"","src":"https:\/\/i0.wp.com\/www.jornalrol.com.br\/wp-content\/uploads\/2015\/06\/Foto-close1.jpg?resize=350%2C200","width":350,"height":200},"classes":[]},{"id":7096,"url":"https:\/\/jornalrol.com.br\/?p=7096","url_meta":{"origin":3108,"position":1},"title":"Gua\u00e7u PIteri: &#039;Essa \u00e9 boa&#039;","author":"Helio Rubens","date":"5 de dezembro de 2016","format":false,"excerpt":"Essa \u00e9 boa por Gua\u00e7u Piteri Pela roubalheira a Odebrecht concordou em pagar 6,7 bilh\u00f5es de \u00a0reais, s\u00f3 de multa. Atento, o Nada Ing\u00eanuo Holand\u00eas Voador comenta: \"Que d\u00f3 da Odebrecht\" Gua\u00e7u Piteri","rel":"","context":"Em &quot;Comunica\u00e7\u00e3o&quot;","block_context":{"text":"Comunica\u00e7\u00e3o","link":"https:\/\/jornalrol.com.br\/?cat=7"},"img":{"alt_text":"","src":"","width":0,"height":0},"classes":[]},{"id":2851,"url":"https:\/\/jornalrol.com.br\/?p=2851","url_meta":{"origin":3108,"position":2},"title":"Entrevista dada pelo nosso colunista Gua\u00e7u Piteri","author":"Helio Rubens","date":"1 de agosto de 2015","format":false,"excerpt":"Gua\u00e7u Piteri - Entrevistado Por Shirley M. Cavalcante (SMC) Gua\u00e7u Piteri \u00e9 mestre em sociologia pela Universidade de Cornell \u2013 New York, Estados Unidos e engenheiro agr\u00f4nomo pela Universidade de S\u00e3o Paulo. Sua voca\u00e7\u00e3o pol\u00edtica manifestou-se na juventude. Foi presidente do Centro Acad\u00eamico vice-presidente da Uni\u00e3o Estadual dos Estudantes de\u2026","rel":"","context":"Em &quot;Comunica\u00e7\u00e3o&quot;","block_context":{"text":"Comunica\u00e7\u00e3o","link":"https:\/\/jornalrol.com.br\/?cat=7"},"img":{"alt_text":"","src":"","width":0,"height":0},"classes":[]},{"id":3473,"url":"https:\/\/jornalrol.com.br\/?p=3473","url_meta":{"origin":3108,"position":3},"title":"Coment\u00e1rio de Gua\u00e7u Piteri","author":"Helio Rubens","date":"13 de outubro de 2015","format":false,"excerpt":"Coment\u00e1rio do Gua\u00e7u Piteri \u00a0 \"...Paulo Maluf n\u00e3o tem nem nunca teve conta na Sui\u00e7a,...\" afirma Adilson Laranjeira, assessor de imprensa do deputado (Painel do Leitor, 12\/10) . \u00c9 numa dessas que o subordinado entrega o chefe: negou que tem conta na Sui\u00e7a, mas nada alegou a respeito das contas\u2026","rel":"","context":"Em &quot;Comunica\u00e7\u00e3o&quot;","block_context":{"text":"Comunica\u00e7\u00e3o","link":"https:\/\/jornalrol.com.br\/?cat=7"},"img":{"alt_text":"Gua\u00e7u Piteri","src":"https:\/\/i0.wp.com\/www.jornalrol.com.br\/wp-content\/uploads\/2015\/06\/Gua%C3%A7u.jpg?resize=350%2C200","width":350,"height":200},"classes":[]},{"id":4026,"url":"https:\/\/jornalrol.com.br\/?p=4026","url_meta":{"origin":3108,"position":4},"title":"Artigo de Gua\u00e7u Piteri: &#039;Dilma deixou cair a m\u00e1scara\u2026 E eu j\u00e1&#039;","author":"Helio Rubens","date":"7 de janeiro de 2016","format":false,"excerpt":"Gua\u00e7u Piteri: 'Dilma deixou cair a m\u00e1scara\u2026 E eu\u00a0j\u00e1' by Gua\u00e7u Piteri \u00ab O Exemplo Vem da\u00a0China Tarde de Aut\u00f3grafo \u00bb Ontem no blog, hoje na Folha de S\u00e3o\u00a0Paulo 08\/05\/2012 por Gua\u00e7u Piteri | Editar A respeito do post: \u201cO Exemplo Vem da China\u201d, publicado ontem neste blog, o\u00a0tema \u00e9\u2026","rel":"","context":"Em &quot;Comunica\u00e7\u00e3o&quot;","block_context":{"text":"Comunica\u00e7\u00e3o","link":"https:\/\/jornalrol.com.br\/?cat=7"},"img":{"alt_text":"Gua\u00e7u Piteri","src":"https:\/\/i0.wp.com\/www.jornalrol.com.br\/wp-content\/uploads\/2015\/06\/Gua%C3%A7u.jpg?resize=350%2C200","width":350,"height":200},"classes":[]},{"id":10697,"url":"https:\/\/jornalrol.com.br\/?p=10697","url_meta":{"origin":3108,"position":5},"title":"Novo post em Blog do Gua\u00e7u Piteri: &#039;Impr\u00f3prio para menores&#039;","author":"Helio Rubens","date":"25 de maio de 2017","format":false,"excerpt":"Gua\u00e7u Piteri: 'Impr\u00f3prio para menores' \u00a0 - Maria, tira as crian\u00e7as da sala, corre; - Mas por qu\u00ea, patroa? - A televis\u00e3o vai exibir novos trechos das dela\u00e7\u00f5es premiadas...","rel":"","context":"Em &quot;Comunica\u00e7\u00e3o&quot;","block_context":{"text":"Comunica\u00e7\u00e3o","link":"https:\/\/jornalrol.com.br\/?cat=7"},"img":{"alt_text":"","src":"https:\/\/i0.wp.com\/www.jornalrol.com.br\/wp-content\/uploads\/2015\/04\/1978861_431552540312569_241684096_n.jpg?resize=350%2C200","width":350,"height":200},"classes":[]}],"_links":{"self":[{"href":"https:\/\/jornalrol.com.br\/index.php?rest_route=\/wp\/v2\/posts\/3108","targetHints":{"allow":["GET"]}}],"collection":[{"href":"https:\/\/jornalrol.com.br\/index.php?rest_route=\/wp\/v2\/posts"}],"about":[{"href":"https:\/\/jornalrol.com.br\/index.php?rest_route=\/wp\/v2\/types\/post"}],"author":[{"embeddable":true,"href":"https:\/\/jornalrol.com.br\/index.php?rest_route=\/wp\/v2\/users\/3"}],"replies":[{"embeddable":true,"href":"https:\/\/jornalrol.com.br\/index.php?rest_route=%2Fwp%2Fv2%2Fcomments&post=3108"}],"version-history":[{"count":0,"href":"https:\/\/jornalrol.com.br\/index.php?rest_route=\/wp\/v2\/posts\/3108\/revisions"}],"wp:attachment":[{"href":"https:\/\/jornalrol.com.br\/index.php?rest_route=%2Fwp%2Fv2%2Fmedia&parent=3108"}],"wp:term":[{"taxonomy":"category","embeddable":true,"href":"https:\/\/jornalrol.com.br\/index.php?rest_route=%2Fwp%2Fv2%2Fcategories&post=3108"},{"taxonomy":"post_tag","embeddable":true,"href":"https:\/\/jornalrol.com.br\/index.php?rest_route=%2Fwp%2Fv2%2Ftags&post=3108"}],"curies":[{"name":"wp","href":"https:\/\/api.w.org\/{rel}","templated":true}]}}