{"id":31150,"date":"2020-04-20T16:40:31","date_gmt":"2020-04-20T19:40:31","guid":{"rendered":"http:\/\/www.jornalrol.com.br\/?p=31150"},"modified":"2020-04-20T16:40:31","modified_gmt":"2020-04-20T19:40:31","slug":"amizade-um-encontro-de-ternura-e-licoes-valiosas","status":"publish","type":"post","link":"https:\/\/jornalrol.com.br\/?p=31150","title":{"rendered":"Amizade: um encontro de ternura e li\u00e7\u00f5es valiosas"},"content":{"rendered":"<div class=\"pdfprnt-buttons pdfprnt-buttons-post pdfprnt-top-right\"><a href=\"https:\/\/jornalrol.com.br\/index.php?rest_route=%2Fwp%2Fv2%2Fposts%2F31150&print=pdf\" class=\"pdfprnt-button pdfprnt-button-pdf\" target=\"_blank\" ><\/a><a href=\"https:\/\/jornalrol.com.br\/index.php?rest_route=%2Fwp%2Fv2%2Fposts%2F31150&print=print\" class=\"pdfprnt-button pdfprnt-button-print\" target=\"_blank\" ><img decoding=\"async\" src=\"https:\/\/jornalrol.com.br\/wp-content\/plugins\/pdf-print\/images\/print.png\" alt=\"image_print\" title=\"Conte\u00fado de impress\u00e3o\" \/><\/a><\/div><h2 style=\"text-align: center;\"><a href=\"http:\/\/www.jornalrol.com.br\/wp-content\/uploads\/2020\/04\/unnamed-54.jpg\"><img loading=\"lazy\" decoding=\"async\" class=\"size-full wp-image-31151 aligncenter\" src=\"http:\/\/www.jornalrol.com.br\/wp-content\/uploads\/2020\/04\/unnamed-54.jpg\" alt=\"\" width=\"300\" height=\"300\" \/><i>Em uma linda parceria, um elefante e um urubu aprendem sobre compaix\u00e3o, empatia, solidariedade e perdas na obra infantil do escritor Mauro Pereira Alvim<\/i><\/a><\/h2>\n<p><!--more--><\/p>\n<p>Uma amizade inusitada que, al\u00e9m de divertir as crian\u00e7as, tamb\u00e9m emociona e apresenta aprendizados preciosos na obra\u00a0<strong><em>O elefante e urubu: um encontro com a leveza<\/em>.\u00a0<\/strong>Publicado pela\u00a0<strong>Sa\u00edra Editorial,\u00a0<\/strong>o livro conta a trajet\u00f3ria de uni\u00e3o e descobertas de Danilo, um elefante inquieto, e de Urubuvelho, um urubu que j\u00e1 nasceu com cara de velho.<\/p>\n<p>Os personagens do escritor\u00a0<strong>Mauro Pereira Alvim\u00a0<\/strong>se encontram depois que Danilo decide partir em busca do desconhecido para viver novas experi\u00eancias. Juntos, eles encontram outros animais e com bondade e empatia aprendem sobre solidariedade, perdas, solid\u00e3o e morte.<\/p>\n<p><em>\u201cMas, com o tempo, as penas coladas ca\u00edram e penas novas e bonitas nasceram. O papagaio agora se sentia ainda mais feliz. Da\u00ed ele descobriu que a perda pode fazer crescer e que a dor tamb\u00e9m alimenta.\u201d<\/em>\u00a0(O elefante e o urubu \u2013 um encontro com a leveza, p\u00e1g. 26)<\/p>\n<p>A li\u00e7\u00e3o mais valiosa chega com a partida de Urubuvelho, j\u00e1 cansado das dores nas costas e nas asas. Danilo fica aliviado por saber que o seu parceiro de vida j\u00e1 n\u00e3o sofria mais e, apesar da solid\u00e3o, o elefante sabe que o amigo sempre estar\u00e1 junto a ele.<\/p>\n<p>\u201cDanilo sabia que estava chegando ao fim de sua caminhada. E, quando ficava sozinho, se lembrava, feliz, de seu amigo. Foi a\u00ed que aprendeu que na solid\u00e3o tamb\u00e9m h\u00e1 encontro e que, enquanto ele vivesse, Urubuvelho tamb\u00e9m viveria, dentro de sua mem\u00f3ria e de sua alma\u2026\u201d (O elefante e o urubu \u2013 um encontro com a leveza, p\u00e1g. 36)<\/p>\n<p>Ilustrado por Michelle Duarte,\u00a0<strong><em>O elefante e urubu: um encontro com a leveza\u00a0<\/em><\/strong>\u00e9 um livro repleto de ternura, emo\u00e7\u00e3o e beleza que, sem d\u00favidas, deixa marcas e li\u00e7\u00f5es preciosas em cada um de seus pequenos leitores.<\/p>\n<p><strong>Ficha T\u00e9cnica:<\/strong><strong><br \/>\nT\u00edtulo<\/strong>: O elefante e o urubu: um encontro com a leveza<br \/>\n<strong>Autor<\/strong>: Mauro Pereira Alvim<br \/>\n<strong>ISBN<\/strong>: 978-65-81295-01-1<br \/>\n<strong>Editora<\/strong>: Sa\u00edra Editorial<br \/>\n<strong>P\u00e1ginas<\/strong>: 21<br \/>\n<strong>Formato<\/strong>: 20,5&#215;20,5 cm<br \/>\n<strong>Pre\u00e7o<\/strong>: R$ 35,00<br \/>\n<strong>Link de venda:\u00a0<\/strong><a href=\"https:\/\/amzn.to\/2wl7qrT\" target=\"_blank\" rel=\"noopener\" data-saferedirecturl=\"https:\/\/www.google.com\/url?q=https:\/\/amzn.to\/2wl7qrT&amp;source=gmail&amp;ust=1587497500354000&amp;usg=AFQjCNEUpEpgHPwvOIP5yrXwNoCezAaQZw\">https:\/\/amzn.to\/2wl7qrT<\/a><\/p>\n<div>\n<div>\n<p><strong><a href=\"http:\/\/www.jornalrol.com.br\/wp-content\/uploads\/2020\/04\/unnamed-55.jpg\"><img loading=\"lazy\" decoding=\"async\" class=\"size-medium wp-image-31152 alignleft\" src=\"http:\/\/www.jornalrol.com.br\/wp-content\/uploads\/2020\/04\/unnamed-55-300x266.jpg\" alt=\"\" width=\"300\" height=\"266\" \/><\/a>Sobre o autor<\/strong><\/p>\n<p>Mauro Pereira Alvim nasceu em Rio Preto, Minas Gerais, em 1969.<\/p>\n<p>\u00c9 o \u00faltimo de nove filhos e trabalha como dentista.<\/p>\n<p>Nas horas vagas, lida com a terra, na ro\u00e7a que tem em sua cidade natal.<\/p>\n<p>\u00c9 casado com Doralice e pai de La\u00eds, Davi e Diego.<\/p>\n<p>\u00c9 com base nas hist\u00f3rias que sempre contou aos filhos que come\u00e7ou a escrever livros.\u00a0<em>O elefante e o urubu<\/em>\u00a0\u00e9 a estreia oficial de Mauro como autor.<\/p>\n<\/div>\n<\/div>\n<p>&nbsp;<\/p>\n<p>&nbsp;<\/p>\n<p>&nbsp;<\/p>\n<p>&nbsp;<\/p>\n<p>&nbsp;<\/p>\n<p>&nbsp;<\/p>\n<p>&nbsp;<\/p>\n<p>&nbsp;<\/p>\n<p>&nbsp;<\/p>\n","protected":false},"excerpt":{"rendered":"<p>Em uma linda parceria, um elefante e um urubu aprendem sobre compaix\u00e3o, empatia, solidariedade e perdas na obra infantil do escritor Mauro Pereira Alvim<\/p>\n","protected":false},"author":6,"featured_media":0,"comment_status":"closed","ping_status":"closed","sticky":false,"template":"","format":"standard","meta":{"_jetpack_newsletter_access":"","_jetpack_dont_email_post_to_subs":false,"_jetpack_newsletter_tier_id":0,"_jetpack_memberships_contains_paywalled_content":false,"_jetpack_memberships_contains_paid_content":false,"footnotes":""},"categories":[7],"tags":[4983,5145,5489],"class_list":["post-31150","post","type-post","status-publish","format-standard","hentry","category-comunicacao","tag-lancamento","tag-livro","tag-mauro-pereira-alvim"],"aioseo_notices":[],"views":428,"jetpack_featured_media_url":"","jetpack_sharing_enabled":true,"jetpack_likes_enabled":true,"jetpack-related-posts":[{"id":30711,"url":"https:\/\/jornalrol.com.br\/?p=30711","url_meta":{"origin":31150,"position":0},"title":"7 livros infantis para sete novos mundos dentro de casa","author":"Sergio Diniz da Costa","date":"21 de mar\u00e7o de 2020","format":false,"excerpt":"A literatura \u00e9 uma das ferramentas capazes de apresentar as crian\u00e7as novos mundos sem tir\u00e1-las de casa A literatura \u00e9 uma das ferramentas capazes de apresentar as crian\u00e7as novos mundos sem tir\u00e1-las de casa. Com a certeza de que est\u00e3o seguras e ativas, \u00e9 mais f\u00e1cil enfrentar o dia a\u2026","rel":"","context":"Em &quot;Comunica\u00e7\u00e3o&quot;","block_context":{"text":"Comunica\u00e7\u00e3o","link":"https:\/\/jornalrol.com.br\/?cat=7"},"img":{"alt_text":"","src":"https:\/\/i0.wp.com\/www.jornalrol.com.br\/wp-content\/uploads\/2020\/03\/aroupanovadedoralice-264x300.jpg?resize=350%2C200","width":350,"height":200},"classes":[]},{"id":59273,"url":"https:\/\/jornalrol.com.br\/?p=59273","url_meta":{"origin":31150,"position":1},"title":"Cordel do Amor sem Fim tem nova temporada teatral no SESI","author":"Marcelo Paiva Pereira","date":"25 de julho de 2023","format":false,"excerpt":"A pe\u00e7a teatral Cordel do Amor Sem Fim estrear\u00e1 no Teatro do SESI-SP no Centro Cultural Fiesp - Ruth Cardoso, foca a busca pela felicidade e pelo amor,","rel":"","context":"Em &quot;Arte&quot;","block_context":{"text":"Arte","link":"https:\/\/jornalrol.com.br\/?cat=9286"},"img":{"alt_text":"","src":"https:\/\/i0.wp.com\/jornalrol.com.br\/wp-content\/uploads\/2023\/07\/image2-3.jpg?resize=350%2C200&ssl=1","width":350,"height":200,"srcset":"https:\/\/i0.wp.com\/jornalrol.com.br\/wp-content\/uploads\/2023\/07\/image2-3.jpg?resize=350%2C200&ssl=1 1x, https:\/\/i0.wp.com\/jornalrol.com.br\/wp-content\/uploads\/2023\/07\/image2-3.jpg?resize=525%2C300&ssl=1 1.5x, https:\/\/i0.wp.com\/jornalrol.com.br\/wp-content\/uploads\/2023\/07\/image2-3.jpg?resize=700%2C400&ssl=1 2x"},"classes":[]},{"id":76746,"url":"https:\/\/jornalrol.com.br\/?p=76746","url_meta":{"origin":31150,"position":2},"title":"Meu amigo Du","author":"Lee Oliveira","date":"18 de novembro de 2025","format":false,"excerpt":"\u00a0Em um mundo onde a empatia ainda precisa ser aprendida, a escritora Simone encontrou nos livros infantis uma forma de ensinar sobre o respeito \u00e0s diferen\u00e7as ...","rel":"","context":"Em &quot;Literatura&quot;","block_context":{"text":"Literatura","link":"https:\/\/jornalrol.com.br\/?cat=9285"},"img":{"alt_text":"Meu amigo Du","src":"https:\/\/i0.wp.com\/jornalrol.com.br\/wp-content\/uploads\/2025\/11\/Du.jpg?resize=350%2C200&ssl=1","width":350,"height":200,"srcset":"https:\/\/i0.wp.com\/jornalrol.com.br\/wp-content\/uploads\/2025\/11\/Du.jpg?resize=350%2C200&ssl=1 1x, https:\/\/i0.wp.com\/jornalrol.com.br\/wp-content\/uploads\/2025\/11\/Du.jpg?resize=525%2C300&ssl=1 1.5x, https:\/\/i0.wp.com\/jornalrol.com.br\/wp-content\/uploads\/2025\/11\/Du.jpg?resize=700%2C400&ssl=1 2x"},"classes":[]},{"id":7964,"url":"https:\/\/jornalrol.com.br\/?p=7964","url_meta":{"origin":31150,"position":3},"title":"Romance Hist\u00f3rico Ambientado na Alemanha Nazista","author":"Helio Rubens","date":"2 de fevereiro de 2017","format":false,"excerpt":"'O Perfume das Tulipas', \u00e9 lan\u00e7ado pela Pesquisadora, Palestrante e Escritora, Maura Palumbo, depois de 9 anos de pesquisas \u00a0 \u00a0O\u00a0lan\u00e7amento do Romance Hist\u00f3rico ambientado na Alemanha \u00a0Nazista mescla fic\u00e7\u00e3o, acompanhada cronologicamente de fatos hist\u00f3ricos e personagens reais da \u00e9poca que vai de 1905 \u00a0\u00e0 1945-\u00a0O Perfume das Tulipas. Envolvente,\u2026","rel":"","context":"Em &quot;Comunica\u00e7\u00e3o&quot;","block_context":{"text":"Comunica\u00e7\u00e3o","link":"https:\/\/jornalrol.com.br\/?cat=7"},"img":{"alt_text":"","src":"https:\/\/ci5.googleusercontent.com\/proxy\/Qx6z-BMCEB0yTV96Mw6VsdQxm4rgydDinROu3x7OkSRCftV5vuUTrtZBNj1bvtf-ldZ6BTtCV_nHQ07TtXK7C0R_pThMxKdPIkwkGAi5fvBHfhcK0l1Jx7ft3fNd=s0-d-e1-ft#http:\/\/files.workr.com.br\/ViewImage.aspx?image=a\/8wHZ04ijtzqfBp6MOEqQ==","width":350,"height":200},"classes":[]},{"id":30592,"url":"https:\/\/jornalrol.com.br\/?p=30592","url_meta":{"origin":31150,"position":4},"title":"Imigrantes: da realidade para a literatura","author":"Sergio Diniz da Costa","date":"27 de fevereiro de 2020","format":false,"excerpt":"Inspirado em acontecimentos recentes como o conflito humanit\u00e1rio venezuelano e a devasta\u00e7\u00e3o da Amaz\u00f4nia, escritor Mauro Segarra, lan\u00e7a pela Amazon seu mais novo livro 'Meteoro' Em meio \u00e0 crise humanit\u00e1ria venezuelana, com efeitos no Brasil, um importante pastor evang\u00e9lico e presidente-fundador da Congrega\u00e7\u00e3o \u00e9 misteriosamente encontrado morto em um quarto\u2026","rel":"","context":"Em &quot;Comunica\u00e7\u00e3o&quot;","block_context":{"text":"Comunica\u00e7\u00e3o","link":"https:\/\/jornalrol.com.br\/?cat=7"},"img":{"alt_text":"","src":"https:\/\/i0.wp.com\/www.jornalrol.com.br\/wp-content\/uploads\/2020\/02\/unnamed-22-200x300.jpg?resize=350%2C200","width":350,"height":200},"classes":[]},{"id":6832,"url":"https:\/\/jornalrol.com.br\/?p=6832","url_meta":{"origin":31150,"position":5},"title":"Sergio Diniz da Costa: &#039;As cores do urubu&#039;","author":"Helio Rubens","date":"13 de novembro de 2016","format":false,"excerpt":"\"E foi numa bela tarde de ver\u00e3o que um desses fatos curiosos ocorreu: um roedor morto em um canto da rua chamou a aten\u00e7\u00e3o de um corvo.\" \u00a0 \u00a0Em meio a uma caminhada di\u00e1ria, volto meus olhos para o c\u00e9u e, a uma grande altitude, o voo solit\u00e1rio de uma\u2026","rel":"","context":"Em &quot;Comunica\u00e7\u00e3o&quot;","block_context":{"text":"Comunica\u00e7\u00e3o","link":"https:\/\/jornalrol.com.br\/?cat=7"},"img":{"alt_text":"","src":"https:\/\/i0.wp.com\/www.jornalrol.com.br\/wp-content\/uploads\/2019\/03\/31959000_1530139590441430_4366887940710727680_n-300x300.jpg?resize=350%2C200","width":350,"height":200},"classes":[]}],"_links":{"self":[{"href":"https:\/\/jornalrol.com.br\/index.php?rest_route=\/wp\/v2\/posts\/31150","targetHints":{"allow":["GET"]}}],"collection":[{"href":"https:\/\/jornalrol.com.br\/index.php?rest_route=\/wp\/v2\/posts"}],"about":[{"href":"https:\/\/jornalrol.com.br\/index.php?rest_route=\/wp\/v2\/types\/post"}],"author":[{"embeddable":true,"href":"https:\/\/jornalrol.com.br\/index.php?rest_route=\/wp\/v2\/users\/6"}],"replies":[{"embeddable":true,"href":"https:\/\/jornalrol.com.br\/index.php?rest_route=%2Fwp%2Fv2%2Fcomments&post=31150"}],"version-history":[{"count":0,"href":"https:\/\/jornalrol.com.br\/index.php?rest_route=\/wp\/v2\/posts\/31150\/revisions"}],"wp:attachment":[{"href":"https:\/\/jornalrol.com.br\/index.php?rest_route=%2Fwp%2Fv2%2Fmedia&parent=31150"}],"wp:term":[{"taxonomy":"category","embeddable":true,"href":"https:\/\/jornalrol.com.br\/index.php?rest_route=%2Fwp%2Fv2%2Fcategories&post=31150"},{"taxonomy":"post_tag","embeddable":true,"href":"https:\/\/jornalrol.com.br\/index.php?rest_route=%2Fwp%2Fv2%2Ftags&post=31150"}],"curies":[{"name":"wp","href":"https:\/\/api.w.org\/{rel}","templated":true}]}}